{"id":4956,"date":"2006-11-15T00:00:00","date_gmt":"2006-11-06T00:00:00","guid":{"rendered":"https:\/\/intervius.com\/index.html\/?p=4956"},"modified":"2006-11-06T00:00:00","modified_gmt":"2006-11-06T00:00:00","slug":"Pablo_Rivero4956","status":"publish","type":"post","link":"https:\/\/intervius.com\/index.html\/Pablo_Rivero4956\/","title":{"rendered":"Pablo Rivero"},"content":{"rendered":"<p>Pregunta.- \u00bfTienes tanta pasi\u00f3n por el cine como el protagonista de tu pelicula?<\/p>\n<p>Respuesta.- si!es lo que m\u00e1s me atrajo de la peli&#8230;.que me sent\u00eda muy identificado con la pasi\u00f3n de Carlos hacia el cine. Que yo recuerde cada etapa de mi vida, desde peque\u00f1o, ha ido acompa\u00f1ada por pel\u00eds que me marcaron y dem\u00e1s.Mis juegos de peque\u00f1o eran imitar a actores, recortar revistas de cine, coleccionar fotos&#8230;.si! es mi mundo&#8230;.<\/p>\n<p>P.- hola,soy estudiante de comunicaci\u00f3n y creo que es la carrera que tu hiciste. consideras que ha merecido la pena estudiar una carrera para terminar dedicandote a estar ante las camaras y no tras ellas??has sacado algun tipo de experiencia positiva de la carrera a la hora de enfrentarte desde otra perspectiva a los rodajes??<\/p>\n<p>R.- Bueno suelo aconsejar que se estudie algo m\u00e1s pr\u00e1ctico, m\u00e1s centrado en lo que m\u00e1s te guste. Las carreras suelen ser demasiado dispersas, demasiadas asignaturas que no interesan&#8230;.Tambi\u00e9n depende del planteamiento, ser\u00eda m\u00e1s apropiado si tienes que dar clase de historia del arte a alumnos de comunicaci\u00f3n, aplicarlo a pel\u00edculas (egipto: Cleopatra&#8230;.) creo q fomentar\u00eda m\u00e1s inter\u00e9s&#8230;.<\/p>\n<p>P.- \u00bfTe cuesta desligarte de Toni Alc\u00e1ntara o la gente te reconoce por tus dem\u00e1s trabajos? No me refiero s\u00f3lo a la gente que te para por la calle, sino tambi\u00e9n a los responsables de darte o no un papel. Eres un fen\u00f3meno, guap\u00edsimo.<\/p>\n<p>R.- Muchas gracias!!!!hay de todo, lo que se es que las tres pelis de prota que llevo son personajes muy muy muy diferentes (tanto en \u00e9opcas, contextos, como en car\u00e1cter y cambios de imagen&#8230;.), lo cual me anima mucho y me hace disfrutar m\u00e1s de mi trabajo. Me encanta cambiar y disfrazarme!!<\/p>\n<p>P.- \u00bfNo te cansa siemore el mismo registro en Cu\u00e9ntame? Visto un cap\u00edtuo vistos todos, haciendo el papel de joven rebelde inconformista, &#8220;jo pap\u00e1, no sabes realmente lo que est\u00e1 pasando, los j\u00f3venes lo vemos de otra maner&#8230;&#8221;. Espero que en esta pel\u00edcula puedas desarrollar otras virtudes de actor que igual tienes. Gracias y atr\u00e9vete a contestar, sin evadir la respuesta en plan pol\u00edtico.<\/p>\n<p>R.- jajja bueno tienes raz\u00f3n y no&#8230;.creo que Toni es de los personajes que m\u00e1s evoluci\u00f3n han tenido y que ha gozado de m\u00e1s aventuras (chico Yeye, universitario, servicio militar, pe\u00f3n en una obra, periodista, militante&#8230;). La esencia del personaje no puede cambiar muxo pero he podido disfrutar de muxos compa\u00f1eros y tramas diferentes. Ahora es verdad que tb me aburro cuando tengo que soltar el rollo pol\u00edtico o textos muy explicativos sobre la \u00e9poca&#8230;.<\/p>\n<p>P.- \u00bfte cuesta memorizar los guiones? admiro mucho eso en los actores, tengo una memoria p\u00e9sima. saludos y suerte.<\/p>\n<p>R.- Yo soy p\u00e9simo para acordarme de nombres de calles, de gente, de locales&#8230;un desastre pero los guiones se me quedan en nada&#8230;supongo que como hago muchas lecturas para entender lo que digo y porqu\u00e9, las intenciones, matices, para proponer quitar o a\u00f1adir algo, al final el texto se queda. Lo malo es cuando el texto no est\u00e1 bien, no tiene coherencia o un hilo claro&#8230;entonces si que se nota, es como hacerte un collage en la cabeza y una batalla para justificarlo y resolver&#8230;.<\/p>\n<p>P.- \u00c1lvaro del Amo, se\u00f1ala que en el ciclo Dreyer,el romanticismo redime a los personajes, por el contexto hist\u00f3rico&#8230;.Hoy en d\u00eda, el romanticismo&#8230;condiciona o puede redimir tambi\u00e9n?&#8230;.\u00bfNo crees que aunque las circunstancias condicionen, las pasiones de las personas son siempre las mismas, con independencia de la \u00e9poca en la que nos haya tocado vivir?Gracias. Percival<\/p>\n<p>R.- Totalmente, cuando hablo del Ciclo Dreyer siempre digo que el conflicto, el tema principal es universal y atemporal. La \u00e9poca es lo que aporta el punto de vista, como se ve y se plantea ese problema o tema que hoy en d\u00eda nos pasa o a pasado a todos&#8230;.<\/p>\n<p>P.- Te resulta complicado protagonizar excenas de sexo. Tienes alguna anecdota graciosa relacionada con el tema\u00bf?<\/p>\n<p>R.- Por ahora ni me ha tocado desnudarme y rodar nada de sexo expl\u00edcito&#8230;mucho morreo y magreo si pero muy light. De primeras me da un poco de palo sobre todo por el primer acercamiento, pero la verdad es que me apetece muxo, vivir la experiencia. An\u00e9cdota cuandop tuve que estar en la cama con Mar\u00eda de Medeiros!!!!!!!magrearnos un poquito, besitos, me tocaba la cabeza y al c cara con el pie&#8230;.jaja yo ten\u00eda cara todo el rato de \u00a1estoy en la cama con Mar\u00eda de mEdeiros! jajja fue muy f\u00e1cil , muy profesional, un placer y un regalazo!!!<\/p>\n<p>P.- Que es el ciclo Dreyer?<\/p>\n<p>R.- Una pel\u00edcula que empieza con el comienzo de un cineclub en el que se proyectan pelis de Dreyer ( en madrid 1960 aprox) y que termina cuando finaliza el cineclub. El espectador ser\u00e1 testigo de como sus protagonistas ( Elena, Carlos, Julia y Santi) pero sobre todo la pareja protagosnist, ven como les van pasando cosas similares a las q suceden en las pel\u00edculas&#8230;Cine dentro del Cine<\/p>\n<p>P.- hola&#8230; \u00bfa que peluquero vas?<\/p>\n<p>R.- jajja en la serie me lo arreglan pero yo me doy el \u00faltimo toque y los trasquilones que me caracterizan&#8230;es muy dif\u00edcil tener el pelo que te molar\u00eda con el q necesites en ese momento para trabajar&#8230;<\/p>\n<p>P.- No s\u00e9 nada de la pel\u00edcula. V\u00e9ndemela<\/p>\n<p>R.- La peli habla de personajes perdidos, agobiados per el determinismo de la \u00e9poca, por lo que se espera de ellos y tienen que hacer. De qu\u00e9 pasa cuando tienes una pareja fiormal desde hace a\u00f1os y tienes veinte a\u00f1os y se espera que en breve te tienes que casar y dem\u00e1s&#8230;qu\u00e9 pasa si te ves para toda la vida con esa persona, te gusta verte as\u00ed pero a la vez quieres experimentar muchas cosas y sientes que tienes mucho que te vas a perder. Habla de c\u00f3mo nos enga\u00f1amos muchas veces pensando que X ( ya sea una persona, el cine, una compra&#8230;) va asolucionar nuestro malestar y luego nos damos cuenta que no depende de eso sino de enfrentarte a ese problema. De muchos desencantos&#8230;.<\/p>\n<p>P.- Hola Pablo, antes de nada, ya que tengo esta oportunidad&#8230;.Me gustar\u00eda FELICITARTE, por tu creaci\u00f3n de Alex en La noche del hermano&#8230;.PORQUE ME ENCANT\u00d3!!!!!!&#8230;.Por cierto en esta peli, me acuerdo que comentaste que la escena final fue agotadora emocionalmente&#8230;\u00bfTe ha vuelto a pasar encarnando a Carlos, el cin\u00e9filo?Gracias. Percival.<\/p>\n<p>R.- Es que la Noche del hermano a parte de ser maravillosa fue muy intensa y muy especial&#8230;curiosamente este rodaje que tb era muy intenso (la dificultad de los textos, 4 semanas de rodaje, historias muy drm\u00e1ticas&#8230;) y luego sresult\u00f3 bastante c\u00f3modo e incluso divertido. Me re\u00ed mucho con el equipo y con Elena, Ruth e isabel que son guap\u00edsimas y muy buenas actrices la tres como se ve en la peli. Creo que la diferencia es que esa sec de la noche estuvimos casi 2 d\u00edas por planos para rodarla y el hecho de llevarte al hotel todas esa emociones para reciclarlas al d\u00eda siguiente fue agotador.<\/p>\n<p>P.- Si pudieras presentar un programa a la carta&#8230;.\u00bfCu\u00e1l ser\u00eda tu propuesta?Gracias. Septimus.<\/p>\n<p>R.- Hola s\u00e9ptimos, si eres el septimus de Miarroba te agrdezco muxo todo lo que haces, te estoy muy agrdecido. Buenop supongo que ser\u00eda algo relajado, \u00edntimo para hablar, charlas con gente que me interesara o interese. Para poder despacharme agusto y hablar sobre pe\u00edculas,sobre carreras profesionales ( recomendar tal peli de tal actor que nadie conozca&#8230;), discos. Para hablar de cosas que sienta que la gente se pueda perder porq no entran en el mercado de la Pasta, de peque\u00f1os proyectos interesantes, de cortos,&#8230;<\/p>\n<p>P.- \u00bfQu\u00e9 es lo que m\u00e1s valoras a la hora de decantarte por un papel?Besos desde Santiago<\/p>\n<p>R.- En primer lugar que el director me transmita pasi\u00f3n, ganas con el proyecto, que sienta que le apetece que quiere trabajar conmigo, que tiene ganas de sacar cosas distintas de m\u00ed, que tengo cosas que aportar para enriquecer ese rol,que me va a aportar algo a m\u00ed&#8230;y sobre todo, que me fasine de una forma irracional que no tenga que justificar ni pensar, cuando pasa eso se sabe y es genial!<\/p>\n<p>P.- Vi El ciclo Dreyer en Valladolid y me gust\u00f3 mucho. Es una pel\u00edcula at\u00edpica y que he recomendado mucho. \u00bfQu\u00e9 tal fue el rodaje? \u00bfc\u00f3mo fue con los compa\u00f1eros? Creo que todos los actores estais muy bien.<\/p>\n<p>R.- Muchas gracias, que bien es el ejemplo de que cuando a alguien le gusta una peli sin una superproducci\u00f3n detr\u00e1s nadie se entera y que si a alguien no le gusta se entera todo el mundo. Gracias a Valladoliz se ha generalizado una opini\u00f3n negativa sobre la pel\u00edcula, injusta y desproporcionada; cuando a juchos cr\u00edticos estupendos y mucha gente le ha gustado&#8230;.en fin&#8230;as\u00ed va todo&#8230;la peli: fue un placer, muy bien y c\u00f3modo porque eran pocas localizaciones, poca figuraci\u00f3n, poca acci\u00f3n, pocos actores&#8230;muy cara a car con compa\u00f1eros, la responsabilidad estaba en nosotros y nuestro trabajo y creo que lo llevamos muy bien. NOs ayudamos, nos complementamos y en el caso de las chicas pude desahogar con ellas toda esa tensi\u00f3n de las secuencias con muchas risas en los parones. Un trabajo muy sano.<\/p>\n<p>P.- \u00bfPablo, en qu\u00e9 proyectos andas metido?<\/p>\n<p>R.- Hola, pues de momento ando en la promoci\u00f3n de El ciclo a la vez que grabo cap\u00edtulos de Cu\u00e9ntame&#8230;y se proyecta en festivales el corto que rodamos en Italia Esta es la noche de Ana Rodr\u00edguez. Para el a\u00f1o que viene se estrenar\u00e1 Villa Tranquila, la pel\u00edcula que rod\u00e9 en Argentina con Jes\u00fas Mora&#8230;una peli muy muy interesante que habla de la vida en las villa miseria argentinas&#8230;y lo m\u00e1s probable es que ruede en Batrcelona otra peli. Espero que con el estreno y dem\u00e1s salgan m\u00e1s trabajos apetecibles&#8230;jeje<\/p>\n<p>P.- Actuas m\u00e1s en tu vida profesional o en tu vida privada?, te has preguntado alguna vez si realmente la ficci\u00f3n es la vida de cada uno, y que cuando interpretas eres realmente t\u00fa?<\/p>\n<p>R.- jajaj no soy nada actor en la vida real ( dixo por la gente que me quiere y conoce) pero si soy muy peliculero, muy payaso y tb vacil\u00f3n&#8230;en todo personaje tiene que haber algo de ti, traspasar, tienes que involucrarte y ser generoso, hacerte cargo de que eres t\u00fa quien hace ese personaje y por algo ser\u00e1. Cuando el actor aporta cosas, hace que el personaje deje de ser algo m\u00e1s general y tome una forma concreta, cobre vida, brille&#8230;sino se ve algo de ti se queda plano, se suele distinguir y el que no tiene ese miedo del que s\u00ed, del actor como digo yo &#8220;correcto&#8221;<\/p>\n<p>P.- Isabel Ampudia te pervierte en la pel\u00edcula. En la vida real, \u00bfte dejas pervertir f\u00e1cilmente?<\/p>\n<p>R.- Fue un placer que me pervirtiera, da un giro sensacional al personaje y a la historia y trabajar con una actriz como Isabel es un regalo. Me guista que se muestre el lado oscuro de los personajes, no me gustan los buenos buenos porque no me lo creo, jejeje. Me dejo y me dejan&#8230;es co\u00f1a<\/p>\n<p>P.- Hola Pablo&#8230;. \u00bfTe sigue interesando el mundo musical este alternativillo?. Recuerdo que hace poco era usual encontrarte en Ochos y Medios, en sus buenos tiempos y sitios as\u00ed&#8230; Hace mucho que no te veo, aunque quiz\u00e1s soy yo el que me estoy haciendo viejo, la verdad :-)&#8230; Por otro lado, recuerdo que ibas a mi mismo gimnasio y me sorprend\u00eda primero la pinta de t\u00edmido que ten\u00edas y luego verte leyendo guiones mientras que estabas en la bicicleta por ejemplo&#8230; \u00bfes algo usual esto de estudiar guiones como si fueran apuntes de la carrera?. Bueno, ya est\u00e1, son un poco chorras las preguntas pero me interesa saber ambas :-). Un saludo.<\/p>\n<p>R.- jajjaja!qu\u00e9 garcaia! si me gusta mucho este tipo de guaritos y de m\u00fasica aunque me encanta cambiar. Donde no puedo fallar es al FIB, el festival, es lo mejor que me pasa enb todo el a\u00f1o!!!!jajja tan divertido, tantos buenos grupos, viendo buenos cortos todos los d\u00edas&#8230;y adem\u00e1s coincido con compa\u00f1eros con los que converso y me divierto.Gracias Manu! x invitarme&#8230;lo del gym si es cierto, cualquier momento es bueno, cuando vas pillado, para repasar los textos. El trabajo lo hago en casa, y la memorizaci\u00f3n y siguientes lecturas en ratillos sueltos&#8230;lo bueno es ojearlo hasta que lo integras de una forma natural&#8230;un saludo!!!!y de tontas nada&#8230;.<\/p>\n<p>P.- \u00bfAlg\u00fan director al que le dir\u00edas s\u00ed sin leerte el gui\u00f3n?<\/p>\n<p>R.- Bueno ser\u00eda bastante arriesgado pero a muxos&#8230;Ic\u00edar bolla\u00edn, Felipe Vega, Isabel Cixet, Chus Guti\u00e9rrez, Santi Amodeo&#8230;.con los que ya the trabajado repetir\u00eda&#8230;y que decir tiene que muxos m\u00e1s&#8230;.amen\u00e1bar, M\u00e9dem&#8230;.<\/p>\n<p>P.- \u00bfA qu\u00e9 cree que se debe el hecho de que gran parte del p\u00fablico de la Seminci de Valladolid se riera en muchas de las secuencias de una pel\u00edcula supuestamente dram\u00e1tica como es &#8220;El Ciclo de Dreyer&#8221;?<\/p>\n<p>R.- No lo s\u00e9 me pill\u00f3 un poco de sorpresa&#8230;creo que no hay que tomarlo muy en serio&#8230; no puedo ser muy objetivo. De todas formas creo que es cierto que hay mucho achazo en los di\u00e1logos, a veces muy cuidado y derrpennte algo muy fuerte que crea suto y colapso&#8230;.para m\u00ed es un punto, me gusta, me sorprende y me parece personal&#8230;pero no se lo puedo imponer a nadie, est\u00e1 bien que la peli no guste a todo el mundo&#8230;<\/p>\n<p>P.- edad? soltero? con compromiso? es que nene, estas como los pat\u00e9s!!!!<\/p>\n<p>R.- 26 tacazos ya!!!!!!!!!un ag\u00fcelo! me comprometo con ofreceros una peli en la que salga al a\u00f1o por lo menos, jajaj<\/p>\n<p>P.- Hola Pablo. De Cristina Rota, eres de los que mejor le ha ido. Te lo mereces sin duda. Siempre has sido muy currante, desde la Katarsis hasta ahora. Mi pregunta: \u00bfDespues de la formacion en la Escuela, no te animas a hacer teatro? Creo que la orientacion de Cristina Rota se dirige mas hacia las tablas y no los platos, \u00bfno?. Espero que sigas por ese camino. Mucha mierda. A por ellos que son pocos y cobardes. Cesar<\/p>\n<p>R.- Bueno,de la Rota hay gente trabajando muy v\u00e1lida, muuuuuc ha gente, y mucha otra que lo har\u00e1. Tampoco soy un defensor a ultranza de la escuela aunque me encant\u00f3 la experiencia&#8230;la mezcla de est\u00e9 m\u00e9todo con la templanza y el amor el verso y el texto de bien dicho de Alicia Hermida ( su escuela es La Barraca en tetu\u00e1n) me han hecho crecer y afrontar mis trabajos as\u00ed. Me encantar\u00eda hacer teatro, pero creo que las cosas hay que hacerlas bien y dedicarse a fondo en ello. nO ME GUSTAN LAS COSAS Y LOS TRABAJOS A MEDIAS. Me merece muxo respeto el teatro y cuando sienat que puedo encarar bien un trabajo as\u00ed, por tiempo y otras razones, siempre que el proyecto est\u00e9 bien me tirar\u00e9 de cabeza.<\/p>\n<p>P.- a parte del cine, hiciste un papel en un videoclip de fangoria con Elsa Pataky, repetir\u00edas la experiencia? con q estilo de musica te identificas? besos guapeton y suerte.Loli.<\/p>\n<p>R.- Es una aventura m\u00e1s, me encanat hacer de todo y que ofrezcan nuevos retos. Este caso era muy especial, lo dirig\u00eda Carles Congost al que admiro y quierocomo amigo y artista que es; y era para Fangoria, lo cual es un honor porque a parte de ser Fan me parecen encantadores. Dicho lo dicho admito propuestas!jajja<\/p>\n<p>P.- Buenas tardes Pablo. Soy periodista y pude ver EL CICLO en el pase de prensa. En la historia hay mucha contenci\u00f3n de sentimientos, es muy pura (aunque luego hay sorpresas) \u00bfLo ves as\u00ed? y \u00bfqu\u00e9 tiene Carlos de ti?<\/p>\n<p>R.- Es el encanto de la peli: es muy intensa, muy concentrado todo, muchos sentiemientos a punto de explotar hasta que estallan y salen todas las pasiones y frustraciones. Carlos como yo es un optimista, un so\u00f1ador y un amante del cine ( salvando las distancias que tb son muchas)<\/p>\n<p>P.- Pablo, \u00bfsabes que eres mucho m\u00e1s guapo al natural? Mi vida cambi\u00f3 el d\u00eda en que estaba tomando un calimotxo y pasaste por delante del Nike. No pierdo la esperanza de verte m\u00e1s. Besos guapo.<\/p>\n<p>R.- Muchas gracias! en d\u00edas de promoci\u00f3n, de tensiones y dormir mal se agradece el cumplido.<\/p>\n<p>P.- \u00bfAspiras a una posible nominaci\u00f3n al Goya como actor revelaci\u00f3n?<\/p>\n<p>R.- Pues sinceramente desde peque\u00f1o lo so\u00f1aba, con los a\u00f1os voy viendo la realidad y lo relativo de todo. El a\u00f1o pasado pensaba que pod\u00eda ser con La noche del hermano, pero nunca lo e4sper\u00e9 hasta que sal\u00ed en los favoritos de fOTOGRAMAS y entonces todo mi entorno lo esperaba m\u00e1s que yo, jaja. Me hubiera encantado, creo que era el momento&#8230;.este a\u00f1o ni lo pienso ni me lo planteo&#8230;.<\/p>\n<p>P.- \u00bfTe hubiese gustado tener un papel m\u00e1s protagonista en Cu\u00e9ntame? desde Sabadell<\/p>\n<p>R.- En las primeras temporadas tuve m\u00e1s trama sin duda con todo el l\u00edo de mArta y dem\u00e1s&#8230;con el tiempo, que ya es muxo, se tiene que llegar a acuerdos para poder trabajar en otros proyectos y estos incluyen, como esta temporada, menos sesiones con lo cual menos trama. Esto hace que se afronte el trabajop con m\u00e1s salud, m\u00e1s descansado y se pueda alternar con otros. De todas formas siempre he estado y he disfrutado con mi trabajo en la serie, en ning\u00fan caso es compromiso ni contratos ni historias&#8230;<\/p>\n<p>P.- Hola pablo, si soy percival, gracias por visitar el foro. Decirte que estoy fascinada con tu YO ARTISTICO. Gracias por ser como eres DUQUE. y como debe de haber una pregunta, te pregunta..\u00bfte gusta que te llame DUQUE? Septimus<\/p>\n<p>R.- Si porque he visto tu p\u00e1gina y la comparaci\u00f3n me honrra. Una vez m\u00e1s muchas gracais por todo lo que haces, muxa suerte, te deseo lo mejor. GRACIAS,GRACIAS,GRACIAS!!!!!<\/p>\n<p>P.- Hola. De qu\u00e9 ciudad eres? Mucho se comenta por ah\u00ed. D\u00ednoslo t\u00fa. Saludos.<\/p>\n<p>R.- dE mADRID!!!!! XO ME ENCANTA bARNA, Y SEVILLA&#8230;&#8230;.PERO MUY DE AQU\u00cd, ME ENCANTRA EL CENTRO DE MADRID!!!!!!!!!!!!!!!1<\/p>\n<p>P.- Pablo. cierra los ojos y sue\u00f1a por un momento. en el mundo del cine espa\u00f1ol donde te gustaria terminar. cabina promecal<\/p>\n<p>R.- ME GUSTAR\u00cdA NO TENER QUE TERMINAR&#8230;pero me gustar\u00eda pasar por muxos proyectos distintos, vivir muchas aventuras, conocer y trabajar con muxa gente difernete, aprender de todo y con todos, ense\u00f1ar algo, disfrutar, que se cuente conmigo, escribir, dirigir&#8230;.me queda tanto!!!!!!!!!!!!!!<\/p>\n<p>P.- \u00bfEst\u00e1 previsto que &#8220;Cu\u00e9ntame&#8221; vaya m\u00e1s all\u00e1 de la Transici\u00f3n? Saludos cordiales, crack, y suerte con la pel\u00edcula. Robertico.<\/p>\n<p>R.- Espero que no!!!!!!!jajja hay que saber cuandio terminar algo cuando est\u00e1 todav\u00eda bien. Ser\u00eda demasiado, hasta que muera Franco me parece mejor que mejor<\/p>\n","protected":false},"excerpt":{"rendered":"<p>Es el protagonista de El Ciclo Dreyer, una pel\u00edcula de \u00c1lvaro del Amo que recuerda con nostalgia el fen\u00f3meno de los cineclubs. Acostumbrado a rodar en plat\u00f3s que llevan al espectador a d\u00e9cadas pasadas, por su papel en la serie Cu\u00e9ntame como pas\u00f3, Pablo Rivero vuelve al cine con esta historia presentada en la Seminici de Valladolid.<\/p>\n","protected":false},"author":1,"featured_media":0,"comment_status":"open","ping_status":"open","sticky":false,"template":"","format":"standard","meta":{"footnotes":""},"categories":[],"tags":[],"class_list":["post-4956","post","type-post","status-publish","format-standard","hentry"],"_links":{"self":[{"href":"https:\/\/intervius.com\/index.html\/wp-json\/wp\/v2\/posts\/4956","targetHints":{"allow":["GET"]}}],"collection":[{"href":"https:\/\/intervius.com\/index.html\/wp-json\/wp\/v2\/posts"}],"about":[{"href":"https:\/\/intervius.com\/index.html\/wp-json\/wp\/v2\/types\/post"}],"author":[{"embeddable":true,"href":"https:\/\/intervius.com\/index.html\/wp-json\/wp\/v2\/users\/1"}],"replies":[{"embeddable":true,"href":"https:\/\/intervius.com\/index.html\/wp-json\/wp\/v2\/comments?post=4956"}],"version-history":[{"count":0,"href":"https:\/\/intervius.com\/index.html\/wp-json\/wp\/v2\/posts\/4956\/revisions"}],"wp:attachment":[{"href":"https:\/\/intervius.com\/index.html\/wp-json\/wp\/v2\/media?parent=4956"}],"wp:term":[{"taxonomy":"category","embeddable":true,"href":"https:\/\/intervius.com\/index.html\/wp-json\/wp\/v2\/categories?post=4956"},{"taxonomy":"post_tag","embeddable":true,"href":"https:\/\/intervius.com\/index.html\/wp-json\/wp\/v2\/tags?post=4956"}],"curies":[{"name":"wp","href":"https:\/\/api.w.org\/{rel}","templated":true}]}}