{"id":4938,"date":"2006-12-04T00:00:00","date_gmt":"2006-11-06T00:00:00","guid":{"rendered":"https:\/\/intervius.com\/index.html\/?p=4938"},"modified":"2006-11-06T00:00:00","modified_gmt":"2006-11-06T00:00:00","slug":"Jordi_Sevilla4938","status":"publish","type":"post","link":"https:\/\/intervius.com\/index.html\/Jordi_Sevilla4938\/","title":{"rendered":"Jordi Sevilla"},"content":{"rendered":"<p>Pregunta.- Sr. Ministro: \u00bfCuando se podra votar en Espa\u00f1a por medios electronicos y hacer la apuracion en tiempo real?<\/p>\n<p>Respuesta.- Votar ya se puede. En algunas elecciones a t\u00edtulo de experiencia. T\u00e9cnicamente es posible. Necesitar\u00edamos desarrollar m\u00e1s el DNI electr\u00f3nico para asegurar la confidencialidad y la seguridad en el voto. Pero todo se andar\u00e1.<\/p>\n<p>P.- \u00bfPara qu\u00e9 sirven leyes como la LSSI o la de Accesibilidad si tiempo despu\u00e9s de su implantaci\u00f3n nadie se molesta en cumplirlas ni en velar por que se cumplan?<\/p>\n<p>R.- En primer lugar, para que gente como t\u00fa pod\u00e1is exigirnos su cumplimiento pleno. Creo, sin embargo, que el avance experimentado en los \u00faltimos a\u00f1os en la accesibilidad para personas con discapacidad es grande, aunque tambi\u00e9n reconozco que queda mucho por hacer, sobre todo en el sector privado.<\/p>\n<p>P.- \u00bfEst\u00e1 realmente seguro de uq ela Administraci\u00f3n est\u00e1 preparada para este avance, cuando no es capaz de cumplir su propia normativa de contestaci\u00f3n en preguntas enviadas por este medio (aeat)?<\/p>\n<p>R.- Estoy convencido de que estamos preparados y que hac\u00eda falta una Ley como la aprobada el pasado viernes para forzar a toda la Administraci\u00f3n en su cumplimiento. Las leyes, a veces, sirven para vencer las resistencias que existen, a veces tambi\u00e9n, en la propia Administraci\u00f3n.<\/p>\n<p>P.- Francia va implementando paulatinamente el Software Libre en su administracion, con todas las ventajas que conlleva y adem\u00e1s fomentando el desarrollo local. \u00bfVa a seguir espa\u00f1a el mismo camino?<\/p>\n<p>R.- Hemos optado por la neutralidad tecnol\u00f3gica en la Ley de Administraci\u00f3n Electr\u00f3nica. Esto quiere decir que el software libre tendr\u00e1 que competir con el propietario eligiendo nosotros en cada caso el que nos permita ofrecer el mejor servicio.<\/p>\n<p>P.- \u00bfQue medidas concretas reflejar\u00e1n la implementaci\u00f3n de esta Ley en las gestiones administrativas a realizar en Embajadas y Consulados de Espa\u00f1a, que con frecuencia se encuentrar a cientos de kil\u00f3metros de muchos de los miembros de la colonia espa\u00f1ola afecta a una determinada demarcaci\u00f3n consular?<\/p>\n<p>R.- No hay nada que excluya de la aplicaci\u00f3n de esta Ley a embajadas y consulados. Depender\u00e1, por tanto, de las condiciones t\u00e9cnicas vigentes en el pa\u00eds en el que est\u00e9n.<\/p>\n<p>P.- Hola, mi pregunta viene dada a cerca de la seguridad en Internet&#8230;\u00bfUsted cree que con la seguridad actual nosotros podemos realizar este tipo de gestiones sin midedo alguno? Muchas gracias. Javi AF<\/p>\n<p>R.- Creo que s\u00ed. Hemos trabajado con la Agencia de Protecci\u00f3n de Datos y con la Polic\u00eda especializada en delitos inform\u00e1ticos. El nuevo DNI electr\u00f3nico garantizar\u00e1 que se puedan efectuar los tr\u00e1mites con toda la seguridad posible. Hoy mismo millones de personas ya pagamos nuestros impuestos por Internet sin problemas.<\/p>\n<p>P.- \u00bfPor qu\u00e9 la oficina virtual de www.seg-social.es funciona tan mal, se\u00f1or ministro? Nos obligan a los profesionales a usarla pero funciona fatal&#8230;<\/p>\n<p>R.- Desconozco el caso concreto, aunque reconozco que nuestros actuales servicios telem\u00e1ticos son manifiestamente mejorables, en parte, porque llevamos demasiado tiempo de retraso.<\/p>\n<p>P.- \u00bfVa la clase pol\u00edtica a entender alguna vez que cada Euro gastado en I+D, la I+D real, no de la que se habla, que no mira a los doctorandos que cobran 600 euros en el mejor de los casos al mes, supone entre 100 y 10000 euros de beneficio real a la sociedad como m\u00ednimo y hacer que Espa\u00f1a est\u00e9 a la altura de la Internet 2.0?<\/p>\n<p>R.- No puedo hablar por la clase pol\u00edtica, pero s\u00ed por este Gobierno que ha convertido el apoyo presupuestario a la I+D+I real en uno de los ejes claves de su pol\u00edtica econ\u00f3mica.<\/p>\n<p>P.- Con el desarrollo de esta ley en un futuro no muy lejano que va a ser de los 2.460.584 de funcionarios que existen en la actualidad. Ya que si muchos tramites se van a realizar a traves de internet que van a hacer muchas de esas personas?<\/p>\n<p>R.- Llevamos m\u00e1s de 30 a\u00f1os escuchando a los agoreros decir que las nuevas tecnolog\u00edas van a acabar con el trabajo humano. Afortunadamente, ni ha sido as\u00ed ni lo ser\u00e1 en el futuro. No obstante, es evidente que cambiar\u00e1 el perfil y la capacitaci\u00f3n de esos funcionarios. Pero para mejor.<\/p>\n<p>P.- \u00bfQu\u00e9 porcentaje del presupuesto del MAP se va a poner a disposici\u00f3n de este Proyecto?<\/p>\n<p>R.- La clave del proyecto est\u00e1 en la interoperabilidad. Es decir, que puedan hablar entre s\u00ed todos los ordenadores de todas las administraciones y que la Administraci\u00f3n General del Estado ponga en com\u00fan los m\u00e1s de 1.500 millones de euros que ya nos gastamos en administraci\u00f3n electr\u00f3nica. En el MAP subiremos el presupuesto casi un 25%.<\/p>\n<p>P.- Ya se han tomado iniciativas para facilitar la entrada de ordenadores en los hogares. \u00bfSe tomar\u00e1 alguna para facilitar que esos mismos hogares se conecten a internet con lineas de alta velocidad m\u00e1s baratas?<\/p>\n<p>R.- El Plan Avanza del Ministerio de Industria prev\u00e9 medidas para hacer llegar la banda ancha a todos los ayuntamientos espa\u00f1oles y para estimular el uso de Internet por parte de nuestros hogares. Desconozco en este momento las medidas concretas, pero si te diriges all\u00ed seguro que est\u00e1n.<\/p>\n<p>P.- Buenos Dias Sr Ministro, en primer lugar felicitarle por la aprobaci\u00f3n de dicha Ley . Cuando podremos efectivamente hacer suso tanto del telefono movil como de internet para realizar todos los servicios administrativos? \u00bf Quiere esto decir que ya no ser\u00e1 imprescindible nuestra presencia en los organos p\u00fablicos? \u00bf Los ciudadanos tendremos las mismas garantias ? Muchas gracias y quer tenga mucha suerte en su andadura publica y personal<\/p>\n<p>R.- En este momento ya se pueden hacer algunos tr\u00e1mites por Internet y en el MAP hemos empezado a introducir el m\u00f3vil como mecanismo de relaci\u00f3n en la oferta p\u00fablica de empleo. Mi objetivo es conseguir en un plazo de pocos a\u00f1os que la Administraci\u00f3n est\u00e9 abierta 24 horas al d\u00eda, 365 d\u00edas al a\u00f1o y que no sea necesario la presencia f\u00edsica. Sustituir, en definitiva, a los ciudadanos marchando de ventanilla en ventanilla por los bits corriendo por la Red.<\/p>\n<p>P.- \u00bfcuando se instaurar\u00e1 la firma digital en la administracion?<\/p>\n<p>R.- Hay ya aproximaciones con la Agencia Tributaria y plataformas de validaci\u00f3n de firma digital en el MAP. No obstante, ser\u00e1 el DNI electr\u00f3nico que hemos empezado a distribuir el que representar\u00e1 la aut\u00e9ntica firma digital.<\/p>\n<p>P.- \u00bfSe tendr\u00e1 en cuenta a los usuarios de plataformas no-Windows como Linux y Mac?<\/p>\n<p>R.- S\u00ed. El principio de neutralidad tecnol\u00f3gica al que me he referido har\u00e1 obligatorio que se tenga en cuenta.<\/p>\n<p>P.- De Mahel, Buenos d\u00edas, este proyecto de nueva ley es un gran avance, pero no deshumanizar\u00e1 el trato funcionario-ciudadano?No pasaremos a ser simples n\u00fameros para los organismos gubernamentales?<\/p>\n<p>R.- Reconozco que, incluso como ministro, no me importar\u00eda pasar a ser un simple n\u00famero en algunas de mis relaciones con la Administraci\u00f3n evitando con ello tener que desplazarme para sufrir colas. No obstante, las ventanillas y el trato humano siempre estar\u00e1n a disposici\u00f3n de quien quiera porque el acceso telem\u00e1tico se suma a las actuales v\u00edas ya existentes de relaci\u00f3n administraci\u00f3n-administrado.<\/p>\n<p>P.- Sr. ministro trabajo en una Diputaci\u00f3n provincial y creo sinceramente que todas las competencias las podr\u00eda asumir la comunidad autonoma. \u00bfNo cree que sobran tantas administraciones y nos ahorrar\u00edamos muchos sueldos y tanto despilfarro.<\/p>\n<p>R.- Creo que no, aunque s\u00ed deben redefinirse las tareas de unos y otros. La autonom\u00eda municipal es pieza clave en nuestra Constituci\u00f3n y no puede subordinarse a las comunidades aut\u00f3nomas, como \u00e9stas no est\u00e1n subordinadas al Gobierno central. Las diputaciones en la nueva Ley del Gobierno Local que estoy preparando reforzar\u00e1n su aspecto de ayuda a los ayuntamientos peque\u00f1os y medianos en el \u00e1mbito de sus competencias, sin invadir otras que les son ajenas.<\/p>\n<p>P.- Sr. Sevilla, \u00bfCuales han sido las principales medidas que ha tomado para favorecer la carrera administrativa del empleado p\u00fablico? \u00bfQu\u00e9 le parece la reivindicaci\u00f3n del Cuerpo T\u00e9cnico de Hacienda que crear un cuerpo superior que reconozca sus funciones? Gracias<\/p>\n<p>R.- El Parlamento est\u00e1 discutiendo un proyecto de ley del Estatuto del Empleado P\u00fablico previsto en la Constituci\u00f3n y pendiente desde entonces. En \u00e9l, y de acuerdo con los principales sindicatos de la funci\u00f3n p\u00fablica, se establece la carrera administrativa y la evaluaci\u00f3n del rendimiento como mecanismo para la misma.<\/p>\n<p>P.- Sr. Ministro, \u00bf Podremos renovar el DNI y el pasaporte via web ? No se como sera en otro sitios, pero en Valencia renovar el pasaporte es un autentico infierno, con turnos que esperan desde las seis de la ma\u00f1ana, colas eternas, solo 30 pasaportes por dia y si no tienes suerte al dia siguiente vuelta a empezar. Muchas gracias!!!<\/p>\n<p>R.- De momento no se puede. La Ley de Administraci\u00f3n Electr\u00f3nica cambiar\u00e1 esto. Hay que reforzar el personal que atiende estos servicios y quiz\u00e1 tambi\u00e9n el m\u00e9todo de trabajo. Le adelanto ya que es, desde ahora, una de mis prioridades junto con el Ministerio de Interior.<\/p>\n<p>P.- Buenos D\u00edas. Para cuando se va a dotar a las Administraciones de los equipos adecuados para este tipo de acceso electr\u00f3nico. Se aumentara el numero de funcionarios&#8230;.porque estas respuestas de acceso siempre al final estar\u00e1n vigiladas por funcionari@s, Por \u00faltimo en que fecha se prev\u00e9 que aquellos que aprobamos la oposicion de auxiliares administrativos comenzemos a trabajar&#8230;Llevamos desde septiembre esperando la publicacion de destinos<\/p>\n<p>R.- Llevamos a\u00f1os comprando y distribuyendo en la Administraci\u00f3n equipos adecuados as\u00ed como formando a la gente. No s\u00e9 si al final har\u00e1n falta o no m\u00e1s funcionarios. Ya lo veremos. Estamos acortando, como sabes, el periodo de tiempo entre que se aprueba la oposici\u00f3n y la asignaci\u00f3n de un puesto de trabajo aunque a\u00fan no hayamos conseguido hacerlo todo en el mismo a\u00f1o natural.<\/p>\n<p>P.- Para los ciudadanos que vivimos en el extranjero, \u00bfser\u00e1 aplicable esta ley ?, en mi caso vivo en Polonia y de momento la embajada por no tener no tiene ni p\u00e1gina web y hay que desplazarse a Varsovia para todo.Muchas gracias<\/p>\n<p>R.- Deber\u00edamos de ser capaces de que as\u00ed sea. Ya he dicho que nada excluye a nuestro servicio exterior del cumplimiento de esta Ley.<\/p>\n<p>P.- aparte de eta ley, creo que est\u00e1n haciendo tambi\u00e9n avances respcto a la ley de Bases de R\u00e9gimen Local, en el punto de mira ahora m\u00e1s que nunca ante la alarma social creada por los numerosos casos de corrupci\u00f3n urban\u00edstica en el \u00e1mbito municipal. \u00bfPara cu\u00e1ndo esta ley? \u00bfQu\u00e9 medidas contempla para acabar con la corrupci\u00f3n municipal?<\/p>\n<p>R.- El objetivo de la Ley es mejorar la gobernabilidad, la transparencia, la participaci\u00f3n y la posibilidad de control en los ayuntamientos. Se incluyen algunas medidas espec\u00edficas que har\u00e1n m\u00e1s dif\u00edcil la vida de aquellos que se aproximan a un ayuntamiento no para servir sino para servirse. Estamos ultimando la negociaci\u00f3n con el Partido Popular porque creo que una Ley como \u00e9sta que modifica otra de 1985 debe hacerse con un consenso amplio. Espero, no obstante, poderla remitir al Parlamento en las pr\u00f3ximas semanas despu\u00e9s de m\u00e1s de dos a\u00f1os de trabajo conjunto.<\/p>\n<p>P.- Sr.Sevilla,en primer lugar felicitarle por ser uno de los pioneros en poner en marcha la conciliaci\u00f3n laboral-familiar\u00bfPara cu\u00e1ndo se impulsar\u00e1n pol\u00edticas de concienciaci\u00f3n para que la empresa privada la aplique tambi\u00e9n?<\/p>\n<p>R.- La Ley de Igualdad intenta establecer estos criterios de conciliaci\u00f3n en la negociaci\u00f3n colectiva de las empresas privadas. Para el Plan Concilia de la Administraci\u00f3n tom\u00e9 ejemplo de algunas grandes empresas espa\u00f1olas casualmente dirigidas por mujeres. Creo que este asunto es uno de los claves en este comienzo del siglo XXI.<\/p>\n<p>P.- Es compatible el fomento de la administracion electronica, con el hecho de que los propios funcionarios (o al menos la gran mayoria por lo que yo se) no tengan ni siquiera acceso a internet cuando en algunos casos suele ser necesario para consultas? gracias<\/p>\n<p>R.- Seguro que lo que cuentas es as\u00ed en algunos lugares. Pero te aseguro tambi\u00e9n que no es lo com\u00fan. Sin embargo la extensi\u00f3n del uso interno de las nuevas tecnolog\u00edas y la formaci\u00f3n de personal se reforzar\u00e1n el pr\u00f3ximo a\u00f1o para ir prepar\u00e1ndonos para la nueva Ley.<\/p>\n<p>P.- Sr Ministro, \u00bfSer\u00eda posible hacer de Espa\u00f1a un &#8220;pais wifi&#8221;?<\/p>\n<p>R.- Tecnol\u00f3gicamente supongo que s\u00ed. Depender\u00e1 de que las empresas est\u00e9n dispuestas.<\/p>\n<p>P.- Sr Ministro \u00bfComo se puede hablar de un mayor esfuerzo en el impulso de la Administraci\u00f3n Electr\u00f3nica cuando el n\u00famero de plazas ofertadas anualmente a cuerpos de inform\u00e1tica apenas var\u00eda?<\/p>\n<p>R.- La Administraci\u00f3n Electr\u00f3nica, como bien sabes, trata precisamente de que todos los empleados p\u00fablicos y todos los ciudadanos que quieran puedan relacionarse telem\u00e1ticamente. Esto tiene poco que ver con un problema corporativo que no puede convertirse en freno a un derecho ciudadano.<\/p>\n<p>P.- En las Oficinas de Prestaciones de poco nos va a servir que los ciudadanos puedan realizar tr\u00e1mites a trav\u00e9s de Internet, ya que en pueblos en los que esa v\u00eda es poco menos que ciencia ficci\u00f3n para mucha gente, seguir\u00e1n viniendo a las Oficinas que ya estamos desbordadas y con poco personal (y hablo concretamente de Extremadura, cosa que supongo ocurrir\u00e1 en Oficinas Comarcales de otras provincias), donde, sin ir m\u00e1s lejos, y por poner uno de los m\u00faltiples ejemplos que podr\u00eda darle, los n\u00fameros de dan en un boleto que se cuelga de un gancho de cortina en la puerta, con eso digo bastante&#8230; Es que s\u00f3lo hacen Leyes \u00fatiles para grandes ciudades o Direcciones Provinciales?<\/p>\n<p>R.- Intentaremos llegar a todas partes aprovechando el compromiso del Ministerio de Industria de extender la banda ancha a todos los ayuntamientos. Conectar a las distintas administraciones entre s\u00ed permitir\u00e1 que muchos de los que van a la oficina en la que trabajas puedan evitarse el viaje haciendo la gesti\u00f3n por Internet desde su Ayuntamiento o su casa.<\/p>\n<p>P.- Los Hackers han entrado en el Pentagono, en la Casa Blanca, en sistemas inform\u00e1ticos de grandes bancos, laboratorios, hasta en la presentaci\u00f3n de un programa de Microsoft. \u00bfPuede garantizar la confidencialidad de la informaci\u00f3n al 100%?<\/p>\n<p>R.- S\u00ed, est\u00e1 garantizada con las mejores tecnolog\u00edas disponibles y con el apoyo de la Polic\u00eda especializada en estos delitos.<\/p>\n<p>P.- Sr Sevilla; \u00bfPorque se le di\u00f3 prioridad al termino .cat y cuando comunidades como la Balear que tambi\u00e9n pide el suyo (.ib) no se les concede?. Un ibicenco.<\/p>\n<p>R.- Tengo la impresi\u00f3n que la concesi\u00f3n de este tipo de dominios depende de dos organismos internacionales cuyas siglas son IANA y ICANN. Ignoro los criterios internos por los que toman sus decisiones.<\/p>\n<p>P.- \u00bfPara cuando un reciclaje completo a los funcionarios p\u00fablicos, con buenos medios de ense\u00f1anza real y no curos que a veces sirve para casi nada?<\/p>\n<p>R.- Mejorar la formaci\u00f3n de los funcionarios est\u00e1 siendo cada vez m\u00e1s una necesidad ante todos los cambios en los que estamos inmersos. Pero quiero se\u00f1alar su predisposici\u00f3n mayoritaria y su buena base que hace que no haga falta un reciclaje completo.<\/p>\n<p>P.- No va a crear m\u00e1s diferencias la administraci\u00f3n electr\u00f3nica entre las personas que tengan internet y aquellas que no lo tengan?<\/p>\n<p>R.- Con Internet ampliamos las posibilidades de acceso a la Administraci\u00f3n, sin sustituir ninguna de las existentes. Adem\u00e1s, conect\u00e1ndonos entre las administraciones permitiremos que desde los ayuntamientos hoy y desde otros entes, como podr\u00edan ser las cajas de ahorros, se ofrezcan estos servicios a quienes no tengan en su casa las nuevas tecnolog\u00edas.<\/p>\n<p>P.- Sr. Sevilla, trabajo en la transformaci\u00f3n en Agencia de una de las direcciones generales propuestas. El cambio en cualquier organizaci\u00f3n pasa por implicar a los recursos humanos. Si bien la ley de Agencias es un avance significativo en la mejora de la gesti\u00f3n, \u00bfno cree que el \u00e9xito de su implantaci\u00f3n est\u00e1 severamente comprometido por las intocables condiciones laborables del personal funcionario?<\/p>\n<p>R.- Es un dato a tener en cuenta aunque creo que cualquier problema relacionado con esto queda ampliamente compensado por las mejoras en la gesti\u00f3n de los recursos humanos y en la contrataci\u00f3n as\u00ed como en la financiaci\u00f3n externa que permite la Ley de Agencias. Creo que es uno de los retos m\u00e1s importantes para transformar en no m\u00e1s de dos a\u00f1os o tres la prestaci\u00f3n de muchos de nuestros servicios p\u00fablicos.<\/p>\n<p>P.- Buenos d\u00edas, Se\u00f1or Ministro. \u00bfPermitir\u00e1 la nueva financiaci\u00f3n de los Ayuntamientos que \u00e9stos no tengan que recurrir al Suelo como principal v\u00eda de ingresos?<\/p>\n<p>R.- No comparto la idea de quienes vinculan suelo, recalificaci\u00f3n y mucho menos corrupci\u00f3n con problemas financieros de los ayuntamientos, que los tienen por dos razones: la insuficiente Ley de Haciendas Locales del 2003 y la ausencia de financiaci\u00f3n directa desde las comunidades auton\u00f3mas a ayuntamientos que est\u00e1n ejerciendo una parte de las competencias que les corresponder\u00edan a aquellas.<\/p>\n<p>P.- Se\u00f1or Sevilla \u00bfsabe usted realmente lo que es web 2.0?\u00bfQui\u00e9n les hace la web? En Espa\u00f1a hay gente que est\u00e1 haciendo cosas muy interesantes dentro de ese tema y realmente me asombra el baj\u00edsimo nivel de los portales institucionales: lentos, antiguos, dise\u00f1os poco usables (aparte de est\u00e9ticamente deleznables&#8230;.)<\/p>\n<p>R.- Cuando llegu\u00e9 al Ministerio hab\u00eda 21 portales y ahora, con mucha dificultad y casi dos a\u00f1os despu\u00e9s, hay uno, sin duda mejorable, pero mejor que lo que hab\u00eda. Estoy seguro, no obstante, que todav\u00eda nos queda mucho por mejorar. En ello estamos. Y cualquier sugerencia ser\u00e1 bienvenida.<\/p>\n<p>P.- Me parece peligroso que la administraci\u00f3n electr\u00f3nica dependa de un sistema operativo extranjero de Microsoft que cuesta 900 euros y del que el gobierno espa\u00f1ol no tenga ning\u00fan control ni sepa que es lo que hace por dentro y que no hace.\u00bfNo est\u00e1 de acuerdo?<\/p>\n<p>R.- Que yo sepa no depende de nada que no controlemos. Al menos en la misma medida que el resto de cosas de nuestra vida.<\/p>\n<p>P.- Me resulta el ministro con m\u00e1s sentido del humor. Siempre con buena cara y sin mala leche, \u00bfa qu\u00e9 se debe?<\/p>\n<p>R.- Agradezco el comentario que no s\u00e9 si ser\u00eda compartido por mi familia. Yo lo intento.<\/p>\n<p>P.- Hola, sr. Ministro. Al final, en Catalu\u00f1a ya tenemos presidente charnego. \u00bfQu\u00e9 ha pasado? \u00bfNos hemos preparado de golpe o ya lo est\u00e1bamos? Gracias<\/p>\n<p>R.- Reconoc\u00ed que me gustar\u00eda equivocarme cuando en una declaraci\u00f3n privada, robada indebidamente por un micr\u00f3fono, dije que Catalu\u00f1a no estaba preparada. La realidad ha demostrado que estaba equivocado y, cr\u00e9ame, conociendo a Montilla nada me hace m\u00e1s feliz que haberme equivocado. Que todos mis errores sean as\u00ed.<\/p>\n<p>P.- Buenos dias se\u00f1or ministro \u00bfCree que el Video de la Factoria PSOE, ayuda a visualizar y a comparar el proceso del 98 con el del 2006? Cree acertado haber realizado el video?<\/p>\n<p>R.- Tengo que confesar que no lo he visto. Pero tambi\u00e9n tengo que confesar que la escalada de agresividad contra un presidente del Gobierno que quiere acabar con el terrorismo haciendo lo mismo que intentaron sus dos predecesores, tiene que acabarse por el bien de la democracia, de las v\u00edctimas del terrorismo, de todas las v\u00edctimas del terrorismo, y por el fin de ETA.<\/p>\n<p>P.- Si queremos que nuestra sociedad sea una Sociedad de la Informaci\u00f3n, que muchos de los tr\u00e1mites con la administraci\u00f3n se hagan de forma electr\u00f3nica, y dem\u00e1s, \u00bfcuando se considerar\u00e1n los productos inform\u00e1ticos como bienes normales, y no de lujo (seg\u00fan el IVA aplicado del 16%)?<\/p>\n<p>R.- El 16% es el tipo normal, regulado por la Uni\u00f3n Europea que no s\u00e9 si aceptar\u00eda una excepci\u00f3n en este caso. Lo comento, no obstante, con Pedro Solbes.<\/p>\n<p>P.- Por qu\u00e9 las leyes de caracter tecnol\u00f3gico van m\u00e1s orientadas a favorecer a las grandes compa\u00f1ias privadas que a la mayoria de los ciudadanos<\/p>\n<p>R.- No tengo la impresi\u00f3n que una Ley que convierte en un derecho ciudadano el acceso telem\u00e1tico a la Administraci\u00f3n beneficie m\u00e1s a una empresa que cuando establecemos el derecho de los ciudadanos a que se les recoja la basura o abran el grifo y salga agua.<\/p>\n<p>P.- En la p\u00e1gina del MAP dice que la Admon. Gral. Estado tiene hasta 2008 para cumplir con los principios y obligaciones de la Ley admon. Electronica. \u00bfEs esto aplicable a las Agencias constiuidas para dicha fecha?<\/p>\n<p>R.- La Ley y sus plazos obliga a todos los organismos de la Administraci\u00f3n General del Estado.<\/p>\n","protected":false},"excerpt":{"rendered":"<p>Las gestiones administrativas podr\u00e1n ser realizadas a trav\u00e9s de medios electr\u00f3nicos. El Gobierno acaba de aprobar el proyecto de Ley para el Acceso Electr\u00f3nico de los Ciudadanos a las Administraciones P\u00fablicas. El ministro Jordi Sevilla, impulsor de la norma, da todas las claves de estos nuevos derechos digitales que permitir\u00e1n tratar con los organismos p\u00fablicos a trav\u00e9s de Internet o el tel\u00e9fono m\u00f3vil.<\/p>\n","protected":false},"author":1,"featured_media":0,"comment_status":"open","ping_status":"open","sticky":false,"template":"","format":"standard","meta":{"footnotes":""},"categories":[],"tags":[],"class_list":["post-4938","post","type-post","status-publish","format-standard","hentry"],"_links":{"self":[{"href":"https:\/\/intervius.com\/index.html\/wp-json\/wp\/v2\/posts\/4938","targetHints":{"allow":["GET"]}}],"collection":[{"href":"https:\/\/intervius.com\/index.html\/wp-json\/wp\/v2\/posts"}],"about":[{"href":"https:\/\/intervius.com\/index.html\/wp-json\/wp\/v2\/types\/post"}],"author":[{"embeddable":true,"href":"https:\/\/intervius.com\/index.html\/wp-json\/wp\/v2\/users\/1"}],"replies":[{"embeddable":true,"href":"https:\/\/intervius.com\/index.html\/wp-json\/wp\/v2\/comments?post=4938"}],"version-history":[{"count":0,"href":"https:\/\/intervius.com\/index.html\/wp-json\/wp\/v2\/posts\/4938\/revisions"}],"wp:attachment":[{"href":"https:\/\/intervius.com\/index.html\/wp-json\/wp\/v2\/media?parent=4938"}],"wp:term":[{"taxonomy":"category","embeddable":true,"href":"https:\/\/intervius.com\/index.html\/wp-json\/wp\/v2\/categories?post=4938"},{"taxonomy":"post_tag","embeddable":true,"href":"https:\/\/intervius.com\/index.html\/wp-json\/wp\/v2\/tags?post=4938"}],"curies":[{"name":"wp","href":"https:\/\/api.w.org\/{rel}","templated":true}]}}