{"id":4928,"date":"2006-12-19T00:00:00","date_gmt":"2006-11-06T00:00:00","guid":{"rendered":"https:\/\/intervius.com\/index.html\/?p=4928"},"modified":"2006-11-06T00:00:00","modified_gmt":"2006-11-06T00:00:00","slug":"Pascual_Garcia4928","status":"publish","type":"post","link":"https:\/\/intervius.com\/index.html\/Pascual_Garcia4928\/","title":{"rendered":"Pascual Garc\u00eda"},"content":{"rendered":"<p>Pregunta.- \u00bfcu\u00e1nto hay de autobiogr\u00e1fico en su novela? Y si es as\u00ed con qui\u00e9n se identifica: con Trist\u00e1n Alegr\u00eda o con Carlos Amorrodio<\/p>\n<p>Respuesta.- S\u00ed, hay cosas autobiogr\u00e1ficas en la novela. Pero las hay en todos los personajes. En algunos m\u00e1s, quiz\u00e1s en Trist\u00e1n Alegr\u00eda. Pero yo no soy ese personaje, entre otras cosas, porque si lo fuera estar\u00eda muerto. Cosa que no descarto en los pr\u00f3ximos a\u00f1os.<\/p>\n<p>P.- Soy un aficionado al Atleti y vivo en Carabanchel Alto, como Manolito Gafotas. Me le\u00ed el libro de un tir\u00f3n y me encant\u00f3. Destila ternura, derrota y hambre de vida&#8230; En serio: \u00bfpor qu\u00e9 es usted aficionado del Osasuna? Fdo. Saimon<\/p>\n<p>R.- Me cantan los taninos que me suena su mirada. Soy del Osasuna porque nac\u00ed en Pamplona, pero me hice un poquito m\u00e1s forofo cuando estuve un a\u00f1o trabajando en Tenerife en un peri\u00f3dico y el \u00fanico contacto que ten\u00eda con Pamplona era el Estudio Estadio.<\/p>\n<p>P.- Hola Pascual \u00bfpodr\u00edas contarnos un poco m\u00e1s de qu\u00e9 va tu novela?<\/p>\n<p>R.- La novela va de una serie de personajes. No es una novela de trama, es una novela mucho m\u00e1s de personajes, una galer\u00eda. Se trata de construir un peque\u00f1o mundo auton\u00f3mo con sus normas no escritas, con sus historias que funciona dentro del mundo pero tambi\u00e9n fuera de este mundo. Son personajes a los que la vida no les ha tratado demasiado bien y que se juntan en un bar a compartir buenos y malos momentos. Lo que es cierto es que ninguno de los personajes, a pesar de lo mal que le haya tratado la vida, se queja.<\/p>\n<p>P.- \u00bfEl mundo mejora fuera del Tolom\u00e9? \u00bfD\u00f3nde est\u00e1 el para\u00edso?<\/p>\n<p>R.- El para\u00edso, seg\u00fan lo que pone en el libro, es una casa de putas que hay muy cerca del Tolom\u00e9. Si te refieres a los para\u00edsos personales, supongo que yo estoy como t\u00fa y que habr\u00e1 que seguir buscando.<\/p>\n<p>P.- Qu\u00e9 opina de los que beben? Es un &#8220;carpe diem&#8221; sin mas,o beber es la excusa para ir a un bar y relacionarse pero luego se nos escapa de las manos. No ser\u00eda mejor controlar la bebida y ver m\u00e1s real todo aunque no nos entusiasme? No cree que se necesita un poco de reflexion m\u00e1s paciente?<\/p>\n<p>R.- La bebida supongo que es como todo en la vida. Da sus satisfacciones y sus pesares, por lo menos es mejor que los jefes que generalmente suelen dar solo pesares. Pero s\u00ed que creo que tiene un componente autodestructivo y peligroso que no hay que dejar de tener en cuenta.<\/p>\n<p>P.- Buenas, don Pascual. La verd\u00e1 es que s\u00f3lo por la tem\u00e1tica (perdedores, tipos al margen, \u00bfmalditos?) ya me entran ganas de leerla. Pero te solicito, si permites: dame una buena raz\u00f3n para comprarla (a parte la alimentaci\u00f3n de tus catorce v\u00e1stagos, claro:). Mucha suerte para tu Carta de ajuste.<\/p>\n<p>R.- Una raz\u00f3n puede ser, si ya es por el tema de los v\u00e1stagos, que cuando uno publica en una editorial peque\u00f1ita, aunque muy digna y muy enrollada, siempre es muy dif\u00edcil que la novela tenga una oportunidad. Y eso que yo no me quejo porque llevo 18 a\u00f1os en el periodismo y conozco a muchos periodistas y eso te facilita salir en los sitios. Pero s\u00ed que s\u00f3lo de pensarlo se me ponen los pelos de punta con los pedazos de novelas que habr\u00e1 en los cajones de profesionales de la literatura o de empleados de banca de Zamora o de Teruel.<\/p>\n<p>P.- \u00bfA quien recomendar\u00edas leer esta novela?<\/p>\n<p>R.- Es una pregunta complicada. Lo que s\u00ed puedo decir es que el otro d\u00eda una persona muy pr\u00f3xima a mi chica, no quiero citar expresamente el parentesco, le llam\u00f3 para decirle que se la hab\u00eda comprado y que hab\u00eda empezado a leerla. Pero que lo dej\u00f3 en la segunda p\u00e1gina porque le agred\u00eda el lenguaje. Dado este parentesco, me sent\u00ed muy relajado cuando me enter\u00e9.<\/p>\n<p>P.- Carlos Boyero recomend\u00f3 el otro d\u00eda tu libro en su encuentro semanal. \u00bfQu\u00e9 le dices?<\/p>\n<p>R.- Carlos es un fen\u00f3meno, lo quiero mucho. El otro d\u00eda present\u00f3 mi libro. Y ya que estamos en el tema, el cabr\u00f3n de An\u00edbal Malvar acaba de bajar para tocarme las pelotas y ponermelo dif\u00edcil. \u00c9l tambi\u00e9n estuvo en la presentaci\u00f3n, que tuvo muchos besos, muchos piropos y muchas cosas buenas. Un beso para Carlos y otro para el psic\u00f3pata.<\/p>\n<p>P.- \u00bfEstas preparados para las cr\u00edticas? \u00bf\u00b4Cu\u00e1les han sido las mejores que has recibido hasta la fecha?<\/p>\n<p>R.- He de reconocer que las mejores han sido las de mis amigos. Con eso yo ya me dar\u00eda por satisfecho. Que a una persona como el amigo Boyero le conmueva la historia ya te da por pagado el esfuerzo. Cr\u00edticas de cr\u00edticos he tenido creo que una de momento. No la pon\u00eda mal del todo pero tampoco es que el emocionara al colega. Si es por esta experiencia, tengo que reconocer que este asunto me va a resultar muy complicado.<\/p>\n<p>P.- \u00bfQu\u00e9 pretende transmitir con este su primer libro?<\/p>\n<p>R.- Creo que no pretende transmitir nada, simplemente quiero contar una historia que pasa en el mundo en que vivimos y que reconozco que no es el tipo de historias que ahora se llevan porque es una historia que no habla de espadachines ni de s\u00e1banas santas ni de griales ni de cosas as\u00ed. Es una historia de personajes entra\u00f1ables y pat\u00e9ticos que viven en el mundo en que vivimos los dem\u00e1s.<\/p>\n<p>P.- Hola Pascual. \u00bfEl bar Tolom\u00e9 no es en realidad el bar \u00cdbice? \u00bfCu\u00e1ntos cubatas te has tomado en este bar? \u00bfJuan Ra tiene buena conversaci\u00f3n? Un saludo y enhorabuena.<\/p>\n<p>R.- Las preguntas con ventaja merecen respuestas con ventaja tambi\u00e9n. Seguro que si has hecho esa pregunta, conoces la respuesta. Incluso es posible que alguno de esos cubatas me los haya tomado contigo y sino siempre estamos a tiempo.<\/p>\n<p>P.- tienes alg\u00fan autor de la literatura en espa\u00f1ol que te guste especialmente o con el que te puedas sentir identificado? Por cierto que tu libro es llevado de una forma original y es muy entretenido,<\/p>\n<p>R.- Alguna de las personas que han le\u00eddo el libro y que saben de estas cosas de la cr\u00edtica me han dicho que le han encontrado toques desde el tremendismo de Cela de su primera \u00e9poca al derrotismo barojiano. Claro, eso es la hostia y yo no me lo creo. Lo que s\u00ed os voy a contar es una cosita que me pas\u00f3 el otro d\u00eda y que me hizo mucha gracia: un amigo del peri\u00f3dico se pas\u00f3 por un Crisol para comprar la novela y ya no estaba en novedades sino en la estanter\u00eda. Cuando fue buscando por el autor me dijo &#8220;Miraba y sal\u00eda Garc\u00eda M\u00e1rquez, Garc\u00eda M\u00e1rquez, Garc\u00eda M\u00e1rquez y de repente, co\u00f1o, Garc\u00eda Arano&#8221;. Estupendo.<\/p>\n<p>P.- Fuera de las p\u00e1ginas del libro \u00bfqui\u00e9nes son los verdaderos perdeores de la sociedad actual? \u00bfSe ha sentido usted en alg\u00fan momento perdedor?<\/p>\n<p>R.- No. Yo me siento un privilegiado, a pesar de que luego me complique la vida, como nos la complicamos todos. Si no nos complicaramos la vida as\u00ed, quiz\u00e1s no podr\u00edamos escribir las cosas como hacemos. Y los perdedores supongo que son la gente que no se complica ella la vida sino que se la complican: la gente sin recursos, los ni\u00f1os sin opciones, los m\u00e1s ignorantes&#8230;<\/p>\n<p>P.- \u00bfc\u00f3mo ves el panorama del periodismo econ\u00f3mico?<\/p>\n<p>R.- No tengo ni puta idea de qu\u00e9 va a pasar con el periodismo econ\u00f3mico, ni con lo dem\u00e1s. Yo creo que esta profesi\u00f3n est\u00e1 atravesando un momento muy complicado, con mucha posici\u00f3n previa por parte de todos y, en mi opini\u00f3n, no est\u00e1 atravesando su mejor momento.<\/p>\n<p>P.- \u00bfTus perdedores son hombres resignados? \u00bfC\u00f3mo recupera la autoestima un perdedor?<\/p>\n<p>R.- En la novela se dice en un momento dado que la gente deber\u00eda ser as\u00ed, resignada, como en la India, donde uno nace paria y la ha cagado. Los personajes de la novela no se quejan pero s\u00ed que tienen historias que dar a entender que no siempre han sido as\u00ed. Yo creo que no hay que resignarse y que las novelas son las novelas.<\/p>\n<p>P.- \u00bfLe perdonar\u00e1s a Zapatero que no te deje fumar en la redacci\u00f3n?<\/p>\n<p>R.- Nunca le perdonar\u00e9 a Zapatero que no me deje fumar en la redacci\u00f3n y nunca le perdonar\u00e9 a Gallard\u00f3n que no me deja aparcar al lado del peri\u00f3dico.<\/p>\n<p>P.- Me parece que el panorama est\u00e1 complicado para nuevas voces en la literatura \u00bfes as\u00ed?<\/p>\n<p>R.- Creo que s\u00ed que es un negocio muy complicado. Es un negocio como todos, con sus circuitos, con sus libreros, con sus distribuidoras que optan por algunas cosas y hacen poco caso a otras. Ya que estamos en el tema, aprovechar\u00e9 para interpretar mi papel del que vende pa\u00f1uelos en los sem\u00e1foros y deciros que si el libro no est\u00e1 en la librer\u00eda, pedidlo para que os lo traigan. Si no, estamos jodidos.<\/p>\n<p>P.- En dos l\u00edneas, redacte una carta de ajuste con la profesi\u00f3n&#8230;<\/p>\n<p>R.- El periodismo se ha ido y nadie sabe como ha sido.<\/p>\n<p>P.- Le deja tiempo el periodismo para escribir \u00bfc\u00f3mo se organiza uno para desconectar de la actualidad diaria y escribir sobre otros temas?<\/p>\n<p>R.- El tiempo es de las peores cosas porque cuando te pasas el d\u00eda frente al ordenador, cuando llegas a casa no tienes ganas de ponerte otra vez. Pero aprovecho los fines de semana, las vacaciones, los puentes y le robo demasiado tiempo a mis chicas: mi mujer y mis dos ni\u00f1as, quiero decir. Respecto a lo si es f\u00e1cil o dif\u00edcil desconectar, es lo m\u00e1s f\u00e1cil del mundo. Una novela es un espacio de libertad infinito y eso yo lo agradezco mucho.<\/p>\n<p>P.- El mundo de la Econom\u00eda debe dar para escribir muchas intrigas \u00bfpara cuando una de yuppies?<\/p>\n<p>R.- Los yuppies no me interesan para nada. No los conozco, no s\u00e9 de que van y me da mucha gracia verlos en los coches esos tan chulos que llevan.<\/p>\n<p>P.- Al margen del periodismo \u00bfc\u00f3mo empez\u00f3 tu inter\u00e9s por la literatura? \u00bfTienes en mente alg\u00fan nuevo proyecto?<\/p>\n<p>R.- Yo he escrito siempre cosas breves. Creo que empec\u00e9 escribiendo relatos para un programa que hac\u00eda en una radio libre en Pamplona hace m\u00e1s de 25 a\u00f1os en Radio Para\u00edso y luego siempre he seguido escribiendo, pero una novela cortita hasta ahora no. Y, s\u00ed, estoy en otra cosa que creo que llevo por la mitad y que va a ser un poco menos triste que esta.<\/p>\n<p>P.- Quiero regalar un libro esta Navidad: \u00bfEl tuyo o el de Esperanza Aguirre?<\/p>\n<p>R.- Pedazo de pregunta. Yo te recomendar\u00eda el m\u00edo por la sencilla raz\u00f3n de que soy incapaz de leer libros de pol\u00edtica, de pol\u00edticos, de periodistas que hablan de pol\u00edticos. Nunca he sido capaz no ya de terminar uno ni tan siquiera he podido empezarlo. Aunque he de reconocer que el de la Espe tiene su morbo.<\/p>\n<p>P.- Qu\u00e9 cr\u00edtica ,exactamente, hay reflejada en tu novela, podr\u00edas decirlo sin tapujos y por qu\u00e9?<\/p>\n<p>R.- Creo que en mi novela no hay ninguna cr\u00edtica, simplemente hay unas historias que quiz\u00e1s reflejan una desaz\u00f3n, una angustia en una serie de gente. La verdad es que yo no llamar\u00eda cr\u00edtica a nada de lo que hay ah\u00ed.<\/p>\n<p>P.- \u00bfTres libros de cabecera?<\/p>\n<p>R.- A mi me encantan los libros terribles, los libros que hablan sobre la condici\u00f3n humana y los que te hacen un nudo en el est\u00f3mago cuando los lees. Para nudos en el est\u00f3mago, se me ocurren El viaje al fin de la noche, Pedro P\u00e1ramo y Bajo el volc\u00e1n. Tambi\u00e9n hay otro, de un paisano m\u00edo que es un fen\u00f3meno, que se llama Miguel S\u00e1nchez Ostiz que describi\u00f3 una de las m\u00e1s terribles bajadas al infierno que yo haya le\u00eddo y que os recomiendoa todos, Las pira\u00f1as.<\/p>\n<p>P.- En tu opini\u00f3n, \u00bfcu\u00e1l es el personaje m\u00e1s cabr\u00f3n de Carta&#8230;?<\/p>\n<p>R.- La verdad es que es una pregunta muy complicada porque una de las cosas que he intentado con la novela es no juzgar a ning\u00fan personaje, a pesar de que algunos me caigan mejor que otros, siempre he procurado que se condenen o se rediman por ellos mismos.<\/p>\n<p>P.- Hola, muy buenas tardes. \u00bfMe podr\u00eda decir a qu\u00e9 se debe ese t\u00edtulo? Porque como ya sabe, la carta de ajuste fue el comienzo de la era televisiva en Espa\u00f1a, \u00bfcree qu\u00e9 su libro es el comienzo de una nueva tem\u00e1tica es sus libros? Gracias y feliz Navidaddd.<\/p>\n<p>R.- El t\u00edtulo pretende sugerir que un tipo que parece que se va a volar la cabeza escribe una carta final para ajustar cuentas consigo mismo, con Dios y con los dem\u00e1s.<\/p>\n<p>P.- Los editores se quejan de que la gente no lee. Pero leer precisa de un tiempo que a veces no tenemos. Yo leo en el mmetro y . av ceces, voy tan enlatada que abrir mi libro se convierte en un insulto a los dem\u00e1s viajeros. \u00bfEs Internet la soluci\u00f3n?<\/p>\n<p>R.- Yo no soy un lector muy compulsivo. Siempre me ha gustado mucho leer, pero la verdad es que leo despacio y me cuesta. En la vida se me ocurrir\u00eda leer un libro en el ordenador. No ser\u00eda capaz, aunque comprendo que haya gente que s\u00ed lo haga. Para m\u00ed, eso es ciencia ficci\u00f3n.<\/p>\n<p>P.- \u00bfPara cu\u00e1ndo un libro en el que estaba trabajando que se podr\u00eda llamar El Candidato? Frasi<\/p>\n<p>R.- Es una idea que abandon\u00e9. No tengo ni idea si alg\u00fan d\u00eda escribir\u00e9 esa historia o no, sobre todo porque cuando me siento por primera vez a empezar algo nunca s\u00e9 de que va a ir la historia y generalmente no tiene nada que ver con lo que ten\u00eda previsto.<\/p>\n<p>P.- Usted que es nuevo en este mundillo \u00bfno cree que el precio de los libros es desobitado? En mi opini\u00f3n, parece que se venden al peso, lo mismo te cuesta un best-seller de pacotilla que un libro de autor consagrado<\/p>\n<p>R.- Supongo que el precio de los libros es tan desorbitado como el de los cd\u00b4s, los cubatas, los paquetes de Lucky o que los condones (no compro hace tiempo pero supongo que tambi\u00e9n). Todo es desorbitado.<\/p>\n<p>P.- Creo, como t\u00fa, que la perfecci\u00f3n est\u00e1 en la imperfecci\u00f3n.<\/p>\n<p>R.- Yo no s\u00e9 si cre\u00eda eso, pero ahora lo creo.<\/p>\n<p>P.- Usted que trabaj\u00f3 en la secci\u00f3n local del peri\u00f3dico \u00bfOpina que Madrid ha perdido su esencia castizpara convertirse en una urbe multicultural o est\u00e1 buscando una identidad propia de la que ya presumen otras ciudades como Barcelona?<\/p>\n<p>R.- Supongo que usted ser\u00e1 alg\u00fan cabronazo conocido que me quiere hacer pasar un buen rato. De Madrid lo \u00fanico que puedo decir es que es un sitio donde uno se estresa mucho y vive muy deprisa pero, a la vez, es uno de los pocos sitios donde uno nunca se siente extra\u00f1o, a no ser que venga con una bufanda del Osasuna a un partido en el Bernabeu.<\/p>\n<p>P.- Parece usted un tipo algo torturado \u00bfCu\u00e1les son las m\u00fasicas que alegran su coraz\u00f3n?<\/p>\n<p>R.- Voy a contestar en sentido literal. Si hablamos de m\u00fasica, tengo muchas debilidades. Desde Triana a Tom Waits pasando por los Rolling o Marianne Faithfull a ACDC. Me encanta un R\u00e9quiem de Mozart y una jam session de Miles Davis.<\/p>\n<p>P.- Yo creo que todos somos un poc perdewores&#8230; del tiempo, que es la verdadera esencia de la vida. Y lo peor de todo, lo perdemos en estupideces. Perdedor es aquel que no sabe disfrutar de la vida que le han regalado \u00bfO no?<\/p>\n<p>R.- Estoy absolutamente de acuerdo contigo. Hay que saber disfrutar, pero no todo el mundo es capaz. Mi madre es la persona, que yo conozca, que m\u00e1s disfruta de lo que tiene. A mi me da mucha envidia.<\/p>\n<p>P.- est\u00e1 muy bien tu &#8220;opera prima&#8221; se nota que esta vivida en primera persona, podrias adelantar algo de tu proximo proyecto y si tratar\u00e1 tambi\u00e9n de la vida de personas que te rodean? me imagino que todavia te han quedado muchas cosas por contar &#8230;<\/p>\n<p>R.- La segunda historia pretende ser una especie de homenaje a las novelas de serie B y va a tener menos que ver conmigo que la primera. Va a tener conmigo porque la voy a escribir yo, pero de otra forma. El protagonista ser\u00e1 un inspector de Hacienda.<\/p>\n<p>P.- Si tuviera qu\u00e9 definir su estilo \u00bfc\u00f3mo lo har\u00eda? \u00bfTiene alg\u00fan autor feticha que le inspire?<\/p>\n<p>R.- No sabr\u00eda como definir mi forma de escribir. Creo que es directa y procuro que tenga ritmo. \u00bfAutor fetiche? A mi me ha encantado siempre la literatura norteamericana, entre negra y gris marengo. Me encanta gente como Jim Thomson o Carver o Barry Gifford.<\/p>\n<p>P.- ayer fu\u00ed a buscar su libro a unos grandes almacenes, me lo hab\u00edan recomendado( era mi noveno intento)., despues de buscar y rebuscar en la secci\u00f3n literatura espa\u00f1ola, novedades, etc pudimos encontrarlo en &#8220;ensayo&#8221;. no he comenzado su lectura pero me gustar\u00eda saber si de verdad se trata de un ensayo<\/p>\n<p>R.- No, no es un ensayo. Es una novela pura y dura. Muchas gracias por persistir en el intento. Espero que te guste.<\/p>\n<p>P.- \u00bfqu\u00e9 le hen sense\u00f1ado los personajes de su libro y qu\u00e9 ha aprendido de ellos?<\/p>\n<p>R.- Cuando uno escucha a gente que ha escrito novelas decir que los personajes cobran vida propia en el desarrollo de la historia y tal, lo primero que piensa es que es una pollada. Pero no es as\u00ed. S\u00ed que es cierto que se van haciendo a ellos mismos y que acaban sorprendi\u00e9ndote, incluso revel\u00e1ndote cosas que te hab\u00edan dicho al principio pero que t\u00fa no acabas de percibir hasta el final.<\/p>\n","protected":false},"excerpt":{"rendered":"<p>Dedica su primera novela, Carta de ajuste (In\u00c9ditor), a los perdedores, a personas que se mueven en los m\u00e1rgenes de la sociedad, lejos de la imagen de perfecci\u00f3n con la que nos bombardean. Pascual Garc\u00eda lleva 17 a\u00f1os ejerciendo el periodismo, los \u00faltimos desde la secci\u00f3n de Econom\u00eda de EL MUNDO. Su debut literario toma como escenario el bar Tolom\u00e9, un s\u00f3rdido local que funciona como microcosmos.<\/p>\n","protected":false},"author":1,"featured_media":0,"comment_status":"open","ping_status":"open","sticky":false,"template":"","format":"standard","meta":{"footnotes":""},"categories":[],"tags":[],"class_list":["post-4928","post","type-post","status-publish","format-standard","hentry"],"_links":{"self":[{"href":"https:\/\/intervius.com\/index.html\/wp-json\/wp\/v2\/posts\/4928","targetHints":{"allow":["GET"]}}],"collection":[{"href":"https:\/\/intervius.com\/index.html\/wp-json\/wp\/v2\/posts"}],"about":[{"href":"https:\/\/intervius.com\/index.html\/wp-json\/wp\/v2\/types\/post"}],"author":[{"embeddable":true,"href":"https:\/\/intervius.com\/index.html\/wp-json\/wp\/v2\/users\/1"}],"replies":[{"embeddable":true,"href":"https:\/\/intervius.com\/index.html\/wp-json\/wp\/v2\/comments?post=4928"}],"version-history":[{"count":0,"href":"https:\/\/intervius.com\/index.html\/wp-json\/wp\/v2\/posts\/4928\/revisions"}],"wp:attachment":[{"href":"https:\/\/intervius.com\/index.html\/wp-json\/wp\/v2\/media?parent=4928"}],"wp:term":[{"taxonomy":"category","embeddable":true,"href":"https:\/\/intervius.com\/index.html\/wp-json\/wp\/v2\/categories?post=4928"},{"taxonomy":"post_tag","embeddable":true,"href":"https:\/\/intervius.com\/index.html\/wp-json\/wp\/v2\/tags?post=4928"}],"curies":[{"name":"wp","href":"https:\/\/api.w.org\/{rel}","templated":true}]}}