{"id":4924,"date":"2006-12-21T00:00:00","date_gmt":"2006-11-06T00:00:00","guid":{"rendered":"https:\/\/intervius.com\/index.html\/?p=4924"},"modified":"2006-11-06T00:00:00","modified_gmt":"2006-11-06T00:00:00","slug":"Alberto_Anaut4924","status":"publish","type":"post","link":"https:\/\/intervius.com\/index.html\/Alberto_Anaut4924\/","title":{"rendered":"Alberto Anaut"},"content":{"rendered":"<p>Pregunta.- \u00bfc\u00f3mo ves el panorma del arte contempor\u00e1neo en Espa\u00f1a? \u00bfy en el mundo?<\/p>\n<p>Respuesta.- Pues lo veo bien&#8230; y m\u00e1s en Navidades. Creo que el momento de los creadores es excelente; que el n\u00famero de museos y salas de exposiciones ha crecido mucho y que los artistas ya son habituales en los medios de comunicaci\u00f3n&#8230; antes de que se mueran. Ahora la gran batalla est\u00e1 en conseguir interesar cada vez a m\u00e1s y mejores p\u00fablicos.<\/p>\n<p>P.- Buenas tardes. Quisiera saber qu\u00e9 enfoque tendr\u00e1 PHotoEspa\u00f1a 2007 y si se conoce ya el nombre de su pr\u00f3ximo Comisario General. Un saludo y gracias. (Pablo Bern\u00e1ldez)<\/p>\n<p>R.- El pr\u00f3ximo a\u00f1o, PHotoEspa\u00f1a cumple diez a\u00f1os. Y para una fecha tan especial hemos decidido dedicar el Festival a los artistas. de modo que en PHE07 no habr\u00e1 un comisario general y un solo tema, sino muchos (y muy buenos) comisarios de exposiciones) y muchos temas. Nuestro pr\u00f3ximo PHotoEspa\u00f1a va a ser una aut\u00e9ntica fiesta de la mejor fotograf\u00eda.<\/p>\n<p>P.- \u00bfC\u00f3mo recuerda los inicios de Matador y como valora la evoluci\u00f3n del producto?<\/p>\n<p>R.- Lo recuerdo, ahora que hacemos 10 a\u00f1os, con una gran pasi\u00f3n. Matador fue una locura de un grupo de enamorados de las revistas. En cuanto a la evoluci\u00f3n, lo \u00fanico que puedo decir es que hemos cumplido todos nuestros sue\u00f1os.<\/p>\n<p>P.- \u00bfQu\u00e9 podemos encontrar en este n\u00famero especial?<\/p>\n<p>R.- El libro &#8220;Matador. Los 10 primeros a\u00f1os&#8221; es una viaje por estos diez primeros a\u00f1os y estos diez primeros n\u00fameros de la revista. Ha pasado mucho tiempo desde que nacimos y hemos querido rehacer el viaje, repasar juntos los textos y las im\u00e1genes que hemos publicado, ver en definitiva lo que ha sido Matador. Y lo que va a ser. A eso apunta el t\u00edtulo (reconozco que un poquito pretencioso) de Los Diez Primeros A\u00f1os. Nos quedan 18&#8230;<\/p>\n<p>P.- E\u00f1e y Matador, impecables Enhorabuena!!!!<\/p>\n<p>R.- Muchas gracias. Nosotros o hacemos con todo el talento que somos capaces de poner sobre la mesa. Y con todo el coraz\u00f3n tambi\u00e9n. estamos convencidos de que una revista es un espacio maravilloso para trabajar, un punto de encuentro \u00fanico. Y tanto en E\u00f1e como en Matador (tambi\u00e9n en OjodePez) lo intentamos&#8230;<\/p>\n<p>P.- Buenas tardes Alberto, y sobre todo enhorabuena a ti y a todo el equipo de matador. Por que este matador 10 a\u00f1os tiene un formato diferente al resto de matadores? Muchas gracias.<\/p>\n<p>R.- Porque no es Matador, sino un libro que habla de Matador. El Matador J, que est\u00e1 dedicado a New Yorkers&#8230; llegar\u00e1 a primeros de enero. Hoy se ha terminado de imprimir y est\u00e1 realmente impresionante<\/p>\n<p>P.- \u00bfMatador da beneficios econ\u00f3micos? Me inclino a pensar que os debe costar m\u00e1s que lo que gan\u00e1is<\/p>\n<p>R.- Pues no. Afortunadamente&#8230; porque una revista si pierde dinero, o tiene un padrino o cierra. Matador no es un negocio, en el sentido m\u00e1s mercantil de la palabra, pero est\u00e1 equilibrado. Afortunadamente, podemos hacer la revista que queremos, gracias a los socios (2.000 personas que nos siguen todos los a\u00f1os), a los ejemplares que se venden en librer\u00edas y a las marcas que han decidido anunciarse en un producto exquisito y fuera de modas.<\/p>\n<p>P.- \u00bfPor qu\u00e9 hay tan poca gente en Espa\u00f1a que cuide bien la edici\u00f3n en la publicaci\u00f3n de revistas y libros?<\/p>\n<p>R.- Porque no es f\u00e1cil y porque en este tiempo que nos ha tocado vivir, la calidad no es el valor que gu\u00eda nuestros pasos. Por eso matador, y algunos otros medios, son capaces de distinguirse entre cientos de publicaciones.<\/p>\n<p>P.- Ya sabemos que aun queda matador para unos cuantos a\u00f1os, pero..piensan reeditar alguno de los anteriores? Me consta que algunos n\u00fameros ya no se pueden encontrar porque se han agotado. No es f\u00e1cil de encontrar, en que librer\u00edas est\u00e1 disponible?<\/p>\n<p>R.- No vamos a reeditar, no podemos hacerlo. En parte, por eso hemos hecho el libro de Matador, para que los que no los tienen, al menos los puedan ver&#8230; En cuanto a la distribuci\u00f3n, nosotros hacemos una revista de culto, no un bestseller, y eso supone que hay que buscarla. Pero estamos en las mejores librer\u00edas, en la Fnac, en La Casa del Libro&#8230; en todas las provincias. Y estamos tambi\u00e9n en La F\u00e1brica y en nuestra web.<\/p>\n<p>P.- \u00bfEst\u00e1s convencido de que Matador llegar\u00e1 a la Z?<\/p>\n<p>R.- Totalmente. Te apuesto lo que quieras.<\/p>\n<p>P.- Hola Alberto. Aparte de MAtador que me parece perfecto, me encanta la revista e\u00f1e. Como surgi\u00f3 la idea? Te encargas tu de buscar sus contenidos? Los escritores son reacios a enviar textos in\u00e9ditos para ser publicados en e\u00f1e? Gracias.<\/p>\n<p>R.- A mi tambi\u00e9n me gusta mucho. E\u00f1e es un hijo de Matador, comparte su misma filosof\u00eda de calidad, de producto exquisito. est\u00e1 en manos de los autores&#8230; En cuanto a la b\u00fasqueda de originales, la responsabilidad de del equipo de E\u00f1e, de su directora Camino Brasa y de Emilio Ruiz que es el redactor-jefe. Y por lo que se, hay que trabajarse cada texto, pero los escritores se han puesto desde el primer momento del lado de la revista.<\/p>\n<p>P.- \u00bfqu\u00e9 le dais a Toscani en la f\u00e1brica que lo ten\u00e9is tan contento?<\/p>\n<p>R.- Mucho cari\u00f1o&#8230; y supongo que (sobre todo) hacemos cosas quele gustan. Toscani es un mosntruo, un provocador y un cl\u00e1sico. Ten\u00eda que haber m\u00e1s como \u00e9l&#8230; y m\u00e1s que fueran exactamente lo contrario.<\/p>\n<p>P.- Para un profano de provincias \u00bfcu\u00e1l es la filosof\u00eda de La F\u00e1brica? \u00bfalgo que ver con la de Warhol?<\/p>\n<p>R.- Hombre, a un profano de provincias no se le escapa que nuestro nombre lleg\u00f3 cuando ya se conoc\u00eda la Factory de Warhol&#8230; pero la realidad es que solamente tenemos en com\u00fan nuestra voluntad de hacer cosas inovadoras. A diferencia de Warhol, nosotros no somos artstas; en La F\u00e1brica trabajamos para abrir puertas a los artista. Y no s\u00f3lo a nuestros amigos&#8230;<\/p>\n<p>P.- \u00bflos artistas son dif\u00edciles de tratar?<\/p>\n<p>R.- Los artistas son el centro de nuestra actividad. Son los importantes. Y luego, como personas, los hay de varios tipos, igual que los periodistas, los futbolistas o los gestores culturales. Pero, sobre todo, los artistas, los buenos artistas, la mayor\u00eda de los artistas, son personas interesantes, sensible y profundas. A nosotros nos gusta mucho trabajar con ellos.<\/p>\n<p>P.- \u00bfPOr qu\u00e9 hac\u00e9is exposiciones y eventos \u00fanicamente en Madrid?<\/p>\n<p>R.- No es exactamente asi. En Madrid hacemos algunas cosas \u00fanicas, como es el caso de PHotoEspa\u00f1a (que, dicho sea de paso se est\u00e1 abriendo a otras actividades m\u00e1s all\u00e1 de Madrid). pero muchas de nuestras exposiciones viajan por Espa\u00f1a y por otros pa\u00edses, normalmente de Europa. Nuestros libros est\u00e1n en todas partes.Y cuando trabajamos en grandes proyectos culturales -como la Casa Encendida, Matadero Madrid o La Noche de los Libros&#8230; tambi\u00e9n vamos m\u00e1s all\u00e1 de nuestra ciudad; acabmos de presentar Krea, un proyecto que hemos desarrollado en Vitoria con Caja Vital y que nacer\u00e1 dentro de un par de a\u00f1os como un gran centro internacional de creaci\u00f3n joven.<\/p>\n<p>P.- \u00bfEcha de menos su etapa en los peri\u00f3dicos EL MUNDO y El P\u00e1is?<\/p>\n<p>R.- A mi el periodismo me ha hecho completamente feliz. En El Pais, en El Mundo, en Diario 16, en la revista Mercado&#8230; pero lleg\u00f3 un momento en el que sent\u00ed la necesidad de trabajar en el mundo de la cultura&#8230; y di el salto. De vez en cuando, cuando me encuentro con colegas, cuando como hoy entro en una redacci\u00f3n y veo a mis antiguos compa\u00f1eros, me pongo un poquito melanc\u00f3lico, pero la verdad es ahora tengo la cabeza en La F\u00e1brica.<\/p>\n<p>P.- Toca mojarse. Opini\u00f3n sobre el Reina Sof\u00eda y la pol\u00edtica de su directora actual.<\/p>\n<p>R.- Estoy en contra de las campa\u00f1as en general y estoy en contra espec\u00edficamente de la campa\u00f1a en contra del reina Sof\u00eda. A partir de ah\u00ed, creo que el reina es un museo con una historia muy compleja, con muy malos antecedentes hist\u00f3ricos, inmerso en un pais que ha dado la espalda al arte contempor\u00e1neo durante de d\u00e9cadas, sometido a presiones desdev todos los frentes&#8230; Ana Mart\u00ednez de Aguilar es una profesional seria, sin vanidades, responsable. Hay que dejarla trabajar. Un director de museo necesita desarrollar un proyecto, no estar todo el d\u00eda expuesto en la plaza p\u00fablica. Lamento si esto decepciona las expectativas de tu pregunta, pero es lo que pienso. Gracias.<\/p>\n<p>P.- Matador cumple diez a\u00f1os cuando quieren que el mataor desaparezca. \u00bfQue le parece la intencion del gobierno de suplimir lo que es en si una corrida de toros?\u00bfSaldr\u00e1 matador en defensa de sus toca\u00f1os los matadores?<\/p>\n<p>R.- Me parece un disparate. Viniendo para ac\u00e1 he leido en elmundo.es que Blanco ha llevado la contraria a Narbona. Matador no habla de toros y no va a meterse en este tema, pero yo si tengo una opini\u00f3n personal: los toros me parecen una de las mejores tradiciones de la cultura espa\u00f1ola y uno de nuestros grandes signos de personalidad. Me encantan y en la plaza de Madrid he vivido algunas de mis mayores emociones. Ayer mismo hablaba con un amigo de Anto\u00f1ete y de Litri. Los que est\u00e1n en contra de los toros deber\u00e1in respetar la cultura. A mi me parece estupendamente que a alguien no le gusten, pero creo sinceramente que la grandeza del torero y la grandeza del toro merecen respeto.<\/p>\n<p>P.- \u00bfPor que cre\u00f3 La F\u00e1brica?\u00bfQue le impuls\u00f3 a meterse en esta aventura que supongo habr\u00e1 supuesto un gran riesgo?<\/p>\n<p>R.- Me impuls\u00f3 la pasi\u00f3n por un proyecto, las ganas de abrir puertas independientes en el mundo de la cultura, el gusto por lo nuevo, la defensa de lo peque\u00f1o y de lo cuidado&#8230; En cuanto al riesgo, corro mucho m\u00e1s risgo cada vez que salgo a la carretera.<\/p>\n<p>P.- \u00bfDE d\u00f3n de se nutre para tener tan buenos dise\u00f1adores en todo lo que produce?<\/p>\n<p>R.- El dise\u00f1o ha sido uno de los grandes signos de identidad de La F\u00e1brica. Fernando Guti\u00e9rrez, Mikel Garay, Pablo Mart\u00edn, Joaqu\u00edn Gallego, Alberto Coraz\u00f3n, Pablo Rubio, Antonio Pita&#8230; desde el primer momento, en la F\u00e1brica hemos querido trabajar con los mejores. En una sociedad moderna, el dise\u00f1o no es una adorno, forma prte de la estructura de lo que nosotros hacemos.<\/p>\n<p>P.- Enhorabuena ante todo por tanta calidad. YA tengo en mi poder Matador 10 a\u00f1os y como no pod\u00eda ser menos, es una obra de arte. Quedan a\u00fan muchos a\u00f1os de publicaci\u00f3n de matador para cerrar el abecedario y a mi me faltan algunos. Tienen pensado reeditar algunas de las anteriores ediciones?Por otro lado, como se planifica y decide a que se va a dedicar el matador cada a\u00f1o? Muchas gracias.<\/p>\n<p>R.- Ya eh comentado que no pdoemos reeditar. En cuanto a la planificaci\u00f3n, no tiene misterios. Matador es una revista anual que quiere estar cerca de las grandes tendencias de cada \u00e9poca; de manera que cada a\u00f1o nos reuniomos, vemos qu\u00e9 temas son fundamentales, qu\u00e9 ideas est\u00e1n surgiendo, qu\u00e9 sentimientos resistir\u00e1n el paso del tiempo&#8230; y nos ponemos a trabajar para llenar esas ideas con los mejores textos y las mejores im\u00e1genes, para contar con los mejores proyectos y los creadores m\u00e1s interesantes&#8230;<\/p>\n<p>P.- Eres una muestra de que se puede vivir haciendo lo que se quiere, luchar por lo que uno cree. Te envidio. \u00bfQu\u00e9 proyectos pr\u00f3ximos ten\u00e9is entre manos en La F\u00e1brica? Gracias y felicidades<\/p>\n<p>R.- Estamos obsesionados por hacer cada vez mejor las cosas que hacemos. Poner en marcha proyectos que profundicen en la sustancia y sean capaces de resistir el paso del tiempo. Nuestras revistas, nuestras colecciones de libros, los Festivales, Notodo.com, los proyectos en los que trabajamos con grandes instituciones tienen una firme voluntad de innovaci\u00f3n y de calidad.<\/p>\n<p>P.- \u00bfQu\u00e9 recomienda para un fot\u00f3grafo que est\u00e1 empezando y quiere introducir su obra en el mercado del arte?<\/p>\n<p>R.- Primero, que te olvides de hacerte rido; si quieres ganar dinero, no te deique a la cultura. He o\u00eddo que el mercado inmobiliario va mejor para eso&#8230; luego, naturalmente, que trabajes en profundidad y que creas en tu propia obra. Que leas mucho, que veas exposiciones, que hables con otros artistas y que te toque laloter\u00eda de encontrar a un galerista que crea en ti con tanta pasi\u00f3n como tu mismo&#8230;<\/p>\n<p>P.- \u00bfMe recomiendas una exposici\u00f3n que no sea la que est\u00e9 en La F\u00e1brica ahora mismo?<\/p>\n<p>R.- Naturalmente. Igual te sorprende, pero me gusta mucho la exposici\u00f3n de Sargent y Sorolla en el Thyssen. Y eso que Sorolla no est\u00e1 en mi lista de favoritos; sin embargo creo que la exposici\u00f3n es realmente interesante.<\/p>\n<p>P.- \u00bfD\u00f3nde est\u00e1 aqu\u00ed y ahora el n\u00facleo del arte en espa\u00f1a?<\/p>\n<p>R.- En los artistas. En los colectivos que promueven y autogestionan proyectos. En algunos museos y fundaciones. En las administraciones que apuestan a lo nuevo. En las becas que permiten conocer mundo y conocer a otros artistas&#8230;<\/p>\n<p>P.- Vayamos a lo personal. \u00bfDe qu\u00e9 artistas tiene obras en su casa? Ya que tengo la oportunidad de pregunt\u00e1rselo&#8230;<\/p>\n<p>R.- Yo no soy un coleccionista de grandes nombres. O mejor dicho, no puedo serlo&#8230; y no s\u00f3lo por gusto sino tambi\u00e9n por cuestiones econ\u00f3micas. Si quieres te comento algunas cosas que no est\u00e1 en el top ten, pero que a carmen (mi mujer) y a mi nos hacen felices todos los d\u00edas: Una escultura cin\u00e9tica de Sobrino, un artista espa\u00f1ol que en los 70 se fue a trabajar a Par\u00eds; una acuarela grande Elena Blasco, una artista que si estuvi\u00e9ramos en Londres habr\u00eda ganado el Premio Turner y una pareja de fotograf\u00edas de Mireia Sent\u00edn, de su serie joyas&#8230; er\u00f3ticas<\/p>\n","protected":false},"excerpt":{"rendered":"<p>Matador celebra su primera d\u00e9cada con un n\u00famero especial de casi 600 p\u00e1ginas que incluye fotograf\u00edas, textos y dise\u00f1os para descubrir o revivir la trayectoria de esta publicaci\u00f3n anual de culto que cuenta con colaboradores como Arroyo, Toscani o Pledge. Su director, Alberto Anaut, pasa el esc\u00e1ner sobre el trabajo realizado y desvela otros proyectos de La F\u00e1brica, una activ\u00edsima empresa de gesti\u00f3n cultural.<\/p>\n","protected":false},"author":1,"featured_media":0,"comment_status":"open","ping_status":"open","sticky":false,"template":"","format":"standard","meta":{"footnotes":""},"categories":[],"tags":[],"class_list":["post-4924","post","type-post","status-publish","format-standard","hentry"],"_links":{"self":[{"href":"https:\/\/intervius.com\/index.html\/wp-json\/wp\/v2\/posts\/4924","targetHints":{"allow":["GET"]}}],"collection":[{"href":"https:\/\/intervius.com\/index.html\/wp-json\/wp\/v2\/posts"}],"about":[{"href":"https:\/\/intervius.com\/index.html\/wp-json\/wp\/v2\/types\/post"}],"author":[{"embeddable":true,"href":"https:\/\/intervius.com\/index.html\/wp-json\/wp\/v2\/users\/1"}],"replies":[{"embeddable":true,"href":"https:\/\/intervius.com\/index.html\/wp-json\/wp\/v2\/comments?post=4924"}],"version-history":[{"count":0,"href":"https:\/\/intervius.com\/index.html\/wp-json\/wp\/v2\/posts\/4924\/revisions"}],"wp:attachment":[{"href":"https:\/\/intervius.com\/index.html\/wp-json\/wp\/v2\/media?parent=4924"}],"wp:term":[{"taxonomy":"category","embeddable":true,"href":"https:\/\/intervius.com\/index.html\/wp-json\/wp\/v2\/categories?post=4924"},{"taxonomy":"post_tag","embeddable":true,"href":"https:\/\/intervius.com\/index.html\/wp-json\/wp\/v2\/tags?post=4924"}],"curies":[{"name":"wp","href":"https:\/\/api.w.org\/{rel}","templated":true}]}}