{"id":4897,"date":"2007-02-08T00:00:00","date_gmt":"2006-11-06T00:00:00","guid":{"rendered":"https:\/\/intervius.com\/index.html\/?p=4897"},"modified":"2006-11-06T00:00:00","modified_gmt":"2006-11-06T00:00:00","slug":"Miguel_Sebastian4897","status":"publish","type":"post","link":"https:\/\/intervius.com\/index.html\/Miguel_Sebastian4897\/","title":{"rendered":"Miguel Sebasti\u00e1n"},"content":{"rendered":"<p>Pregunta.- Buenos dias, muchas de sus propuestas electorales que he oido son competencia de la comunidad de madrid: abrir metro 24 horas, abono joven gratis &#8230; \u00bfcomo piensa hacerlo ? y mas cuando todo indica que va a volver a salir Esperanza Aguirre. Otra cosa, \u00bfPor que peatonalizar Gran Via que es una calle muy ancha (caben peatones , trafico &#8230;) y en cambio no apoya la peatonalizacion del Paseo del Prado y de Recoletos (algo mas logico ya que es un paseo mas apetecible que entre edificios y seria volver a su uso original)?<\/p>\n<p>Respuesta.- En el Consorcio Regional de Transportes participa el Ayuntamiento, junto con la Comunidad Autonoma. Se trata, por tanto de una propuesta conjunta, en la que el Ayuntamiento asume al menos un tercio del coste.<\/p>\n<p>P.- Buenos d\u00edas Miguel. Me gustar\u00eda saber si os habeis planteado alguna medida para mejorar la falta de taxis en el centro de Madrid los viernes y s\u00e1bados por la noche?. Muchas gracias<\/p>\n<p>R.- Hay que llegar a un acuerdo con los taxistas para conseguir que aumente la oferta nocturna de taxis las noches de los findes. Pero nadie se ha sentado aun con ellos. Yo lo hare proximamente. En cualquier caso, la apertura del Metro por las noches va a aliviar dicha presion. Es fundamental que haya transporte publico en dicho tramo horario, para que la gente se pueda divertir sin riesgos para su vida.<\/p>\n<p>P.- Buenos d\u00edas Sr. Sebasti\u00e1n: Por lo que he podido leer y escuchar en los medios de comunicaci\u00f3n, parece ser que el que usted sea candidato a la alcald\u00eda de Madrid ha sido una apuesta personal del Sr. Rodr\u00edguez Zapatero. \u00bfA\u00f1ade eso, si cabe m\u00e1s vertigo y responsabilidad, si el resultado no fuera el esperado y no alcanzara la Alcald\u00eda de Madrid? Muchas Gracias y un saludo. Guadalupe \/ Madrid<\/p>\n<p>R.- Yo soy el candidato del Partido Socialista. Me ofreci yo para serlo, nadie me designo, y yo asumo la responsabilidad del resultado. Pero estoy seguro de que el resultado va a ser favorable y voy a ganar la Alcaldia.<\/p>\n<p>P.- Sr. Sebasti\u00e1n, \u00bfse compromete usted aqu\u00ed p\u00fablicamente a permanecer como concejal del Ayto. de Madrid en la oposici\u00f3n durante los siguientes cuatro a\u00f1os en caso de no resultar elegido alcalde? Por favor, no conteste que, como entre sus planes no cuenta con perder las elecciones, no se plantea esa posibilidad. Muchas gracias.<\/p>\n<p>R.- Ya lo he hecho anteriormente. Pero yo no me agarro a ninguna silla ni soy un profesional de la politica. Soy el candidato de una partido, el Socialista, y ser\u00e1 el partido el que tenga que decidir si quieren que siga o no. Encuentro curioso que se insita tanto en esta pregunta. Lo mas interesante es preguntar a un candidato que va a hacer SI GANA. Y tambien es curioso que nadie haya preguntado a Gallardon qu\u00e9 va hacer en el caso improbable de que GANE. Puede comprometerse a quedarse de Alcalde 4 a\u00f1os? Va a ir a las listas de las elecciones de 2008? Se compromete a que no nos dejar\u00eda a su numero 2 como &#8220;alcaldesa&#8221;? Me gustaria que alguien le hiciera esas preguntas a Gallardon. Yo se las hare si finalmente acepta un debate.<\/p>\n<p>P.- Soy socialista y el s\u00e1bado pasado acud\u00ed a la manifestaci\u00f3n contra el terrorismo y contra la pol\u00edtica de negociaci\u00f3n del gobierno de Zapatero. Me siento indignada por su comparaci\u00f3n de dicha manifestaci\u00f3n con las que ten\u00edan lugar durante el franquismo en la Plaza de Oriente. \u00bfPor qu\u00e9 se averg\u00fcenzan ustedes del uso de los s\u00edmbolos nacionales? La izquierda no deber\u00eda renunciar a la idea de Espa\u00f1a por sumisi\u00f3n a los nacionalismos.<\/p>\n<p>R.- Yo no compare dichas manifestaciones. Dije que habia imagenes que me recordaban a la Plaza de Oriente. Y lo mantengo. Tambien me recordo el recuento. Siempre nos decian que en la Plaza de Oriente hab\u00edan ido &#8220;un millon de espa\u00f1oles&#8221;. Con la demcoracia nos enteramos que no cabian ni 100.000. A mi me encantan los simbolos nacionales. Durante a\u00f1os poniamos la bandera (constitucional) de Espa\u00f1a en el balcon el 8-D, dia de la Constitucion. Y la extrema derecha del barrio nos insultaba y amenazaba. Luego hubo un decreto de Aznar en 1997 que limit\u00f3 el uso de la bandera y el himno a actos institucionales, del Rey o del Presidente, y a actos militares o deportivos. Y a mi me gusta respetar las leyes vigentes. Aunque las haya hecho Aznar.<\/p>\n<p>P.- \u00bf Que parquimetros va a quitar vd. ?. Solo los de Hortaleza, para ganar unos cuantos votos, ya que son los que mas protestan. Alguna zona m\u00e1s ? Incluir\u00eda otra zona de Madrid que ahora no tenga ? Aunque no se lo crean, cada vez hay mas gente en Madrid y mucha de esta gente tiene la suerte de poder acceder a un coche, cada dia hay mas coches en Madrid. \u00bf Donde aparcamos ?<\/p>\n<p>R.- Muchas preguntas en una&#8230; Los parquimetros no se van a quitar para ganar unos votos, sino por coherencia con nuestro modelo de ciudad. Se dejaran aquellos que sirvan para mejorar la movilidad, el aparcamiento. Y los que sirvan exclusivamente para recaudar se quitaran. Entre ellos, los de Hortaleza, Carabanchel, Fuencarral. Cualquier ciudadano que pase por estos distritos puede comprobar que esos parquimetros no ayudan a la movilidad. Son instrumentos para recaudar. Y para recaudar ya estan los impuestos y tasas.<\/p>\n<p>P.- \u00bfQu\u00e9 siente cuando ve las encuestas y descubre que la inmensa mayor\u00eda de los madrile\u00f1os siguen sin conocerle?<\/p>\n<p>R.- No conozco ni una sola encuesta que se haya hecho despues de mi candidatura. Si me la envia se lo agradecere.<\/p>\n<p>P.- Hace unas semanas, se le ha visto indirectamente delante de la c\u00e1mara panor\u00e1mica en la retransmisi\u00f3n de alg\u00fan partido del Estudiantes. \u00bfFue casualidad que se levantara justo en el momento en que le enfocaban? \u00bfEs una estrategia para darse a conocer? Y por cierto, \u00bfes usted un buen Demente aficionado del Estu?<\/p>\n<p>R.- No tenia ni idea de que me estuvieran enfocando. Me gusta ver el baloncesto, aunque no lo practico. He disfrutado mucho con la seleccion nacional. Y tengo simpatias por el Estudiantes porque tengo amigos que han ido al Ramiro y que han jugado ahi. La Demencia me gusta por su creatividad, su fair play y porque se lo pasan bien sin agredir ni insultar a nadie. Aunque pierdan.<\/p>\n<p>P.- \u00bfcual sera su prioridad en seguridad ciudadana?<\/p>\n<p>R.- Un concepto integral de seguridad. No solo mas presencia policial en las calles, sino politicas sociales, de integracion, de prevencion. Y mejorar tambien el entorno urbano, que en muchos sitios esta deteriorado. La peatonalizacion tambien es un arma a favor de la seguridad.<\/p>\n<p>P.- El alcalde Gallard\u00f3n ha anunciado que su segunda legislatura ser\u00e1 &#8220;para disfrutar&#8221;, es decir, con menos obras. \u00bfNo cree que una vez terminada la M-30 y las obras del metro tendr\u00e1 asegurada la reelecci\u00f3n? \u00bfQu\u00e9 puede ofrecer usted que sea distinto y mejor?<\/p>\n<p>R.- Gallardon no tiene modelo de ciudad. Solo obras. Ya ha anunciado el by pass de la zona norte, otro disparate de 1500 millones de euros de entrada. Nuestro modelo de ciudad es convivencia (seguridad, resolucion de conflictos mediante pactos), calidad de vida (movilidad, limpieza, atencion social a los mayores, menos contaminacion, mas deporte, mas cultura) y oportunidades (mas vivienda para jovenes, empleo de calidad, I+D, escuelas infantiles, fomento empresarial). Una ciudad para la gente, con mayor participacion ciudadana en la toma de decisiones.<\/p>\n<p>P.- \u00bfVa a continuar con el faraonico traslado a Cibeles?<\/p>\n<p>R.- No conozco bien el proyecto. Lo importante, mas que la sede, es cambiar la forma de gobernar, dando mas poder de decision a las Juntas de Distrito y abriendo la posibilidad de presupuestos participativos. Como en otras ciudades europeas.<\/p>\n<p>P.- \u00bfQue opina de las iniciativas propuestas por Pa\u00eds Vasco y Catalu\u00f1a de imponer un canon a las viviendas vac\u00edas para promover el mercado de alquiler?\u00bfComo futuro alcalde abogar\u00eda por medidas similares, quiz\u00e1 a trav\u00e9s de aumentos del IBI a las viviendas vac\u00edas?(creo que el IBI se cuenta entre sus competencias)<\/p>\n<p>R.- Estoy radicalmente en contra. Creo que hay que incentivar positivamente, es decir que los propietarios encuentren rentable sacar sus viviendas vacias en alquiler. Para ello hay que ofrecer la cobertura de los riesgos que impiden que lo hagan, riesgo de impago, de desalojo o de da\u00f1os. Creo que hay que profesionalizar el mercado de alquiler, con apoyo publico.<\/p>\n<p>P.- Sr. Sebasti\u00e1n; Respecto a la pregunta 5 realizada anteriormente; el d\u00eda de la Constituci\u00f3n es el 6-D y el decreto de 1997 regula el empleo obligatorio en ciertos actos que Ud. nombra. Nunca lo limita. Supongo que habr\u00e1 sido uno de esos lapsus. Mi pregunta es, teniendo en cuenta su experiencia en Econom\u00eda \u00bfComo afrontar\u00e1 la deuda que el actual alcalde va a dejar en las arcas municipales? Gracias. Aurelius.<\/p>\n<p>R.- En efecto, la Constitucion es el 6-D. Ha sido un &#8220;lapsus teclae&#8221;. Los expertos juristas no hacen esa interpretacion que usted se\u00f1ala de dicho decreto. Lo cierto es que parece obvio que no se debe utilizar el himno y la bandera con fines partidistas.<\/p>\n<p>P.- Si piensa ganar la selecciones con esas cu\u00f1as de radio (en las que critica la deuda del actual Ayuntamiento) mal lo tiene. \u00bfEs que los pol\u00edticos s\u00f3lo saben criticar al rival en vez de proponer cosas mejores?<\/p>\n<p>R.- Creo que las cu\u00f1as son positivas e invitan a participar en una ciudad mejor, con mas convivencia, mas calidad de vida y mas oportunidades. Estoy de acuerdo con usted en que es irritante ver a politicos que solo se dedican a criticar al rival. Me imagino que usted tampoco asistio a la manifestacion del pasado sabado&#8230;<\/p>\n<p>P.- Buenos d\u00edas Miguel. \u00bfQu\u00e9 es lo que peor llevas tras haber saltado a los focos? \u00bfhay algo que lamentes por ser ahora un personaje p\u00fablico?<\/p>\n<p>R.- Por ahora nada. Es verdad que a uno le resulta extra\u00f1o ver su foto en el metro y me veo raro. Pero se que es un coste que hay que asumir cuando se esta en primera linea de la politica.<\/p>\n<p>P.- Soy un antiguo alumno tuyo de Econ\u00f3micas, y coincid\u00ed alguna vez contigo en la piscina. Hoy soy un ciudadano m\u00e1s de Madrid. Podemos ver como muchas ciudades europeas est\u00e1n adaptando o tienen adaptado su entorno a nuevas formas de transporte. Madrid se caracteriza por el atasco diario, por grandes infraestructuras en beneficio de los veh\u00edculos de motor. Incluso se han facilitado zonas de aparcamiento para las motocicletas \u00bfDonde est\u00e1n los carriles bici, las facilidades para el transporte menos contaminante de todos? Existen zonas aisaladas y un cintur\u00f3n por la M-40 &#8220;parcheado e intermitente&#8221; con carril-bici pero no se ha hecho una actuaci\u00f3n global e integral (normativa, se\u00f1ales, viales que crucen la ciudad) en pro de esta infraestructura. Qu\u00e9 propuestas ten\u00e9is al repecto. Gracias y un saludo<\/p>\n<p>R.- El espacio de la ciudad es limitado. Por eso hay que llegar a un pacto para repartirlo. El Pacto por la Movilidad (que se ha hecho en muchas ciudades, con gran exito) sienta en una misma mesa a los representantes de automovilistas, peatones, consumidores, ciclistas, motoristas, taxistas, comerciantes, empresarios, sindicatos, personas con discapacidad. En ese Pacto propondremos una fuerte apuesta por el transporte publico de calidad y por la peatonalizacion de algunas zonas.<\/p>\n<p>P.- El proyecto del Manzanares de Gallard\u00f3n, \u00bflo acabar\u00e1 si sale Ud. elegido?<\/p>\n<p>R.- Si se refiere a la M-30, lo terminare. Las obras han sido un suplicio para todos los madrile\u00f1os y son dificilmente irreversibles. Por ello, hay que terminarlas cuanto antes. Lo importante es no continuar con ese modelo. Ya somos la 2a ciudad del mundo en infraestructuras viarias para el transporte privado (despues de Singapur) y la velocidad del automovil ha bajado de los 10 km\/hora. Nos hemos gastado miles de millones de euros y el coste de los atascos supera el 4% del PIB de la ciudad. Este modelo ha fracasado, como ya se sabia que iba a ocurrir.<\/p>\n<p>P.- Miguel&#8230; \u00bfqu\u00e9? \u00bfT\u00fa quien eres?<\/p>\n<p>R.- Un profesor por vocacion, un profesional de la economia por formacion, y con muchas ganas con ganas de hacer algo por los demas. Solo se vive una vez&#8230;.<\/p>\n<p>P.- Objetivamente, \u00bfqu\u00e9 opina de las obras de la m-30?. Gracias.<\/p>\n<p>R.- Nunca tan poco nos costo tanto&#8230;..<\/p>\n<p>P.- sabe el chiste de : en las proximas elecciones de madrid, votas por gallardon, o por el candidato del PP?<\/p>\n<p>R.- no lo habia oido y realmente no me parece ingenioso. Yo nunca he sido del PP, aunque tengo respeto por sus votantes y sus militantes.<\/p>\n<p>P.- \u00bfTiene alg\u00fan proyecto para que los j\u00f3venes podamos vivir en Madrid sin dejarnos m\u00e1s del 60% del sueldo (eso si tenemos la suerte de ser mil euristas)?<\/p>\n<p>R.- Vamos a actuar en un triple eje: cosntruccion de vivienda protegida para alquiler, rehabilitacion de edificios, tanto en el casco historico como en barrios degradados y estimulo para sacar al mercado de alquiler parte de los 180.000 pisos vacios que hay ahora en la ciudad.<\/p>\n<p>P.- Sr Sebastian, cree que la divisi\u00f3n en Juntas Municipales actual es correcta o deber\u00eda replantearse la ciudad para que los ciudadanos sintamos nuestro Ayuntamiento mas pr\u00f3ximo. Con que equipo cuenta Vd. en principio para gobernar.<\/p>\n<p>R.- Hay que ir a un modelo de mayor poder de decision de las Juntas de Distrito. Una vez puesto en marcha, nos podremos plantear en el futuro si el tama\u00f1o de los actuales distritos es el optimo o no.<\/p>\n<p>P.- \u00bfque piensa del pol\u00e9mico proyecto de remodelaci\u00f3n del eje Prado &#8211; Recoletos?<\/p>\n<p>R.- Nos opondremos a cualquier reforma que lleve consigue la tala de los arboles. Gallardon ya ha talado 40.500, a un ritmo de 4,5 la hora.<\/p>\n<p>P.- \u00bfqu\u00e9 opina usted de la reconversi\u00f3n de edificios miticos de la ciudad, como los cines Avenida, en centros comerciales o similares?<\/p>\n<p>R.- Algunos de esos cines hay que conservarlos como parte del patrimonio artistico y cultural de la ciudad, como el Capitol o el Palacio de la Musica. Hay que buscarles una alternativa cultural (filmoteca, teatro hecho por jovenes&#8230;) que permita su utilizacion. Desde luego la peatonalizacion de la Gran Via les ayudara&#8230; Con el Avenida hemos llegado tarde.<\/p>\n<p>P.- \u00bfCree relamente necesario poner un tranvia en plena Castellana cuando en esta v\u00eda ya existen varias lineas de autobuses que recorren la castellana de arriba a abajo por un carril bus instalado entre las calzadas lateral y central y con la linea 10 de metro que tambien recorre gran parte de esta v\u00eda?. \u00bfno cree que ser\u00eda entorpecer mas el tr\u00e1fico con un sistema empleado en el pasado que desapareci\u00f3 por este mismo motivo?<\/p>\n<p>R.- El tranvia ira por el actual carril bus. Lo utilizaran las personas que van a subirse y bajarse en la Castellana. Para los de mas largo recorrido habra carriles bus (sin tantas paradas intermedias) que faciliten el acceso a la ciudad o su salida.<\/p>\n<p>P.- \u00bfCree que ser\u00e1 un acierto apostar por una candidatura a los J.J.O.O. para el 2016 o la ve mejor para 2020?<\/p>\n<p>R.- Nosotros apoyamos 20Pero hay que reforzar los puntos debiles que nos hicieron fracasar: los temas medioambientales y el deporte de base.<\/p>\n<p>P.- \u00bfPorque el abono transporte gratis solo para menores de 21 a\u00f1os? Hay gente que estudia hasta los 23 o 24 dependiendo de la carrera y otros que trabajan ya con El criterio de la edad me parece un poco simplista para esta medida.<\/p>\n<p>R.- Habra un abono transporte joven hasta los 26 a\u00f1os. El criterio de la edad es objetivo, no manipulable. Ademas se trata de favorecer a la gente joven, que sufre una discriminacion en contra en muchos temas que le afectan a su presente y futuro: vivienda, precariedad, deuda, medio ambiente. Esa discriminacion a los jovenes es una realidad para todos los tramos de renta. Ademas, en el caso de transporte, es una inversion de futuro. Se trata de que se acostumbren a usar el transporte publico. El coche es una adiccion como otra cualquiera&#8230;<\/p>\n<p>P.- Insisto: conv\u00e9nzame para que le vote. D\u00edgame por qu\u00e9 es usted mejor candidato que Gallard\u00f3n. Intente resumirlo en 2 frases.<\/p>\n<p>R.- Porque ofrezco un modelo de ciudad basado en la gente. Porque gobernare de otra forma, acercando las decisiones a los ciudadanos. Porque Gallardon lo ha intentado y ha fracasado.<\/p>\n<p>P.- Sr. Sebastian, \u00bfsi se diera el caso gobernar\u00eda Vd. con el apoyo de IU?<\/p>\n<p>R.- Yo preferir\u00eda gobernar en solitario, pero ya veremos en funcion de los resultados&#8230;.<\/p>\n<p>P.- Buenos d\u00edas, \u00faltimamente se habla de manipulaci\u00f3n informativa en Telemadrid, \u00bfqu\u00e9 opina al respecto?, \u00bfteme manipulaci\u00f3n en su oferta electoral?<\/p>\n<p>R.- Telemadrid deberia fijarse en Television espa\u00f1ol como modelo de television publica: independencia, pluralidad.<\/p>\n<p>P.- Cuando habla de movilidad, \u00bfno cree que precisamente gracias a las obras que se estan llevando a cabo en esta legislatura se mejore la movilidad en nuestra ciudad?Respecto a la propuesta de peatonalizar la Gran Via, \u00bfNo cree que la solucion, cara al ciudadano, no pasa por esa propuesta sino por hacer peatonales las calles colindantes? Un saludo y gracias.<\/p>\n<p>R.- La propuesta de Gran Via lleva consigo las calles adyacentes. Se conectarian petonalmente muchas plazas del centro hoy degradadas: Callao, Carmen, Luna, Descalzas, Santo Domingo, etc&#8230;. Ser\u00eda una &#8220;plaza de plazas&#8221;. Un resurgir de toda la zona centro.<\/p>\n<p>P.- Estimado Sr. Leyendo las preguntas que se le plantean hay algo que creo se olvida. \u00bfQu\u00e9 hay de su equipo de gobierno? Me gustar\u00eda hablara de sus componentes y si ya tiene alguno fijo. Creo que es un tema interesante, sobre todo desde la perspectiva profesional y de conocimientos de los mismos. At.<\/p>\n<p>R.- Yo creo que la lista es una buena se\u00f1al de lo que sera mi equipo de gobierno: profesionales cualificados, con experiencia, y mucho enfasis en la gestion.<\/p>\n<p>P.- Estoy leyendo las respuestas que da y me parecen que son bastante gen\u00e9ricas. Lo que me gustar\u00eda de un candidato es que hiciera propuestas concretas \u00bfQu\u00e9 acciones concretas va a llevar a cabo su equipo de gobierno y cuales considera que son las accciones prioritarias a llevar a cabo? Gracias.<\/p>\n<p>R.- No ha habido ningun programa electoral mas concreto que el que hicimos para las elecciones de 200Y no va haber otro mas concreto que el presentaremos las elecciones de Mayo.<\/p>\n<p>P.- Buenos d\u00edas sr Sebasti\u00e1n, \u00bfC\u00f3mo piensa solucionar el problema de la vivienda que tiene Madrid?. \u00bfHa pensado dar ayudas de vivienda a los mayores de 35 en lugar de olvidarnos como se hace actualmente?<\/p>\n<p>R.- Creo que ya ha quedado respondida<\/p>\n<p>P.- Sr. Sebasti\u00e1n \u00bfno se siente ninguneado por su partido cuando se dice que le hab\u00edan ofrecido su puesto como candidato a distintas personas antes de nombrarle candidato? \u00bfSe ofreci\u00f3 usted antes o despu\u00e9s de que todos dijeran que no?<\/p>\n<p>R.- Solo se le ofrecio a un gran politico, como es Bono, que dijo que no porque queria pasar a un segundo plano de la politica. A los 3 dias de aquello yo me ofreci como candidato. El resto fueron quinielas y conjeturas. Yo me siento orgulloso y halagado.<\/p>\n<p>P.- \u00bfPor qu\u00e9 quiere ser el Alcalde de Madrid?\u00bfQu\u00e9 le atrae de la pol\u00edtica actual y del Psoe?<\/p>\n<p>R.- Ya he contestado por qu\u00e9 quiero ser Alcalde. El PSOE me parece el partido mas abierto a la sociedad, mas democratico y mas comprometido con el progreso de Espa\u00f1a. Un pais cada vez mas fuerte y mas prospero.<\/p>\n<p>P.- \u00bfMe gustar\u00eda saber que piensa usted con respecto a la descentralizaci\u00f3n de organismos oficiales afincados en Madrid? \u00bfLuchar\u00e1 usted porque temas con el de la Comision de Mercado no vuelvan a suceder?<\/p>\n<p>R.- Por supuesto. Tampoco me gustaria que se llevaran Endesa a Alemania.<\/p>\n<p>P.- Buenas tardes Se\u00f1or Sebasti\u00e1n. D\u00edgame algo del Vicente Calder\u00f3n. Dejar\u00e1 de martirizar a los atl\u00e9ticos como hace siempre que puede Ruiz Fara\u00f3n si gana las elecciones?? Dar\u00e1 al Club el mismo trato que se di\u00f3 al Madrid con su Ciudad Deportiva si finalmente acuerdan Ayuntamiento y Club el traslado?? Suerte.<\/p>\n<p>R.- Lo que se haga tiene que beneficiar al conjunto de la ciudad. Si, ademas, es bueno para el Atleti, pues mejor.<\/p>\n<p>P.- Como amante de los perros, \u00bfva a favorecer espacios destinados en los parques p\u00fablicos? \u00bfPuede hacer que los due\u00f1os de mascotas sintamos que pagamos impuestos sobre nuestros animales con alg\u00fan prop\u00f3sito &#8220;visible&#8221; o tendremos que seguir sinti\u00e9ndonos culpables por tener perros? Gracias y suerte.<\/p>\n<p>R.- hay un problema de &#8220;convivencia&#8221; que hay que tratar. Un 20% de los madrile\u00f1os tenemos perro. Pero hay muchos otros a los que les molesta. Lo importante es el respeto a los demas. Quizas podriamos plantear que los perros puedan viajar en transporte publico, pero solo a determinadas horas y en determinados vagones. Pero todo tiene que ser dialogado y pactado.<\/p>\n<p>P.- Hay compa\u00f1eros de partido que hablan abiertamente de su condici\u00f3n sexual, incluso hacen campa\u00f1a con ello, y otros que prefieren guardarla para su intimidad. \u00bfUsted que piensa?<\/p>\n<p>R.- Yo respeto todas las opciones.<\/p>\n","protected":false},"excerpt":{"rendered":"<p>El candidato del PSOE a la Alcald\u00eda de Madrid parece ya lanzado a la campa\u00f1a electoral despu\u00e9s de anunciar su prop\u00f3sito de peatonalizar parte de la Gran V\u00eda. Sebasti\u00e1n, experto economista, responder\u00e1 a las preguntas de los lectores sobre su programa pol\u00edtico, sus propuestas para la ciudad y su pol\u00e9mica elecci\u00f3n como candidato.<\/p>\n","protected":false},"author":1,"featured_media":0,"comment_status":"open","ping_status":"open","sticky":false,"template":"","format":"standard","meta":{"footnotes":""},"categories":[],"tags":[],"class_list":["post-4897","post","type-post","status-publish","format-standard","hentry"],"_links":{"self":[{"href":"https:\/\/intervius.com\/index.html\/wp-json\/wp\/v2\/posts\/4897","targetHints":{"allow":["GET"]}}],"collection":[{"href":"https:\/\/intervius.com\/index.html\/wp-json\/wp\/v2\/posts"}],"about":[{"href":"https:\/\/intervius.com\/index.html\/wp-json\/wp\/v2\/types\/post"}],"author":[{"embeddable":true,"href":"https:\/\/intervius.com\/index.html\/wp-json\/wp\/v2\/users\/1"}],"replies":[{"embeddable":true,"href":"https:\/\/intervius.com\/index.html\/wp-json\/wp\/v2\/comments?post=4897"}],"version-history":[{"count":0,"href":"https:\/\/intervius.com\/index.html\/wp-json\/wp\/v2\/posts\/4897\/revisions"}],"wp:attachment":[{"href":"https:\/\/intervius.com\/index.html\/wp-json\/wp\/v2\/media?parent=4897"}],"wp:term":[{"taxonomy":"category","embeddable":true,"href":"https:\/\/intervius.com\/index.html\/wp-json\/wp\/v2\/categories?post=4897"},{"taxonomy":"post_tag","embeddable":true,"href":"https:\/\/intervius.com\/index.html\/wp-json\/wp\/v2\/tags?post=4897"}],"curies":[{"name":"wp","href":"https:\/\/api.w.org\/{rel}","templated":true}]}}