{"id":4892,"date":"2007-02-16T00:00:00","date_gmt":"2006-11-06T00:00:00","guid":{"rendered":"https:\/\/intervius.com\/index.html\/?p=4892"},"modified":"2006-11-06T00:00:00","modified_gmt":"2006-11-06T00:00:00","slug":"Alberto_Ruiz-Gallardon4892","status":"publish","type":"post","link":"https:\/\/intervius.com\/index.html\/Alberto_Ruiz-Gallardon4892\/","title":{"rendered":"Alberto Ruiz-Gallard\u00f3n"},"content":{"rendered":"<p>Pregunta.- Nadie duda de que una vez que esten acabadas las obras de la M-30 todo vaya a quedar mejor. Sin embargo \u00bfes de verdad necesario siempre ejecutar las obras dentro de una legislatura, aumentando asi las incomodidades para los ciudadanos que sufren la intensidad de las obras en vez de ampliar el plazo, planeandose de este modo mejor las obras? La M-30 es insegura debido a estas prisas electoralistas.<\/p>\n<p>Respuesta.- Nadie duda de la necesidad de modernizar la M-Hab\u00eda dos opciones. Una hacerlo en 12 a\u00f1os, otra hacerlo en cuatro. La v\u00eda hubiese estado con la misma limitaci\u00f3n de capacidad en uno u otro caso. Optamos por la que menos tiempo iba a causar molestias a los vecinos. En ning\u00fan caso ha habido inseguridad por los tiempos. El ratio de siniestralidad en las obras de la M-30 es el m\u00e1s bajo de las obras p\u00fablicas.<\/p>\n<p>P.- \u00bfSe va a peatonalizar la Puerta del Sol algun dia?<\/p>\n<p>R.- En tres cuartas partes. Ya lo hemos hecho con Montera y con Arenal. Pero el eje Mayor-Carrera San Jer\u00f3nimo es necesario que permanezca abierto s\u00f3lo para el transporte p\u00fablico y para residentes.<\/p>\n<p>P.- En relaci\u00f3n a las Olimpiadas, \u00bfse va a modificar la estrategia de cara a la elecci\u00f3n de ciudad con respecto a la mantenida la vez anterior?. \u00bfSe van a introducir nuevos proyectos que relancen los ya conocidos?.<\/p>\n<p>R.- Madrid 16 no ser\u00e1 una reiteraci\u00f3n de Madrid 20Lo que de bueno, que fue mucho, tuvo la anterior candidatura se mantendr\u00e1 y se potenciar\u00e1. Pienso enm las instalaciones deportivas, en el concepto de concentraci\u00f3n, en la estrategia medioambiental. Pero tenemos que introducir un concepto nuevo que es explicar no solamente que queremos los Juegos sino para qu\u00e9 queremos los Juegos. Aqu\u00ed la idea de integraci\u00f3n como consecuencia del fen\u00f3meno de la inmigraci\u00f3n ser\u00e1 protagonista.<\/p>\n<p>P.- Si tenemos la Linea 6 de metro que funciona como una M-30 que en hora punta est\u00e1 colapsada, \u00bf no cree neceario construir una nueva linea de metro que funcionase como una M-40 ?<\/p>\n<p>R.- Rotundamente s\u00ed. Madrid necesita no s\u00f3lo extender su red de Metro a otros municipios sino crear nuevas conexioines internas dentro de la ciudad. Le sugiero dos. La estaci\u00f3n de Atocha no puede funcionar con una sola l\u00ednea. Otra. El Ministerio va a hacer un t\u00fanel para el AVE desde Atocha a Chamart\u00edn. Ser\u00eda posible utilizando el mismo t\u00fanel meter los trenes AVE por abajo y los coches de Metro por arriba. Y podr\u00edamos seguir&#8230;<\/p>\n<p>P.- Que va a pasar con el Calder\u00f3n y para cuando<\/p>\n<p>R.- Terminamos las obras de la M-30 sin necesidad de tocar el estadio Vicente Calder\u00f3n. Si el Atl\u00e9tico de Madrid quiere, y s\u00f3lo si ellos lo piden, haremos con el suelo del estadio lo mismo que hicimos con el suelo de la Ciudad Deportiva del Real Madrid. El mismo trato para un club que para otro. Pero s\u00f3lo si lo solicita el Atl\u00e9tico de Madrid. Para el proyecto de recuperaci\u00f3n del r\u00edo es una operaci\u00f3n bonita pero no necesaria.<\/p>\n<p>P.- Hola Alcalde, soy un vecino que vivie cerca de la Plaza Mar\u00eda Torres Acosta detr\u00e1s de Callao. Aunque s\u00e9 que se va a reformar, el problema seguir\u00e1 por los clubes, prostitutas, camellos y drogadictos. No cree que es un parche a la situaci\u00f3n y que en realidad lo que se necesita es un cambio estructural en un barrio c\u00e9ntrico como \u00e9ste. D\u00edgame una soluci\u00f3n y por Dios, no nos abandonen (es el sentimiento generalizado que se tiene). A ver si se gana mi voto.<\/p>\n<p>R.- No se va a reformar. Se est\u00e1 reformando ya. Si se asoma a la ventana de su casa ver\u00e1 las obras en marcha. La remodelaci\u00f3n servir\u00e1 de mucho porque desaparecen los espacios y huecos donde se concentraban actuaciones ilegales. Reforzamos conjuntamente con el Ministerio de Interior la presencia policial. Y dicho esto tiene usted raz\u00f3n. No es suficiente. Para la recuperaci\u00f3n completa del barrio hace falta ese cambio estructural al que usted se refiere que pasa por recuperar los usos residenciales y sacar las oficinas y los clubes que concentran las actuaciones que molestan a los vecinos. Con Montera lo estamos haciendo. Y con toda la zona de Luna lo haremos con insistencia hasta que el barrio vuelva a tener el car\u00e1cter residencial que nunca debi\u00f3 perder.<\/p>\n<p>P.- \u00bfEs cierto que sectores del PP (incluyendo diputados) han expresado su deseo de ir a la manifestaci\u00f2n de Madrid y les ha sido &#8220;impedido&#8221; desde la direcci\u00f2n? Roberto (Bilbao).<\/p>\n<p>R.- De las cuatro manifestaciones o concenteraciones que con motivo del atentado de la T-4 ha habido el Partido Popular apoy\u00f3 tres y no lo hizo con la que pensaba que no se opon\u00eda a mantener un di\u00e1logo pol\u00edtico con ETA. No tengo noticia de ning\u00fan compa\u00f1ero del partido al que se le impidiese asistir.<\/p>\n<p>P.- Se\u00f1or Alcalde, soy firme defensor de los parquimetros en las zonas centricas y neuralgicas de nuestra ciudad, \u00bfpero no cree que ha sido un grave error instalar parquimetros en zonas perifericas, donde no hacen absolutamente ninguna falta, y cuyo unico fin es el meramente recaudatorio? Muchas gracias<\/p>\n<p>R.- Los parqu\u00edmetros en los cascos hist\u00f3ricos no s\u00f3lo no tienen af\u00e1n recaudatorio sino que son deficitarios. Al contrario de los de la almendra central que no generan d\u00e9ficit. La raz\u00f3n de instalarlos por tanto nunca fue recaudatoria sino posibilitar que los vecinos de esos cascos hist\u00f3ricos pudieran tener las mismas facilidades para aparcar delante de sus casas que el resto de los madrile\u00f1os. Me pregunto y le pregunto. \u00bfPor qu\u00e9 tiene que tener mejor derecho un madrile\u00f1o del barrio de Salamanca o de Retiro que uno de Fuencarral o Carabanchel?<\/p>\n<p>P.- Encuentro muy acertada la operaci\u00f3n Madrid calle 30 y me gustar\u00eda saber como va a quedar finalmente el r\u00edo. En concreto si se va a poder utilizar con alg\u00fan tipo de embarcaci\u00f3n, al menos en el tramo m\u00e1s c\u00e9ntrico, para ello ser\u00eda necesario eliminar alguna de las presas que obstaculizar\u00edan su utilizaci\u00f3n para este fin. Creo que estar\u00eda bien no s\u00f3lo poder verlo sino tambi\u00e9n utilizarlo como atractivo tur\u00edstico y deportivo, Gracias<\/p>\n<p>R.- Alguien dijo que el r\u00edo Manzanares s\u00f3lo era navegable a caballo. Y me temo que algo de raz\u00f3n ten\u00eda. El sistema de presas es imprescindible para mantener la regulaci\u00f3n del cauce. No le digo que una barquita en alg\u00fan tramo no fuera posible, pero me temo que el escaso cauce lo har\u00eda muy dif\u00edcil. Eso s\u00ed, aunque no lo naveguemos quedar va a quedar precioso.<\/p>\n<p>P.- \u00bfCree que los candidatos a las elecciones deber\u00edan participar m\u00e1s en debates cara a cara con quienes van a votarles (de estilo similar a como se hace en Francia) para que el electorado tuviese una idea m\u00e1s clara de lo que va a elegir? Gracias.<\/p>\n<p>R.- Creo que los doos tipos de formato son v\u00e1lidos. El debate entre los candidatos, no s\u00f3lo dos sino todos los que tengan representaci\u00f3n parlamentaria (en Madrid IU, PSOE y PP) da mucha informaci\u00f3n a los ciudadanos. Pero me gust\u00f3 y mucho el formato que hace unas semanas uso Sarkozy de un debate abierto a representantes de la sociedad civil. No son incompatibles. Yo estoy dispuesto a hacer los dos tipos cuando empiece la campa\u00f1a electoral.<\/p>\n<p>P.- Otra pregunta, esta es sobre el uso de la bicicleta en Madrid. Ahora nos aplaza usted la soluci\u00f3n para 2016 tarde me lo fiais, no se si para entonces estar\u00e9 criando malvas, ojala no; pero seguro que si no ya ser\u00e9 tan viejecito que en vez de bici tendre que llevar carrito. Le ruego que no se amplien tanto los plazos y podamos circular sin sobresaltos por el centro de Madrid. Muchas gracias.<\/p>\n<p>R.- Antes de cuatro meses va a poder usted circunvalar la ciudad de Madrid entera, por fuera de la M-30, en bicicleta. Vamos a ser la primera ciudad de Europa que tenga un anillo verde ciclista completo. En la siguiente legislatura conectaremos este anillo verde con el centro de la ciudad y habr\u00e1 un eje Norte-Sur a lo largo de todo del Paseo de la Castellana. Algo hemos avanzado ya. \u00bfHa recorrido usted en bicicleta la nueva calle ODonnell?<\/p>\n<p>P.- Buenos d\u00edas. \u00bfQue opina usted de la campa\u00f1a electoral de D. Miguel Sebasti\u00e1n? Gracias.<\/p>\n<p>R.- Yo si hubiese sido \u00e9l hubiese estudiado m\u00e1s en profundidad y preparado mejor las propuestas electorales aunque eso supusiera empezar m\u00e1s tarde. Pero entiendo que para incrementar su nivel de conocimiento ha tenido que empezar muy pronto. En todo caso, hasta ahora he visto un tono respetuoso con los adversarios. Y eso siempre es bueno.<\/p>\n<p>P.- \u00bfQue le parece la situacion actual de Telemadrid?<\/p>\n<p>R.- Que est\u00e1 muy condicionada por la proximidad de la campa\u00f1a electoral.<\/p>\n<p>P.- Despu\u00e9s de los informes tan catastr\u00f3ficos de las \u00faltimas semanas, si es reelegido, \u00bfse comprometer\u00eda a que la ciudad de Madrid reduzca las emisiones de gases de efecto invernadero (en t\u00e9rminos cuantitativos)? \u00bfC\u00f3mo se puede, desde la alcald\u00eda, hacer algo en esta materia? Muchas gracias y un saludo<\/p>\n<p>R.- La medida m\u00e1s importante es reducir el n\u00famero y el tiempo de circulaci\u00f3n de los autom\u00f3viles. Para eso haber construido m\u00e1s de 200 kil\u00f3metros de Metro en doce a\u00f1os, frente a los 14 kil\u00f3metros que hizo el Partido Socialista en los 12 a\u00f1os anteriores, es la medida m\u00e1s eficaz. No hay que quedarse ah\u00ed. Adem\u00e1s de las l\u00edneas de subvenci\u00f3n para modernizar las calefacciones de la ciudad es necesario ir ganando progresivamente espacios para el peat\u00f3n. Y contribuir con el ejemplo. La flota de autobuses de la EMT realiza su renovaci\u00f3n orientada al consumo de energ\u00edas no contaminantes. Y las viviendas deber\u00e1n utilizar la energ\u00eda solar para calentar el agua. Y muchas medidas m\u00e1s.<\/p>\n<p>P.- Buenas tardes. Mi pregunta est\u00e1 relacionada con la inmigraci\u00f3n&#8230;\u00bfpor qu\u00e9 Madrid acoge el mayor n\u00famero de inmigrantes de TODA Espa\u00f1a, mientras otras comunidades les pagan el billete para irse? Por favor, no me conteste que es la capital y que somos los m\u00e1s solidarios<\/p>\n<p>R.- Porque Madrid es la ciudad y la comunidad que m\u00e1s crecimiento econ\u00f3mico tiene de toda Espa\u00f1a y donde l\u00f3gicamente tienen m\u00e1s oportunidades de encontrar trabajo los inmigrantes, pero le animo a que no contemple la inmigraci\u00f3n como un problema sino como una oportunidad. No tendr\u00edamos el nivel de bienstar que tenemos en Madrid y en Espa\u00f1a si no fuera por el trabajo de los inmigrantes. Naturalmente que tenemos quue hacer pol\u00edticas, y las hacemos, para conseguir la integraci\u00f3n de los inmigrantes en nuestra sociedad.<\/p>\n<p>P.- Parece que las relaciones con la presidenta regional Esperanza Aguirre atraviesan una etapa de paz y sosiego. \u00bf se debe a la cercania de la campa\u00f1a electoral?<\/p>\n<p>R.- Yo creo que se debe a que nuestros equipos y nosotros mismos hemos encontrado los espacios propios de trabajo y compartidos entre las dos administraciones que nos cost\u00f3 encontrar al principio de la legislatura. La convivencia de dos administraciones tan fuertes en un territorio tan peque\u00f1o y con unas competencias muchas veces tan indefinidas como somos Ayuntamiento y Comunidad no siempre es f\u00e1cil. Pero nuestra obligaci\u00f3n es al margen de cualquier diferencia trabajar en beneficio de los ciudadanos. Y loestamos haciendo. como intento hacerlo tambi\u00e9n con la Administraci\u00f3n General del Estado al margen de las diferencias pol\u00edticas<\/p>\n<p>P.- \u00bfPiensan modificar el nudo norte que tantos atascos provoca? Es m\u00e1s, cuando se acaben las obras de las torres que se est\u00e1n construyendo en lo que era la Ciudad Deportiva del Real Madrid, habr\u00e1 mucho m\u00e1s tr\u00e1fico por toda la gente que tenga que ir a trabajar a las empresas que se encuentren en estos edificios. \u00bfC\u00f3mo se solucionar\u00e1 este problema?<\/p>\n<p>R.- En muy pocas semanas inauguramos un nuevo t\u00fanel que conecta las cuatro torres y el Paseo de la Castellana con la M-30 a la altura de P\u00edo XII. Esto va a ser una gran soluci\u00f3n para el tr\u00e1fico en el norte de Madrid. Y el Nudo Norte est\u00e1 prevista su total remodelaci\u00f3n dentro de la operaci\u00f3n Chamart\u00edn, que como seguro usted sabe sigue pendiente de un acuerdo con el Ministerio de Fomento. Alcanzamos el acuerdo con el Ministerio de Defensa para la operaci\u00f3n Campamento pero todav\u00eda no lo hemos conseguido con Fomento.<\/p>\n<p>P.- \u00bfNo cree que seria hora de reformar las \u201cbanlieus\u201d que tiene Madrid? (Orcasitas, Simancas\u2026) \u00bfC\u00f3mo arreglara estos barrios, no solo econ\u00f3micamente, sino urbanisticamente? \u00bfser\u00e1 mediante reformas como las que se llevan a cabo en Lavapies o por el contrario adoptara el modelo Londres-Berl\u00edn, tirar abajo los barrios mas degradados y reconstruirlos?<\/p>\n<p>R.- No soy partidario de tirar barrios o manzanas enteras salvo que tengan problemas estructurales de construcci\u00f3n. Hay que sumar las actuaciones p\u00fablicas (colegios, centros de salud, videotecas, centros de mayores, polideportivos, Etc.) con ayudas a los propietarios de los pisos para su rehabilitaci\u00f3n. Un buen polideportivo puede ser m\u00e1s eficaz contra la droga que una comisar\u00eda de polic\u00eda.<\/p>\n<p>P.- \u00bfNo se ha planteado formar un nuevo partido politico uniendose a los menos extremistas del Psoe como Rosa Diez, Paco Vazquez y a los mas centristas de su partido?\u00bfNo cree que el estado actual de la politica lo demanda?\u00bfY que gran parte de esta sociedad no tiene hacia donde mirar politicamente hablando?La verdad podria ser la alternativa politica para que no gobernaran este pais las minorias.<\/p>\n<p>R.- Siempre he pensado que mi papel en pol\u00edtica no era crear un nuevo partido de centro sino conseguir que el Partido Popular fuese un partido profundamente central. Hoy lo es. Y d\u00e9jeme que le diga otra cosa. En pol\u00edtica, como en la vida, los afectos y los sentimientos son tan importantes como los razonamientos. Yo estoy en el PP desde el d\u00eda en que lo fundaron un grupo de personas, entre otras mi propio padre. No descarto de ninguna manera abandonar un d\u00eda la pol\u00edtica, pero mientras siga en pol\u00edtica no podr\u00eda militar en otra formaci\u00f3n que no fuera el Partido Popular.<\/p>\n<p>P.- Hablando con otros madrile\u00f1os (no pocos), se comenta la posibilidad de peatonalizar el Paseo del Prado y poner tranv\u00edas en alguna parte del eje de la Castellana. Peatonalizar, t\u00faneles subterr\u00e1neos y un tranv\u00eda por la superficie, ser\u00edan planteamientos sobre el papel preciosos para una Madrid moderna y ecologista con m\u00e1s espacios verdes y de paseo,&#8230; \u00bfconsidera alguna de estas propuestas inviables?. Yo se las dejo caer por si sale elegido y les parece bien plante\u00e1rselas.<\/p>\n<p>R.- En el proyecto del eje Prado-Recoletos se reduce muy considerablemente los carriles de circulaci\u00f3n de veh\u00edculos para ganar espacio para el peat\u00f3n. En la calle Serrano ampliaremos de forma muy importante las aceras. Hemos peatonalizado Montera y Arenal y seguiremos, como hemos hecho en la calle Fuencarral, ganando espacio para los ciudadanos pero manteniendo la movilidad de la ciudad que es un factor imprescindible para seguir siendo competitivos. El tranv\u00eda esa v\u00e1lido para un espacio singular como puede ser el parque fluvial que ganaremos alrededor del r\u00edo Manzanares cuando quede soterrada la M-No ser\u00eda valido para un eje como la Castellana porque su rigidez le hace ser menos \u00fatil para el transporte p\u00fablico que los autobuses. Lo que s\u00ed tenemos que hacer es conseguir que los autobuses no sean contaminantes. Adem\u00e1s, volver a llenar la ciudad de catenarias para soportar los cambios de tranv\u00eda ser\u00eda un elemento de contaminaci\u00f3n visual.<\/p>\n<p>P.- \u00bfPor qu\u00e9 tiene inter\u00e9s en pasar p\u00e1gina al 11M?<\/p>\n<p>R.- De ninguna de las maneras he tenido inter\u00e9s jam\u00e1s de pasar p\u00e1gina al 11-M. Es la mayor tragedia que ha sufrido nunca la ciudad de Madrid y es mi experiencia personal m\u00e1s dolorosa en cuatro a\u00f1os como alcalde. Lo que digo y seguir\u00e9 diciendo es que en un Estado de Derecho a quien corresponde investigar y juzgar los delitos es al Poder Judicial, al Ministerio Fiscal y a las \u00f3rdenes de ellos, a la polic\u00eda. Esa es la esencia de una democracia<\/p>\n<p>P.- Buenos d\u00edas, soy vecino de San Francisco de Sales, tengo hijos peque\u00f1os y cada vez hay m\u00e1s gente joven con ni\u00f1os en el entorno. Me gustar\u00eda transmitirle que en esta zona no hay suficientes zonas ajardinadas y parques, concretamente, \u00bfPor qu\u00e9 se cambi\u00f3 el parque planificado inicialmente por las instalaciones deportivas en Canal?. Otra cuesti\u00f3n, El tunel de Cuatro Caminos, que ha mejorado el impacto visual del entorno, no ha solucionado el problema del tr\u00e1fico en Reina Victoria y Raimundo Fdez. Villaverde, \u00bfCree que se solucionar\u00eda con alguna actuaci\u00f3n? Por \u00faltimo, \u00bfPor qu\u00e9 no se ha trabajado en la filosof\u00eda de un parking disuasorio en la A-6 y un buen intercambiador (fuera de la ciudad) para mejorar el tr\u00e1fico por el entorno noroeste de Madrid? Gracias y enhorabuena por su gesti\u00f3n estos \u00faltimos a\u00f1os.<\/p>\n<p>R.- El cambio de uso del parque no nos corresponde al Ayuntamiento sino al Canal de Isabel II, que es el propietario del suelo. Le dir\u00e9 que estamos hablando con ellos y que el parque de Santander va a ser ampliado. Tiene usted raz\u00f3n que el t\u00fanel de Cuatro Caminos en sustituci\u00f3n del puente no ten\u00eda como objeto tanto mejorar el tr\u00e1fico como eliminar una brutal contaminaci\u00f3n visual para los vecinos de la zona. La mejor del tr\u00e1fico vendr\u00e1 cuando abramos en muy pocas semanas el nuevo t\u00fanel de Sor Angela de la Cruz hasta la M-Completamente de acuerdo en la construcci\u00f3n de aparcamientos disuasorios. Estamos estudiando la construcci\u00f3n de m\u00e1s de 20 conectados con las nuevas l\u00edneas de Metro o con la red de Cercan\u00edas. Ser\u00e1 una de las propuestas que incluiremos en el programa electoral.<\/p>\n<p>P.- Se\u00f1or alcalde, usted ha manifestado que Alicia Moreno le ha dicho que no quiere ir en la lista del PP de las pr\u00f3ximas elecciones. Entonces, \u00bfpor qu\u00e9 esa obcecaci\u00f3n suya por decir que no descarta contar con ella despu\u00e9s, cuando est\u00e1 despreciando a mucha gente que o bien le vota a su partido o bien le acompa\u00f1a como compa\u00f1eros? Si ella no se identifica con el PP, lo mejor que pod\u00eda hacer es decir que tampoco aceptar\u00eda ning\u00fan cargo con un gobierno de ese partido&#8230; Eso ser\u00eda lo m\u00e1s \u00e9tico&#8230;<\/p>\n<p>R.- No militar en un partido no puede ser obst\u00e1culo para no poder colaborar en las tareas de gobierno. La Ley de Grandes Ciudades nos permite, al igual que al Gobierno de la Naci\u00f3n con los ministros, encargar responsabilidades de gobierno a personas que no hayan ido en la lista electoral y creo que eso es bueno. Adem\u00e1s, si aplicasemos el criterio de que los independientes no afiliados a los partidos no pudieran gestionar el Partido Socialista tendr\u00eda problemas. Recuerde usted que ni Miguel Sebasti\u00e1n ni Pilar Gallego, n\u00fameros uno y dos de las listas del PSOE, son militantes de este partido.<\/p>\n<p>P.- \u00bf Cu\u00e1l es su relaci\u00f3n actual con federico Jim\u00e9nez Losantos? \u00bf Qu\u00e9 deber\u00eda ocurrir para que usted retirase la querella contra el periodista de la COPE?<\/p>\n<p>R.- Antes habl\u00e1bamos de que Espa\u00f1a es un Estado de Derecho. Ya no me corresponde a m\u00ed hablar y opinar sino a los jueces juzgar.<\/p>\n","protected":false},"excerpt":{"rendered":"<p>Tras ser reelegido candidato por el Partido Popular para la alcad\u00eda de Madrid, Alberto Ruiz-Gallard\u00f3n hace balance de la legislatura que ya llega a su final. Adem\u00e1s, charla con los lectores sobre otros asuntos de la actualidad, como las obras de la M-30 o sus relaciones con la presidenta de la Comunidad de Madrid. El alcalde de la capital responde.<\/p>\n","protected":false},"author":1,"featured_media":0,"comment_status":"open","ping_status":"open","sticky":false,"template":"","format":"standard","meta":{"footnotes":""},"categories":[],"tags":[],"class_list":["post-4892","post","type-post","status-publish","format-standard","hentry"],"_links":{"self":[{"href":"https:\/\/intervius.com\/index.html\/wp-json\/wp\/v2\/posts\/4892","targetHints":{"allow":["GET"]}}],"collection":[{"href":"https:\/\/intervius.com\/index.html\/wp-json\/wp\/v2\/posts"}],"about":[{"href":"https:\/\/intervius.com\/index.html\/wp-json\/wp\/v2\/types\/post"}],"author":[{"embeddable":true,"href":"https:\/\/intervius.com\/index.html\/wp-json\/wp\/v2\/users\/1"}],"replies":[{"embeddable":true,"href":"https:\/\/intervius.com\/index.html\/wp-json\/wp\/v2\/comments?post=4892"}],"version-history":[{"count":0,"href":"https:\/\/intervius.com\/index.html\/wp-json\/wp\/v2\/posts\/4892\/revisions"}],"wp:attachment":[{"href":"https:\/\/intervius.com\/index.html\/wp-json\/wp\/v2\/media?parent=4892"}],"wp:term":[{"taxonomy":"category","embeddable":true,"href":"https:\/\/intervius.com\/index.html\/wp-json\/wp\/v2\/categories?post=4892"},{"taxonomy":"post_tag","embeddable":true,"href":"https:\/\/intervius.com\/index.html\/wp-json\/wp\/v2\/tags?post=4892"}],"curies":[{"name":"wp","href":"https:\/\/api.w.org\/{rel}","templated":true}]}}