{"id":4884,"date":"2007-03-08T00:00:00","date_gmt":"2006-11-06T00:00:00","guid":{"rendered":"https:\/\/intervius.com\/index.html\/?p=4884"},"modified":"2006-11-06T00:00:00","modified_gmt":"2006-11-06T00:00:00","slug":"Ines_Sabanes4884","status":"publish","type":"post","link":"https:\/\/intervius.com\/index.html\/Ines_Sabanes4884\/","title":{"rendered":"In\u00e9s Saban\u00e9s"},"content":{"rendered":"<p>Pregunta.- \u00bfQu\u00e9 pretende hacer para que la vivienda sea un derecho y no un lujo?<\/p>\n<p>Respuesta.- El primer cambio: la Ley del Suelo. Garant\u00edas de alquiler en funci\u00f3n de los recursos y de la situaci\u00f3n de cada persona. Primer pacto por la Vivienda.<\/p>\n<p>P.- \u00bfPactar\u00e1 con Simancas por que no le uqeda m\u00e1s remedio o porque realmente le perece un buen presidente? No se escape de esta pregunta. Un saludo<\/p>\n<p>R.- No desconf\u00edes de mis propias posibilidades, pero en todo caso, en su momento hablaremos de gobiernos, pero con proyectos pol\u00edticos en la mano.<\/p>\n<p>P.- Hola, me alegro que finalmente seal la candidata a la CM. y te pregunto: \u00bfC\u00f3mo abordar\u00e1s el problema de la Educaci\u00f3n, referente al fracaso escolar? Otro tema base creo que es la Sanidad, duro tema, me puedes decir algunas de tus propuestas? Gracias, creo que la educaci\u00f3n y la salud son los pilares de la sociedad.<\/p>\n<p>R.- Primera actuaci\u00f3n, un libro blanco de la educaci\u00f3n con el desarrollo de una ley que sit\u00fae la educaci\u00f3n p\u00fablica, su calidad y combatir el fracaso y, por tanto, igualdad de oportunidades en primer t\u00e9rmino. Compromiso de incrementar la inversi\u00f3n en educaci\u00f3n. En cuanto a la sanidad, defensa absoluta del sistema p\u00fablico, incremento de profesionales, de n\u00famero de camas por habitante. Mapa sanitario: para cada 250.000 habitantes hospital de referencia y una red de centros. Evidentemente, son pilares de la sociedad y de nuestra actuaci\u00f3n pol\u00edtica.<\/p>\n<p>P.- Ines, eres mi pol\u00edtica de referencia, gracias a ti pienso que hay pol\u00edticos honestos y que trabajan de forma eficaz. Mi pregunta va encaminada por aqu\u00ed, \u00bfno crees que IU no apuesta por manejar eficazmente las campa\u00f1as de informaci\u00f3n y promoci\u00f3n de programas electorales? Lo cierto es que suelo interesarme por leer las propuestas de algunos partidos para conformar una opini\u00f3n solida pero ceo que IU no contagia a la sociedad de esa gran pol\u00edtica pendiente en Madrid y el resto de Espa\u00f1a. Un abrazo<\/p>\n<p>R.- Reconozco que nos cuesta esfuerzo transmitir de forma clara nuestro proyecto que afecta a la Comunidad de Madrid, pero estoy convencida de que en esta campa\u00f1a convenceremos que hay otro modelo posible, que lo haremos bien y que concretaremos para que puedan valorar bien las diferentes opciones.<\/p>\n<p>P.- \u00bfque pensais hacer con las ett\u00b4s?<\/p>\n<p>R.- Siempre hemos llevado en programa electoral la supresi\u00f3n de las ETT\u00b4s y conf\u00edamos en impulsar planes de empleo y contra la precariedad laboral de forma contundente.<\/p>\n<p>P.- \u00bfCrees que IU podr\u00eda perder su representaci\u00f3n en el Ayuntamiento de la capital? Por los c\u00e1lculos que yo me hago, est\u00e1 en el filo de la navaja&#8230; Gracias.<\/p>\n<p>R.- Los datos que tenemos, tanto en la Comunidad como en el Ayuntamiento, garantizan la presencia en ambas instituciones, pero eso se trabaja d\u00eda a d\u00eda y nosotros lo hacemos y lo haremos.<\/p>\n<p>P.- Cu\u00e1les son vuestros proyectos para mejorar y fomentar el transporte p\u00fablico ?<\/p>\n<p>R.- Es una prioridad. Coordinaci\u00f3n entre Cercan\u00edas, Metro y todas las redes de transporte. Adecuar el horario de Cercan\u00edas al Metro. Abrir el Metro 24 horas en fines de semana. En superficie, plataformas reservadas en toda la red de carreteras para el transporte p\u00fablico. La calidad y la extensi\u00f3n del transporte p\u00fablico ser\u00e1 una prioridad.<\/p>\n<p>P.- Me alegro mucho de tu nombramiento, estaba a punto de abstenerme pero ya no. Pregunta: \u00bfQu\u00e9 propones para atraer el voto joven que aunque coincida su ideolog\u00eda con vosotros, se abstienen porque no les convencen los pol\u00edticos?. Gracias y buena suerte.<\/p>\n<p>R.- Comprometo una pol\u00edtica abierta donde la participaci\u00f3n y el control de la gente sea una realidad. M\u00e1s que desconfiar en la pol\u00edtica, es posible e imprescindible la exigencia de la gente joven hacia la pol\u00edtica y hacia los pol\u00edticos. Yo voy a estar en esa clave. Adem\u00e1s de que tenemos proyectos para los j\u00f3venes en vivienda y en erradicaci\u00f3n de la precariedad muy interesantes.<\/p>\n<p>P.- Buenos d\u00edas, In\u00e9s. \u00bfQu\u00e9 opini\u00f3n le merece la concesi\u00f3n del segundo grado al terrorista Jos\u00e9 Ignacio de Juana?<\/p>\n<p>R.- Decisi\u00f3n controvertida de impacto en la opini\u00f3n p\u00fablica, pero creo imprescindible un pacto contra el terrorismo de todas las fuerzas pol\u00edticas parlamentarias y trabajar rigurosa y serenamente.<\/p>\n<p>P.- Soy discapacitado f\u00edsico y la verdad es que Gallard\u00f3n y Espe me las han hecho pasar canutas, aunque ha sido una inversi\u00f3n de futuro porque se nota un cambio en la accesibilidad muy importante. \u00bfSer\u00e1 uno de los puntos fuerte de su programa el potenciar la accesibilidad del entorno? Un saludo<\/p>\n<p>R.- Uno de los primeros pactos que proponemos es para la integraci\u00f3n social de las personas con discapacidad interviniendo en empleo, en educaci\u00f3n, en prestaciones y en accesibilidad.<\/p>\n<p>P.- \u00bfPondr\u00e1 metro las 24 horas los fines de semana?<\/p>\n<p>R.- S\u00ed. Y adem\u00e1s espero coordinar el servicio de metro con el de Cercan\u00edas. Tambi\u00e9n en sus horarios.<\/p>\n<p>P.- \u00bfNo piensa que la peor ayuda para una mujer es que exista un d\u00eda de la mujer trabajadora? \u00bfno piensa que celebrar este d\u00eda es discriminatorio hacia la mujer?<\/p>\n<p>R.- Todav\u00eda es imprescindible reivindicar. Este d\u00eda es de reivindicaci\u00f3n y mientras exista un 30% de diferencia salarial entre hombres y mujeres y el doble de temporalidad y de precariedad hay que seguir.<\/p>\n<p>P.- Ahora cambiara a Gallardon por Esperanza Aguirre \u00bfquien piensa que es mejor para trabajar junto a el?<\/p>\n<p>R.- Hay que combatir las pol\u00edticas que representan, a mi me da igual Gallard\u00f3n que Esperanza. El modelo de ciudad y el modelo de comunidad y sus servicios p\u00fablicos est\u00e1n en riesgo y hay que cambiarlo radicalmente.<\/p>\n<p>P.- Soy nieta de tu tio Manuel, no nos conocemos pero quer\u00eda preguntarte si crees que los pol\u00edticos hoy en d\u00eda viv\u00eds de acuerdo a vuestros ideales o por el contrario, os veis obligados a representar otros. Gracias. Yolanda<\/p>\n<p>R.- Procuramos vivir de forma coherente y que la pol\u00edtica no te cambie ni dejarse deslumbrar. Yo vivo mucho con los pies en el suelo. Un saludo.<\/p>\n<p>P.- \u00bfCu\u00e1l es la pol\u00edtica pensada respecto al proyecto ol\u00edmpico, y en especial sobre el gasto p\u00fablico que \u00e9ste puede conllevar?<\/p>\n<p>R.- Corregir muchos aspectos del proyecto del 20Elementos fuertes: participaci\u00f3n, aprovechamiento para mejoras ambientales, austeridad y mejorar las infraestructuras deportivas para todos. Y equilibrar los barrios.<\/p>\n<p>P.- Sra. Saban\u00e9s, que piensa usted que en pleno siglo XXI, algunas personas aun apoyen a la dictadura en Cuba y al tirano de Fidel Castro. Mientras cientos de personas se pudren en las carceles de Cuba por pedir la libertad o por su condicion de homosexuales.<\/p>\n<p>R.- Siempre he reivindicado los derechos humanos y los derechos civiles. En la situaci\u00f3n de Cuba, a\u00fan estando muy condicionada por los bloqueos, tambi\u00e9n es exigible la revisi\u00f3n de los derechos.<\/p>\n<p>P.- Apoya Vd el modelo que su partido propone en otras regiones, sobre gravar con 9 euros diarios los pisos desocupados?<\/p>\n<p>R.- Planteamos agencias de alquiler p\u00fablicas potentes que incentiven y penalicen las dos cosas. Si la situaci\u00f3n de algunos pisos representa un coste social inasumible, hay que actuar, en la l\u00ednea de otros pa\u00edses europeos.<\/p>\n<p>P.- \u00bfque opinas de la situaci\u00f3n de Rosa Aguilar? \u00bfCrees que IU podria presentar una mujer a candidata a presidenta del gobierno?<\/p>\n<p>R.- Rosa es un activo incuestionable de nuestra organizaci\u00f3n que en este momento est\u00e1 haciendo la campa\u00f1a por C\u00f3rdoba, pero que por supuesto que una mujer puede ser presidenta del Gobierno.<\/p>\n<p>P.- Buenos \u00edas In\u00e9s: Cres que con la izquierda de Zapatero que son clientes asiduos de los buenos restaurantes, pisos caros y Audis, podemos llegar a alg\u00fan lugar. La izquierda considero que siempre luch\u00f3 contra el poder establecido y hoy apoya sus beneficios, \u00bfQu\u00e9 diferencias encuentras entre como vive un Diputado del PP y uno del PSOE? Saludos Ignacio<\/p>\n<p>R.- Ninguna situaci\u00f3n se puede ni se debe generalizar. No tengo conocimiento del tipo de vida de cada uno de los diputados.<\/p>\n<p>P.- Hola, In\u00e9s. Te voy a votar y eso de entrada dice muchas cosas, sobre todo si a\u00f1adimos que dif\u00edcilmente iba a dar mi confianza a otro candidato de IU. Despu\u00e9s de tu trabajo al frente del grupo en el Ayuntamiento de Madrid, que para los que lo hemos seguido nos ha parecido intachable, \u00bfc\u00f3mo crees que hubiera juzgado la opini\u00f3n p\u00fablica tu postergaci\u00f3n a lugares oscuros en las listas? Mil gracias y un abrazo. Teresa.<\/p>\n<p>R.- Hemos resuelto por acuerdo la situaci\u00f3n de Izquierda Unida y, como sabes, yo jugar\u00e9 un papel relevante y te pido que desde la cr\u00edtica sigas confiando en nosotros.<\/p>\n<p>P.- Resuma en tres l\u00edneas tus prioridades si ganaras las elecciones. Gracias<\/p>\n<p>R.- Lucha contra la precariedad, sanidad p\u00fablica, vivienda accesible y reformas educativas. Adem\u00e1s haremos propuestas sobre la mejora del medio ambiente.<\/p>\n<p>P.- De entrada In\u00e9s, que sepa que tiene mi voto, es una currela de la calle \u00fanica, como debe ser un pol\u00edtico. Se lo pongo dif\u00edcil. Defina en tres palabras a Aguirre y en otras tres a Gallard\u00f3n. Un saludo. Ram\u00f3n<\/p>\n<p>R.- A los dos a la vez. Las prioridades de los grupos de presi\u00f3n frente al inter\u00e9s general.<\/p>\n<p>P.- Estoy pensandome si ir a la manifestacion del sabado o no \u00bfque me aconseja?<\/p>\n<p>R.- Que desde tu propia reflexi\u00f3n tomes una decisi\u00f3n en libertad.<\/p>\n<p>P.- Ante todo felicitarla por su gran labor y trabajo, y el respeto que muestra haciendolo. Tal como est\u00e1 hoy en d\u00eda el panorama pol\u00edtico es usted de lo poco que se salva. Digame, si llega a alcaldesa, \u00bfque infraestructuras esenciales crearia en Madrid?<\/p>\n<p>R.- Supongo que te refieres a la presidencia de la Comunidad. Propongo una red de escuelas infantiles, incrementar la inversi\u00f3n en el resto de infraestructuras educativas y completar los servicios de mayores (centros de d\u00eda y residencias). Una red de aparcamientos disuasorios y de intercambiadores.<\/p>\n<p>P.- Buenos d\u00edas Ines, una pregunta porque I.U. nunca se ha planteado modificar el actual sistema de asignaci\u00f3n de Diputados en las elecciones, como es posible que con mayor votos que el PNV tengan menos esca\u00f1os, esto no es un enga\u00f1o para la democracia?<\/p>\n<p>R.- Nos lo hemos planteado y lo hemos reivindicado de forma continua. En la \u00faltima ocasi\u00f3n, a ninguno de los partidos mayoritarios ni nacionalistas les ha interesado \u00bfpor qu\u00e9 ser\u00e1?<\/p>\n<p>P.- Hola. Que opina de la especulacion salvaje que esta destruyendo el paisaje de toda Espa\u00f1a? Los pueblos de casi todas las regiones, incluida la Comunidad de Madrid, se estan despersonalizando&#8230; Nos estamos convirtiendo en un pais lleno de urbanizaciones&#8230; Como combatirlo ? Gracias.<\/p>\n<p>R.- La liberalizaci\u00f3n del suelo y los agentes urbanizadores han tenido efectos demoledores y parecemos incapaces de contener los muros de cemento y especulaci\u00f3n, pero lo combatir\u00e9 con medidas pol\u00edticas, con preservar el territorio de la Comunidad de la urbanizaci\u00f3n salvaje y con c\u00f3digos \u00e9ticos y pactos anticorrupci\u00f3n de todas las fuerzas.<\/p>\n<p>P.- \u00bfSu relaci\u00f3n con Angel P\u00e9rez es equiparable a la de Esperanza Aguirre y Ru\u00edz-Gallard\u00f3n? Gracias y suerte<\/p>\n<p>R.- Espero que no se convierta en una leyenda. No obstante, tener diferencias pol\u00edticas no es ninguna tragedia y permanecemos en el mismo proyecto pol\u00edtico.<\/p>\n<p>P.- El s\u00e1bado pasado compart\u00ed acera y asfalto contigo en una manifestaci\u00f3n en favor del Centro Social Seco. \u00bfqu\u00e9 opinas de estos centros sociales, marginados, olvidados y constantemente desalojados por los sucesivos dirigentes municipales?<\/p>\n<p>R.- Las ciudades tienen much\u00edsima capacidad para absorver proyectos alternativos a la acci\u00f3n institucional. Eliminar esos proyectos me parece una p\u00e9rdida de riqueza cultural y social.<\/p>\n<p>P.- \u00bfpiensa usted que para desalojar al PP vale todo tal y como propugna el director de comunicacion del Ayto. de Rivas que propone sanciones para los militantes del pp y broncas publicas para sus votantes?<\/p>\n<p>R.- En pol\u00edtica nunca vale todo. Y eso vale para todos, incluidos los del PP. No tengo conocimiento de la cuesti\u00f3n puntual que denuncia.<\/p>\n<p>P.- Se\u00f1ora Saban\u00e9s, \u00bfcu\u00e1l es, a su juicio, el tal\u00f3n de Aquiles de Alberto Ruiz-Gallard\u00f3n, electoralmente hablando? O sea, que c\u00f3mo podr\u00eda ganarle la izquierda&#8230;<\/p>\n<p>R.- Con much\u00edsimo trabajo, rigor y algo de humildad que contrasten con su prepotencia y su trabajo alejado de la gente.<\/p>\n<p>P.- Hoy, en el d\u00eda de la Mujer (y adem\u00e1s, trabajadora), me gustar\u00eda que me contestase si cree que desde la Comunidad se puede hacer algo para conciliar la vida laboral-familiar para mejorar a\u00fan m\u00e1s las medidas que est\u00e1n por aprobarse desde el gobierno y si habr\u00eda alguna medida m\u00e1s para apoyo y fomento a la maternidad. Espero que le vaya bien. GRACIAS.<\/p>\n<p>R.- Aplicar\u00e9 a toda la Administraci\u00f3n y tambi\u00e9n a las empresas los planes de conciliaci\u00f3n. M\u00e1s prestaciones, flexibilidad horaria, reordenaci\u00f3n del tiempo. No puede ser que seamos excepcionales en los tiempos de trabajo en el marco europeo y en la debilidad de las prestaciones complementarias (escuelas infantiles, ayudas a la maternidad, ludotecas, canguros&#8230;)<\/p>\n<p>P.- Que me dice del peaje para entrar a Madrid? Y los parquimetros?<\/p>\n<p>R.- Si te refieres al peaje del centro, estamos en contra. Hay que empezar por planes integrales de movilidad y mejora del transporte p\u00fablico. Si te refieres a las radiales de peaje, siempre las defendimos como p\u00fablicas. Los parqu\u00edmetros s\u00f3lo en el centro de la ciudad y nunca como un elemento recaudatorio, como las \u00faltimas ampliaciones de Ruiz Gallard\u00f3n.<\/p>\n<p>P.- Buenos dias Ines: \u00bfCuando ser\u00e1n los libros gratuitos en nuestra comunidad?, \u00bfBusca IU otras formulas para que la ense\u00f1anza religiosa se d\u00e9 fuera de las escuelas publicas?. Felicidades y gracias.<\/p>\n<p>R.- Propugna la gratuitad tanto de los libros como la laicidad y, por tanto, la ense\u00f1anza religiosa fuera del horario escolar.<\/p>\n<p>P.- Tengo 25 a\u00f1os, estoy incrista en la lista unica de participantes de la Oficina de Vivienda para optar a un piso de protecci\u00f3n oficial, pero cada d\u00eda hay m\u00e1s inscritos y cada vez menos casas. Cuales son sus propuestas al respecto? Sea concreta. Gracias<\/p>\n<p>R.- 5.000 viviendas de alquiler al a\u00f1o, oficina potente de alquiler p\u00fablico, cobertura total de la demanda. Se puede hacer. Hay 300.000 pisos vac\u00edos en la Comunidad. Mucha capacidad para rehabilitaci\u00f3n y todav\u00eda suelo para poder hacer viviendas de alquiler.<\/p>\n<p>P.- Enhorabuena por su designaci\u00f3n final como candidata a la comunidad de Madrid. \u00bfTiene usted respuesta de porqu\u00e9 los pol\u00edticos que m\u00e1s se preocupan por los problemas de los ciudadanos son tan mal vistos en sus respectivos partidos? Gracias, enhorabuena y suerte.<\/p>\n<p>R.- Estoy convencida que los partidos pol\u00edticos tenemos que introducir compromisos que nos acerquen m\u00e1s a la gente y nos comprometan en democracia participativa. En general, compartimos el di\u00e1gnostico, pero tenemos conflictos en la aplicaci\u00f3n.<\/p>\n<p>P.- Dada la increible manipulaci\u00f3n diaria de la informaci\u00f3n que se hace en Telemadrid, cree posible una victoria de la izquierda en la Comunidad? Recuperar\u00edan una TV p\u00fablica madrile\u00f1a decente?<\/p>\n<p>R.- Como actuaci\u00f3n inmediata, comprometo la pluralidad en Telemadrid con derecho a acceso de colectivos sociales para convertirla en la televisi\u00f3n de todos los madrile\u00f1os y madrile\u00f1as. Ninguna concesi\u00f3n a la manipulaci\u00f3n.<\/p>\n<p>P.- Los que tenemos en torno a los 40 nos acordamos perfectamente de lo que &#8220;hicieron&#8221; ustedes los de la izquierda y la cultura con el centro de Madrid. \u00bfVan a volver a intentarlo?, me refiero a lo de &#8220;devover Madrid a los madrile\u00f1os&#8221;, &#8220;una ciudad para vivir&#8221; &#8220;una ciudad alegre y dinamica&#8221; y eso que sueklen decir ustedes<\/p>\n<p>R.- El Partido Popular lleva gobernando el Ayto de Madrid 18 a\u00f1os. Y para valorar el estado del centro de Madrid hay que seguirlo y verlo todos los d\u00edas. Nuestro proyecto para el centro es de rehabilitaci\u00f3n y mejora y de no cargarse los cines de Gran V\u00eda, por ejemplo.<\/p>\n<p>P.- Hola In\u00e9s. \u00bfCrees que la mayor\u00eda de los madrile\u00f1os est\u00e1n contentos con el actual gobierno?<\/p>\n<p>R.- Supongo que te refieres al gobierno municipal. Estoy convencida de que no est\u00e1n contentos. Que se lo pregunten, por ejemplo, a los de Legazpi.<\/p>\n<p>P.- Cree usted que se puede dar un caso similar al que ocurrio con los dos transfugas del psoe en la comunidad<\/p>\n<p>R.- Aunque ha habido un sorprendente silencio en la investigaci\u00f3n de los hechos de la Comunidad, aqu\u00ed no ha operado ni el periodismo de investigaci\u00f3n ni la actuaci\u00f3n de la Justicia, conf\u00edo en que nunca se vuelvan a producir hechos de esas caracter\u00edsticas.<\/p>\n<p>P.- \u00bfConsideras necesaria y\/o conveniente una Asamblea Extraordinaria en IU antes de que acabe el a\u00f1o?<\/p>\n<p>R.- Es cercano el plazo de la Asamblea ordinaria. Haremos todos los debates y analisis necesarios.<\/p>\n","protected":false},"excerpt":{"rendered":"<p>Despu\u00e9s del torbellino interno en IU-Madrid, finalmente ser\u00e1 In\u00e9s Saban\u00e9s quien encabece la candidatura del partido a la Comunidad de Madrid. La ex portavoz municipal de Izquierda Unida charlar\u00e1 con los lectores sobre la situaci\u00f3n en el partido, la futura campa\u00f1a y sus propuestas para la regi\u00f3n.<\/p>\n","protected":false},"author":1,"featured_media":0,"comment_status":"open","ping_status":"open","sticky":false,"template":"","format":"standard","meta":{"footnotes":""},"categories":[],"tags":[],"class_list":["post-4884","post","type-post","status-publish","format-standard","hentry"],"_links":{"self":[{"href":"https:\/\/intervius.com\/index.html\/wp-json\/wp\/v2\/posts\/4884","targetHints":{"allow":["GET"]}}],"collection":[{"href":"https:\/\/intervius.com\/index.html\/wp-json\/wp\/v2\/posts"}],"about":[{"href":"https:\/\/intervius.com\/index.html\/wp-json\/wp\/v2\/types\/post"}],"author":[{"embeddable":true,"href":"https:\/\/intervius.com\/index.html\/wp-json\/wp\/v2\/users\/1"}],"replies":[{"embeddable":true,"href":"https:\/\/intervius.com\/index.html\/wp-json\/wp\/v2\/comments?post=4884"}],"version-history":[{"count":0,"href":"https:\/\/intervius.com\/index.html\/wp-json\/wp\/v2\/posts\/4884\/revisions"}],"wp:attachment":[{"href":"https:\/\/intervius.com\/index.html\/wp-json\/wp\/v2\/media?parent=4884"}],"wp:term":[{"taxonomy":"category","embeddable":true,"href":"https:\/\/intervius.com\/index.html\/wp-json\/wp\/v2\/categories?post=4884"},{"taxonomy":"post_tag","embeddable":true,"href":"https:\/\/intervius.com\/index.html\/wp-json\/wp\/v2\/tags?post=4884"}],"curies":[{"name":"wp","href":"https:\/\/api.w.org\/{rel}","templated":true}]}}