{"id":488,"date":"2006-02-08T00:00:00","date_gmt":"2006-11-06T00:00:00","guid":{"rendered":"https:\/\/intervius.com\/index.html\/?p=488"},"modified":"2006-11-06T00:00:00","modified_gmt":"2006-11-06T00:00:00","slug":"Carmen_Calvo488","status":"publish","type":"post","link":"https:\/\/intervius.com\/index.html\/Carmen_Calvo488\/","title":{"rendered":"Carmen Calvo"},"content":{"rendered":"<p>Pregunta.- Hola se\u00f1ora Ministra, soy un ciudadano que encuentra much\u00edsimas dificultades a la hora de hacer un cortometraje, \u00bfA qui\u00e9n deber\u00eda dirigirme un chico como yo (bastante humilde) para conseguir un poco de apoyo? \u00bfSeguir\u00e1 usted apoyando el certamen de creaci\u00f3n audiovisual de Cabra? Much\u00edsimas gracias y un abrazo de un chico que se siente muy orgulloso de que usted sea de Cabra y Ministra.<\/p>\n<p>Respuesta.- Te aconsejo que te dirijas al ICAA porque hemos mejorado la l\u00ednea de apoyo a los cortometrajes y ampliado fondos para ayudar. Quienes me conoc\u00e9is un poco sab\u00e9is que cualquier propuesta, por modesta que parezca, pero sobre todo valiente y alternativa (como arrancamos el certamen de nuestro pueblo) no s\u00f3lo me interesa, sino tambi\u00e9n el apoyo que yo pueda dar. Te deseo mucha suerte y cuando me veas por Cabra me dices qui\u00e9n eres. <\/p>\n<p>P.- Ministra, \u00bfcu\u00e1ndo van a conceder a Bruce Springsteen el premio Pr\u00edncipe de Asturias de las Artes? Un saludo desde Cartagena<\/p>\n<p>R.- Si por m\u00ed fuera, ma\u00f1ana. <\/p>\n<p>P.- Estimada Carmen Calvo. Respecto a los papeles de Salamanca \u00bfpodr\u00eda haber fondos pertenecientes al Consejo de Asturias y Le\u00f3n, proclamado en agosto del 37 y que habr\u00edan acabado en Catalu\u00f1a en un intento de salvarlos de la quema franquista tras la ca\u00edda del Frente Norte? \u00bfSer\u00eda el caso de los papeles de refugiados leoneses y asturianos que fueron huyendo hacia Catalu\u00f1a? Un saludo. Xandru. LLi\u00f3n<\/p>\n<p>R.- Los documentos que se han devuelto son de una instituci\u00f3n que existi\u00f3 antes de la Guerra Civil, la Generalitat. Todo lo que ocurre con posterioridad es el caos propio de una guerra y hay documentos de la guerra en 17 archivos espa\u00f1oles de todos los territorios espa\u00f1oles, no s\u00f3lo en Salamanca. La ley permite que todos los documentos privados que fueron robados en medio de la tragedia de la guerra puedan ser pedidos, y demostrada su titularidad por los ciudadanos a los que les ser\u00e1n devueltos. <\/p>\n<p>P.- \u00bfC\u00f3mo se plantea el Ministerio la aparici\u00f3n de movimientos alternativos al sistema tradicional de propiedad intelectual? \u00bfSe ha contactado, por ejemplo, con responsables de Creative Commons o la Free Software Foundation como han hecho otras administraciones locales?<\/p>\n<p>R.- Hemos contactado pr\u00e1cticamente con todo el mundo, aunque no lo hayamos cubierto a la perfecci\u00f3n. Estuvimos incluso con ellos (Free Software) en SIMO este a\u00f1o. En cualquier caso, el borrador sobre el que estamos trabajando est\u00e1 abierto hasta que llegue el momento de su tramitaci\u00f3n en las Cortes Generales. <\/p>\n<p>P.- A prop\u00f3sito de la publicidad del MC &#8220;defiende tu cultura&#8221;, se me plantean varias preguntas, en primer lugar, para una ministra de cultura, \u00bfqu\u00e9 es la cultura? Y por otro lado, y siendo quiz\u00e1s la misma pregunta, en el anuncio, &#8220;tu cultura&#8221;, \u00bfa qu\u00e9 se refiere? \u00bfa las industrias culturales (productoras de cine, discogr\u00e1ficas&#8230;) o al &#8220;conjunto de conocimientos&#8221; (DRAE) que tiene cada persona?<\/p>\n<p>R.- La cultura es todo aquello que nos libera, nos permite crecer y expresar la visi\u00f3n del mundo que cada uno tenemos. Hoy en d\u00eda cuando se habla de cultura se habla de creaci\u00f3n y de industria, una cosa sin la otra ya no existe. <\/p>\n<p>P.- \u00bfQu\u00e9 bandas de rock son sus favoritas?<\/p>\n<p>R.- Fundamentalmente, aquellas que crearon el olimpo del rock en los a\u00f1os 50 y 60 y que obviamente son muchas extranjeras y a partir de los 70 casi todos los rockeros que deciden cantar en castellano, y ah\u00ed est\u00e1n todos los espa\u00f1oles. Me comprender\u00e1 que no cite a nadie, pero sigo a los latinoamericanos y espa\u00f1oles. Por la edad que tengo, estoy en ese mundo de admiraci\u00f3n a todos ellos. <\/p>\n<p>P.- Gracias por haber hecho justicia con los papeles de la dignidad. \u00bfEs tan caro crear una compa\u00f1\u00eda nacional de ballet cl\u00e1sico como pide Tamara Rojo? Escribo desde Valencia (aqu\u00ed la cultura es perseguida por el Gobierno auton\u00f3mico) \u00bfSe pueden obtener subenciones del Ministerio de Cultura sin tener que pasar por la Consellereria de Cultura de la Generalitat Valenciana para fomentar la cultura cr\u00edtica? La actitud del PP valenciano es la misma que la de Fraga ante los premios Max. <\/p>\n<p>R.- Naturalmente, las subvenciones no tienen nada que ver con los territorios ni las CCAA. Te animo a que lo hagas, se accede a ellas por proyectos. El nacimiento de cualquier instituci\u00f3n, evidentemente, es caro y Espa\u00f1a tiene un ballet Nacional para proteger el patrimonio hist\u00f3rico que tiene. En cualquier caso, estamos trabajando en fomentar m\u00e1s el gusto por la danza, que se programe m\u00e1s en todos los teatros p\u00fablicos, lo cual nos permitit\u00e1 en alg\u00fan momento tener un Ballet Cl\u00e1sico Nacional. <\/p>\n<p>P.- De unos a\u00f1os a esta parte, han surgido en muchas ciudades espa\u00f1olas nuevos musesos de arte contempor\u00e1neo realmente espectaculares. \u00bfCu\u00e1l es el que m\u00e1s le gusta tanto por su arquitectura como por su contenido? muchas gracias<\/p>\n<p>R.- Le voy a contestar con el coraz\u00f3n y as\u00ed me podr\u00e1 comprender todo el mundo: el museo Picasso de M\u00e1laga. <\/p>\n<p>P.- \u00bfQu\u00e9 opini\u00f3n le merece que el director titular de la Orquesta Nacional de Espa\u00f1a tenga un sueldo cinco veces mayor que el Presidente del Gobierno? \u00bfY el hecho de que cada vez menos gente vaya a escuchar a dicha Orquesta debido a la programaci\u00f3n de su director? Muchas gracias.<\/p>\n<p>R.- En este pa\u00eds hay much\u00edsimos sueldos que son el doble y el triple que el del presidente y dem\u00e1s ministros. Si tuviera que pararme a pensar en eso cada d\u00eda&#8230; Creo, por conocimiento profundo, que Josep Pons es una de las mejores batutas de este pa\u00eds y hemos conseguido en esta legislatura resolver algunos de los problemas fundamentales de la Orquesta Nacional.<\/p>\n<p>P.- \u00bfCual ser\u00e1 la apuesta del gobierno para optar a la Capitalidad Cultural de Europa en 2016?<\/p>\n<p>R.- El gobierno no tendr\u00e1 que elegir, elige un comit\u00e9 de 7 expertos y se elige centralmente en Bruselas. Espa\u00f1a lo \u00fanico que ha elegido ha sido compartirlo con Polonia, por lo dem\u00e1s los proyectos espa\u00f1oles competir\u00e1n. <\/p>\n<p>P.- Querida Ministra, adem\u00e1s de parecerme una mujer guap\u00edsima, quer\u00eda preguntarle si su Ministerio tiene alg\u00fan proyecto para ampliaci\u00f3n del Museo Arqueol\u00f3gico Nacional que, como usted sabe, est\u00e1 muy saturado en la ocupaci\u00f3n de su espacio. Muchas gracias y enhorabuena por la labor que est\u00e1 llevando a cabo.<\/p>\n<p>R.- Cada d\u00eda me deterioro con este oficio que tengo porque trabajo mucho, pero gracias. Es verdad, estamos a punto de iniciar obras en el Arqueol\u00f3gico Nacional que verdaderamente es la instituci\u00f3n de estado m\u00e1s obsoleta que tenemos en la capital. Vamos a ejecutar un proyecto de casi 36 millones de euros que nos va a permitir sobre todo m\u00e1s actividades, ense\u00f1ar mejor los fondos inmensos que tiene el Arqueol\u00f3gico y facilitar el confort en la visita de los ciudadanos. <\/p>\n<p>P.- Se\u00f1ora Ministra, \u00bfno cree que podr\u00eda ser \u00fatil establecer un impuesto sobre taquilla, siguiendo el modelo franc\u00e9s, cuyos ingresos sirvieran de fondo de protecci\u00f3n a la cinematograf\u00eda y que, en su mayor parte, lo pagar\u00edan las superproducciones americanas? \u00bfqu\u00e9 piensa que habr\u00eda que hacer para consoliderar una industri cinematogr\u00e1fica independiente de la &#8220;subvenci\u00f3n&#8221; y la &#8220;ayuda&#8221;? Gracias.<\/p>\n<p>R.- No creo que haga falta ni sea justo que no haya dinero p\u00fablico en el cine, igual que hay en los museos y en los archivos. Para dar estabilidad y amplitud a la industria cinematogr\u00e1fica espa\u00f1ola, hemos dado ya muchos pasos y otros que seguiremos dando que permitan sostener los buenos resultados de este a\u00f1o 2005. (1.700.00 espectadores m\u00e1s para el cine espa\u00f1ol que el a\u00f1o anterior y 14 millones de euros m\u00e1s s\u00f3lo en taquilla). <\/p>\n<p>P.- \u00bfHabr\u00e1 ley de precio fijo del libro? Por favor, responda SI o NO&#8230;.no nos maree m\u00e1s. Firmado: un librero obligado a cerrar su libreria. <\/p>\n<p>R.- Es que ya la hay y este gobierno la seguir\u00e1 respetando. Y no es precio fijo, sino \u00fanico, porque los precios cambian. <\/p>\n<p>P.- Buenos d\u00edas, \u00bfqu\u00e9 le parece la nueva ordenanza de Barcelona en la que, entre otras cosas, est\u00e1 prohibido hacer malabares en la calle? \u00bfEst\u00e1 a favor de prohibir el Arte en la calle?<\/p>\n<p>R.- No quiero incurrir en las competencias municipales, pero desde luego el arte en la calle es una cosa de las m\u00e1s agradables de la vida y me produce mucha alegr\u00eda escuchar a los m\u00fasicos callejeros y artistas, y si puedo siempre me paro por respeto y admiraci\u00f3n.<\/p>\n<p>P.- Ante este a\u00f1o tan juanramoniano, \u00bfqu\u00e9 actos prev\u00e9 el Ministerio para celebrar la efem\u00e9rides? \u00bfCree que debe jugar un papel destacado en las celebraciones la ciudad onubense de Moguer (lugar donde naci\u00f3 el poeta)?<\/p>\n<p>R.- Muchos, pero el m\u00e1s importante es informatizar los documentos que est\u00e1n fuera de Espa\u00f1a, en Puerto Rico, de manera que no perdamos ni un solo documento que nos permita disfrutar de la inmensidad de su trabajo, de los contactos que tuvo, de las trascendencia en la cultura espa\u00f1ola, que creo que es lo m\u00e1s s\u00f3lido que se puede hacer adem\u00e1s de congresos e informaciones aceca de un personaje tan importante y capital como es Juan Ram\u00f3n. <\/p>\n<p>P.- \u00bfCu\u00e1les fueron los principales motivos por los que se separ\u00f3 el antiguo Ministerio de Educaci\u00f3n y Cultura en dos?<\/p>\n<p>R.- Por la importancia que tiene la gesti\u00f3n y la pol\u00edtica cultural para un gobierno socialista. Siempre que ha habido gobiernos socialistas ha habido Ministerios de Cultura. <\/p>\n<p>P.- Sra. Ministra, en este a\u00f1o del aniversario del nacimiento de Mozart, \u00bfcree que en nuestro pa\u00eds la m\u00fasica es un arte &#8220;de segunda fila&#8221;? \u00bfPor qu\u00e9 no equiparar la carrera de m\u00fasica (de, m\u00ednimo, catorce a\u00f1os de duraci\u00f3n) con las licenciaturas universitarias? <\/p>\n<p>R.- No creo que sea un arte de segunda fila en Espa\u00f1a ni mucho menos y las estad\u00edsticas de compra de m\u00fasica y asistencia a conciertos son verdaderamente buenas, compar\u00e1ndonos con el panorama europeo. Le dir\u00e9 que estamos por encima de la media alta en asistencia a conciertos de musica cl\u00e1sica, y en lo que afecta a las titulaciones, no es de mi competencia sino del Ministerio de Educaci\u00f3n, pero comprender\u00e1 que yo apuesto por una mejor formaci\u00f3n art\u00edstica en los ni\u00f1os, ah\u00ed est\u00e1 una parte importante del futuro. <\/p>\n<p>P.- \u00bfQu\u00e9 opina de las informaciones que apuntan que dejar\u00e1 el gobierno cuando pase el revuelo del estatuto catal\u00e1n? Un saludo y me gustar\u00eda decirle que le apoyo porque parece que es usted el miembro del Gobierno que m\u00e1s claras tiene sus ideas dentro de su departamento.<\/p>\n<p>R.- No vivo de rumores, vivo de sacar adelante mi trabajo cada d\u00eda. Todos los que estamos en un cargo sabemos que llegamos y nos vamos cuando quien lo puede decidir lo decida. Le agradezco el comentario porque s\u00ed que creo que los pol\u00edticos debemos ser sinceros para que la gente nos vea. <\/p>\n<p>P.- \u00bfCree que el asunto del Archivo le har\u00e1 perder votos en las pr\u00f3ximas elecciones al PSOE?<\/p>\n<p>R.- M\u00e1s bien lo contrario. Creo que la inmensa mayor\u00eda de los espa\u00f1oles no han entendido por qu\u00e9 el traslado de los documentos que le fueron robados a una instituci\u00f3n democr\u00e1tica le ha permitido a algunos pol\u00edticos decir tantas cosas exageradas e incomprensibles para el sentido com\u00fan. <\/p>\n<p>P.- Como rockera que usted siempre ha dicho ser, estar\u00e1 enterada de la situaci\u00f3n de discriminaci\u00f3n que sufre la m\u00fasica rock en este pa\u00eds, donde los m\u00fasicos no pueden vivir de su trabajo y los medios de comunicaci\u00f3n fomentan la m\u00fasica pop y la m\u00fasica de deshecho m\u00e1s lamentable como operaci\u00f3n triunfo. Me gustar\u00eda saber qu\u00e9 medidas va a tomar para ayudar a los m\u00fasicos de rock y fomentar la cultura rockera a todos los niveles, desde locales de ensayo hasta festivales <\/p>\n<p>R.- La primera y principal es proteger los derechos de los creadores, que es donde est\u00e1 el origen de una parte importante de la pirater\u00eda; los que consiguen grabar un disco se pueden ver sometidos a que se les robe su trabajo. De esta manera, podremos fortalecer el sector industrial, que es el que permite que los creadores pueden grabar. Desde luego, coincido con usted en que no se puede promocionar en los medios como m\u00fasica lo que ni crea nada nuevo ni arriesga nada nuevo. En ese sentido, es verdad que el espacio del mercado siempre tiende a lo f\u00e1cil y que el mundo del rock en general siempre ha estado innovando. <\/p>\n<p>P.- \u00bfQu\u00e9 opina de que la SGAE cobre 518 euros de derechos de autor a una obra teatral ben\u00e9fica interpretada por disminuidos ps\u00edquicos?<\/p>\n<p>R.- La SGAE es un sociedad de gesti\u00f3n que tiene encargados el cobro de los derechos de autor y es una situaci\u00f3n perfectamente legal y normal. Otra cosa es que pueda eximir de hacerlo en aquellos casos en que quiera hacer un gesto de colaboraci\u00f3n y en este caso no lo haya hecho. <\/p>\n<p>P.- \u00bfQu\u00e9 le dice a los miles de salmantinos que se echaron a la calle para tratar de impedir la salida de los legajos del Archivo de la Guerra Civil a Barcelona?<\/p>\n<p>R.- Que respeto todo tipo de discrepancias cuando se hace desde la normalidad democr\u00e1tica, como ha ocurrido. Como respeto a todos los miles de catalanes que sintieron robados sus documentos. <\/p>\n<p>P.- Buenos d\u00edas ministra. \u00bfNo le parece que estamos viviendo una \u00e9poca dorada en la historia de la humanidad, donde pr\u00e1cticamente cualquier ciudadano con acceso a internet tiene un acceso ilimitado a la cultura? \u00bfNo deber\u00edan de pagar un c\u00e1non las operadoras tel\u00e9fonicas y no los usuarios? Porque \u00bfde que sirve ADSL de 20mb si no es para descargar ficheros? \u00a1Saludos!<\/p>\n<p>R.- Considero que la cultura en los nuevos soportes tecnol\u00f3gicos debe ser lo m\u00e1s barata posible para que de verdad sea un bien p\u00fablico al que se pueda acceder, pero si queremos que exista la creaci\u00f3n debemos entender que hay que pagarles su trabajo. <\/p>\n<p>P.- Me gustar\u00eda saber por qu\u00e9 est\u00e1n expuestos lo famosos papeles de Salamanca por parte de la Generalitat, si una de las razones que m\u00e1s veces he o\u00eddo para pedir su traslado era que son cartas privadas y que ir\u00edan a su legitimos due\u00f1os. <\/p>\n<p>R.- No, es que los que ha expuesto la Generalitat son los documentos oficiales de la Generalitat. <\/p>\n<p>P.- Hola paisana. A los j\u00f3venes (pobres) tambi\u00e9n nos gusta el teatro y la \u00f3pera, entre otras cosas, pero no lo podemos costear. \u00bfNo cree usted que deber\u00edan ayudarnos de alguna forma a acceder a ello? Por cierto Se\u00f1ora Ministra, iba usted muy guapa en la gala de los Goya. Ol\u00e9 por usted y el cine espa\u00f1ol. Un cordob\u00e9s de Madrid.<\/p>\n<p>R.- Querido paisano, ac\u00e9rcate al Teatro Real que hemos hecho un esfuerzo para poner las entradas de \u00f3pera m\u00e1s baratas para los menores de 35 a\u00f1os, y de eso se trata, de captar nuevos p\u00fablicos que sostengan el gusto por las actividades que se consideran cl\u00e1sicas en la vida cultural como el teatro y la opera. Gracias por tu comentario, la verdad es que yo me encontraba c\u00f3moda en ese traje. <\/p>\n<p>P.- La derecha pone a Zapatero de inculto, pero a mi de da la impresi\u00f3n contraria. \u00bfEst\u00e1 usted de acuerdo?<\/p>\n<p>R.- Totalmente. Es un hombre de convicciones y de principios morales cuando piensa y act\u00faa, y sobre todo, y para que lo sepas, es un hombre que cree profundamente enla paz y en que todo lo humano tiene que acabar resolvi\u00e9ndose con respeto y paciencia. <\/p>\n<p>P.- Estimada Ministra, \u00bfno ser\u00eda hora de que se considerara a la investigaci\u00f3n cient\u00edfica como parte de la cultura y, en consecuencia, se le diera una cobertura presupuestaria acorde con su importancia para el desarrollo cultural de nuestro pa\u00eds? Muchas gracias.<\/p>\n<p>R.- Estoy de acuerdo en que la investigaci\u00f3n y su aplicacion, lo que llamamos tecnolog\u00eda es gran reto para nuestro pa\u00eds, en el que estamos como gobierno, especialmente los ministerios afectados, Industria y Educaci\u00f3n. Pero tambi\u00e9n pienso que la ciencia hay que divulgarla culturalmente, no le pertenece a las \u00e9lites de los investigadores s\u00f3lo. Por ello, el Ministerio de Cultura se encarga de hacer exposiciones, como la de la residencia de estudiantes de Severo Ochoa. Y ya preparamos la celebraci\u00f3n del 100 aniversaro del Nobel a Ram\u00f3n y Cajal, y estoy de acuerdo en que ciencia y cultura no son tan distintas y sobre todo no est\u00e1n enfrentadas. <\/p>\n<p>P.- Los guionistas de cine y television no recibimos en este momento ingresos por derechos de autor en el caso de ventas de DVD. Por lo cual nos da lo mismo que se vendan en &#8220;El Corte Ingles&#8221; o en el Top Manta. Si buscan el apoyo de nuestro sector en en la pol\u00edtica de anti pirater\u00eda deberian cambiar la ley. \u00bfTienen pensado cambiar la ley en este aspecto? Gracias. <\/p>\n<p>R.- Efectivamate estamos trabajando en una modificaci\u00f3n de la ley de propiedad intelectual, me he entrevistado con quienes representan los intereses de los guionistas y en el marco de la legislaci\u00f3n europea y espa\u00f1ola porcuraremos extender lo m\u00e1s posible la protecci\u00f3n a los creadores. <\/p>\n<p>P.- \u00bfApuesta por una pol\u00edtica cultural que ensalce una visi\u00f3n homog\u00e9nea de Espa\u00f1a o cree en un modelo que reserve un espacio para la riqueza de la diversidad de sus regiones? \u00bfUna visi\u00f3n monol\u00edtica y algo arcaica o m\u00e1s bien plural y con matices?<\/p>\n<p>R.- Conviene que toda pol\u00edtica SE ajuste a LA REALIDAD. La realidad de este pa\u00eds es de diversidad cultural. Tanto a lo largo de nuestra historia como en el presente. Por lo tanto no es posible un dirigismo cultural que impida la libre expresi\u00f3n de esa pluralidad. La mejor politica cultural es la de ofrecer instrumentos para que la libertad se exprese.<\/p>\n","protected":false},"excerpt":{"rendered":"<p>El traslado a Barcelona de parte del Archivo de la Guerra Civil de Salamanca ha provocado un amplio debate pol\u00edtico entre el Gobierno y la oposici\u00f3n, contraria a esta medida. La Ministra de Cultura, Carmen Calvo, ha charlado con los lectores sobre este tema, adem\u00e1s de realizar un repaso de su gesti\u00f3n al frente del Ministerio y sus planes futuros. (FOTO: Uly Mart\u00edn)<\/p>\n","protected":false},"author":1,"featured_media":0,"comment_status":"open","ping_status":"open","sticky":false,"template":"","format":"standard","meta":{"footnotes":""},"categories":[],"tags":[],"class_list":["post-488","post","type-post","status-publish","format-standard","hentry"],"_links":{"self":[{"href":"https:\/\/intervius.com\/index.html\/wp-json\/wp\/v2\/posts\/488","targetHints":{"allow":["GET"]}}],"collection":[{"href":"https:\/\/intervius.com\/index.html\/wp-json\/wp\/v2\/posts"}],"about":[{"href":"https:\/\/intervius.com\/index.html\/wp-json\/wp\/v2\/types\/post"}],"author":[{"embeddable":true,"href":"https:\/\/intervius.com\/index.html\/wp-json\/wp\/v2\/users\/1"}],"replies":[{"embeddable":true,"href":"https:\/\/intervius.com\/index.html\/wp-json\/wp\/v2\/comments?post=488"}],"version-history":[{"count":0,"href":"https:\/\/intervius.com\/index.html\/wp-json\/wp\/v2\/posts\/488\/revisions"}],"wp:attachment":[{"href":"https:\/\/intervius.com\/index.html\/wp-json\/wp\/v2\/media?parent=488"}],"wp:term":[{"taxonomy":"category","embeddable":true,"href":"https:\/\/intervius.com\/index.html\/wp-json\/wp\/v2\/categories?post=488"},{"taxonomy":"post_tag","embeddable":true,"href":"https:\/\/intervius.com\/index.html\/wp-json\/wp\/v2\/tags?post=488"}],"curies":[{"name":"wp","href":"https:\/\/api.w.org\/{rel}","templated":true}]}}