{"id":4871,"date":"2007-03-20T00:00:00","date_gmt":"2006-11-06T00:00:00","guid":{"rendered":"https:\/\/intervius.com\/index.html\/?p=4871"},"modified":"2006-11-06T00:00:00","modified_gmt":"2006-11-06T00:00:00","slug":"Miguel_Bose4871","status":"publish","type":"post","link":"https:\/\/intervius.com\/index.html\/Miguel_Bose4871\/","title":{"rendered":"Miguel Bos\u00e9"},"content":{"rendered":"<p>Pregunta.- Querido Miguel : Ante todo felicidades por este disco tan emotivo, en especial para mi. Tengo la misma edad que tu y quiero que sepas que me he ido haciendo mayor contigo y tus canciones . Empece a sentir el amor , el tacto, el sudor, los amaneceres y las citas a escondidas al son de los sentimientos que me transmitias en cada canci\u00f3n. Soy una mujer casada y con dos hijas, pero todo esto que te cuento es el mayor tesoro que poseo y quedar\u00e1 guardado en mi coraz\u00f3n hasta mi final. Besos Esperanza<\/p>\n<p>Respuesta.- Te agradezco much\u00edsimo todo este tiempo. Sigue ah\u00ed.<\/p>\n<p>P.- Felicidades por tu nuevo disco!!. Dos preguntas relacionadas (de alguna forma) (1) Como elegiste el titulo de papito? Es un titulo muy latino, y un gran piropo al otro lado del atlantico. (2) Me encanta que estes tan conectado con la cultura latinoamericana. Como espa\u00f1ola que vive al otro lado del atlantico (en USA) y rodeada de latinos, a veces me averguenza la arrogancia espa\u00f1ola en relacion a Latinoamerica, que opinas?<\/p>\n<p>R.- As\u00ed es como mis amigos me llaman. Con relaci\u00f3n a la segunda pregunta, hay de todo, pero hoy en d\u00eda creo que es m\u00e1s bien un clich\u00e9.<\/p>\n<p>P.- \u00bf Qu\u00e9 sientes cuando tus canciones pasan de generaci\u00f3n en generacion causando las mismas emociones? Marisa y Concha<\/p>\n<p>R.- Siento que tengo una carrera hecha de grandes canciones y como tales pueden sobrevivir todos los a\u00f1os que quieras.<\/p>\n<p>P.- Me gustaria ser una de esas amigas tuyas con las que quedas para cenar o para tomar algo&#8230; pero ilusiones aparte, yo me pregunto, \u00bfqu\u00e9 hay del resto de esos amigos que se han quedado en el tintero y que le hubieran apetecido participar en este aniversario? Ser\u00e1 para el pr\u00f3ximo??<\/p>\n<p>R.- Hab\u00eda un l\u00edmite de espacio y tambi\u00e9n de muchos no pudimos conseguir que nos otorgasen el permiso discogr\u00e1fico. Pero queda la gira. Muchos de ellos ya han confirmado que participar\u00e1n en alguna fecha. Aparecer\u00e1n en el DVD que aparecer\u00e1 al final de a\u00f1o de la gira.<\/p>\n<p>P.- Buenas tardes Miguel. Creo que del tiempo que hace que te sigo, esos treinta, he visto con cada disco un look diferente. Este de ahora, lo veo serio y rudo. Ese bigote, esa perilla&#8230; es esa la imagen del disco, de esos treinta a\u00f1os de carrera o de la discogr\u00e1fica??<\/p>\n<p>R.- Esa ma\u00f1ana me despert\u00e9 as\u00ed. Me vi bien y decid\u00ed hacer la portada. No le des m\u00e1s importancia.<\/p>\n<p>P.- A\u00fan me acuerdo de &#8220;7\u00ba de Caballer\u00eda&#8221; y, en especial, de la actuaci\u00f3n de REM. En mi vida he visto una entrevista m\u00e1s cercana a unos t\u00edos que parecen m\u00e1s bien t\u00edmidos. \u00bfOs conoc\u00edais de antes? \u00bfC\u00f3mo ha surgido la colaboraci\u00f3n con Michael Stipe para este disco? Un abrazo, miguel \u00e1ngel<\/p>\n<p>R.- Nos conocimos en ese programa de S\u00e9ptimo y desde entonces no hemos dejado de frecuentarnos. Por eso en el momento de tener que elegir a un representante de la orilla sajona mi mejor amigo y m\u00e1s af\u00edn era Michael Stipe. Es cierto que es un \u00e1ngel. A \u00e9l le encantaba la`producci\u00f3n de Bajo el signo de Ca\u00edn y tuvo claro que al recibir la invitaci\u00f3n quer\u00eda hacer Lo que hay es lo que ves porque siempre dijo que es una canci\u00f3n que a \u00e9l le hubiese gustado escribir.<\/p>\n<p>P.- Para m\u00ed es obvio que eres m\u00e1s hijo de tu madre que de tu padre&#8230; Lo guapo y lo artista lo sacaste de esa belleza que es Luc\u00eda Bose&#8230; Pero \u00bfy t\u00fa no vas a tener hijos? Esa estirpe de guapos se va a frenar aqu\u00ed?<\/p>\n<p>R.- Je, je, je, je, je. Ya he decidido lo que mi vida va a ser: tengo pasi\u00f3n por la solter\u00eda. No le tengo que rendir cuentas a nadie. No voy a herir ni a traicionar ninguna responsabilidad. No s\u00e9 si alguno tengo por ah\u00ed&#8230; Y no s\u00e9 si en el futuro se me antojar\u00e1 o si tendr\u00e9 ganas de adoptar. De no suceder ninguna de esas cosas, aqu\u00ed se acaba la estirpe. \u00bfMe aconsejas que congele un poco de esperma?<\/p>\n<p>P.- Felicidades Miguel. Cada canci\u00f3n de este \u00e1lbum tiene un significado para mi, es un recopilatorio lleno de recuerdos buenos y malos. En tus recuerdos, \u00bfhay m\u00e1s buenos o malos?. Gracias. Bicos<\/p>\n<p>R.- Me interesa casi m\u00e1s saber cu\u00e1les son tus recuerdos malos. \u00bfSon muy malos, malos, malos? Si son tan malos, \u00bfme prestas alguno? Los m\u00edos, los peores, algo que le puedes aconsejar a los tuyos malos, han acabado siendo grandes c\u00f3mplices. Espera y recicla. \u00c9se es mi consejo.<\/p>\n<p>P.- Hola! Veo que una de las canciones de la edici\u00f3n especial es &#8220;El verano m\u00e1s triste&#8221; con Carlos Berlanga. \u00bfQu\u00e9 nos puedes contar de \u00e9l? \u00bfAlguna an\u00e9cdota? Gracias.<\/p>\n<p>R.- Esa canci\u00f3n hace parte de un repertorio que ten\u00edamos muy adelantado Carlos y yo y que tendr\u00eda que haber sido parte de un proyecto ideado por \u00e9l que consist\u00eda en que fu\u00e9semos los dos el nuevo D\u00fao Din\u00e1mico. Est\u00e1bamos entusiasmados con el proyecto. Desgraciadamente&#8230; si escuchas bien la canci\u00f3n y las armon\u00edas te dar\u00e1s cuenta que la idea estaba ah\u00ed. Gracias por acordarte de \u00e9l.<\/p>\n<p>P.- En primer lugar enhorabuena por ese gran disco de duos estelares, llamado Papito, la verdad es que incluso para una persona joven como yo (22 a\u00f1os) que no era muy seguidor tuyo, has hecho que cambie de idea, &#8230; \u00bfC\u00f3mo te surgi\u00f3 la idea de realizar este disco? \u00bfHas encontrado dificultades con algunos colaboradores? \u00bfComo habeis conseguido conectar tan bien las voces de esos 15 cantantes? Realmente no debe ser tarea f\u00e1cil, pero cada canci\u00f3n est\u00e1 elegida a la perfecci\u00f3n con tu pareja musical (Juan Jes\u00fas. Sevilla)<\/p>\n<p>R.- La idea no fue m\u00eda. Fue de mi manager. Yo estaba inmerso en una producci\u00f3n y composici\u00f3n de otras canciones. Todos han estado muy a favor de la obra, no s\u00f3lo por la amistad que nos une sino porque para la mayor\u00eda de ellos soy referencia. Han crecido con mi m\u00fasica. En efecto, tienes raz\u00f3n, parece que cada canci\u00f3n est\u00e1 hecha a medida para cada uno de ellos. Pero es que cada uno de ellos lleg\u00f3 con su canci\u00f3n favorita y eso se nota.<\/p>\n<p>P.- He visto el v\u00eddeo de la grabaci\u00f3n de Te Amar\u00e9 y es muy bonito ver como est\u00e1s emocionado al oir la canci\u00f3n y ver a Laura Pausini detr\u00e1s, en el estudio, grab\u00e1ndola. Que recuerdos tienes de esa grabaci\u00f3n y de compartir ese tema tan especial para ti con Laura?. LPTB.<\/p>\n<p>R.- Laura se conoc\u00eda esa canci\u00f3n de memoria desde que ten\u00eda seis a\u00f1os. Se la cantaba su madre. Escucharla en su voz me parti\u00f3 en mil pedazos. Fue el primer texto que yo escrib\u00ed, cuando yo era muy peque\u00f1o.<\/p>\n<p>P.- Pour-quoi no incluyes el el \u00faltimo \u00e1lbum la canci\u00f3n Superman (tu mejor y m\u00e1s sexy canci\u00f3n)? No se, te veo cantandola con Antonio Glamour o similar. Pls grabala ahora pero como antes, con vaqueros ce\u00f1idos. Saludos y sigue as\u00ed, excitando a todos como s\u00f3lo tu sabes.<\/p>\n<p>R.- Los invitados mandaban. Si hay muchas canciones que no est\u00e1n es porque no hab\u00eda m\u00e1s espacio. Eso s\u00ed, en cualquier concierto de la gira podr\u00e1s escuchar  Super Superman y si me avisas con tiempo me pongo los vaqueros ajustados.<\/p>\n<p>P.- Hola! siempre me he preguntado si alguien como t\u00fa puede hacer las cosas cotidianas que hacemos los que no somos populares. \u00bfHaces la compra en el carrefour? \u00bfpaseas por El Retiro? \u00bfPuedes ir al cine a ver una pel\u00edcula sin que nos echemos los fans encima?<\/p>\n<p>R.- Aunque te parezca mentira, me pongo color\u00e1 cuando voy al Retiro. Pero al Caprabo s\u00ed voy a diario. Y a la panader\u00eda&#8230; La gente se acostumbra. S\u00ed, soy normal.<\/p>\n<p>P.- Hace 30 a\u00f1os que un 26 de Abril de 1977 entrastes en mi coraz\u00f3n, te vi por primera vez en LE\u00d3N, he sido presidenta de tu Club de fans, te he perseguido mil veces, he gitado por ti, he llorado por ti.., y ahora a mis 45 a\u00f1os estoy ilusionada por tu nuevo trabajo, solo quiero felicitarte por estos 30 maravillosos a\u00f1os y desearte toda la suerte del mundo para otros 30 a\u00f1os. FELIZ ANIVERSARIO MIGUEL!!!!!<\/p>\n<p>R.- Y que sean muchos m\u00e1s. Gracias.<\/p>\n<p>P.- Se ha publicado que va a compar, con otros inversionistas, una isla del Caribe para edificar un centro tur\u00edstico. \u00bfQu\u00e9 piensa usted de la cultura del ladrillo y del crecimiento urban\u00edstico en las costas espa\u00f1olas?<\/p>\n<p>R.- No tengo ninguna isla en el Caribe. Ya me gustar\u00eda a mi. S\u00ed tengo mucha ilusi\u00f3n por tenerla. No me importar\u00eda que hici\u00e9seis una colecta y me la regal\u00e1seis. De tenerla, creo que no har\u00eda un centro tur\u00edstico, sino m\u00e1s bien un centro de buceo, que es mi pasi\u00f3n.<\/p>\n<p>P.- Hola Miguel. Felicidades tu trig\u00e9simo aniversario. \u00bfQu\u00e9 opinas de las \u00faltimas actuaciones pol\u00edticas del gobierno y la oposici\u00f3n, la crispaci\u00f3n que se respira, las manifestaciones y un largo etc?. Muchas gracias y enhorabuena.<\/p>\n<p>R.- Creo que la clase pol\u00edtica, en general, necesita ser renovada. Y digo en general. Esta clase pol\u00edtica actual, en general, de nuevo, se ha olvidado de nosotros. Eso est\u00e1 claro. Te pregunto \u00bftienes la sensaci\u00f3n de que est\u00e1n respondiendo a nuestras necesidades o que m\u00e1s bien llevan a cabo una lucha irritante y crispante que responde a una competencia entre empresas? M\u00e1s bien esto \u00bfno? De todos modos, lo mejor que podemos hacer es seguir alerta, no perder la paciencia, no entrar en tonos que no son democr\u00e1ticos y que en las pr\u00f3ximas elecciones que cada uno ejerza de verdad el poder de su voto.<\/p>\n<p>P.- Hola Papito!!! Que alegr\u00eda volver a verte. Enhorabuena por este nuevo trabajo, no pod\u00edas rodearte de mejor gente y mejores profesionales, ayer pude ver alg\u00fan trocito del making off y estoy deseando ir a comprar el disco. Para cuando nuevas canciones?. Larga vida al rey!!!. P.D.: Dale un besito de mi parte a Alejandro<\/p>\n<p>R.- Durante el pr\u00f3ximo a\u00f1o y medio estar\u00e9 comprometido para celebrar con una enoooorme gira mis 30 a\u00f1os en la m\u00fasica. Ser\u00e1n largos porque quiero llegar al mayor n\u00famero de sitios posible. Despu\u00e9s ya veremos. Ya ten\u00eda material original, pero por ahora tiene que esperar. Si es lo que preguntabas, s\u00ed, va por ah\u00ed, por Velvetina.<\/p>\n<p>P.- Hola Miguel!!!Soy un incondicional tuyo desde hace mucho tiempo&#8230;.\u00bfCu\u00e1l dir\u00edas que ha sido tu evoluci\u00f3n desde canciones como &#8220;Linda&#8221; hasta las que podemos encontrar en &#8220;Velvetina&#8221;?,muchas gracias!!<\/p>\n<p>R.- Pues la evoluci\u00f3n natural que tiene una persona que con 18 a\u00f1os ve la vida de una manera y seg\u00fan la va viviendo va cambiando de perspectiva, de necesidades y tambi\u00e9n de talla de pantal\u00f3n. La progresi\u00f3n ha sido brutal y constante, pero gracias por los 30 a\u00f1os con los que me hab\u00e9is avalado.<\/p>\n<p>P.- y esos tatuajes?<\/p>\n<p>R.- Est\u00e1n en venta. \u00bfQuieres pujar?<\/p>\n<p>P.- Cuando era ni\u00f1a nos re\u00edamos con tus posturitas y trajecitos de Supersuperman. En mi adolescencia mis primeros besos se estremec\u00edan con el Auu de tu Amante bandido. Hoy he visto todos los v\u00eddeos con tus colaboradores, y me he dado cuenta, a mis trentaytres, de que sin darme cuenta has estado m\u00e1s presente de lo que cre\u00eda en toda mi vida. Yo tambi\u00e9n he llorado contigo y con Laura Pausini, he sentido cosquillas con la voz de Julieta, y se me ha ca\u00eddo la mand\u00edbula sobre la mesa con la versi\u00f3n de Juanes, y tambi\u00e9n he pensado que nadie como David para Los chicos no lloran. Veo que no podr\u00e9 preguntarte nada, porque ya estoy casada. As\u00ed que solo GRACIAS por madurar as\u00ed, de esta forma tan aut\u00e9ntica y por acompa\u00f1arme como testigo sonoro en toda mi vida. (No s\u00e9 como despedirme, \u00bfte doy mi tel\u00e9fono para poder hacerme amiga tuya?). Besos. Ana<\/p>\n<p>R.- Gracias por haber estado ah\u00ed. Y sigue est\u00e1ndolo. Despu\u00e9s de tanto tiempo no vamos a interrumpir esta relaci\u00f3n&#8230;<\/p>\n<p>P.- Hola! practicas Reiki, yoga, meditaci\u00f3n&#8230; o alguna de estas pr\u00e1cticas alternativas?<\/p>\n<p>R.- No. \u00bfTe decepciono? Hice yoga hace mucho mucho tiempo.<\/p>\n<p>P.- Treinta a\u00f1os en el mundo de la m\u00fasica y viniendo de la familia que viene&#8230; \u00bfC\u00f3mo ha conseguido mantener su vida privada fuera de los medios de comunicaci\u00f3n? Creo que es de los poqu\u00edsimos artistas espa\u00f1oles que lo ha conseguido y ya s\u00f3lo por eso merece mi respeto. Un saludo, Luis Alberto Palma de Mallorca<\/p>\n<p>R.- Es muy sencillo. Jam\u00e1s he comerciado con mi vida privada. Es lo \u00fanico de lo poco sagrado que me queda. Y eso hace mucho tiempo lo dej\u00e9 bien claro. Y la gente lo respeta.<\/p>\n<p>P.- Has amasado fortuna? de qu\u00e9 te ha servido? De qu\u00e9 te jactas ahora, despu\u00e9s de 30 a\u00f1os?<\/p>\n<p>R.- De habermela gastado. Y as\u00ed seguir\u00e9 haci\u00e9ndolo con todo lo que me gane. Te aconsejo que hagas lo mismo. Ma\u00f1ana te cae una teja en la cabeza y \u00bfde qu\u00e9 sirve ser el m\u00e1s rico del cementerio?<\/p>\n<p>P.- Hay quien dice que las musas no existen, vos a qu\u00e9 llamas musas o inspiraci\u00f3n? el amor, el instinto, la pasi\u00f3n?? &#8230; Te escuch\u00f3 desde que tengo 8, ahora 25 y te veo igual, eres pura belleza y para largo! Guapo Bos\u00e9. Ven a Quito, quiero aplaudir tu arte otra vez!<\/p>\n<p>R.- Las musas existen, como los enanitos, como los \u00e1ngeles. Las m\u00edas son gordas y me traen de comer mientras compongo. Viajo pronto a Quito con una de ellas. Te gustar\u00e1 conocerla. Un beso.<\/p>\n<p>P.- Primero antes de nada gracias por tu 30 a\u00f1os de carrera musical&#8230;pero me gustaria centrarme en tu carrera como actor y que te ha parecido trabajar con Almodovar(Tacones Lejanos)con Aranda(Libertarias) ocon la actriz francesa Isabelle Adjani en la Reina Margot.Tambien si te apetece volver al cine aunque sea con un peque\u00f1o papel.Un beso y que sigas tan guapo<\/p>\n<p>R.- No he nacido para el cine. Hace falta tener mucha paciencia para la espera. Y yo desespero. Volver\u00e9 a hacer cine, aunque no creo que vuelva a tener aquellas piernas que tuve con Almod\u00f3var.<\/p>\n<p>P.- Miguel, un placer saludarte. Me puedes decir si el grave accidente de coche que tuviste te ha hecho de alguna forma ver la vida de otra manera en algunos aspectos, crees que pudo cambiarte en algo?<\/p>\n<p>R.- De alguna manera, alg\u00fan poso te deja. Aprend\u00ed que cuando est\u00e9 muy cansado no debo conducir si no quiero correr el riesgo otra vez de quedarme dormido. A partir de ese d\u00eda tengo mucho respeto respecto a ese tema.<\/p>\n<p>P.- \u00bfHabr\u00e1 un pr\u00f3ximo disco de canciones in\u00e9ditas antes de que te pongas a hacer mermeladas?<\/p>\n<p>R.- No. Habr\u00e1 mermeladas antes que un disco nuevo.<\/p>\n<p>P.- Buenas tardes Miguel, mi pregunta &#8230;Habiendo tenido un padre torero tan famoso \u00bfen alguna ocasi\u00f3n te llam\u00f3 aunque fuera de lejos la posibilidad de emularlo en los ruedos?<\/p>\n<p>R.- Haberme comparado a mi padre hubiese sido de est\u00fapido. Por eso eleg\u00ed la m\u00fasica. Aparte de haber nacido para \u00e9sto.<\/p>\n<p>P.- dice mi madre que cuando me preguntaban de peque\u00f1o lo que quer\u00eda ser de mayor, yo siempre contestaba miguel bos\u00e9&#8230; de momento soy empresario de inform\u00e1tica, pero no pierdo la esperanza&#8230; y t\u00fa, miguel? est\u00e1s en el camino de convertirte en lo que ansiabas de ni\u00f1o?<\/p>\n<p>R.- De ni\u00f1o yo quer\u00eda ser ocean\u00f3grafo. Hace tres a\u00f1os empec\u00e9 en la Universidad de Las Palmas un acuerdo para estudiar Biolog\u00eda Marina. En ello estoy. De alguna manera, alg\u00fan d\u00eda me sacar\u00e9 esa espinita.<\/p>\n<p>P.- Ciao Miguel!! desde Italia: Papito saldra tambien aqui? y te tendremos tambien en Italia? di que s\u00ec\u00ec\u00ec\u00ec, tenemos muchas ganas de verte!!!!! Ciao, un bacione! Laura<\/p>\n<p>R.- S\u00ed, saldr\u00e1 tambi\u00e9n en Italia. En mayo estar\u00e9 haciendo promoci\u00f3n all\u00ed y en junio se publicar\u00e1 el disco. Ciao.<\/p>\n<p>P.- Respeto, eso es lo que me evoca tu imagen. Todo lo que lleva la firma Bos\u00e9<\/p>\n<p>R.- Gracias. No tengo palabras. \u00bfMe puedes llamar ma\u00f1ana temprano y subirme la autoestima?<\/p>\n<p>P.- Miguel, si se hiciera una pel\u00edcula sobre tu vida \u00bfcomo crees que deber\u00eda llamarse? BESOS YASILENI de Mexico.<\/p>\n<p>R.- 200.000 leguas de viaje submarino, por ejemplo. Soy como el Pr\u00edncipe de las mareas o, como dice una amiga m\u00eda, el Pr\u00edncipe que las marea.<\/p>\n<p>P.- \u00bf Se canta de la misma manera al amor, con veinte que con cincuenta a\u00f1os? Marisa y Concha<\/p>\n<p>R.- Indudablemente, no. A los 17 a\u00f1os el amor es un beso robado, a los 30 es \u00bfse habr\u00e1 quedado embarazada o no?, a los 45 es \u00bfqui\u00e9n se queda con el piso? No, el amor no es siempre el mismo.<\/p>\n<p>P.- Con la edad desaparece el deseo de hacer cosas nuevas, de inventar, de innovar, como haces para que esto no te suceda? Muchas gracias Maria<\/p>\n<p>R.- Mi car\u00e1cter es as\u00ed. Necesito vaciar para volver a llenar, tirar para volver a construir. Estar en constante b\u00fasqueda.<\/p>\n<p>P.- \u00bfSignifica lo mismo la m\u00fasica en tu vida en el 2007 que cuando comenzaste hace 30 a\u00f1os? Eres un tipo estupendo&#8230;&#8230;&#8230;. o por lo menos lo parece. Carmen Rodriguez<\/p>\n<p>R.- Cuando yo empec\u00e9 a hacer m\u00fasica cantaba la m\u00fasica en la que cre\u00eda. A partir de Bandido, empec\u00e9 a hacer la m\u00fasica que sonaba en mi cabeza. Ahora arranco una nueva aventura desde Velvetina que es el futuro. Claro que no. La m\u00fasica ha cambiado mucho conmigo.<\/p>\n<p>P.- Hola! qu\u00e9 lugar me recomiendas para ir a pasar un mes este verano? cu\u00e1l es tu lugar preferido?<\/p>\n<p>R.- Nueva Zelanda, sin duda. Una belleza de pa\u00eds.<\/p>\n<p>P.- Mi querido Miguel: Soy una mujer que ha seguido tu estela desde que te descubr\u00ed con 13-14 a\u00f1os, de eso hace ya m\u00e1s de 20 a\u00f1os. Para m\u00ed, con tus altibajos, sigues siendo uno de los personajes m\u00e1s significativos que han rodeado toda mi circunstancia vital. Aun sigo sintiendo un escalofr\u00edo en el est\u00f3mago cada vez que te escucho o te veo. S\u00f3lo quer\u00eda felicitarte de todo coraz\u00f3n por tu larga trayectoria y por conseguir ser una persona aut\u00e9ntica, fuera de toda regla establecida por esta sociedad maldita. Y darte las gracias por hacerme un poquito m\u00e1s feliz cada vez que te escucho.<\/p>\n<p>R.- Mil gracias a ti. Un beso.<\/p>\n<p>P.- \u00bfQu\u00e9 error\/errores ha cometido a lo largo de su carrera discogr\u00e1fica que no volveria a cometer ahora, si empezara de nuevo?<\/p>\n<p>R.- Errores no. Desencuentros, pero he dormido siempre tranquilo.<\/p>\n<p>P.- Me gust\u00f3 mucho lo que dijiste el otro d\u00eda en el programa de Quintero sobre los suced\u00e1neos del amor: la amistad, la sensibilidad&#8230;pero como se cose un coraz\u00f3n roto cuando lo \u00fanico que ocupa tu mente es alguien a quien has perdido?<\/p>\n<p>R.- Como bien dice el refranero popular, &#8220;la mancha de una mora con otra verde se quita&#8221;.<\/p>\n<p>P.- \u00a1Hola Miguel! Este a\u00f1o participamos en la gira escogiendo los temas de los conciertos, lo cual es genial para disfrutar de \u00e9xitos que no he tenido oportunidad. Con Velvetina ten\u00edamos la oportunidad de subir a bailar contigo al escenario &#8220;Ella dijo no&#8221;. \u00bfTe gust\u00f3 bailar con tus fans? Desde abajo se ve\u00eda brutal y muy envidiable. \u00bfVolver\u00edas a repetir? Bea de Barcelona.<\/p>\n<p>R.- Este a\u00f1o subir\u00e9 a gente al azar para que cante conmigo. Un beso.<\/p>\n","protected":false},"excerpt":{"rendered":"<p>Celebra tres d\u00e9cadas de \u00e9xitos continuos en la m\u00fasica. Y lo hace acompa\u00f1ado por grandes amigos, como Michael Stipe, Alejandro Sanz, Leonor Watling, Alaska, Ricky Martin o Shakira, con los que revisa sus canciones m\u00e1s conocidas. Miguel Bos\u00e9 mira atr\u00e1s en Papito (Warner Music), un \u00e1lbum lleno de emociones.<br \/>\nEspecial: Boseando<br \/>\nAs\u00ed se grab\u00f3 Papito<br \/>\n\u00c1lbum: Bos\u00e9 en 55 fotos <\/p>\n","protected":false},"author":1,"featured_media":0,"comment_status":"open","ping_status":"open","sticky":false,"template":"","format":"standard","meta":{"footnotes":""},"categories":[],"tags":[],"class_list":["post-4871","post","type-post","status-publish","format-standard","hentry"],"_links":{"self":[{"href":"https:\/\/intervius.com\/index.html\/wp-json\/wp\/v2\/posts\/4871","targetHints":{"allow":["GET"]}}],"collection":[{"href":"https:\/\/intervius.com\/index.html\/wp-json\/wp\/v2\/posts"}],"about":[{"href":"https:\/\/intervius.com\/index.html\/wp-json\/wp\/v2\/types\/post"}],"author":[{"embeddable":true,"href":"https:\/\/intervius.com\/index.html\/wp-json\/wp\/v2\/users\/1"}],"replies":[{"embeddable":true,"href":"https:\/\/intervius.com\/index.html\/wp-json\/wp\/v2\/comments?post=4871"}],"version-history":[{"count":0,"href":"https:\/\/intervius.com\/index.html\/wp-json\/wp\/v2\/posts\/4871\/revisions"}],"wp:attachment":[{"href":"https:\/\/intervius.com\/index.html\/wp-json\/wp\/v2\/media?parent=4871"}],"wp:term":[{"taxonomy":"category","embeddable":true,"href":"https:\/\/intervius.com\/index.html\/wp-json\/wp\/v2\/categories?post=4871"},{"taxonomy":"post_tag","embeddable":true,"href":"https:\/\/intervius.com\/index.html\/wp-json\/wp\/v2\/tags?post=4871"}],"curies":[{"name":"wp","href":"https:\/\/api.w.org\/{rel}","templated":true}]}}