{"id":4841,"date":"2007-04-19T00:00:00","date_gmt":"2006-11-06T00:00:00","guid":{"rendered":"https:\/\/intervius.com\/index.html\/?p=4841"},"modified":"2006-11-06T00:00:00","modified_gmt":"2006-11-06T00:00:00","slug":"Esperanza_Aguirre4841","status":"publish","type":"post","link":"https:\/\/intervius.com\/index.html\/Esperanza_Aguirre4841\/","title":{"rendered":"Esperanza Aguirre"},"content":{"rendered":"<p>Pregunta.- Ya sabe, los que se pelean se desean. \u00bfQue tal se lleva con el alcalde?<\/p>\n<p>Respuesta.- Unos d\u00edas mejor que otros.<\/p>\n<p>P.- Se\u00f1ora Aguirre, en su \u00faltimo encuentro en El Mundo le pregunt\u00e9 sobre el Metro y usted me dijo que lo usaba. \u00bfDe verdad?. \u00bfM\u00e1s all\u00e1 de las inauguraciones?. \u00bfHa subido alg\u00fan d\u00eda laborable en hora punta?. Desde entonces, el Metro va cada vez a peor (incre\u00edble pero cierto). Los usuarios estamos desesperados, y los empleados tambi\u00e9n. \u00bfNo cree que adem\u00e1s de inaugurarse tanta estaci\u00f3n deber\u00eda mantenerse en buen estado lo que hay?. Si los pol\u00edticos prescindieran del coche oficial alguna que otra vez (no permanentemente, no quiero asustarla) y dieran ejemplo usando el transporte p\u00fablico, \u00bfcree que mejorar\u00edan algo las cosas?.<\/p>\n<p>R.- La l\u00ednea 6 que es la que ha tenido m\u00e1s problemas ha tenido durante el a\u00f1o pasado un aumento de demanda del 23%. Adem\u00e1s, se cambiaron los trenes y eso hizo que hubiera much\u00edsimas m\u00e1s incidencias de las normales. Ya se ha corregido el cambio de trenes y a d\u00eda de hoy las incidencias en el metro, entendiendo por tales las que son superiores a cinco minutos, est\u00e1n por debajo de los l\u00edmites de otros a\u00f1os. Es cierto que la ampliaci\u00f3n de l\u00edneas y, sobre todo, la puesta en funcionamiento de nuevos trenes trae consigo desajustes que estamos procurando corregir.<\/p>\n<p>P.- En primer lugar mi m\u00e1s sincera felicitaci\u00f3n por su trabajo, entrega y cercan\u00eda. No soy madrile\u00f1a pero a\u00fan as\u00ed la admiro, creo que es un ejemplo para todas las mujeres de esta naci\u00f3n. \u00bfSe ver\u00eda con fuerzas para afrontar el relevo del Sr. Rajoy al frente del partido? De no ser usted \u00bfcu\u00e1l ser\u00eda su candidato id\u00f3neo para liderar el PP? Un cari\u00f1oso saludo desde Orense, gracias y SUERTE!!! Sandra Pardo<\/p>\n<p>R.- Mi candidato ideal es Mariano Rajoy.<\/p>\n<p>P.- BUENAS TARDES PRESIDENTA \u00bf SE ABRIRA EL METRO LOS FINES DE SEMANA TODA LA NOCHE? PARA LOS JOVENES CON POCOS RECURSOS ES IMPORTANTE<\/p>\n<p>R.- De momento, hemos m\u00e1s que duplicado los buhometros. Es bastante complicado por razones de seguridad y de operatividad abrir el metro por las noches de los fines de semana, como hubiera sido mi deseo.<\/p>\n<p>P.- Buenos d\u00edas Esperanza, no soy votante de su partido, pero me gustar\u00eda presuntarle si puede tratar de convencer a Ruiz Gallard\u00f3n de que quite los parqu\u00edmetros de los sitios donde no hacen falta, y en los que se vea que haga falta, estudiar con los vecinos el plan demovilidad de cada barrio. Muchas gracias y suerte(aunque no mucha, ya que quiero que haya alternancia en los gobiernos de la comunidad y del ayuntamiento) PD:Si le puede hacer llegar saludos a Mar\u00eda San Gil de parte de un &#8220;rojo&#8221;, d\u00e9selos, ya que se lo que es pasar por eso (familiares)y deseo que se recupere pronto.<\/p>\n<p>R.- Empezando por el final, much\u00edsimas gracias por el cari\u00f1o hacia Mar\u00eda San Gil, que le voy a transmitir inmediatamente. Los parqu\u00edmetros, hasta ahora, no ten\u00edan contestaci\u00f3n por parte de los ciudadanos, al contrario, yo que vivo en Centro puedo decirte que hace a\u00f1os cuando se pusieron nos aliviaron a todos. Si, como t\u00fa dices, hay lugares donde no hacen falta, estoy convencida que el alcalde los retirar\u00e1.<\/p>\n<p>P.- Hola! supongo que le ha llegado el sentir de parte de la poblaci\u00f3n de que Telemadrid est\u00e1 manipulado. \u00bfQu\u00e9 va a hacer para solucionarlo?<\/p>\n<p>R.- Telemadrid es la televisi\u00f3n m\u00e1s plural que en este momento existe en Espa\u00f1a. Ah\u00ed tienen cabida todas las ideolog\u00edas.<\/p>\n<p>P.- \u00bfC\u00f3mo puede llevar su enfrentamiento con el gobierno central a costa de la salud de los madrile\u00f1os?. Me refiero al incumplimiento de la ley antitabaco en la Comunidad de Madrid. Soy no fumadora y me cuesta encontrar un sitio libre de humos donde tomar un caf\u00e9.<\/p>\n<p>R.- La Comunidad de Madrid cumple estrictamente, como no pod\u00eda ser de otra manera, la Ley Antitabaco. Otra cosa es que en materia de nuestras competencias hayamos decidido, por ejemplo, que en las bodas son los c\u00f3nyuges, como due\u00f1os del local en ese momento, los que deciden si se fuma o no.<\/p>\n<p>P.- Hola Esperanza! ante todo enhorabuena por el buen trabajo que est\u00e1s realizando en Madrid. Acabo de ser madre y quer\u00eda saber si est\u00e1 en vuestro proyecto el incluir m\u00e1s ayudas econ\u00f3micas para nosotras como en otros pa\u00edses de la uni\u00f3n europea. Los 100 euros al mes y el cheque de 100 euros por nacimiento se nos quedan cortos!!!! Muchas gracias de antemano. Marta Carlos<\/p>\n<p>R.- La verdad, Marta, es que has dado en el clavo. Estos d\u00edas elaboramos el programa electoral y hemos decidido primar a las familias, tanto a las que tienen ni\u00f1os como a las que tienen personas mayores o dependientes a su cargo.<\/p>\n<p>P.- Hola Esperanza El otro dia lei que se prefiere salir contigo antes que con penelope cruz. Entonces mi pregunta es sabes cuanto cuesta una cerveza en un bar de copas? ( A ver si contestas mejor que ZP) Recuerdos<\/p>\n<p>R.- La verdad es que no voy a los bares de copas. Te mentir\u00eda si te dijera que paso las noches en los bares de copas, pero les preguntar\u00e9 a mis hijos.<\/p>\n<p>P.- Hola Espe. Hace unos meses Gallard\u00f3n cas\u00f3 a unos conocidos militantes del PP. Usted no acudi\u00f3 pero su consejero Lamela s\u00ed lo hizo. Unos aseguran que usted est\u00e1 a favor de los derechos de los homosexuales, pero no lo hace notorio, y otros dicen que usted es una hom\u00f3foba. Tiene una oportunidad para aclararlo. M\u00f3jese, presidenta.<\/p>\n<p>R.- Yo estoy a favor de los derechos de los homosexuales, como no podr\u00eda ser de otra manera. Soy liberal y creo que todas las personas, sea cual sea su orientaci\u00f3n sexual, tienen que ver sus derechos protegidos y su ejercicio acrecentado al m\u00e1ximo. Muchos de mis mejores amigos son homosexuales.<\/p>\n<p>P.- \u00bfComo se justifica la construcci\u00f3n de los hospitales de gesti\u00f3n mixta (semi-privados) para la sanidad publica madrile\u00f1a, si al final su costo es mucho mas elevado que si se hubiesen construidos hospitales totalmente publicos? Gracias<\/p>\n<p>R.- No es cierto. El costo es mucho m\u00e1s asequible. Los ciudadanos madrile\u00f1os quieren tener una sanidad de la m\u00e1xima calidad a coste cero, absolutamente gratis para el usuario. Lo que no quiere decir que no la pague nadie. La paga el contribuyente. Y yo, como administradora de los madrile\u00f1os, tengo la obligaci\u00f3n de elegir los modos de gesti\u00f3n de m\u00e1s calidad y menos precio.<\/p>\n<p>P.- \u00bfPresidenta, que opina de la pol\u00e9mica que ha surgido por la emisi\u00f3n del reportaje de Telemadrid, Ciudadanos de Segunda producido por El Mundo TV y que no ha sentado muy bien en Catalu\u00f1a? Creo que la pr\u00f3xima semana viaja a Barcelona, \u00bfteme que pueda ser recibida con mucha hostilidad?Por cierto, \u00bfqu\u00e9 le pareci\u00f3 el reportaje?<\/p>\n<p>R.- No tuve ocasi\u00f3n de ver el reportaje, pero me parecer\u00eda escandaloso que en una Comunidad auton\u00f3ma en cuya televisi\u00f3n p\u00fablica se ha programado directamente al se\u00f1or Rubianes y se le ha jaleado cuando ha insultado a toda Espa\u00f1a y a los espa\u00f1oles vaya ahora a rasgarse las vestiduras porque en un reportaje se diga que el castellano encuentra dificultades en la ense\u00f1anza en Catalu\u00f1a. Por otra parte, en Madrid, como dice Vargas Llosa, podemos encontrar en Lavapi\u00e9s letreros en suajili. Y no se nos ocurre multar a nadie.<\/p>\n<p>P.- \u00bfNo cree usted que el gobierno regional deber\u00eda recuperar mas espacios verdes y crear mas parues naturales en vez de invertir esfuerzo y dinero en algo tan elitista y minoritario como el golf?<\/p>\n<p>R.- Estamos invirtiendo m\u00e1s que nunca en espacios verdes, en parques, jardines, bosques (son 900 hect\u00e1reas, es decir, 9 millones de metros cuadrados de bosque) y hemos tramitado el Parque Nacional de Guadarrama. Ahora bien, el golf, que fue en su d\u00eda elitista y minoritario, hoy es el segundo deporte en n\u00famero de practicantes federados en toda la Comunidad de Madrid. Por otra parte, yo no he invertido ni una peseta en golf y s\u00ed muchos millones de euros en protecci\u00f3n del medio ambiente.<\/p>\n<p>P.- \u00bfCu\u00e1les cree que son sus mejores virtudes como pol\u00edtica? \u00bfy sus defectos?<\/p>\n<p>R.- No soy yo mi mejor juez, quiz\u00e1 el tes\u00f3n, la tenacidad, la honradez y el procurar siempre tomar las decisiones bas\u00e1ndome en principios. Los defectos no te los voy a decir yo porque hay cientos que me los buscan todos los d\u00edas.<\/p>\n<p>P.- Buenos dias querida Esperanza, tengo el placer de conocerte desde la epoca que eras concejala en el Ayuntamiento de Madrid, y a la vez eras consejera general de la Asamblea de la Caja de Madrid en el tiempo que yo tuve el honor de formar parte de su Consejo de Administracion por el cupo de impositores&#8230;.fijate si ha llovido, y ya tus intervenciones en dicha asamblea eras &#8220;ca\u00f1eras&#8221;&#8230; luego nos hemos visto en varias ocasiones &#8230; y he seguido toda tu trayectoria, estupenda por cierto&#8230;. pero lo que has hecho en esta Legislatura ya se sale&#8230;&#8230;. en todo los sentidos. &#8230; sobre todo en la zona Norte en la que yo vivo concretamente en la localidad de San Sebastian de los Reyes, me has puesto el metro casi en la esquina de mi casa&#8230; quien me lo iba a decir a mi cuando vine a vivir a esta ciudad hace 22 a\u00f1os&#8230;. La pregunta que yo te hago es cuando se inaugura el metro Norte en Sanse y si vas a venir tu personalemnte pues me gustaria saludarte&#8230; Un abrazo mucha suerte y espero votarte dentro de 4 a\u00f1os como candidata a la Presidencia del Gobierno Flora Quevedo (San Sebastian de los Reyes )<\/p>\n<p>R.- Much\u00edsimas gracias, Flora. Creo que Metro Norte se inaugurar\u00e1 el jueves 26 de abril. Pero quiero recordarte que en Sanse tambi\u00e9n en esta legislatura hemos construido el Hospital del Norte, que se inaugurar\u00e1 en las pr\u00f3ximas semanas.<\/p>\n<p>P.- Me parece muy bien que se den ayudas a inmigrantes para guarder\u00edas, vivienda, etc. Pero \u00bfpor qu\u00e9 no se cuida m\u00e1s a los espa\u00f1oles que llevamos pagando nuestros impuestos toda la vida? \u00bfNo le parece que esta discriminaci\u00f3n podr\u00eda acabar en enfrentamientos tipo Le Pen?<\/p>\n<p>R.- Los inmigrantes legales tienen los mismos derechos que nosotros. Son madrile\u00f1os por elecci\u00f3n.<\/p>\n<p>P.- quer\u00eda saber porque mi madre lleva 150 d\u00edas en una lista de espera para una intervenci\u00f3n de cardiolog\u00eda en el Hospital Gregorio Mara\u00f1\u00f3n, cuando se supone que no existe mas de 30 d\u00edas??<\/p>\n<p>R.- Lo que usted me dice me sorprende. D\u00e9me sus datos y har\u00e9 la averiguaci\u00f3n oportuna. En principio, una intervenci\u00f3n de coraz\u00f3n no es sencilla y puede que sea su complejidad lo que la haya demorado o sus preparativos. No obstante, tengo much\u00edsimo inter\u00e9s en que me haga usted llegar sus datos.<\/p>\n<p>P.- \u00bfQu\u00e9 opina de lo que cirucla por Internet acerca del esl\u00f3gan de TeleMadrid? Gracias y un saludo.<\/p>\n<p>R.- Es un chistecito que a mis adversarios les har\u00e1 mucha gracia. A mi lo que me hace gracia es que los trabajadores de Telemadrid se presenten a las elecciones. Ser\u00eda fant\u00e1stico saber cu\u00e1ntos votos tienen porque adem\u00e1s se lo quitar\u00edan al PSOE.<\/p>\n<p>P.- Respecto al nuevo plano de metro. \u00bfNo cree usted que vamos a perder la perspectiva de donde est\u00e1n situadas nuestras localidades? \u00bfY los turistas?. Gracias y enhorabuena por su legislatura. Sara<\/p>\n<p>R.- El metro se ha extendido tant\u00edsimo que es necesario hacer un nuevo plano. Procuraremos que sea lo m\u00e1s claro y f\u00e1cil de entender posible.<\/p>\n<p>P.- \u00bfQue opini\u00f3n le merece La Cope? y \u00bfel Sr. Jim\u00e9nez Losantos? \u00bfcomparte su opini\u00f3n sobre Gallard\u00f3n?<\/p>\n<p>R.- La Cope me parece una emisora que mantiene sus principios y valores en todos sus programas. Y eso es digno de admiraci\u00f3n. El se\u00f1or Jim\u00e9nez Losantos es amigo m\u00edo y adem\u00e1s le admiro por su cultura, su sentido del humor y porque es un gran periodista.<\/p>\n<p>P.- \u00bfSon ustedes conscientes de que mucha gente les ve como un partido incapaz de reconocer sus errores? Un saludo. Sergio<\/p>\n<p>R.- La verdad es que no soy consciente. A mi no me cuesta trabajo reconocer mis errores, creo. Y no s\u00e9 a qu\u00e9 error se refiere. Si se refiere a la doctrina socialista seg\u00fan la cual no hemos digerido la derrota de marzo de 2004, creo que es una falsedad que no tiene otra intenci\u00f3n que excluir al Partido Popular del mapa pol\u00edtico, tild\u00e1ndole de antidem\u00f3crata. Recuerde que dos o tres d\u00edas despu\u00e9s de las elecciones hubo un quien nos acus\u00f3 de dar un golpe de Estado cuando la realidad es que la noche electoral Mariano Rajoy llam\u00f3 a Zapatero para darle la enhorabuena.<\/p>\n<p>P.- \u00bfQu\u00e9 le parece el proyecto de la Nueva ley de Internet, que pretende poner en manos de la SGAE el cierre de p\u00e1ginas web?<\/p>\n<p>R.- Impresentable.<\/p>\n<p>P.- \u00bfTiene seguro sanitario? \u00bfO conf\u00eda totalmente en la sanidad p\u00fablica?<\/p>\n<p>R.- Soy funcionaria y, como todos los funcionarios, tenemos un seguro sanitario. Yo en concreto tengo Asisa. Por supuesto que conf\u00edo en la sanidad p\u00fablica.<\/p>\n<p>P.- Buenos d\u00edas Sra. Aguirre, Supongo que ya le habr\u00e1n hecho esta misma pregunta, pero por si acaso, yo la reitero. \u00bfQu\u00e9 soluci\u00f3n dar\u00eda usted a la vivienda para los j\u00f3venes? Un saludo, Daniel J.M.<\/p>\n<p>R.- La que le he dado, el alquiler con opci\u00f3n a compra. Ya tenemos suelo para 71.000. Consiste en que la mitad de lo que se paga de alquiler se capitaliza para al cabo de siete a\u00f1os ejercer la opci\u00f3n a compra a un precio tasado hoy que oscila alrededor de los 119.000 euros. El alquiler es aproximadamente de 6 euros por metro cuadrado y mes. Ap\u00fantese en la Oficina de la Vivienda de la Comunidad de Madrid, Avenida de Asturias 28.<\/p>\n<p>P.- Estimada presidenta, \u00bfqu\u00e9 hay de verdad en el proyecto de hacer biling\u00fces tambi\u00e9n a un n\u00famero de institutos de secundaria? \u00bfY por qu\u00e9 no se extiende a los colegios concertados? Lo considero una muy buena propuesta, pero soy esc\u00e9ptica al respecto.<\/p>\n<p>R.- Es cierto, los ni\u00f1os que han empezado la ense\u00f1anza biling\u00fce con seis a\u00f1os cuando tengan 12 y vayan al instituto querr\u00e1n seguir estudiando en ingl\u00e9s. Por eso nos hemos comprometido a hacer 50 institutos biling\u00fces. En cuanto a la concertada, estoy de acuerdo en financiar tambi\u00e9n el biling\u00fcismo.<\/p>\n<p>P.- Usted siempre dice que esta a lo que mande su partido, pero en caso de una catrastofe electoral de su partido,\u00bf Estaria dispuesta a dar el paso al frente y liderar y encabezar las listas electorales de su partido, o dejaria el camino libre para que Gallard\u00f3n lo quemara definitivamente?<\/p>\n<p>R.- No creo que nada de eso vaya a suceder. Si el Partido Popular est\u00e1 igualado con el PSOE seg\u00fan las encuestas del Gobierno, cuando solamente lleva tres a\u00f1os en el poder y la econom\u00eda no va mal, en seis meses Mariano Rajoy ganar\u00e1.<\/p>\n<p>P.- a que espera la comunidad de madrid para decidir que se va a hacer con los muchos kilometros de guardarrail que hoy tambien han matado a otro motorista????, van a poner doble bihonda en las carreteras de la comidad de madrid ??? muchas gracias, su respuesta ser\u00e1 colgada ( si es que se llega a realizar) en el foro motos.net. Un saludo David Tasende<\/p>\n<p>R.- Lo que usted propone est\u00e1 lleno de sentido y lo voy a incluir en mi programa electoral.<\/p>\n<p>P.- \u00bfPARA CUANDO LAS COMPETENCIAS DE SANIDAD?<\/p>\n<p>R.- Ya las tenemos.<\/p>\n<p>P.- Soy votante suyo y me gustar\u00eda saber si tiene intenci\u00f3n de cambiar el estatuto de autonom\u00eda de salir adelante el de Catalu\u00f1a. En caso afirmativo, \u00bfTiene intenci\u00f3n de eliminar el reparto a otras comunidades mas desfavorecidas y rebajarnos los impuestos?<\/p>\n<p>R.- No tengo intenci\u00f3n de cambiar el Estatuto y s\u00ed de rebajar los impuestos. De hecho, he bajado el 1% el IRPF y he suprimido sucesiones y donaciones.<\/p>\n<p>P.- Para cuando se va a hacer algo efectivo en contra de la especulacion y que favorezca de verdad al ciudadano en el precio real de la vivienda o en el precio del alquiler ?<\/p>\n<p>R.- Las medidas intervencionistas, siempre bienintencionadas, obtienen en TODOS los casos los resultados contrarios a los que persiguen. Nuestro programa de alquiler con opci\u00f3n a compra creemos que es lo mejor que se ha implantado en Espa\u00f1a hasta ahora.<\/p>\n<p>P.- Es posible una nueva l\u00ednea circular para el metro? La red se ha hecho tan radial que para ir de un punto pr\u00f3ximo a otro hace falta hacer m\u00e1s de un trasbordo. Un segundo cintur\u00f3n descongestionar\u00eda adem\u00e1s la l\u00ednea 6 y acabar\u00eda con sus problemas<\/p>\n<p>R.- Estamos d\u00e1ndole vueltas porque no se le oculta a usted que se tratar\u00eda de una obra de titanes que habr\u00eda que abordar a largo plazo.<\/p>\n<p>P.- El problema de los menores extranjeros que entran en Espa\u00f1a no acompa\u00f1ados est\u00e1 siendo cada vez m\u00e1s preocupante, sobre todo en una Comunidad como Madrid. Adem\u00e1s no parece que haya un criterio uniforme desde las Instituciones para afrontar este tema. \u00bfQu\u00e9 opina al respecto?.<\/p>\n<p>R.- Que tiene usted raz\u00f3n.<\/p>\n<p>P.- Hola Esperanza, buenas tardes y enhorabuena por su gesti\u00f3n. Le planteo un tema delicado: inmigraci\u00f3n-inseguridad. Lo cierto es que en la mayor\u00eda de los delitos que \u00faltimamente se han registrado en la comunidad de Madrid est\u00e1n implicados &#8220;inmigrantes&#8221;. Lo cierto es que aunque la mayor\u00eda dice no ser &#8220;racista&#8221;, si es cierto que la gente los mira con recelo. \u00bfComo se va a solucionar este problema?. A veces, da la sensaci\u00f3n que los inmigrantes tienen mas derechos sociales que nosotros (plazas en guarder\u00edas p\u00fablicas, subvenciones, viviendas de protecci\u00f3n oficial)&#8230; Muchas gracias.<\/p>\n<p>R.- Yo creo que nada tiene que ver la inmigraci\u00f3n con la delincuencia. Delincuentes los hay nacionales y extranjeros. La inmensa mayor\u00eda de los inmigrantes vienen a Espa\u00f1a a trabajar en busca de mejores oportunidades para ellos y sus familias que las que tienen en sus pa\u00edses de origen. Ahora bien, es cierto que nuestras leyes son demasiado permivisivas y eso atrae a delincuentes extranjeros a nuestro pa\u00eds.<\/p>\n<p>P.- Quer\u00eda saber porqu\u00e9 no se ha realizado ni proyectado ning\u00fan colegio p\u00fablico en el PAU de Vallecas. \u00bfCu\u00e1ntos colegios publicos est\u00e1n previstos realizar a CORTO plazo? Un saludo.<\/p>\n<p>R.- Yo creo que no tiene usted buena informaci\u00f3n. El otro d\u00eda estuve all\u00ed inaugurando un centro de salud y hab\u00eda una escuela infantil y un colegio p\u00fablico.<\/p>\n<p>P.- vivo en fuenlabrada y trabajo en coslada y el cierre de la M-50 me ahorraria bastante tiempo en mis desplazamientos. \u00bf esta previsto el cierre total de la M-50 para el a\u00f1o 2007?<\/p>\n<p>R.- Empezar\u00e1 en el 2007 si gano las elecciones. Pero no terminar\u00e1 hasta el 2009.<\/p>\n<p>P.- Despu\u00e9s del 11M \u00bfse f\u00eda usted de las fuerzas y cuerpos de seguridad del estado?.\u00bf Tuvieron responsabilidad por ineficaces en el atentado?. \u00bfHab\u00eda una conspiraci\u00f3n policial?. \u00bfSon unos incompetentes?. \u00bfO las dos cosas?.<\/p>\n<p>R.- Yo me f\u00edo de las Fuerzas y Cuerpos de Seguridad del Estado, como me f\u00edo de los jueces y fiscales, pero no descarto, como hacen otros, las investigaciones period\u00edsticas. Sigue habiendo muchas preguntas que todav\u00eda no tienen respuesta.<\/p>\n<p>P.- soy votante suyo pero las declaraciones acerca de que usted no &#8220;llega a fin de mes&#8221; y sus disputas con Gallardon me hacen desconfiar de usted. \u00bfNo cree que algunas palabras han resultado desacertadas? \u00bfQue tengo que pensar de un ayuntamiento y una comunidad que parecen divididas?<\/p>\n<p>R.- Esas declaraciones estaban sacadas de contexto. Jam\u00e1s me he quejado yo del sueldo de presidenta. En cuanto a Gallard\u00f3n, llevamos 24 a\u00f1os juntos en la pol\u00edtica madrile\u00f1a y aunque no estamos totalmente de acuerdo en tdo, s\u00ed estamos de acuerdo en luchar para seguir mejorando las condiciones de vida de los ciudadanos.<\/p>\n<p>P.- \u00bfDonde va a estar ubicada la pr\u00f3xima estaci\u00f3n del AVE?<\/p>\n<p>R.- Yo espero que haya una estaci\u00f3n del AVE en el Aeropuerto de Barajas.<\/p>\n<p>P.- hola Esperanza; cree que tantas manifestaciones en contra de las ideas de ZP o de su propia persona son buenas para el partido popular?<\/p>\n<p>R.- El derecho a manifestarse es un derecho constitucional, aunque estoy de acuerdo que no se debe abusar de, sin embargo, el hecho de que un asesino m\u00faltiple de 25 personas, convicto y confeso, sea excarcelado por ZP despu\u00e9s de escandalizarnos a todos, acost\u00e1ndose con la novia en el Hospital Penitenciario, merec\u00eda una manifestaci\u00f3n. No s\u00e9 que haremos ahora que anda de tiendas por San Sebasti\u00e1n.<\/p>\n<p>P.- Buenos d\u00edas Esperanza: Desde su paso por el Ministerio de Cultura hasta su actual presidencia en la Comunidad de Madrid&#8230;&#8230;\u00bfHa perdido la fe en la pol\u00edtica? A. Sanz-Medel<\/p>\n<p>R.- En absoluto. Cada vez me reafirmo m\u00e1s en mis convicciones: son las ideas y principios liberales las mejores para que cada vez m\u00e1s gente y especialmente los m\u00e1s desv\u00e1lidos y los m\u00e1s necesitados vivan mejor.<\/p>\n","protected":false},"excerpt":{"rendered":"<p>En 2003 accedi\u00f3 a la Presidencia del Gobierno de la Comunidad de Madrid. A mes y medio de las elecciones del 27 de mayo, Esperanza Aguirre hace balance de la legislatura que llega a su final. La presidenta del Partido Popular de Madrid responde.<br \/>\nV\u00eddeos: repaso a la actualidad y de ca\u00f1as <\/p>\n","protected":false},"author":1,"featured_media":0,"comment_status":"open","ping_status":"open","sticky":false,"template":"","format":"standard","meta":{"footnotes":""},"categories":[],"tags":[],"class_list":["post-4841","post","type-post","status-publish","format-standard","hentry"],"_links":{"self":[{"href":"https:\/\/intervius.com\/index.html\/wp-json\/wp\/v2\/posts\/4841","targetHints":{"allow":["GET"]}}],"collection":[{"href":"https:\/\/intervius.com\/index.html\/wp-json\/wp\/v2\/posts"}],"about":[{"href":"https:\/\/intervius.com\/index.html\/wp-json\/wp\/v2\/types\/post"}],"author":[{"embeddable":true,"href":"https:\/\/intervius.com\/index.html\/wp-json\/wp\/v2\/users\/1"}],"replies":[{"embeddable":true,"href":"https:\/\/intervius.com\/index.html\/wp-json\/wp\/v2\/comments?post=4841"}],"version-history":[{"count":0,"href":"https:\/\/intervius.com\/index.html\/wp-json\/wp\/v2\/posts\/4841\/revisions"}],"wp:attachment":[{"href":"https:\/\/intervius.com\/index.html\/wp-json\/wp\/v2\/media?parent=4841"}],"wp:term":[{"taxonomy":"category","embeddable":true,"href":"https:\/\/intervius.com\/index.html\/wp-json\/wp\/v2\/categories?post=4841"},{"taxonomy":"post_tag","embeddable":true,"href":"https:\/\/intervius.com\/index.html\/wp-json\/wp\/v2\/tags?post=4841"}],"curies":[{"name":"wp","href":"https:\/\/api.w.org\/{rel}","templated":true}]}}