{"id":4832,"date":"2007-04-27T00:00:00","date_gmt":"2006-11-06T00:00:00","guid":{"rendered":"https:\/\/intervius.com\/index.html\/?p=4832"},"modified":"2006-11-06T00:00:00","modified_gmt":"2006-11-06T00:00:00","slug":"La_Guardia4832","status":"publish","type":"post","link":"https:\/\/intervius.com\/index.html\/La_Guardia4832\/","title":{"rendered":"La Guardia"},"content":{"rendered":"<p>Pregunta.- hola buenas tardes,una muy buena noticia el regreso de uno de los grupos mas emblematicos del pop espa\u00f1ol,deseoso de veros en el pantano-rock la vi\u00f1uela.\u00bfvais a basar el directo en el disco nuevo o a tocar las canciones que siempre demanda vuestro publico?enhorabuena por el regreso discografico.saludos desde malaga.<\/p>\n<p>Respuesta.- Hola compa\u00f1ero. Esperamos verte en ese concierto. El repertorio que tocaremos estar\u00e1 basado en la mitad del \u00faltimo disco y el resto de temas ser\u00e1n los grandes \u00e9xitos de La Guardia y alguna otra versi\u00f3n. Cada concierto es diferente, la verdad, no te puedo decir exactamente.<\/p>\n<p>P.- Hola tocayo y paisano, soy un seguidor incondicional de La Guardia. \u00a1\u00a1Mira que ha pasado el tiempo!!!&#8230;. y todav\u00eda me emociono escuchando Blues de La Nacional II, por ponerte un ejemplo. Espero que en vuestro nuevo disco sea un \u00e9xito.Un abrazo.<\/p>\n<p>R.- Muchas gracias paisano. Desde el 26 de febrero ya est\u00e1 en la calle el disco. Este trabajo recoge la esencia del grupo, sobre todo del disco V\u00e1monos, donde estaba esta canci\u00f3n que tanto te gustaba. Es un disco con muchas influencias countrys y muy ac\u00fastico.<\/p>\n<p>P.- Tengo 37 a\u00f1os y os recuerdo como una de las ocho o diez bandas de mi vida, me he pasado vuestras cassettes a CD y os sigo escuchando en el coche&#8230; nunca entend\u00ed la desaparici\u00f3n de grandes bandas como La Frontera, Rebeldes o vosotros, cuando el rock nunca ha dejado de gustar en Espa\u00f1a (creo)&#8230; mi pregunta es \u00bfpor qu\u00e9 tantos a\u00f1os desaparecidos, qu\u00e9 hab\u00e9is estado haciendo? \u00bfv\u00e1is a mantener vuestro estilo, encontrar\u00e9 lo que a\u00f1oro? Sinceramente, mucha suerte y&#8230; \u00a1os espero ver en directo en Barcelona!<\/p>\n<p>R.- Hola compa\u00f1ero. La verdad es que nunca hemos dejado de tocar ni de estar vinculados al rock and roll, hemos estado trabajando sin hacer mucho ruido en sellos peque\u00f1os y a nivel independiente, como en los inicios, partiendo de cero otra vez. Pero por fin hemos dado con una discogr\u00e1fica que cree en nosotros y tenemos m\u00e1s presencia en los medios. Y por supuesto vamos a seguir manteni\u00e9ndonos fieles a nuestro estilo, de momento.<\/p>\n<p>P.- Gracias por volver!!!Yo fui admiradora vuestra y espero seguir si\u00e9ndolo,,, con qu\u00e9 nos v\u00e1is a sorprender en este nuevo album?? Espero que veng\u00e1is pronto por Guadalajara(Espa\u00f1a) Un besito<\/p>\n<p>R.- Muchas gracias, preciosa. Creo que este disco las letras son muy novedosas para La Guardia, creo que es donde m\u00e1s hemos apostado fuerte, sin dejar las melod\u00edas, por supuesto.<\/p>\n<p>P.- \u00bfSois los mismos componentes que hace 13 a\u00f1os o ha habido cambios en la estructura del grupo?<\/p>\n<p>R.- Es muy dif\u00edcil mantener los componentes de una banda con una carrera tan dilatada, el a\u00f1o que viene cumplimos un cuarto de siglo. A nivel personal, cada uno tiene sus prioridades y necesidades. La esencia del grupo te puedo garantizar que sigue intacta. Estamos los que tenemos que estar. Por otra parte, la gente nueva aporta mucha fuerza y nos da mucha frescura.<\/p>\n<p>P.- Un agradecimiento y una pregunta. La Guardia fue el primer grupo que v\u00ed en concierto, all\u00e1 por el a\u00f1o&#8230; uff, prefiero no pensarlo&#8230; Quiero agradeceros que hayais sacado este disco, que lo he comprado y que me encanta, y que hayais vuelto a traer ese esp\u00edritu rockero de los 80. La pregunta: habeis apostado fuerte por uno de los finalistas de Operaci\u00f3n Triunfo, Leo, \u00bfqu\u00e9 cualidades habeis visto en \u00e9l para hacerlo (ojo, la pregunta va en el buen sentido, tambi\u00e9n me he comprado el disco de \u00e9l y me gusta mucho, especialmente &#8220;Luc\u00eda&#8221;)? Gracias. Alicia<\/p>\n<p>R.- Hola Alicia. Muchas gracias. La verdad es que Leo es un gran amigo y desde que le conoc\u00ed cuando visit\u00e9 la Academia de Operaci\u00f3n Triunfo conectamos, me di cuenta que no ten\u00eda nada que ver con los otros triunfitos. La canci\u00f3n Luc\u00eda la compuse para su disco, me encanta apoyar a la gente que sale nueva, sobre todo cuando aportan nuevas maneras. Lo que he visto en Leo es las ganas que tiene de hacer m\u00fasica, el buen gusto que tiene y que se cree lo que hace.<\/p>\n<p>P.- A quien va dedicada (o inspirada por quien esta) vuestra cancion &#8220;El mundo tras el cristal&#8221;? Me ha influido mucho en mi vida y tengo curiosidad por saberlo. Muchas gracias<\/p>\n<p>R.- Antes compon\u00edamos de otra forma totalmente diferente, primero hac\u00edamos las melod\u00edas y luego intentabamos darle la letra. \u00c9sta canci\u00f3n qued\u00f3 para el final, se nos atraves\u00f3 la letra. Yendo al estudio de grabaci\u00f3n, un taxista nos apunt\u00f3 la primera estrofa y a partir de ah\u00ed surgi\u00f3 la letra. No est\u00e1 basada en un caso real.<\/p>\n<p>P.- Aunque La Guardia lleve 13 a\u00f1os sin componer Manolo Espa\u00f1a ha tenido varios proyectos en este tiempo, como por ejemeplo Chamaco, que en Andaluc\u00eda s\u00ed han sonado bastante pero no a nivel nacional. \u00bfA qu\u00e9 crees que fue debido? porque a m\u00ed personalmente me gust\u00f3 mucho el disco de Chamaco. Fdo. Alfonso, un Granaino admirador de La Guardia<\/p>\n<p>R.- Gracias Alfonso. Estoy personalmente muy contento con los dos discos de Chamaco, de hecho si me tuviese que quedar con tres discos me quedar\u00eda con los dos de Chamaco y el \u00faltimo de La Guardia, son de los que m\u00e1s orgulloso estoy. Fue una putada que no tuviera m\u00e1s presencia medi\u00e1tica, solo sacamos un single.<\/p>\n<p>P.- Hola. Me alegro mucho de que volv\u00e1is, recuerdo vuestras canciones con las que he disfrutado mucho. \u00bfPor qu\u00e9 os quit\u00e1steis lo del &#8220;cardenal Richelieu&#8221;? \u00bfera demasiado largo? Espero veros pronto por Granada. Un abrazo. Juan. Granada<\/p>\n<p>R.- S\u00ed, la verdad es que cuando tocabamos con otros grupos nuestro nombre siempre aparec\u00eda m\u00e1s peque\u00f1o al ser tan extenso, parec\u00edamos los teloneros. Otra raz\u00f3n es que el cardenar Richelieu ya no ten\u00eda nada que ver con la m\u00fasica que hac\u00edamos, ya era m\u00e1s elaborada y nos encasillaba mucho. Decidimos dejar al cardenal Richelieu en una rotonda.<\/p>\n<p>P.- Ayer estuve en vuestro concierto en Villaviciosa, me encant\u00f3. \u00c9ramos muy pocos, \u00bfC\u00f3mo influye eso a la hora del directo? \u00bfNo da mal rollo ver a la gente sentada? Os aseguro que a m\u00ed me cuesta un mont\u00f3n no saltar del asiento, estaba deseando que la gente se animara&#8230; Un beso, Elena.<\/p>\n<p>R.- Muchas gracias, Elena. Como pudiste ver, la verdad es que lo pasamos bastante bien en el escenario y al final todo el mundo termin\u00f3 lev\u00e1ntandose de los asientos y acerc\u00e1ndose. Lo jodido son las dos primeras canciones porque si no consigues conectar la verdad es que se pasa bastante mal, pero hasta ahora no nos ha sucedido. Un besito y gracias por venir.<\/p>\n<p>P.- El a\u00f1o pasado en San Fermines menudo conciertazo!!!me encantan vuestras canciones y la versi\u00f3n de cartas en el caj\u00f3n de los chunguitos un temazo&#8230;.para cuando esos concierto??un besazo de una madrile\u00f1a<\/p>\n<p>R.- Muchas gracias, madrile\u00f1a. A mi tambi\u00e9n me encanta la versi\u00f3n de El mundo tras el cristal porque me parece algo que no tiene nada que ver ni con la m\u00fasica de La Guardia ni con la m\u00fasica de Los Chunguitos. Ese tipo de aventuras musicales me gustan, me motivan much\u00edsimo. Ya con Chamaco lo practic\u00e1bamos, no nos cort\u00e1bamos para mezclar el rock con canciones que iban desde Raffaella Carr\u00e1 hasta Jeanette.<\/p>\n<p>P.- \u00bfPa cuando un disco de Rock?<\/p>\n<p>R.- Ya lo tenemos. Estamos muy contentos con Sobre ruedas. Es un disco de rock al m\u00e1s estilo Costa Oeste. Sin ser pedante, es como los discos que grababan los Eagles, por ponerte un ejemplo. Muchas melod\u00edas, mucha guitarra ac\u00fastica, canciones simples, pero muy directas y muy crudas. Eso es el rock &#038; roll, hermano.<\/p>\n<p>P.- \u00bfQu\u00e9 echa de menos en el ambiente art\u00edstico actual una de las bandas emblem\u00e1ticas de los 80?\u00bfSigue existiendo ese buen rollo entre los grupos de aquellos a\u00f1os? Gracias por vuestras composiciones tan pegadizas<\/p>\n<p>R.- Muchas gracias, lo primero. S\u00ed que sigue existiendo buen rollo entre las bandas que quedan. En este disco ha colaborado gente de Burning y de Gabinete Galigari, lo cual demuestra que tenemos muchas ganas de colaborar y de tocar juntos. Lo que pasa es que no hay tanta movida musical como entonces.<\/p>\n<p>P.- Hola Manuel, me gustaria saber como ha sido la experciencia de compartir tema con Jaime Urrutia, todo un lujo, supongo, y si tendremos posibilidad de veros pronto por Alcala de Henares. Besos. Gema.<\/p>\n<p>R.- Me parece que muy prontito vamos a estar por all\u00ed cerca, tenemos varios conciertos en Madrid as\u00ed que si alguno te viene bien te puedes acercar. Todas las fechas en www.grupolaguardia.com, que acabamos de renovar. La experiencia con Jaime fue una aut\u00e9ntica pasada. Como m\u00fasico es un gran artista y como persona encantador. \u00c9l me coment\u00f3 que se sent\u00eda muy identificado con mi letra y que para \u00e9l era un placer cantarla. Para mi es un sue\u00f1o m\u00e1s cumplido, al igual que la colaboraci\u00f3n de Jonnhy.<\/p>\n<p>P.- Hola buenos d\u00edas Fui seguidora vuestra y admiraba la facilidad de vuestras letras tan pegadizas y que aunque pase el tiempo son canciones que han perdurado y me gusta seguir escuchandolas perdoname la comparacion pero para mi La guardia y los Secretos las bandas sonoras de mi vida. Un Beso y mucha suerte<\/p>\n<p>R.- No te tenemos que perdonar, son bandas con las que hemos crecido todos. Somos todos grandes amigos. Aunque \u00faltimamente no coincidimos mucho, hemos tenido la oportunidad de colaborar. \u00c1lvaro de Los Secretos hizo una versi\u00f3n de Buena suerte se\u00f1orita en un disco llamado Acento del sur.<\/p>\n<p>P.- Que os queda de los tiempos en que todo ocurr\u00eda y se beb\u00eda en la callle Pedro Antonio de Alarcon<\/p>\n<p>R.- Se ve que conoces Pijolandia. Las cosas han cambiado mucho y ahora el tema va de botellones sin sentido donde no hay m\u00fasica ni nada por el estilo.<\/p>\n<p>P.- \u00bfQue ha sido de los otros miembros de la Guardia de toda la vida? \u00bfPorque ya no siguen? A.<\/p>\n<p>R.- Como muchos sab\u00e9is, Enrique falleci\u00f3 en el 94 despu\u00e9s de grabar aquel disco en Los \u00c1ngeles. De los tres que quedamos, estamos dos, Emilio Mu\u00f1oz y yo. Joaqu\u00edn Almendros, que fue nuestro primer guitarra, es productor musical y toca en una banda que se llama Mescal.<\/p>\n<p>P.- Hola tuve la suerte de vivir 6 a\u00f1os en Granada al estar estudiando en la Universidad, recuerdo vuestros conciertos al igual que los de 091, qu\u00e9 a\u00f1os aquellos cuanta buena m\u00fasica se o\u00eda entonces. Me gusta mucho vuestro nuevo \u00e1lbum. Espero veros por Jaen ahora que llega el veranito. Mucha suerte.<\/p>\n<p>R.- Muchas gracias. De momento no tenemos nada por Ja\u00e9n, pero como se est\u00e1n cerrando fechas continuamente, esperamos que salga algo por ah\u00ed. Por nuestra parte, continuamos la herencia de esos a\u00f1os.<\/p>\n<p>P.- QUE TAL FUE LA EXPERIENCIA DE GRABAR UN DISCO EN LOS ANGELES? VOLVERIAS A IR?<\/p>\n<p>R.- La experiencia fue alucinante, sobre todo porque tuvimos la posibilidad de tocar con la gente que admirabamos y contar con un productor de lujo que contaba con un Grammy por su trabajo con Roy Orbison. Hay un par de canciones que tocan los m\u00fasicos de \u00e9ste, lo cual es otro sue\u00f1o cumplido. Estoy deseando que nos inviten al desierto de Mojave.<\/p>\n<p>P.- Hola Manuel!!Qu\u00e9 grata sorpresa!. No se si te acordar\u00e1s de una joven que te pidi\u00f3 ayuda para realizar un reportage sobre la m\u00fasica de los ochenta (Movida Madrile\u00f1a) y a la que ayudaste encantado!! Esa era yo, y ante todo quiero darte las garcias!!! Y&#8230;Ah\u00ed va mi pregunta&#8230;\u00bfCon este nuevo \u00e1lbum pretendes seguir la linea de los ochenta (la que a m\u00ed me gusta) o cambiar para algo m\u00e1s actual? Un beso enorme Manuel!! Un Saludo, Paulinha P.D. Cuento contigo para mi pr\u00f3ximo proyecto.<\/p>\n<p>R.- Un besito, Paulinha, estoy dispuesto a ayudarte en tu nuevo proyecto. El disco pretende un poco las dos cosas: continuar con el trabajo que emprendimos en los 80 con un disco artesanal y an\u00e1logico y, por otra parte, intentamos no cerrarnos y estar abiertos a las nuevas posibilidades, nos atrevemos con alg\u00fan loop electr\u00f3nico, aunque est\u00e9 muy de fondo.<\/p>\n<p>P.- \u00a1Hola!Soy una granadina que vive en Canad\u00e1. Durante el a\u00f1o que llevo aqu\u00ed tu nombre y La Guardia ha salido muchas veces en nuestras conversaciones. \u00bfComo definir\u00edas el nuevo disco?. Un beso muy grande. Mary Garraf<\/p>\n<p>R.- Suena bien para hacer una canci\u00f3n, Una granaina en Canad\u00e1, no descarto la posibilidad de incluirla en el nuevo disco. Me encanta que estemos presentes en tus conversaciones. Ojal\u00e1 nuestro trabajo pueda llegar all\u00ed.<\/p>\n<p>P.- \u00bfCual es su sue\u00f1o despues de tantos a\u00f1os?<\/p>\n<p>R.- M\u00e1s que un sue\u00f1o es un deseo: que me quede como estoy, tocando habitualmente, con un p\u00fablico bastante fiel y con trabajo y fechas por delante. Soy una persona bastante sencilla y no pido m\u00e1s. Los premios si tienen que venir que vengan.<\/p>\n<p>P.- what\u00b4s up!!! soy Sebasti\u00e1n &#8220;bajosexto&#8221; del Conjunto San Antonio; el CD como dice la canci\u00f3n ha quedado redondo ; me gustar\u00eda que ilustraseis al respetable con unas palabrillas a cerca de la m\u00fasica tex-mex.Vale.<\/p>\n<p>R.- !Qu\u00e9 arte, t\u00edo! Un saludo, cuatacho. No hay d\u00eda que no escuche vuestra m\u00fasica, de hecho, os tengo una sorpresa preparada que pondremos en funcionamiento en breve. Recomiendo a todo el mundo que escuchen a esta gran banda de tex-mex, creo que la \u00fanica que tenemos en nuestro pa\u00eds. Un saludo a todos los amantes de este g\u00e9nero. Un abrazo para Sebasti\u00e1n y para Miguel. Pura bomba, Chido chido.<\/p>\n<p>P.- La verdad es que siempre recuerdo que cuando era peque\u00f1a le preguntaba a mi madre quien era el que cantaba cuando nos pon\u00eda vuestro cassete en el coche, porque desde que os escuch\u00e9 por primera vez que creo que tienes la voz mas bonita del panorama musical espa\u00f1ol y siempre pienso, donde se habr\u00e1 metido el t\u00edo con la voz mas bonita que he escuchado y por fin habeis reaparecido. Gracias!! Besos desde Barcelona. Marta<\/p>\n<p>R.- Marta, eres un primor, muchas gracias. La verdad es que hemos estado trabajando todo este tiempo, como ya he comentado antes: tocando en salas peque\u00f1itas, bares de carretera y todo lo que se terciaba, hasta que ya por fin tenemos disco nuevo. El que la sigue la consigue y aqu\u00ed estamos para quedarnos.<\/p>\n<p>P.- Hola Manuel.A todos vuestros seguidores nos gustaria tener algo de material en directo en dvd a ser posible\u00bfPara cuando un directo con todos vuestros exitos en acustico?<\/p>\n<p>R.- Esa pregunta me la hago yo todos los d\u00edas. Tenemos un proyecto que est\u00e1 un poco todav\u00eda en el aire con Vale Music en el que nos gustar\u00eda hacer un concierto invitando a amigos, pero de momento es eso, un proyecto.<\/p>\n<p>P.- Hola, primero daros la enhorabuena por el disco. Manuel, para cuando por la Frontera??? Besos.<\/p>\n<p>R.- La verdad es que ya va siendo hora. Tocar en Collado Villalba es siempre un placer para nosotros y todos los a\u00f1os solemos hacer cinco o seis actuaciones all\u00ed, hace mucho tiempo que no acudimos. Hablaremos con Paco, el due\u00f1o, para ir pronto por all\u00ed. Ahora estamos muy liados con la promo.<\/p>\n<p>P.- \u00a1Hola Manuel y compa\u00f1\u00eda! \u00bfVa\u00eds a salir de nuevo en Array\u00e1n? Enhorabuena por el disco. La espera ha valido la pena. Un saludo Alagomez<\/p>\n<p>R.- Hola hermano del foro. Ya por lo menos te has atrevido a saludarme por medio del chat. Espero que cuando me veas por Granada me pares por la calle. Respecto a Array\u00e1n, ya me han mandado el gui\u00f3n nuevo, que por cierto es bastante m\u00e1s complicado que el anterior y la semana que viene nos vamos al rodaje.<\/p>\n<p>P.- Llevo un a\u00f1o fuera de Granada&#8230; y la echo de menos. \u00bfQu\u00e9 piensas de tu ciudad?. Un fuerte abrazo. Alberto (Ceuta)<\/p>\n<p>R.- Para mi Granada es mi casa, me compensa tener que estar cogiendo todos los d\u00edas autobuses, trenes y otros medios de transporte. Es donde suelo componer, donde tengo mis amigos. Aprovecho para decirle a la gente que vote a La Alhambra para que sea una de las Siete Maravillas del Mundo.<\/p>\n<p>P.- desde el a\u00f1o 94 lo que ha cambiado el mundo, la juventud, la industria de la musica!! que habeis hecho estos a\u00f1os? estabais en la musica o totalmente desligados? que publico buscais, los treinta\u00f1eros (que os disfrutamos entonces) o la juventud 18-25 actual? Gracias por poner una nota castiza, entre tanto sonido Miami!!!<\/p>\n<p>R.- Muchas gracias por lo de castizo. Hemos estado siempre vinculados a la m\u00fasica y haciendo cosas muy bonitas, aunque a un nivel m\u00e1s independiente. Siempre hemos sido un grupo con un p\u00fablico muy variopinto, nuestra m\u00fasica es para todos los p\u00fablicos, de hecho en el foro de La Guardia hay gente desde cinco a\u00f1os hasta setenta y muchos. Es alucinante.<\/p>\n<p>P.- \u00bfPor qu\u00e9 siempre pon\u00e9is caras de enfadados?<\/p>\n<p>R.- Porque tenemos rasgos duros, pero somos gente muy divertida y cualquiera que haya ido a un concierto de La Guardia puede dar f\u00e9. Nos solemos re\u00edr bastante, pero ser\u00e1 que las c\u00e1maras nos impresionan todav\u00eda.<\/p>\n<p>P.- Hola Manuel, soy Rafa de Alcoy simplemente agradecerte o darte las gracias una vez mas por ser como eres, un profesional como la copa de un pino, y una persona excelente&#8230; Sigue haciendo lo que mas sabes, llegar al coraz\u00f3n de la gente con esas letras llenas de vida y de magia&#8230; Un fuerte abrazo maestro y enhorabuena una vez mas!!!&#8230;.<\/p>\n<p>R.- Hola mi amigo alcoyano, espero vernos pronto por ah\u00ed y muchas gracias por tus palabras, que para mi son una inyecci\u00f3n de moral muy importante. Un fuerte abrazo. Nos vemos en los conciertos.<\/p>\n<p>P.- Buenas chavalotes, soy Ortet,\u00bfcon tantos tributos ,cuando toca un tributo a la guardia?y si lo va a ver para mas adelante que ahora estamos disfrutando &#8220;sobre ruedas&#8221;. Un saludo y nos vemos en Archena<\/p>\n<p>R.- Estamos ya tramando algo, pero todav\u00eda es muy pronto para poder dar un dato m\u00e1s concreto. Te aseguro que dentro de poco tendr\u00e1s noticias porque nos apetece mucho la idea de juntar a todos los amigos y hacer un disco bien bonito, pero como dice el refr\u00e1n &#8220;v\u00edsteme despacio, que tengo prisa&#8221;. Y !qu\u00e9 alegr\u00eda leerte, amigo Ortet! Besos a la familia, en especial a la peque\u00f1a.<\/p>\n<p>P.- \u00bfVais a cantar el viernes en radio 1 noches como esta?<\/p>\n<p>R.- No la tenemos ensayada porque hemos dedicado todo este tiempo a las canciones del \u00faltimo disco, pero si te hace mucha ilusi\u00f3n te podemos hacer un trocito, aunque sea a nivel ac\u00fastico.<\/p>\n","protected":false},"excerpt":{"rendered":"<p>Pregunta.- hola buenas tardes,una muy buena noticia el regreso de uno de los grupos mas emblematicos del pop espa\u00f1ol,deseoso de veros en el pantano-rock la vi\u00f1uela.\u00bfvais a basar el directo en el disco nuevo o<span class=\"theme-excerpt-more\"> [&#8230;] <a href=\"https:\/\/intervius.com\/index.html\/La_Guardia4832\/\" title=\"La Guardia\">Read More<\/a><\/span><\/p>\n","protected":false},"author":1,"featured_media":0,"comment_status":"open","ping_status":"open","sticky":false,"template":"","format":"standard","meta":{"footnotes":""},"categories":[],"tags":[],"class_list":["post-4832","post","type-post","status-publish","format-standard","hentry"],"_links":{"self":[{"href":"https:\/\/intervius.com\/index.html\/wp-json\/wp\/v2\/posts\/4832","targetHints":{"allow":["GET"]}}],"collection":[{"href":"https:\/\/intervius.com\/index.html\/wp-json\/wp\/v2\/posts"}],"about":[{"href":"https:\/\/intervius.com\/index.html\/wp-json\/wp\/v2\/types\/post"}],"author":[{"embeddable":true,"href":"https:\/\/intervius.com\/index.html\/wp-json\/wp\/v2\/users\/1"}],"replies":[{"embeddable":true,"href":"https:\/\/intervius.com\/index.html\/wp-json\/wp\/v2\/comments?post=4832"}],"version-history":[{"count":0,"href":"https:\/\/intervius.com\/index.html\/wp-json\/wp\/v2\/posts\/4832\/revisions"}],"wp:attachment":[{"href":"https:\/\/intervius.com\/index.html\/wp-json\/wp\/v2\/media?parent=4832"}],"wp:term":[{"taxonomy":"category","embeddable":true,"href":"https:\/\/intervius.com\/index.html\/wp-json\/wp\/v2\/categories?post=4832"},{"taxonomy":"post_tag","embeddable":true,"href":"https:\/\/intervius.com\/index.html\/wp-json\/wp\/v2\/tags?post=4832"}],"curies":[{"name":"wp","href":"https:\/\/api.w.org\/{rel}","templated":true}]}}