{"id":4820,"date":"2007-05-10T00:00:00","date_gmt":"2006-11-06T00:00:00","guid":{"rendered":"https:\/\/intervius.com\/index.html\/?p=4820"},"modified":"2006-11-06T00:00:00","modified_gmt":"2006-11-06T00:00:00","slug":"Angel_Villalba4820","status":"publish","type":"post","link":"https:\/\/intervius.com\/index.html\/Angel_Villalba4820\/","title":{"rendered":"\u00c1ngel Villalba"},"content":{"rendered":"<p>Pregunta.- Estimado candidato, \u00bfUsted cree una Castilla y Le\u00f3n m\u00e1s fuerte con un partido socialista, que el actual proyecto popular? \u00bfCree que se agota el ciclo de proyecto popular?. \u00bfSois conscientes de una verdadera alternativa con un proyecto o solo vale la critica a los populares?. Saludos. Carlos de Valladolid<\/p>\n<p>Respuesta.- Todos los ciudadanos de Castilla y Le\u00f3n saben que el modelo PP no ha sido \u00fatil para un proyecto de Comunidad: somos menos (70.000 habitantes menos que en 1987), tenemos menos peso espec\u00edfico en Espa\u00f1a y ning\u00fan peso pol\u00edtico; nuestros j\u00f3venes (18.000 en 2005) se siguen yendo de la Comunidad y, por si fuera poco, las diferencias entre provincias y territorios son abismales. El PP no ha estado a la altura de Castilla y Le\u00f3n: es la hora del PSOE. Castilla y Le\u00f3n exige un nuevo modelo econ\u00f3mico, una pol\u00edtica social rabiosamente p\u00fablica, una Administraci\u00f3n m\u00e1s pegada a las familias y una voluntad de cooperar con las comunidades aut\u00f3nomas, con Portugal y con el Gobierno de Espa\u00f1a que nos haga mejores.<\/p>\n<p>P.- Soy un vallisoletano de 27 a\u00f1os que ha abandonado la comunidad aut\u00f3noma, para trabajar en MAdrid ante las nulas expectativas de hacerlo en casa. \u00bfCu\u00e1les son las medidas concretas que usted propone para ofrecer trabajo estable a los jovenes castellanos? Por favor, sea concreto.<\/p>\n<p>R.- Adem\u00e1s de un plan de retorno joven que incentive la contrataci\u00f3n y el regreso de nuestros emigrantes, es imprescindible que haya m\u00e1s capacidad y energ\u00eda en la creaci\u00f3n de empresas y en la puesta en marcha de proyectos industriales. Castilla y Le\u00f3n necesita un plan industrial dentro de lo que llamo la &#8220;segunda modernizaci\u00f3n de la Comunidad&#8221; que provoque la creaci\u00f3n de m\u00e1s y mejores proyectos empresariales, de m\u00e1s diversificaci\u00f3n en nuestro mundo rural y de una apuesta ambiciosa por la modernizaci\u00f3n y las nuevas tecnolog\u00edas. Y aprovechar nuestra situaci\u00f3n privilegiada de enclave entre nueve comunidades aut\u00f3nomas y un pa\u00eds, Portugal.<\/p>\n<p>P.- De ganar las elecciones, c\u00f3mo piensan regular la &#8220;protecci\u00f3n, uso y promoci\u00f3n&#8221; del idioma leon\u00e9s que aparece en el nuevo Estatuto? vamos a tener que hablarlo todos?<\/p>\n<p>R.- El leon\u00e9s fue una de las lenguas de Espa\u00f1a, hermana del castellano y utilizada en una franja territorial ampl\u00edsima. A\u00fan hay restos de \u00e9l en el norte de Le\u00f3n, en la comarca de Sayago (Zamora) y es lengua reconocida en Miranda do Douro (Portugal). Merece reconocimiento y respeto como cualquier manifestaci\u00f3n cultural o art\u00edstica -miles en nuestra Comunidad Aut\u00f3noma- de las que nos sentimos orgullosos. Ello no significa hablarlo ni siquiera en la intimidad, sino conocerlo. Y eso -su conocimiento y sus valores- lo impulsaremos desde el Instituto Alfonso IX de Le\u00f3n.<\/p>\n<p>P.- Buenas, en otras comunidades como Andaluc\u00eda y Catalu\u00f1a se han sometido a referendo los nuevos Estatutos de Autonom\u00eda, y sin embargo aqu\u00ed no han querido que sea as\u00ed, \u00bfsomos ciudadanos de segunda?<\/p>\n<p>R.- Exactamente somos una Comunidad que accedi\u00f3 a su autonom\u00eda por la llamada v\u00eda lenta, que no contemplaba la ratificaci\u00f3n mediante refer\u00e9ndum de su Estatuto. Esa es la raz\u00f3n por la que las modificaciones estatutarias siguientes no se han sometido a consulta ciudadana. Pero somos ciudadanos de primera en una Comunidad de primera.<\/p>\n<p>P.- \u00bfCree que los macroproyectos impulsados por la Junta de Castilla y Le\u00f3n como la Ciudad del Medio Ambiente, la Ciudad del Golf o San Glorio, aprobados por Ley en la mayor\u00eda de los casos son compatibles con un urbanismo responsable?<\/p>\n<p>R.- Hay proyectos impulsados por el Gobierno Herrera que responden a criterios de la especulaci\u00f3n m\u00e1s irresponsable y salvaje que haya conocido esta Comunidad Aut\u00f3noma. Las Navas del Marqu\u00e9s, la Ciudad del Medio Ambiente, Villanueva de G\u00f3mez, Arroyo de la Encomienda, etc&#8230;son modelos de un urbanismo desproporcionado que no voy a consentir desde el Gobierno auton\u00f3mico. Pero estoy seguro que se puede impulsar un proyecto de San Glorio compatible con el desarrollo de la Monta\u00f1a de Le\u00f3n y tambi\u00e9n de Palencia y el respeto exquisito a un Patrimonio Natural envidiable.<\/p>\n<p>P.- Buenos d\u00edas sr. Villalba. Ante el articulado de la &#8220;Ley del Vino&#8221; que promov\u00eda la ministra Salgado, y que, afortunadamente, no ha salido adelante, \u00bfcu\u00e1l era la postura de los socialistas castellano-leoneses tanto en el Congreso como en CyL?. \u00bfSe hubiesen atrevido a desafiar la disciplina de partido defendiendo la riqueza que este alimento genera en zonas como Burgos o Bierzo?. Gracias y un saludo. David (\u00c1vila)<\/p>\n<p>R.- Fuimos los primeros en hacer saber al Gobierno -a la ministra y al propio presidente- los efectos negativos que un articulado estricto podr\u00eda provocar en el sector vitivin\u00edcola de la Comunidad. Evidentemente, hubo respeto a nuestra posici\u00f3n y estamos ahora trabajando conjuntamente en una nueva Ley que haga compatible el deber de proteger la salud de los menores con la viticultura y la protecci\u00f3n de un vino de tanta calidad como es el de Castilla y Le\u00f3n.<\/p>\n<p>P.- \u00bfPor qu\u00e9 se ha acabado ya la autov\u00eda Burgos-Le\u00f3n mientras otras siguen sin llevarse a cabo? Pregunto esto porque tengo entendido que dicha autov\u00eda no tiene pr\u00e1cticamente usuarios y otras zonas de la regi\u00f3n con mayor volumen de desplazamientos estamos a\u00fan esperando.<\/p>\n<p>R.- La autov\u00eda Le\u00f3n-Burgos se comenz\u00f3 en 1993 y su \u00faltimo tramo se inaugur\u00f3 no hace tanto tiempo. Estoy de acuerdo en que no era la prioridad de Castilla y Le\u00f3n, pero bienvenida sea. Ahora el Gobierno de Espa\u00f1a est\u00e1 impulsando la modernizaci\u00f3n y el desdoblamiento de las carreteras de su competencia y es verdad que la Comunidad tiene que desarrollar su propio plan de autov\u00edas auton\u00f3micas (m\u00e1s de 14.000 kil\u00f3metros de carreteras) para estar a la altura de las necesidades de los ciudadanos.<\/p>\n<p>P.- Buenos d\u00edas, se\u00f1or Villalba. Existe un movimiento nacionalista leon\u00e9s, que busca separar los territorios hist\u00f3ricos del Reino de Le\u00f3n del resto de la comunidad, y convertirlos en una autonom\u00eda similar a Catalu\u00f1a. Este movimiento tiene una base social sustancial en Le\u00f3n, pero suele ser vista con indiferencia u hostilidad en Zamora y Salamanca (por no hablar del resto de provincias castellanoleonesas, o de C\u00e1ceres). \u00bfEs mejor unir o separar? \u00bfCu\u00e1l es la postura oficial del partido socialista sobre estos aspectos?<\/p>\n<p>R.- Estoy de acuerdo en que el discurso de UPL es contradictorio con el sentimiento de muchos ciudadanos, fundamentalmente de Zamora y Salamanca. Nosotros defendemos el derecho de los leoneses a sentirse orgullosos de su historia y su cultura y a exigir tambi\u00e9n un plan especial para situar a nuestra provincia en un nuevo horizonte de desarrollo econ\u00f3mico, de empleo y de bienestar.<\/p>\n<p>P.- \u00bfQu\u00e9 opina del centralismo que impera en Castilla y Le\u00f3n? \u00bfAlguna soluci\u00f3n?<\/p>\n<p>R.- Somos defensores apasionados de la descentralizaci\u00f3n como \u00fanica f\u00f3rmula para desarrollar la Comunidad. Ello significa m\u00e1s competencias y financiaci\u00f3n para los ayuntamientos, m\u00e1s colaboraci\u00f3n con las diputaciones y una apuesta por un trabajo en comarca; es decir, por la presencia de servicios p\u00fablicos eficaces y modernos cerca de las familias.<\/p>\n<p>P.- Si sale elegido en esta candidatura, qu\u00e9 cambiaria en Castilla y Le\u00f3n?<\/p>\n<p>R.- Apuesto por un modelo descentralizado y por la m\u00e1xima complicidad y cooperaci\u00f3n con los ayuntamientos. Por un nuevo modelo econ\u00f3mico basado especialmente en la innovaci\u00f3n y las nuevas tecnolog\u00edas, por devolver a nuestro medio rural la capacidad de atraer poblaci\u00f3n y desarrollo social y econ\u00f3mico. Pero tengo dos obsesiones: el regreso de nuestros j\u00f3venes e impulsar una imagen atractiva de Castilla y Le\u00f3n en Espa\u00f1a y en el mundo.<\/p>\n<p>P.- Buenos d\u00edas Sr Villalba, mi pregunta es la siguiente: Despu\u00e9s de m\u00e1s de dos a\u00f1os, si no me equivoco, con la comisi\u00f3n contra la despoblaci\u00f3n creada, \u00bfqu\u00e9 se ha hecho, qu\u00e9 medidas concretas para atajar y solucionar el gran problema de Castilla y Le\u00f3n? Los j\u00f3venes nos tenemos que marchar de nuestra comunidad, la comunidad se envejece cada vez m\u00e1s. Un burgal\u00e9s trabajando en Ja\u00e9n. Mucha suerte<\/p>\n<p>R.- Desgraciadamente, el PP de Herrera es adicto a los pactos y acuerdos y experto en incumplirlos. Por lo tanto, ni una sola de las 73 medidas que contiene el Acuerdo contra la Despoblaci\u00f3n se ha puesto en marcha con impulso suficiente. Mi programa contiene el desarrollo en la pr\u00f3xima legislatura de todas y cada una de las medidas que hemos consensuado con la sociedad de Castilla y Le\u00f3n.<\/p>\n<p>P.- \u00bfpor qu\u00e9 ha permitido que nos quitaran documentos del archivo de Salamanca?<\/p>\n<p>R.- Tenemos ahora m\u00e1s documentaci\u00f3n depositada en el Archivo, mejores proyectos para su investigaci\u00f3n y un plan para su inclusi\u00f3n en el Centro de la Memoria Recuperada. Y ello es compatible con el respeto a la voluntad democr\u00e1tica del Congreso de los Diputados que acord\u00f3 la devoluci\u00f3n de una parte a Catalu\u00f1a.<\/p>\n<p>P.- \u00bfqu\u00e9 har\u00e1 si como es previsible y seg\u00fan todas las encuestas pierde de nuevo en Castilla Y Le\u00f3n? Seguir\u00e1 a la cabeza de un PSOE que como muchos creemos, no tiene nada que hacer por falta de ideas en CyL? Muchas gracias Eduardo (Burgos)<\/p>\n<p>R.- Esa posibilidad no la contemplo y mis encuestas no coinciden con las suyas. Por otra parte, tampoco me faltan ni ideas ni ilusi\u00f3n ni apoyo de mi organizaci\u00f3n y de buena parte de la sociedad para impulsar el cambio en Castilla y Le\u00f3n.<\/p>\n<p>P.- \u00bfQue opina sobre el carbon regional?<\/p>\n<p>R.- Debe ser una referencia para el sistema energ\u00e9tico de nuestro pa\u00eds. Y adem\u00e1s seguir\u00e1 constituyendo una parte significativa de nuestra actividad econ\u00f3mica y social. La Fundaci\u00f3n de la Ciudad de la Energ\u00eda, en Ponferrada, junto con otros organismos estatales y europeos, est\u00e1 trabajando en proyectos para una combusti\u00f3n limpia. Adem\u00e1s, alojaremos una de las centrales experimentales de Europa que tendr\u00e1 el carb\u00f3n como protagonista. Hay futuro para el carb\u00f3n.<\/p>\n<p>P.- Se\u00f1or Villalba, en Castilla-Le\u00f3n tenemos dos cajas fuertes (Caja Espa\u00f1a y Caja Duero) y un grupo de &#8220;cajitas&#8221; (\u00c1vila, Burgos, Segovia&#8230;) \u00bfpara cu\u00e1ndo la fusi\u00f3n de las cajas con el fin de tener un m\u00fasculo financiero fuertemente competitivo como sucede en otras comunidades aut\u00f3nomas?<\/p>\n<p>R.- El sistema financiero y, especialmente, nuestras cajas de ahorros tienen buena salud; han mejorado su eficacia y sus resultados en los \u00faltimos a\u00f1os y han superado cualquier duda sobre la compatibilidad en nuestra Comunidad Aut\u00f3noma de cajas de diferente tama\u00f1o. Es posible mejorar, sin embargo su cooperaci\u00f3n para proyectos de inter\u00e9s para Castilla y Le\u00f3n y esa ser\u00e1 la tarea del pr\u00f3ximo Gobierno.<\/p>\n<p>P.- \u00bfQu\u00e9 opina de las malas comunicaciones que tiene Soria? \u00bfPara cuando una soluci\u00f3n?<\/p>\n<p>R.- Hay un Plan Soria (PAES) aprobado por el Consejo de Ministros que tiene entre sus ejes la modernizaci\u00f3n de las carreteras y ferrocarriles de la provincia. Soria necesita tambi\u00e9n un plan especial del Gobierno de Castilla y Le\u00f3n que no s\u00f3lo en sus comunicaciones sino en el desarrollo de su actividad econ\u00f3mica, en el impulso a la utilizaci\u00f3n de sus riqu\u00edsimos valores para el turismo, en proyectos que se refieren a la cultura o al deporte, contribuyan a que Soria salga de una situaci\u00f3n ciertamente preocupante en la que se encuentra y se incorpore a las oportunidades de la Espa\u00f1a de Jos\u00e9 Luis Rodr\u00edguez Zapatero que son tambi\u00e9n las de un Gobierno socialista en Castilla y Le\u00f3n.<\/p>\n<p>P.- En Castilla y Le\u00f3n hay provincias como Zamora y Soria que est\u00e1n muy por debajo de la media del resto de provincias castellanoleonesas en multitud de indicadores de bienestar y desarrollo&#8230;&#8230;\u00bfqu\u00e9 har\u00e1 para evitar estas desigualdades interprovinciales que parecen perpetuarse y acentuarse en Castilla y Le\u00f3n?<\/p>\n<p>R.- Proponemos en el programa la creaci\u00f3n de un fondo de compensaci\u00f3n dotado de 1.400 millones de euros para impulsar proyectos extraordinarios en provincias como Zamora y Soria que necesitan actuaciones extraordinarias. Afortunadamente, tambi\u00e9n el Gobierno de Espa\u00f1a trabaja en esa direcci\u00f3n: el PAES de Soria y el Plan del Oeste que afecta a Zamora -alguna de cuyas medidas reforzar\u00e1 hoy mismo el presidente Zapatero en la capital zamorana- son buena muestra de ello.<\/p>\n<p>P.- \u00bfque pasara con el hospital que se esta construyendo en Burgos en caso de que usted gane? \u00bfse hara publico? \u00bfy si gana usted en Castilla y Leon y el PP en Burgos, semantendra privado o intentaran cambiarlo a publico?<\/p>\n<p>R.- Rescataremos para el sistema sanitario p\u00fablico de Castilla y Le\u00f3n el Hospital de Burgos. Adem\u00e1s, ese modelo no lo podr\u00e1 extender, como es su deseo, Juan Vicente Herrera al resto del sistema hospitalario de Castilla y Le\u00f3n. La eficacia, la calidad e incluso el ahorro de la gesti\u00f3n sanitaria s\u00f3lo se puede proporcionar desde un sistema p\u00fablico.<\/p>\n","protected":false},"excerpt":{"rendered":"<p>El candidato socialista a la Presidencia de Castilla y Le\u00f3n presenta sus propuestas de cara a las elecciones del 27 de mayo. \u00c1ngel Villalba intentar\u00e1 recuperar para el PSOE esta comunidad tras cuatro legislaturas con mayor\u00eda absoluta de los populares.<\/p>\n","protected":false},"author":1,"featured_media":0,"comment_status":"open","ping_status":"open","sticky":false,"template":"","format":"standard","meta":{"footnotes":""},"categories":[],"tags":[],"class_list":["post-4820","post","type-post","status-publish","format-standard","hentry"],"_links":{"self":[{"href":"https:\/\/intervius.com\/index.html\/wp-json\/wp\/v2\/posts\/4820","targetHints":{"allow":["GET"]}}],"collection":[{"href":"https:\/\/intervius.com\/index.html\/wp-json\/wp\/v2\/posts"}],"about":[{"href":"https:\/\/intervius.com\/index.html\/wp-json\/wp\/v2\/types\/post"}],"author":[{"embeddable":true,"href":"https:\/\/intervius.com\/index.html\/wp-json\/wp\/v2\/users\/1"}],"replies":[{"embeddable":true,"href":"https:\/\/intervius.com\/index.html\/wp-json\/wp\/v2\/comments?post=4820"}],"version-history":[{"count":0,"href":"https:\/\/intervius.com\/index.html\/wp-json\/wp\/v2\/posts\/4820\/revisions"}],"wp:attachment":[{"href":"https:\/\/intervius.com\/index.html\/wp-json\/wp\/v2\/media?parent=4820"}],"wp:term":[{"taxonomy":"category","embeddable":true,"href":"https:\/\/intervius.com\/index.html\/wp-json\/wp\/v2\/categories?post=4820"},{"taxonomy":"post_tag","embeddable":true,"href":"https:\/\/intervius.com\/index.html\/wp-json\/wp\/v2\/tags?post=4820"}],"curies":[{"name":"wp","href":"https:\/\/api.w.org\/{rel}","templated":true}]}}