{"id":4818,"date":"2007-05-11T00:00:00","date_gmt":"2006-11-06T00:00:00","guid":{"rendered":"https:\/\/intervius.com\/index.html\/?p=4818"},"modified":"2006-11-06T00:00:00","modified_gmt":"2006-11-06T00:00:00","slug":"Ovidio_Sanchez4818","status":"publish","type":"post","link":"https:\/\/intervius.com\/index.html\/Ovidio_Sanchez4818\/","title":{"rendered":"Ovidio S\u00e1nchez"},"content":{"rendered":"<p>Pregunta.- Si gana \u00bfquitara el peaje de la autopista del Huerna?<\/p>\n<p>Respuesta.- En primer lugar quiero saludar a todos los internautas y agradecerles este contacto directo que nos facilita elmundo.es. Yo creo que las promesas electorales se hacen para cumplirlas. Zapatero se comprometi\u00f3 a eliminar el peaje del Huerna de forma inmediata y total. Ha tenido tres a\u00f1os para cumplir su promesa y no lo ha hecho. Cuando yo gobierno, exigir\u00e9 que cumpla su palabra, cosa Areces que no ha hecho. El PP cuando gobern\u00f3 en Espa\u00f1a se comprometi\u00f3 a hacer Onzonilla-Benavente sin peaje y lo cumpli\u00f3.<\/p>\n<p>P.- El tema del AVE va camino de convertirse en leyenda. \u00bfQue medidas propone usted para conseguir un AVE digno para Asturias, a una velocidad razonable y con un rendimiento acorde?, asi mismo no me parece bien su propuesta de autovia del Sella, hay otras prioridades y ambientalmente es horrible. Gracias. Desde Pola de Siero.<\/p>\n<p>R.- Simplemente cumplir con los compromisos adquiridos. Cuando gobernaba el PP se dise\u00f1\u00f3 el AVE desde Madrid a Asturias. Desde que gobierna el Partido Socialista los planteamientos ha cambiado por completo y ha desaparecido el AVE para Asturias. Asturias se merece el mismo AVE que el resto de Comunidades Aut\u00f3nomas. Areces se conforma con cualquier cosa para Astuiras y nosotros queremos una Asturias de primera. Tendremos AVE si gobierna el PP. Respecto a la Autov\u00eda del Sella, para m\u00ed significa que una persona pueda venir desde Francia hasta Covadonga por autov\u00eda. por supuesto, respetaremos todas las exigencias medioambientales.<\/p>\n<p>P.- Ovidio, de verdad, cree Vd que puede cumplir todo lo que est\u00e1 prometiendo a los asturianos?<\/p>\n<p>R.- Por supuesto. Nuestro programa est\u00e1 contrastado con la sociedad asturiana y nunca prometeria nada que no pueda cumplir. Es perfectamente viable, es una cuesti\u00f3n de prioridades.<\/p>\n<p>P.- \u00bf Qu\u00e9 necesita Asturias para que sea una comunidad con garant\u00edas de futuro?<\/p>\n<p>R.- Asturias ahora tiene un problema de futuro ya que estamos a la cola de Espa\u00f1a. Hay comunidades que son las que tiran del carro y es el carro el que tira de Asturias. Yo quiero que seamos de los que tiran del carro. Asturias necesita CRECIMIENTO ECON\u00d3MICO. Necesita m\u00e1s empresas, necesita m\u00e1s empleo, generar m\u00e1s riqueza y sobre todo que los j\u00f3venes no se vayan de Asturias. Que la gente venga a Asturias y no se vaya de Asturias.<\/p>\n<p>P.- Soy estudiante de \u00faltimo curso de Telecomunicaciones en Madrid. Vista la situaci\u00f3n actual buscar\u00e9 empleo en esta comunidad, aunque me gustar\u00eda encontrar un trabajo en el sector en mi comunidad natal, Asturias. \u00bfQu\u00e9 medidas tiene pensado tomar en cuanto a la situaci\u00f3n laboral de los reci\u00e9n titulados que quieran trabajar en Asturias? \u00bfIntentar\u00e1 poner fin al dicho: &#8220;\u00bf Asturias o trabajas?&#8221; ?<\/p>\n<p>R.- Madrid es un ejemplo a seguir, en Madrid gobierna el PP y es una de las capitales de crecimiento econ\u00f3mico y yo aspiro a que Asturias llegue a ser lo mismo. Necesitamos que Asturias crezca contigo, necesitamos recuperar el talento asturiano. Para ello tengo un plan para recuperaros, el Plan Retorno: incentivaremos econ\u00f3micamente a las empresas que contraten a los que est\u00e1is fuera, A los j\u00f3venes licenciados que pueden hacer crecer a las empresas asturianas aportando su preparaci\u00f3n. Con mi gobierno la frase ser\u00e1 en Asturias se trabaja.<\/p>\n<p>P.- Ovidio, \u00bfva a eliminar el Impuesto de Sucesiones y Donaciones? Gracias<\/p>\n<p>R.- Por supuesto, como est\u00e1n haciendo todas las Comunidades gobernadas por el PP. Como est\u00e1n haciendo todos los que creen que las empresas son las que crean empleo y actividad.<\/p>\n<p>P.- Usted como asturiano, \u00bfsabe escarciar la sidra?<\/p>\n<p>R.- s\u00ed, adem\u00e1s en mi \u00e9poca de estudiante me gan\u00e9 mi dinero escanciando en las sidrer\u00edas.<\/p>\n<p>P.- Me gustaria que me explicase su propuesta sobre el biling\u00fcismo en los colegios. gracias.<\/p>\n<p>R.- Mi propuesta es que desde la educaci\u00f3n infantil, desde los 3 a\u00f1os, los ni\u00f1os asturianos &#8220;estudien en ingl\u00e9s&#8221;, es decir contenidos en ingl\u00e9s. El ingl\u00e9s es una herramienta imprescindible para el desarrollo de nuestra regi\u00f3n.<\/p>\n<p>P.- Buenas tardes Sr. Ovidio: se publica una encuesta hoy, en la que en voto directo obtiene tan s\u00f3lo uno 18% de los votos, frente a un 31% de su oponente. \u00bfLiderar\u00e1 ud. la oposici\u00f3n a la rev\u00e1lida de Areces o ha llegado el momento de savia nueva al frente de su partido?<\/p>\n<p>R.- La encuesta del CIS tiene una cierta l\u00f3gica, hace cuatro a\u00f1os nos daba 15-16 diputados y sacamos Al Sr. Areces le daba 24 y sac\u00f3 22, si ponemos en relaci\u00f3n una encuesta y otra entender\u00e1 que conseguirmos una mayor\u00eda para gobernar.<\/p>\n<p>P.- Est\u00e1 usted a favor o en contra de la cooficialidad del Asturiano. Cual es su opini\u00f3n al respecto. Gracias<\/p>\n<p>R.- Estamos a favor del asturiano, el PP cuando gobern\u00f3 en Asturias hizo una ley para propiciar su defensa y su uso. Dentro de la libertad de cada persona se puede utilizar el asturiano en todos los organismos oficiales del Principado.<\/p>\n<p>P.- Muchos asturianos tenemos la impresion de que el campo y los bosques de nuestra comunidad estan infravalorados y solo sirven de reclamo turistico. \u00bfQue propone su partido para que este tesoro natural sea aprovechado economicamente de forma sostenible como ya estamos viendo en otras comunidades?. Un saludo y gracias.<\/p>\n<p>R.- Pondr\u00e9 en marcha el plan de dinamizaci\u00f3n econ\u00f3mica del medio rural para que ni una s\u00f3la idea, ni un s\u00f3lo proyecto para el medio rural se quede sin el asesoramiento t\u00e9cnico, sin el estudio de viablilidad econ\u00f3mica o sin los incentivos financieros correspondientes. Pondr\u00e9 en marcha una pol\u00edtica fiscal espec\u00edfica para el medio rural. Cumplir\u00e9 el plan forestal de Asturias. Elaborar\u00e9 en los primeros seis meses el plan estrat\u00e9gico de la bionerg\u00eda, as\u00ed como la construcci\u00f3n del centro tecnol\u00f3gico de la bionerg\u00eda y la madera. Quiero m\u00e1s crecimiento econ\u00f3mico para el medio rural, con las pol\u00edticas que pondr\u00e9 en marcha conseguiremos el pleno empleo en el medio rural. Asimismo, pondr\u00e9 en marcha la valorizaci\u00f3n de los recursos naturales que rodean nuestro pueblos y un aprovechamiento equilibrado y sostenible de nuestros montes.<\/p>\n<p>P.- Buenas tardes; vivo en Asturias y pago gustosamente el impuesto sobre los carburantes para financiar la sanidad que me atiende cuando lo necesito, pero me llena de irritaci\u00f3n que se &#8220;monte&#8221; una televisi\u00f3n auton\u00f3mica que todo el mundo sabe que no dar\u00e1 m\u00e1s que p\u00e9rdidas y p\u00e9rdidas. \u00bfQu\u00e9 har\u00eda su partido en un futuro con dicha Tv? Muchas gracias y suerte.<\/p>\n<p>R.- Me comprometo a que la TV auton\u00f3mica no cueste ni un euro a los asturianos, realizando para ello la gestiones necesarias desde el gobierno regional.<\/p>\n<p>P.- BUENAS TARDES, SOY UNA ASTURIANA INCONFORMISTA POR VARIOS MOTIVOS, ENTRE ELLOS EL EMPLEO TAN DEFICITARIO QUE HAY EN NUESTRA COMUNIDAD. SI USTED LLEGA A GANAR LAS ELECIONES \u00bfCUAL SER\u00cdA SU POSTURA Y ACCI\u00d3N EN ESTE CAMPO? MUCHAS GRACIAS Y LE DESEO LO MEJOR EN ESTAS ELECCIONES. MUCHA MUCHA SUERTE Y A GANAR QUE ESTE A\u00d1O NOS TOCA. SALUDOS. ALEX<\/p>\n<p>R.- Muchas gracias por tu apoyo. como ya dije, necesitamos crecimiento econ\u00f3mico. Hacer de Asturias una regi\u00f3n atractiva para las empresas y por supuesto crear empleo estable y de calidad. Para ello subvencionaremos la contrataci\u00f3n indefinida de j\u00f3venes y la conversi\u00f3n de contratos temporales a indefinidos.<\/p>\n","protected":false},"excerpt":{"rendered":"<p>El presidente del Partido Popular en Asturias desvela las claves de su programa electoral. Ovidio S\u00e1nchez es consciente de que el escenario est\u00e1 m\u00e1s re\u00f1ido que nunca en el Principado y quiere imponerse al socialista Vicente \u00c1lvarez Areces. Conozca sus propuestas de primera mano.<\/p>\n","protected":false},"author":1,"featured_media":0,"comment_status":"open","ping_status":"open","sticky":false,"template":"","format":"standard","meta":{"footnotes":""},"categories":[],"tags":[],"class_list":["post-4818","post","type-post","status-publish","format-standard","hentry"],"_links":{"self":[{"href":"https:\/\/intervius.com\/index.html\/wp-json\/wp\/v2\/posts\/4818","targetHints":{"allow":["GET"]}}],"collection":[{"href":"https:\/\/intervius.com\/index.html\/wp-json\/wp\/v2\/posts"}],"about":[{"href":"https:\/\/intervius.com\/index.html\/wp-json\/wp\/v2\/types\/post"}],"author":[{"embeddable":true,"href":"https:\/\/intervius.com\/index.html\/wp-json\/wp\/v2\/users\/1"}],"replies":[{"embeddable":true,"href":"https:\/\/intervius.com\/index.html\/wp-json\/wp\/v2\/comments?post=4818"}],"version-history":[{"count":0,"href":"https:\/\/intervius.com\/index.html\/wp-json\/wp\/v2\/posts\/4818\/revisions"}],"wp:attachment":[{"href":"https:\/\/intervius.com\/index.html\/wp-json\/wp\/v2\/media?parent=4818"}],"wp:term":[{"taxonomy":"category","embeddable":true,"href":"https:\/\/intervius.com\/index.html\/wp-json\/wp\/v2\/categories?post=4818"},{"taxonomy":"post_tag","embeddable":true,"href":"https:\/\/intervius.com\/index.html\/wp-json\/wp\/v2\/tags?post=4818"}],"curies":[{"name":"wp","href":"https:\/\/api.w.org\/{rel}","templated":true}]}}