{"id":4803,"date":"2007-05-24T00:00:00","date_gmt":"2006-11-06T00:00:00","guid":{"rendered":"https:\/\/intervius.com\/index.html\/?p=4803"},"modified":"2006-11-06T00:00:00","modified_gmt":"2006-11-06T00:00:00","slug":"Paulino_Rivero4803","status":"publish","type":"post","link":"https:\/\/intervius.com\/index.html\/Paulino_Rivero4803\/","title":{"rendered":"Paulino Rivero"},"content":{"rendered":"<p>Pregunta.- \u00bfSe\u00f1or Rivero, que reivindica Coalici\u00f3n Canaria al Gobierno central y a la UE para frenar la llegada a las islas de cayucos con inmigrantes africanos?<\/p>\n<p>Respuesta.- Nuestras propuestas est\u00e1n contenidas en la Proposici\u00f3n de Ley que present\u00f3 Coalici\u00f3n Canaria en el Congreso de los Diputados y que est\u00e1 paralizada por intereses del PSOE. En ella, proponemos tres medidas fundamentales: controlar la salida de inmigrantes en origen, establecer cupos de inmigraci\u00f3n legal en esos mismos pa\u00edses y tercero ser implacable con las mafias, por lo que es necesario una reforma del C\u00f3digo Penal para extender la jurisdicci\u00f3n espa\u00f1ola fuera de nuestras aguas jurisdiccionales.<\/p>\n<p>P.- Sr.Rivero&#8230;.Conseguiria usted que todas las islas fuese igual el nivel de vida&#8230;.pq hay discriminacion en cuanto a sanidad, seguridad, al precio de la cesta de la compra entre las islas capitalinas y las mal llamadas menores?&#8230;. no tenemos el mismo derechos<\/p>\n<p>R.- Coalici\u00f3n Canaria es el \u00fanico proyecto que se basa en un exquisito equilibrio entre las siete islas. Un ejemplo de ello, es que somos los \u00fanicos que defendemos el mantenimiento del sistema electoral vigente, mientras que tanto el PP como el PSOE propugnan romper la triple paridad en contra de las islas menos pobladas. Coalici\u00f3n Canaria seguir\u00e1 propiciando que el nivel de vida de todas las islas sea el mismo y, por tanto, todos los ciudadanos, con independencia de la isla de residencia, tengan los mismos derechos.<\/p>\n<p>P.- Buenos d\u00edas. Las PYMEs siguen generando la mayor\u00eda del movimiento econ\u00f3mico de las Islas. Una directiva como la Bolkestein que entrar\u00e1 en vigor en 2010 y que prima el principio del \u201cpa\u00eds de origen\u201d, \u00bfno es nefasta para la econom\u00eda del peque\u00f1o comercio? \u00bfNos adaptamos o cabe un acuerdo especial en Canarias?. Saludos, rwx.<\/p>\n<p>R.- Nuestra medida 98 del programa electoral 1.100 medidas para la segunda modernizaci\u00f3n de Canarias ya propone exigir del Gobierno del Estado la no aplicaci\u00f3n de dicha directiva en la medida en que pone en peligro la subsistencia del comercio tradicional de las Islas. De esta forma, Coalici\u00f3n Canaria intenta alcanzar el justo equilibrio entre la pervivencia y crecimiento del comercio tradicional que sustenta numerosos puestos de trabajo y sostiene a muchas familias con la existencia de superficies comerciales de mayor tama\u00f1o. Coalici\u00f3n no cejar\u00e1 en su empe\u00f1o de impedir o limitar la aplicaci\u00f3n de dicha directiva en Canarias.<\/p>\n<p>P.- Como tinerfe\u00f1a residente en Madrid, veo con horror cada vez que vuelvo a mi tierra el desmesurado crecimiento de la poblaci\u00f3n en las islas, y como consecuencia, el imparable aumento de la construcci\u00f3n y del tr\u00e1fico. En un territorio como el nuestro, con la inmigraci\u00f3n, la condici\u00f3n de insularidad y el gran porcentaje de territorio protegido como factores determinantes&#8230; \u00bfno cree que es hora de que se tomen medidas estrictas al respecto? \u00bfQu\u00e9 propone su partido para afrontar estos problemas de cara al futuro? Muchas gracias.<\/p>\n<p>R.- Coalici\u00f3n Canaria es la \u00fanica fuerza pol\u00edtica que defiende afrontar los desaf\u00edos derivados del incremento poblacional. Para ello, es necesario que todas las formaciones pol\u00edticas y todos los ciudadanos tomemos conciencia de que no podemos seguir creciendo a un ritmo de 50.000 \u00f3 60.000 personas cada a\u00f1o. Ese desmesurado crecimiento repercute tanto en el territorio y medio ambiente como en la calidad de los servicios p\u00fablicos esenciales como Sanidad, Eudcaci\u00f3n, Empleo, Vivienda&#8230; Uno de los instrumentos es la moratoria tur\u00edstica que nosotros mantendremos e introduciremos la necesidad de que las excepciones a dicha moratoria, as\u00ed como la rehabilitaci\u00f3n de la planta alojativa obsoleta, pasen por contratar a j\u00f3venes formados en Canarias o que demanden trabajo en las oficinas de empleo canarias. Con eso pretendemos atenuar ese incremento evitando el deterioro medioambiental y fomentando que la creaci\u00f3n de empleo se dirija hacia los m\u00e1s de 130.000 parados que hay en Canarias.<\/p>\n<p>P.- Buenos d\u00edas se\u00f1or Rivero. Quer\u00eda preguntarle sobre la comisi\u00f3n del 11M. Minti\u00f3 tanta gente en aquella comisi\u00f3n ,hasta el punto que hoy le llamen la Lonja del Perjurio. Que dicen la leyes Espa\u00f1olas de las personas que enga\u00f1an al Parlamento,a los Espa\u00f1oles\u00bfSe van de rositas? Gracias.<\/p>\n<p>R.- Buenos d\u00edas, no soy yo el que pueda juzgar si se minti\u00f3 o no en la Comisi\u00f3n del 11-M, lo que s\u00ed le puedo decir es que fueron meses de duro trabajo en los que todos sus miembros y yo como su presidente intentamos buscar la verdad sobre la mayor masacre ocurrida en Europa. Si alguien minti\u00f3 tendr\u00e1 que ser los tribunales los que juzguen y apliquen las penas correspondientes.<\/p>\n<p>P.- Sr Rivero, \u00bfen caso de no lograr la mayor\u00eda absoluta, pactar\u00eda con el Partido Popular como siempre ha hecho su partido o en esta ocasi\u00f3n lo hara con el candidato Lopez Aguilar?<\/p>\n<p>R.- Coalici\u00f3n Canaria aspira a tener la mayor\u00eda suficiente como para gobernar en minor\u00eda. Tenemos el mejor programa y la gente mejor preparada para poder gobernar Canarias sin necesidad de ap\u00e9ndices. El PP y el PSOE intentan aplicar en Canarias modelos concebidos para los territorios peninsulares y traer a Canarias la crispaci\u00f3n existente en el Estado. Lo que se decide el 27 de mayo son los mejores proyectos para los problemas de los canarios.<\/p>\n<p>P.- &#8220;Oh, Que pas\u00f3 cho&#8221; Paulino? Qu\u00e9 va a ser desde la presidencia del Gobierno de Canarias para favorecer la implantaci\u00f3n de las Compa\u00f1\u00edas de Bajo coste cubriendo las rutas Canarias-Pen\u00ednsula?? Porque ust\u00e9d como diputado sabr\u00e1 que pese al 50% de descuento, para los que vivimos all\u00e1 pero nos tenemos que desplazar frecuentemente a la pen\u00ednsula no salen los pasajes por un ojo de la cara. Muchas Gracias y recuerdos &#8220;pa&#8221; las Islas!!!<\/p>\n<p>R.- Uno de los ejes del programa de Coalici\u00f3n Canaria para estas elecciones es la cohesi\u00f3n social y territorial de Canarias que se ve dificultada dada la lejan\u00eda e insularidad del Archipi\u00e9lago. Para conseguir esa cohesi\u00f3n contamos con un potente paquete de medidas que, en particular, contempla abaratar costes tanto a trav\u00e9s de las tasas portuarias y aeroportuarias como aumentar la subvenciones al transporte de personas y mercanc\u00edas. As\u00ed preveemos incrementar la bonificaci\u00f3n de residentes de las islas no capitalinas hasta un 70 por ciento o instaurar un sistema de billete \u00fanico que rebaje significativamente las tarifas a\u00e9reas.<\/p>\n<p>P.- Sr. Rivero, las elecciones del d\u00eda 27 se presentan complicadas en Canarias. \u00bfQu\u00e9 opini\u00f3n le merece el partido de reciente creaci\u00f3n Nueva Canarias? \u00bfCree que esta escisi\u00f3n de su partido se llevar\u00e1 muchos de sus votos en los comicios del domingo?<\/p>\n<p>R.- Coalici\u00f3n Canaria pas\u00f3 por un proceso de renovaci\u00f3n en Gran Canaria del que ha salido fortalecida tanto desde el punto de vista ideol\u00f3gico como desde el punto de vista de las personas que est\u00e1n dentro del proyecto nacionalista. Ese proceso se ha culminada con una alianza electoral con el Partido Nacionalista Canario dada la identidad ideol\u00f3gica de ambas formaciones.<\/p>\n<p>P.- Buenos d\u00edas se\u00f1or Rivero. Si usted gobierna en Canarias a partir del d\u00eda 27, cuando van a salir a concurso las 151 frecuencias de FM transferidas al Gobierno de Canarias en Junio de 2006.?. Gracias y suerte.<\/p>\n<p>R.- Buenos d\u00edas, si como espero presido el Gobierno de Canarias a partir del 27 de mayo, abordar\u00e9 lo antes posible la regularizaci\u00f3n del espacio radiof\u00f3nico teniendo en cuenta que estamos a las puertas de un cambio hacia la era digital.<\/p>\n<p>P.- Hola Paulino, apoyar\u00e9 totalmente a Coalici\u00f3n Canaria y conf\u00edo que en mi municipio de El Rosario se produzca el cambio. Trabajo en Santa Cruz en una empresa de tabacos recientemente visitada por usted, \u00bfqu\u00e9 impresi\u00f3n tuvo en esa visita? \u00bfCree que las familias que vivimos de este trabajo tenemos futuro? Espero que sigan apoyando este sector como hasta ahora lo han hecho. Muchas gracias y mucha suerte para el pr\u00f3ximo domingo.<\/p>\n<p>R.- Gracias por su apoyo estimado internauta, el sector tabaquero ha sido muy importante en Canarias y lo sigue siendo como pude comprobar en la visita que realic\u00e9. En la medida 134 de nuestro programa 1.100 medidas para la segunda modernizaci\u00f3n de Canarias apostamos por la defensa de la industria tabaquera de Canarias.<\/p>\n<p>P.- \u00bfCu\u00e1les son los objetivos que tiene Coalici\u00f3n Canaria para las pr\u00f3ximas generales?<\/p>\n<p>R.- El proyecto de Coalici\u00f3n Canaria se apoya en varias patas, unas est\u00e1n en Canarias tanto en las instituciones auton\u00f3micas como insulares y municipales, pero se complementan con una presencia significativa en las Cortes Generales. Nuestra especificidades derivadas de la lejan\u00eda e insularidad requieren de una importante inversi\u00f3n del Estado en Canarias y \u00e9sta s\u00f3lo se ha producido cuando Coalici\u00f3n Canaria ha contado con una voz potente que demande una atenci\u00f3n singular a nuestras especificidades. Por ello, las pr\u00f3ximas elecciones generales ser\u00e1n vitales para la consolidaci\u00f3n definitiva de nuestro proyecto pol\u00edtico y pivotar\u00e1 en la aprobaci\u00f3n del nuevo Estatuto de Autonom\u00eda de Canarias que, por primera vez, aborda de manera valiente las principales cuestiones demandadas hist\u00f3ricamente por los canarios.<\/p>\n<p>P.- Buenos d\u00edas. \u00bfNo le parece demasiado atrevimiento enarbolar una bandera con unos emblemas de claro caracter independentista? \u00bfEs que estamos viviendo el acercamiento de CC a MPAIAC? \u00bfEs coalici\u00f3n canaria un partido autonomista, nacionalista o independentista? Saludos<\/p>\n<p>R.- Buenos d\u00edas, Coalici\u00f3n Canaria es una formaci\u00f3n nacionalista que aspira al m\u00e1ximo autogobierno en el marco de la Constituci\u00f3n espa\u00f1ola. El III Congreso de Coalici\u00f3n Canaria, celebrado en 2005, aprob\u00f3 asumir, como ha hecho expont\u00e1neamente y con naturalidad el pueblo canario, como bandera canaria la bandera de las siete estrellas verdes pero eso, en absoluto, significa que nos hayamos convertido en un partido independentista.<\/p>\n<p>P.- Buenas Paulino. Me gustar\u00eda que me detallara un poco m\u00e1s dos propuestas suyas. Una, la del trabajo para los canarios (\u00bfestilo la moratoria alemana?) y la segunda, la del control de la inmigraci\u00f3n. \u00bfSe podr\u00eda conseguir en la UE un trato especial por regi\u00f3n ultraperif\u00e9rica, fragmentada y con aumento preocupante de la poblaci\u00f3n?. Gracias, rwx.<\/p>\n<p>R.- Buenos d\u00edas. Nuestra apuesta por el empleo se basa en impulsar a las PYME canarias en la creaci\u00f3n de empleo para los residentes canarios. De esa manera, diversificamos nuestra econom\u00eda, consolidamos nuestro comercio, apostamos por las nuevas tecnolog\u00edas y contribuimos tanto a rebajar las tasas de empleo como a reducir el incremento poblacional. El tema de la inmigraci\u00f3n irregular ya dije que se resolv\u00eda con tres medidas b\u00e1sicas: control efectivo de salida de cayucos, determinaci\u00f3n de cupos de trabajo para los pa\u00edses emisores de inmigraci\u00f3n y represi\u00f3n del tr\u00e1fico de seres humanos por las mafias. Por \u00faltimo, es obvio que nuestra consideraci\u00f3n como regi\u00f3n ultraperif\u00e9rica permite extender las medidas espec\u00edficas que ya tenemos en materias tales como transporte, fiscalidad, agricultura, industria, etc. a otras como aumento poblacional o empleo como pasa ya en otros territorios europeos singulares como el nuestro.<\/p>\n<p>P.- Es viable recortar en gran medida la dependencia energ\u00e9tica del exterior como est\u00e1 programado para hacer en el Hierro?, Qu\u00e9 medidas presenta Coalici\u00f3n para impulsar la generaci\u00f3n de agua (con mallas en el monte), la energ\u00eda e\u00f3lica y especialmente la solar? Existe un proyecto de reforestaci\u00f3n a gran escala de las islas occidentales?<\/p>\n<p>R.- El programa de Coalici\u00f3n Canaria 1.100 propuestas para la segunda modernizaci\u00f3n de Canarias incluye numerosas medidas para evitar la alta dependencia del Archipi\u00e9lago de fuentes de energ\u00eda como el petr\u00f3leo. Entre estas medidas se encuentra la elaboraci\u00f3n de un Plan Espec\u00edfico del Uso Racional de la Energ\u00eda en Canarias en cumplimiento de las disposiciones del Plan Energ\u00e9tico de Canarias 2007 con el que se pretende aumentar la potencia e\u00f3lica, solar, fotovoltaica, t\u00e9rmica e hidr\u00e1ulica instalada en Canarias, entre otras muchas l\u00edneas de actuaci\u00f3n en este sentido.<\/p>\n","protected":false},"excerpt":{"rendered":"<p>Fue consejero del Cabildo de Tenerife, presidi\u00f3 la Comisi\u00f3n Parlamentaria del 11-M y actualmente es el presidente de Coalici\u00f3n Canaria. Desde su esca\u00f1o en el Congreso de los Diputados, ha tratado de que la voz de las islas se escuche en Madrid y ahora asume el reto de lograr que su partido se mantenga al frente del gobierno auton\u00f3mico.<\/p>\n","protected":false},"author":1,"featured_media":0,"comment_status":"open","ping_status":"open","sticky":false,"template":"","format":"standard","meta":{"footnotes":""},"categories":[],"tags":[],"class_list":["post-4803","post","type-post","status-publish","format-standard","hentry"],"_links":{"self":[{"href":"https:\/\/intervius.com\/index.html\/wp-json\/wp\/v2\/posts\/4803","targetHints":{"allow":["GET"]}}],"collection":[{"href":"https:\/\/intervius.com\/index.html\/wp-json\/wp\/v2\/posts"}],"about":[{"href":"https:\/\/intervius.com\/index.html\/wp-json\/wp\/v2\/types\/post"}],"author":[{"embeddable":true,"href":"https:\/\/intervius.com\/index.html\/wp-json\/wp\/v2\/users\/1"}],"replies":[{"embeddable":true,"href":"https:\/\/intervius.com\/index.html\/wp-json\/wp\/v2\/comments?post=4803"}],"version-history":[{"count":0,"href":"https:\/\/intervius.com\/index.html\/wp-json\/wp\/v2\/posts\/4803\/revisions"}],"wp:attachment":[{"href":"https:\/\/intervius.com\/index.html\/wp-json\/wp\/v2\/media?parent=4803"}],"wp:term":[{"taxonomy":"category","embeddable":true,"href":"https:\/\/intervius.com\/index.html\/wp-json\/wp\/v2\/categories?post=4803"},{"taxonomy":"post_tag","embeddable":true,"href":"https:\/\/intervius.com\/index.html\/wp-json\/wp\/v2\/tags?post=4803"}],"curies":[{"name":"wp","href":"https:\/\/api.w.org\/{rel}","templated":true}]}}