{"id":479,"date":"2006-01-30T00:00:00","date_gmt":"2006-11-06T00:00:00","guid":{"rendered":"https:\/\/intervius.com\/index.html\/?p=479"},"modified":"2006-11-06T00:00:00","modified_gmt":"2006-11-06T00:00:00","slug":"Alicia_Gomez_Montano479","status":"publish","type":"post","link":"https:\/\/intervius.com\/index.html\/Alicia_Gomez_Montano479\/","title":{"rendered":"Alicia G\u00f3mez Montano"},"content":{"rendered":"<p>Pregunta.- \u00bfPor qu\u00e9 no afrontar de una ves por todas que las areas del Mediterr\u00e1neo est\u00e1n degradadas y que ya no soportan m\u00e1s la superexplotaci\u00f3n a que se ven sometidas,por la avaricia de unos pocas y la indiferencia de las autoridades competentes, adem\u00e1s de la falta de interes real de la ciudadania?<\/p>\n<p>Respuesta.- Pues es dif\u00edcil contestar a una pregunta que ya tiene tanta informaci\u00f3n&#8230;. Casi lo has dicho todo: es un viejo asunto del que no hemos querido enterarnos: unos porque tienen intereses econ\u00f3micos; otros porque cre\u00edamos que nuestro &#8220;pisito&#8221; se revalorizaba y tambi\u00e9n porque no ha habido una normativa dura en esta materia. He veraneado a\u00f1os y a\u00f1os en el litoral valenciano y he visto como se ha ido transformando.Me pregunto y hablo como ciudadana, no como periodista, si lo que est\u00e1 pasando en esta y otras comunidades, (el color pol\u00edtico es lo de menos) puede ser pan de hoy y hambre de ma\u00f1ana&#8230;&#8230;<\/p>\n<p>P.- \u00bfCu\u00e1l es su opinion sobre las acusaciones de manipulaci\u00f3n pol\u00edtica hechas por la Comunidad Valenciana?<\/p>\n<p>R.- Me duelen profundamente estas acusaciones. No son ciertas. Lo siento, pero no puedo decirlo m\u00e1s claro. He escuchado cosas tremendas: que preparabamos la visita de Zapatero a Valencia, que trat\u00e1bamos peor a Valencia que a Batasuna, que por qu\u00e9 no \u00edbamos a Catalu\u00f1a a hacer el reportaje (que yo sepa el Parlamento Europeo ha conminado a Valencia no a Catalu\u00f1a&#8230;&#8230;.) Argumentos que nos hieren profundamente y ante los que resulta dif\u00edcil defenderse porque tienen mucho poder para difundir su mensaje. Pero como dec\u00eda Serrat en una canci\u00f3n: nunca es triste la verdad, lo que no tiene es remedio. perd\u00f3n por ponerme poeta. Un abrazo.<\/p>\n<p>P.- Cuando era un chaval\u00edn, te ve\u00eda en Telenavarra. \u00bfQu\u00e9 recuerdos guardas de ello y c\u00f3mo se ve a la Comunidad Foral desde fuera?<\/p>\n<p>R.- Hola amigo. Pas\u00e9 en Navarra los mejores a\u00f1os de mi vida. Fui m\u00e1s feliz que un corcho flotante y aprend\u00ed el oficio. No hay nada para mi como aquellos a\u00f1os. Desde fuera Navarra se ve estupenda: maravillosa para comer, para vivir, para divertirse, con calidad de vida&#8230;. Pero no doy pistas que cuando sea mayor volver\u00e9 para quedarme y no quiero que se llene&#8230;. <\/p>\n<p>P.- \u00bfCu\u00e1l es la actitud de los sindicatos en TVE con respecto a la independencia del programa y las recientes acusaciones vertidas por la Generalitat Valenciana?<\/p>\n<p>R.- Los sindicatos de TVE nos han apoyado y tambi\u00e9n el Consejo Provisional de Informativos. En este sentido nos hemos encontrado bastante arropados. Tambi\u00e9n hemos sentido el apoyo de colegios de periodistas y recientemente de la Federaci\u00f3n de asociaciones de la prensa. <\/p>\n<p>P.- \u00bfTiene intereses econ\u00f3micos personales el Sr. Zaplana en materia de urbanismo en las Comunidades Valenciana y Murciana?<\/p>\n<p>R.- No tengo ni idea. En esta materia soy como un buen lector de peri\u00f3dicos. S\u00f3lo se lo que se publica y un poco m\u00e1s tras nuestro reportaje.<\/p>\n<p>P.- Qu\u00e9 prima en la direcci\u00f3n de Informe Semanal en la elecci\u00f3n de contenidos: la actualidad, la investigaci\u00f3n, las &#8220;presiones&#8221;&#8230;<\/p>\n<p>R.- Prima la actualidad y el inter\u00e9s p\u00fablico. La investigaci\u00f3n de verdad, el costosa y larga y las empresas no suelen apostar por ella. Quieren resultados a corto plazo. Las &#8220;presiones&#8221; no priman, son un incordio para trabajar bien. No me gustan pero he de decir que en Informe se trabaja con mucha libertado.<\/p>\n<p>P.- \u00bfQu\u00e9 apredizaje han sacado de la crisis desatada con Valencia a raiz del reportaje sobre el urbanismo?<\/p>\n<p>R.- Que hay opini\u00f3n p\u00fablica y opini\u00f3n publicada y que nada tienen que ver una y otra. No es que no lo supiera, claro est\u00e1. Lo aprend\u00ed en primero de periodismo, pero mientras en mi caj\u00f3n se acumulan los correos electr\u00f3nicos de personas que nos apoyan y a las que agradecemos enormemente el calor recibido, en los medios no tienen ning\u00fan reflejo&#8230;. La opini\u00f3n p\u00fablica, como el coronel,no tiene quien le escriba. La opini\u00f3n publicada cuentan con p\u00e1ginas y p\u00e1ginas en blanco para escribir lo que quiera. <\/p>\n<p>P.- \u00bfSe ha promovido alguna acci\u00f3n judicial desde la Generalitat contra Informe Semanal o TVE?<\/p>\n<p>R.- Est\u00e1n anunciadas pero a\u00fan no ha llegado nada oficialmente. Personalmente lamento el ruido que se est\u00e1 organizando con este asunto pero si el tema llegara a los tribunales defender\u00e9 lo que ha sido un trabajo decente, no encargado por nadie, que s\u00f3lo quer\u00eda informar de algo que mucha gente ya conoc\u00eda y en el que el equipo trabaj\u00f3 sin presiones y sin indicaciones. No tengo miedo a los tribunales porque el trabajo ha sido honesto pero es muy desagradable el simple hecho de lo planteen .<\/p>\n<p>P.- \u00bfA qu\u00e9 cree que se debe el enfado de la Generalitat con el reportaje sobre urbanismo?<\/p>\n<p>R.- Todav\u00eda no me lo explico. Llevo dos semanas observando at\u00f3nita el espect\u00e1culo medi\u00e1tico que han organizado. Ni en la peor pesadilla hubiera imaginado esta reacci\u00f3n tan furibunda y a mi juicio equivocada. \u00bfC\u00f3mo se puede decir que estamos da\u00f1ando la imagen de Valencia con MAYUSCULAS?. Nos hemos limitado a contar un asunto de inter\u00e9s general sobre el que la Uni\u00f3n Europea ha tomado, o intenta tomar, cartas en el asunto. NADA M\u00c1S. Pero se me ocurren varias hip\u00f3tesis: una cosa es la charla en la cafeter\u00eda y otra un programa que ven varios millones de personas. Probablemente no quieren que se cree un estado de opini\u00f3n,ni que crezcan las denuncias, ni que haya jueces que puedan paralizar obras, como ha ocurrido la semana pasada cuando unmagistrado ha ordenado paralizar un proyecto en Benaissa atendiendo al inter\u00e9s general por encima del inter\u00e9s del promotor&#8230;.. Eso no se me hab\u00eda ocurrido antes pero viendo el cariz que toman los acontecimientos, ya no se que pensar&#8230;.<\/p>\n<p>P.- \u00bfQu\u00e9 hace que Informe Semanal lleve tant\u00edsimos a\u00f1os en antena?<\/p>\n<p>R.- Supongo que la experiencia acumulada, la credibilidad y el trabajo bien hecho. Suena a pedante pero en ese programa hay una tradici\u00f3n y es el hacer los temas con rigor, con templanza, movi\u00e9ndonos en las franjas intermedias, sin extremismos y con vocaci\u00f3n de servicio p\u00fablico. A mi me parece un milagro que nos vean cada s\u00e1bado una media de 2.600.000 personas pese al f\u00fatbol, &#8220;Salsa Rosa&#8221; y pel\u00edculas estupendas. Es un lujo tener espectadores con la fidelidad de Informe Semanal. Yo cada semana me pellizco y doy las gracias.<\/p>\n<p>P.- \u00bfNo cree que Informe Semanal deber\u00eda volver sobre el tema para profundizar en el esc\u00e1ndalo del urbanismo valenciano (y otros en nuestro vampirizado pa\u00eds)dado el revuelo p\u00fablico producido?<\/p>\n<p>R.- Problamente, pero dir\u00edan que es la prueba del 9 de que s\u00f3lo queremos desprestigiar a la Comunidad Valenciana. \u00a1 A ver qui\u00e9n se atreve a poner el cascabel al gato!. Hay muchos ciudadanos de la comunidad que nos han mandado e mail sugiriendo reportajes sobre el mismo asunto en otras \u00e1reas. Podr\u00edamos hacer un serial durante varios meses&#8230;. Pero bueno, no creo que vayamos a acometer el asunto ma\u00f1ana mismo&#8230;. Pero s\u00ed: da para mucho. <\/p>\n<p>P.- \u00bfC\u00f3mo es la semana en la redacci\u00f3n de Informe Semanal? \u00bfCu\u00e1l es su labor al frente del programa?<\/p>\n<p>R.- Hay semanas&#8230;. y semanas. Una corriente empieza el lunes con la puesta en marcha de los temas, aunque algunos llevan ya tiempo &#8220;rodando&#8221;. A lo largo de la semana, seg\u00fan vaya fluyendo la actualidad, se &#8220;caen&#8221; algunos temas y nacen otros, (la pasada, por ejemplo, la decisi\u00f3n de la Audiencia Nacional de no paralizar la vuelta de los papeles de Salamanca, o la victoria de Hamas). En este caso reaccionamos lo mejor que podemos: En concreto, pusimos en marcha a toda prisa los papeles de Salamaca y se emiti\u00f3 el mismo s\u00e1bado. En cuando a Hamas, preferimos que el corresponsal,Agust\u00edn Remesal, nos hiciera para el pr\u00f3ximo s\u00e1bado un an\u00e1lisis en profundidad de quien es Hamas, que apoyos sociales tienen y que inc\u00f3gnitas se abren ahora. No hay dos semanas iguales. Basta que quieras una tranquila para que te parta por el eje&#8230;. pero bueno, esto es as\u00ed. <\/p>\n<p>P.- Acaban de darle Cum laude en la lectura de su tesis sobre la manipulacion informativa en TV. Ud. Ha sido jefa del area de nacional con M\u00aaAntonia Iglesias. Convenzame de que ahora las cosas han cambiado en la tele publica.<\/p>\n<p>R.- No se si te voy a convencer ni lo pretendo, pero tratar\u00e9 de ser honesta. Hice oposiciones hace 20 a\u00f1os a una empresa p\u00fablica, sin ayuda de nada ni de nadie, excepto mi esfuerzo. Durante mucho tiempo he visto y lamentado la tutela pol\u00edtica que todos los gobernantes han ejercido sobre la radiodifusi\u00f3n p\u00fablica de \u00e1mbito estatal y auton\u00f3mico. Durante m\u00e1s tiempo todav\u00eda he deseado este cambio porque me parece que era necesario y que el v\u00ednculo era un ejemplo de d\u00e9ficit democr\u00e1tico. En todo momento y etapas de mi vida profesional he intentado ser honesta; he luchado por lo mismo que ahora y durante 8 a\u00f1os he analizado el tema del pluralismo porque me interesaba personalmente. Me sent\u00ed como Alicia, la del cuento, saltando de un lado al otro del espejo. Porque conozco bien RTVE he podido hablar de ello y cuando se trabaja con herramientas de investigaci\u00f3n universitaria y no se escriben libelos el resultado el o as\u00ed lo parece, emp\u00edrico y dir\u00eda que hasta objetivo. <\/p>\n<p>P.- Seguramente Informe Semanal ha hecho reportajes con temas pol\u00e9micos que no han tenido una respuesta tan desproporcionada \u00bfpor qu\u00e9 cree que ha sido as\u00ed esta vez?<\/p>\n<p>R.- Hip\u00f3stesis 1_: Porque hay mucho dinero en juego; hip\u00f3tesis 2: porque una administraci\u00f3n como la de la Generalitat Valenciana es un medio poderoso que tiene penetraci\u00f3n en los medios de comunicaci\u00f3n y que adem\u00e1s habr\u00e1 estudiado los &#8220;r\u00e9ditos&#8221; que le puede dar la pol\u00edtica: hip\u00f3tesis 3: porque hay quien piensa que TVE es un medio manipulado y manipulable y que cualquier acusaci\u00f3n contra nosotros va a ser cre\u00edble por la opini\u00f3n p\u00fablica. Pero creo que en este caso no ha sido as\u00ed&#8230;. <\/p>\n<p>P.- \u00bfQu\u00e9 le parecen los actuales telediarios de TVE? \u00bfY los de A-3?<\/p>\n<p>R.- Que han mejorado mucho, que puede seguir mejorando, que son los m\u00e1s serios y los que m\u00e1s informaci\u00f3n dan. Que son plurales. En cuanto a Antena 3 que son tremendamente atractivos porque adem\u00e1s de la informaci\u00f3n ad hoc, meten muchos sucesos, algo de sexo con noticia y todo aquello con tir\u00f3n para la audiencia. Pero la tele p\u00fablica tiene que seguir su camino e intentar captar al espectador por el lado m\u00e1s dif\u00edcil: el de la calidad y la neutralidad. No es f\u00e1cil, pero no tenemos otros camino.O no deber\u00edamos tenerlo&#8230;..<\/p>\n<p>P.- \u00bfCu\u00e1l es el futuro de RTVE? \u00bfCu\u00e1l le gustar\u00eda que fuera? \u00bfC\u00f3mo valora el trabajo de la actual directiva?<\/p>\n<p>R.- El futuro es un gran interrogante que espero se resuelva bien. Cruzo los dedos. Estamos pendientes de un ERE, de una ley que saldr\u00e1 aprobada en pocas semanas y de definir, definitivamente, el modelo de radio y televisi\u00f3n p\u00fablica. Personalmente apuesto por una empresa grande, con financiacion suficiente, con poca publicidad, rentable, que optimice sus recursos humanos y por supuesto con una programaci\u00f3n de calidad e independiente. Ya se que son muchas cosas pero es posible. Pasa en la BBC, en la ARD, en la tele belga, en la holandesa, en la finlandesa, en Suecia, en Noruega&#8230;.. en Australia, en Canad\u00e1, \u00bfpor qu\u00e9 voy a renunciar a formar parte del grupo de teles p\u00fablicas mejores del mundo?<\/p>\n<p>P.- \u00bfNo le parece que TVE debe dar ya un paso m\u00e1s en su camino de alejarse del poder y empezar a recuperar la funci\u00f3n de denuncia e incordio valiente, tan importante en el periodismo y tan abandonada por la habitual sumisi\u00f3n de los medios a sus dependencias politicas?<\/p>\n<p>R.- Los medios p\u00fablicos pertenecen a sus ciudadanos y deben ser su altavoz. Desde el rigor y la ponderaci\u00f3n deben actuar de acicate de aquellos a los que representa. Por razones hist\u00f3ricas y pol\u00edticas en espa\u00f1a la televisi\u00f3n pas\u00f3 de manos del franquismo a manos de la democracia, un cambio fant\u00e1stico sin duda, pero el poder, el mando a distancia, lo siguieron teniendo los pol\u00edticos aunque ahora fueran los elegidos democr\u00e1ticamente por los ciudadanos. La sociedad civil, qued\u00f3 fuera de este proceso y de alguna manera todos nos acostumbramos a ello. Costar\u00e1 tiempo pero hay que romper la burbuja. Todos, pol\u00edticos, profesionales y ciudadanos deber\u00edamos cambiar nuestro concepto de lo que son los medios p\u00fablicos. <\/p>\n<p>P.- \u00bfMe podr\u00eda comentar con qu\u00e9 criterio se decidi\u00f3 enfocar el reportaje en la Comunidad Valenciana y por qu\u00e9 se decidi\u00f3 no poner ningun ejemplo de otras comunidades para ilustrar que este mismo problema pasaba en toda Espana?<\/p>\n<p>R.- El criterio es clar\u00edsimo: el 13 de diciembre la comisi\u00f3n Europea pidi\u00f3 la moratoria de la nueva ley que va a entrar en vigor. Nos pareci\u00f3 llamativo que la Uni\u00f3n Europea se preocupara sobre este asunto a raiz de las denuncias de ciudadanos de otros pa\u00edses asentados en la Comunidad Valenciana. La Comisi\u00f3n dio tres semans de plazo. Cuando finaliz\u00f3 este plazo en la primera semana de enero, decidimos hacer el reportaje. Para entonces ya se sab\u00eda, como cuenta el consejero Blasco en el reportaje, que no iban a aceptar la moratoria. Nos pareci\u00f3 un tema de inter\u00e9s p\u00fablico. NO Tenemos ninguna &#8220;predilecci\u00f3n&#8221; malintencionada por la Comunidad Valenciana. Simplemente el tir\u00f3n de orejas europeo ha sido, de momento, en esta comunidad. Eso es noticia. Lo diga Agamen\u00f3n o su porquero. <\/p>\n<p>P.- \u00bfHar\u00edan un reportaje tan arriesgado, aunque documentado, en una comunidad en la que gobernara el PSOE?<\/p>\n<p>R.- Lo hemos hecho en el mes de julio, cuando hablamos de la ley de costas y uno de los ejemplos m\u00e1s llamativos fue el centro tur\u00edstico o mega hotel que se est\u00e1 haciendo en Almer\u00eda, en concreto en Carboneras, en pleno Cabo de Gata&#8230;. Tambi\u00e9n lo hemos hecho m\u00e1s recientemente, creo que fue en diciembre, en Marbella donde hay mucha tela que cortar. Creeme: no hemos pensado en el color pol\u00edtico de la comunidad. <\/p>\n<p>P.- Hola, Alicia. \u00bfQu\u00e9 le parece la decisi\u00f3n de la Junta de Andaluc\u00eda de retirar las competencias urban\u00edsticas al ayuntamiento de Marbella? Gracias.<\/p>\n<p>R.- Dedicamos un reportaje de Informe Semanal no hace muchas ssemanas a este asunto. Lo de Marbella ha ido demasiado lejos y durante a\u00f1os han campado a sus anchas todos los tiburones. Ahora, puede que sea tarde, parece que la Junta toma medidas en el asunto. Me parece bien aunque hay cosas que ya no tienen remedio.<\/p>\n<p>P.- Yo creo que la especulaci\u00f3n se est\u00e1 desmadrando no s\u00f3lo en Valencia. En la Costa del Sol es vergonzoso lo que est\u00e1 ocurriendo con el consentimiento de la alcaldesa de Fuengirola, que ha permitido construir en barrancos y ha permitido a ciertas personas amigas construir mamotretos en primera l\u00ednea de playa. Ah\u00ed tambi\u00e9n deber\u00eda ir Informe Semanal. Enhorabuena por el programa.<\/p>\n<p>R.- Hicimos Carboneras y Marbella, pero creo que se puede volver a la Costa del Sol cuantas veces haga falta. Nos estamos jugando el futur\u00f3. No tengo duda. <\/p>\n<p>P.- Te admiro mucho. Informe Semanal es uno de los pocos programas interesantes que pueden verse en la tele. Estudio periodismo y siento curiosidad por c\u00f3mo se hace el programa: desde c\u00f3mo se deciden los temas hasta cu\u00e1ntas personas curran en la redacci\u00f3n. Si puedes contar alguna an\u00e9cdota te lo agradecer\u00eda. Besos, guapa.<\/p>\n<p>R.- Gracias. Los temas se deciden entre todos un poco&#8230;. Los lunes la redacci\u00f3n plantea nuevos asuntos para esa semana o siguientes y vamos eligiendo. Podr\u00edamos hacer tres informes semanales en vez de uno&#8230; Nos sugieren much\u00edsimas cosas y por desgracia, s\u00f3lo caben cuatro reportajes a la semana. En la redacci\u00f3n hay una docena de periodistas y no nos falta trabajo porque algunos reportajes necesitan de la colaboraci\u00f3n de varios y otros llevan varias semanas de preparaci\u00f3n previa. An\u00e9cdotas hay a patadas. Informe Semanal abre puertas que no se abren para otros programas. Te dire\u00e9 que en varias ocasiones hemos &#8220;pillado&#8221; a periodistas diciendo que estaban trabajando para un reportaje de INFORME SEMANAL y no era verdad. En algunos casos se trataba de gente de RTVE, pero de otros programas, y en otros de productoras ajenas a la tele y al programa&#8230;. Utilizan nuestro nombre porque as\u00ed se les facilita el trabajo. <\/p>\n<p>P.- \u00bfCu\u00e1nto tiempo se invierte en hacer un programa que dura apenas una hora? \u00bfSe corren muchos riesgos al indagar en asuntos que el poder no quiere que se aireen?<\/p>\n<p>R.- hay reportajes que se hacen en la misma semana y otros llevan varias. Un suceso, por ejemplo,o un atentado, se puede hacer en dos d\u00edas o menos si hay que correr. Asuntos que necesitan mucha documentaci\u00f3n requieren m\u00e1s tiempo. En cualquier caso en Informe Semanal hay, aunque no lo parezca, cerca de 50 personas entre c\u00e1maras, realizadores, redactores, etc&#8230;.. Se ponen temas en marcha que luego decaen, o se retoman, o se dejan para m\u00e1s adelante&#8230;. Es un programa que lleva mucho tiempo, aunque mi madre se crea que s\u00f3lo trabajamos los s\u00e1bados y un ratito. A veces claro que se corren riesgos, pero tampoco somos unos h\u00e9roes. En este caso ignor\u00e1bamos que iba a haber todo este tsunami medi\u00e1tico. De haberlo sabido creo que lo habr\u00edamos hecho igual, pero sinceramente ya no lo se. Un abrazo.<\/p>\n<p>P.- \u00bfQu\u00e9 cualidades ha de tener un reportero de Informe Semanal? <\/p>\n<p>R.- Sobre todo, sentido com\u00fan, mucho sentido com\u00fan. Humildad, preparaci\u00f3n, bastante experiencia. Si adem\u00e1s de todo esto se olvidan de quienes son y anteponen el programa a egos y vanidades, mejor que mejor. Porque en Informe Semanal valemos lo que vale el programa. Yo siempre digo que si nos fu\u00e9ramos a otro sitio, tendr\u00edamos que empezar de alguna manera desde cero. No hay que creerse nadie especial. Vales lo que vales tu y la experiencia acumulada de a\u00f1os de buen trabajo. <\/p>\n<p>P.- Usted, adem\u00e1s de Directora de Informe Semanal, es directiva de los Servicios Informativos de TVE \u00bfc\u00f3mo explica que, en la \u00e9poca de Urdaci, a pesar de las cr\u00edticas por la manipulaci\u00f3n pol\u00edtica, los Telediarios eran los m\u00e1s vistos y ahora sean los de Antena3?<\/p>\n<p>R.- Porque eran telediarios de trinchera y ten\u00edan un p\u00fablico fiel que se sent\u00eda &#8220;calentito&#8221; y jaleado por las noticias que se contaban. Luego estaba el otro p\u00fablico que se fue de rTVE y al que hay que recuperar poco a poco, porque no pod\u00edan soportar la contaminaci\u00f3n pol\u00edtica. La tele p\u00fablica no puede ser de trinchera; es de todos, pero eso,pared\u00f3jicamente tiene su coste porque tambi\u00e9n ahora hay gente que nos acusa de ser &#8220;tibios&#8221;. La credibilidad no es un concepto paralelo a la audiencia. la frase &#8220;si te ven es porque te creen&#8221; es un silogismo barato. En un momento de m\u00e1xima audiencia y m\u00e1ximo consumo televisivo,como sucedi\u00f3 entre el 11 y el 14 de marzo, estudios posteriores demostraron que la gente ve\u00eda TVE y sin embargo no cre\u00eda lo que le dec\u00eda. Aun as\u00ed necesitaba verla para conocer ese punto de vista en un momento tan importante para la vida de todo un pa\u00eds. En esos d\u00edas hubo gran consumo de televisi\u00f3n, en todas las cadenas, y sin embargo, la credibilidad de todas fue muy baja y la menor la de RTVE. El ciudadano pon\u00eda la informaci\u00f3n que le suministraban en cuarentena. <\/p>\n<p>P.- \u00bfCu\u00e1l es el mayor patrimonio \u00e9tico de vuestro programa?<\/p>\n<p>R.- Intentar contar las cosas como son; sin condicionamientos previos; hablar con todas las partes en conflicto; sentir que el ciudadano tiene empat\u00eda con los contenidos de Informe Semanal; resistir en momentos duros (no hablo de ahora sino de otros tambi\u00e9n&#8230;..) a las presiones. No olvidar que somos SERVICIO PUBLICO y que pertenecemos al ciudadano.<\/p>\n<p>P.- Buenas tardes, quisiera saber si tiene previsto informe semanal realizar un reportaje sobre la custodia compartida, gracias y enhorabuena por su programa.<\/p>\n<p>R.- Pues la semana pasada un redactor plante\u00f3 el asunto&#8230;. No lo hemos puesto en marcha, pero caer\u00e1&#8230;.seguro. Es un tema muy interesante y adem\u00e1s en el propio programa hay varios &#8220;afectados&#8221;.<\/p>\n","protected":false},"excerpt":{"rendered":"<p>Hace dos semanas, Informe Semanal emiti\u00f3 un reportaje sobre la especulaci\u00f3n en el litoral mediterr\u00e1neo que no ha gustado nada a la Generalitat Valenciana. TVE se ha negado a hacer una rectificaci\u00f3n p\u00fablica. La directora de Informe semanal, Alicia G\u00f3mez Montano, ha charlado sobre este tema con los lectores.<\/p>\n","protected":false},"author":1,"featured_media":0,"comment_status":"open","ping_status":"open","sticky":false,"template":"","format":"standard","meta":{"footnotes":""},"categories":[],"tags":[],"class_list":["post-479","post","type-post","status-publish","format-standard","hentry"],"_links":{"self":[{"href":"https:\/\/intervius.com\/index.html\/wp-json\/wp\/v2\/posts\/479","targetHints":{"allow":["GET"]}}],"collection":[{"href":"https:\/\/intervius.com\/index.html\/wp-json\/wp\/v2\/posts"}],"about":[{"href":"https:\/\/intervius.com\/index.html\/wp-json\/wp\/v2\/types\/post"}],"author":[{"embeddable":true,"href":"https:\/\/intervius.com\/index.html\/wp-json\/wp\/v2\/users\/1"}],"replies":[{"embeddable":true,"href":"https:\/\/intervius.com\/index.html\/wp-json\/wp\/v2\/comments?post=479"}],"version-history":[{"count":0,"href":"https:\/\/intervius.com\/index.html\/wp-json\/wp\/v2\/posts\/479\/revisions"}],"wp:attachment":[{"href":"https:\/\/intervius.com\/index.html\/wp-json\/wp\/v2\/media?parent=479"}],"wp:term":[{"taxonomy":"category","embeddable":true,"href":"https:\/\/intervius.com\/index.html\/wp-json\/wp\/v2\/categories?post=479"},{"taxonomy":"post_tag","embeddable":true,"href":"https:\/\/intervius.com\/index.html\/wp-json\/wp\/v2\/tags?post=479"}],"curies":[{"name":"wp","href":"https:\/\/api.w.org\/{rel}","templated":true}]}}