{"id":478,"date":"2006-02-01T00:00:00","date_gmt":"2006-11-06T00:00:00","guid":{"rendered":"https:\/\/intervius.com\/index.html\/?p=478"},"modified":"2006-11-06T00:00:00","modified_gmt":"2006-11-06T00:00:00","slug":"Jose_Merce478","status":"publish","type":"post","link":"https:\/\/intervius.com\/index.html\/Jose_Merce478\/","title":{"rendered":"Jos\u00e9 Merc\u00e9"},"content":{"rendered":"<p>Pregunta.- Hola Jos\u00e9, gracias por seguir deleit\u00e1ndonos con tu maravillosa voz. \u00bfPara cu\u00e1ndo otra visita por Chicago? Todav\u00eda nos relamemos al recordar el impresionante concierto de hace un par de a\u00f1os. \u00bfQu\u00e9 p\u00fablico fuera de Espa\u00f1a te parece m\u00e1s entendido y\/o exigente? Un abrazo<\/p>\n<p>Respuesta.- Espero que vayamos en el invierno de 2007. Para m\u00ed fue una gran sorpresa c\u00f3mo me recibi\u00f3 el p\u00fablico, sobre todo por lo que cay\u00f3 de nieve. <\/p>\n<p>P.- Hola, Maestro. Felicidades por toda su musica y por la pasi\u00f3n con la que lo hace. Si tuviera que definirse en una palabra, \u00bfcu\u00e1l ser\u00eda y por qu\u00e9? Gracias por su tiempo <\/p>\n<p>R.- Tengo la suerte de haber nacido para cantar y no he hecho otra cosa en mi vida. El que tengo que estar agradecido soy yo.<\/p>\n<p>P.- \u00bfVolver\u00e1s a grabar alguna vez un \u00e1lbum que suene a Flamenco antiguo?<\/p>\n<p>R.- Es muy dif\u00edcil. El flamenco no es antiguo ni moderno, es siempre flamenco<\/p>\n<p>P.- Jos\u00e9, buenas tardes. \u00bfEs dif\u00edcil en estos tiempos que la musica flamenca tenga exito entre la gente m\u00e1s joven?<\/p>\n<p>R.- No, afortunadamente. Mis \u00e9xitos est\u00e1n en los j\u00f3venes. Son los que compran mis discos. <\/p>\n<p>P.- Hola Jos\u00e9. Imag\u00ednate que una de tus canciones es nominada a los Oscar. \u00bfVer\u00edas a Santana y Banderas version\u00e1ndote? <\/p>\n<p>R.- Por supuesto que no. Lo cantar\u00eda yo. \u00bfQu\u00e9 m\u00e9rito tendr\u00eda el oscar?<\/p>\n<p>P.- Buenas tardes. \u00bfEs cierto, como se viene comentando, que el futuro de la m\u00fasica pasa por la fusi\u00f3n de los ritmos h\u00e9tnicos? \u00bfM\u00e1s concretamente con los ritmos africanos? Gracias y un saludo. <\/p>\n<p>R.- La m\u00fasica siempre que se fusione es maravillosa, cualquiera que sea el ritmo. La m\u00fasica hay que fusionarla bien. Se puede fusionar con todo.<\/p>\n<p>P.- \u00bfCrees que el hecho de que haya existido una figura tan grande como es la de Camar\u00f3n ha podido eclipsar a otros compa\u00f1eros?<\/p>\n<p>R.- No. Camar\u00f3n tiene su sitio, no puede eclipsar a nadie. Todos sabemos qui\u00e9nes somos dentro del mundo de la m\u00fasica.<\/p>\n<p>P.- Amo el flamenco puro, pero tambi\u00e9n, y mucho, otras m\u00fasicas. Omega fue un disco valiente, redondo, inovador y con el que acerc\u00f3 el flamenco a otro p\u00fablico. \u00bfPara cu\u00e1ndo otra apuesta similar? \u00bfSe le ocurre alguna banda con la que le gustar\u00eda juguetear un poco? Un saludo grande desde Hong Kong.<\/p>\n<p>R.- Juguetear me gusta mucho. Soy bastante arriesgado. No s\u00e9, si alg\u00fan d\u00eda hay alg\u00fan grupo que me guste&#8230;<\/p>\n<p>P.- \u00bfCual es su referencia en el cante? \u00bfCon que cantaor o cantaores se siente m\u00e1s identificado? \u00bfEn cuales se inspira a la hora de interpretar? Muchas Gracias<\/p>\n<p>R.- En mi familia, en mi dinast\u00eda, y, sin lugar a dudas, despu\u00e9s escucho a todos los grandes flamencos y de todos he aprendido algo.<\/p>\n<p>P.- Jos\u00e9, \u00bfes lo mismo cantar en Espa\u00f1a que fuera de aqu\u00ed?\u00bfSiente la gente de la misma manera el flamenco?<\/p>\n<p>R.- Pues s\u00ed. El flamenco se siente fuera y dentro de Espa\u00f1a. El flamenco es pasi\u00f3n, est\u00e1 vivo, te llega al alma. Lo mismo da que est\u00e9s en Chicago que en M\u00e1laga.<\/p>\n<p>P.- Enrique Morente declaraba recientemente que su mejor actuaci\u00f3n de los \u00faltimos a\u00f1os fue tras pasarse una tarde entera contemplando un cuadro de Renoir. \u00bfAfecta realmente tanto el estado de \u00e1nimo cuando se est\u00e1 encima de un escenario? \u00bfQu\u00e9 opini\u00f3n le merece Enrique Morente?<\/p>\n<p>R.- S\u00ed que afecta. Depende de c\u00f3mo te encuentres, lo transmites. Morente es uno de los grandes cantaores de este siglo.<\/p>\n<p>P.- \u00a1Qu\u00e9 bueno eres Merc\u00e9! Te he visto cinco veces y siempre lo has dado todo. \u00bfQu\u00e9 te da el flamenco? \u00bfPara cu\u00e1ndo otro disco con Vicente Amigo? <\/p>\n<p>R.- Cuando Vicente quiera y le apetezca, espero que volvamos a hacer algo juntos.<\/p>\n<p>P.- Dime tres discos flamencos que te llevar\u00edas a una isla. \u00bfLas letras del flamenco deben cambiar y adaptarse a los tiempos que corren? <\/p>\n<p>R.- Me llevar\u00eda el disco de Canta J\u00e9rez, Yesterday de los Beatles, y &#8220;Te pintar\u00e9&#8221; de Lo que no se d\u00e1.<\/p>\n<p>P.- Jos\u00e9, \u00bfte consideras profeta en tu tierra? \u00bfQu\u00e9 les puedes decir a los &#8220;puristas&#8221; del flamenco, a los que consideran una barbaridad cualquier evoluci\u00f3n, innovaci\u00f3n o fusi\u00f3n? \u00bfNo crees que se pasan? Un saludo y enhorabuena por tu arte y tu trabajo<\/p>\n<p>R.- No profeta, pero s\u00ed muy querido en mi tierra. Respeto a los puristas, respeto como piensan, pero no comparto su opini\u00f3n. Est\u00e1n pasados de moda. <\/p>\n<p>P.- \u00bfLas nuevas tecnolog\u00edas son buenas para la m\u00fasica flamenca?<\/p>\n<p>R.- Depende. Hay tecnolog\u00eda que para el mundo del flamenco valen y otras que no. <\/p>\n<p>P.- \u00bfConsidera usted que este \u00faltimo disco puede resumir sus m\u00e1s de cuarenta a\u00f1os en el mundo de la m\u00fasica? \u00bfEs su disco m\u00e1s maduro?<\/p>\n<p>R.- S\u00ed lo es, puesto que acabo de hacerlo. Estoy feliz con mi nuevo trabajo. A este disco le seguir\u00e1n otros m\u00e1s maduros con m\u00e1s sabia y experiencia.<\/p>\n<p>P.- \u00bfCu\u00e1l es la influencia que las cr\u00edticas tienen en su trabajo?<\/p>\n<p>R.- Depende, si es una cr\u00edtica constructiva la acepto de manera maravillosa, pero si son destructivas, como la mayor\u00eda, con no hacerle ni caso, sufiente.<\/p>\n<p>P.- \u00bfEs verdad que cuando era usted ni\u00f1o lleg\u00f3 a cantar en algunas reuniones en casa de los Domingu\u00edn-Bos\u00e9. \u00bfPuede contarnos algo al respecto? Gracias. Y felicidades por su carrera. <\/p>\n<p>R.- S\u00ed. Yo ten\u00eda 13 a\u00f1os cuando me invitaron a una fiesta los padres de Miguel Bos\u00e9. Jugamos juntos como dos ni\u00f1os que \u00e9ramos.<\/p>\n<p>P.- Saludos, Jos\u00e9. Soy fan tuyo desde Aire y quer\u00eda felicitarte por la calidad de tu trabajo: tu m\u00fasica es b\u00e1lsamo para mi alma. Aparte del flamenco, \u00bfa qu\u00e9 otros m\u00fasicos considerar\u00edas como tus influencias?<\/p>\n<p>R.- Gracias por ser seguidor. Por ejemplo, John Lennon, Frank Sinatra, Bruce Springsteen&#8230; hay much\u00edsimos.<\/p>\n<p>P.- Para ti, \u00bfqu\u00e9 supuso Camar\u00f3n en la Historia del Flamenco? \u00bfEs a partir de \u00e9l que podemos hablar de un flamenco moderno?<\/p>\n<p>R.- Camar\u00f3n fue el primer cantaor flamenco que lo revolucion\u00f3 en este siglo. Con \u00e9l empieza a hacerse el flamenco.<\/p>\n<p>P.- Maestro, a ver si puede aventurarme hacia d\u00f3nde va el flamenco y si el toque y el cante evolucionan por separado. Gracias<\/p>\n<p>R.- El toque va evolucionando m\u00e1s que el cante, lo que no s\u00e9 si es para bien o para mal. Todo est\u00e1 en plena evoluci\u00f3n.<\/p>\n<p>P.- \u00bfQu\u00e9 opini\u00f3n le merece la m\u00fasica de su paisano Javier Ruibal? Gracias desde el sur.<\/p>\n<p>R.- Me parece como m\u00fasico y persona, maravilloso. Es uno de los grandes m\u00fasicos andaluces que tenemos en ese rinc\u00f3n de C\u00e1diz.<\/p>\n<p>P.- Hola Jos\u00e9, enhorabuena por tu nuevo disco, llevo desde el lunes bailando &#8221; Te pintar\u00e9&#8221; y &#8220;Nochecita de abril&#8221;. Te quer\u00eda preguntar con que te sientes m\u00e1s c\u00f3modo cantando, si por flamenco mas de raiz (solea, seguiriya, etc&#8230;) o los temas que son m\u00e1s movidos como &#8220;Te pintar\u00e9&#8221;, &#8220;Nochecita de abril&#8221;, o &#8220;La vida sale&#8221;.<\/p>\n<p>R.- Me siento igual de c\u00f3modo; lo que hago es disfrutar de la m\u00fasica y lo hago igual con una seguidilla que con un tango.<\/p>\n<p>P.- Si quiere ver un buen espect\u00e1culo de flamenco, \u00bfcual ser\u00eda el sitio al que ir\u00eda si estuviese en la zona de C\u00e1diz?<\/p>\n<p>R.- Realmente tenemos en Jerez de la Frontera un gran tablao flamenco. Se lo recomiendo a todo el mundo.<\/p>\n<p>P.- \u00bfCon que cantante que a\u00fan no hayas echo un d\u00fao,te gustaria ahcerlo?<\/p>\n<p>R.- Joan Manuel Serrat y Sabina.<\/p>\n<p>P.- Hace tiempo habl\u00f3 usted de una antolog\u00eda flamenca y que la presentar\u00eda en la Ciudad del Flamenco de Jerez a finales del 2006? Habr\u00e1 que esperar un poco m\u00e1s o podremos disfrutar este mismo a\u00f1o? Enhorabuena por su nivel durante tantos a\u00f1os.<\/p>\n<p>R.- Tendremos que esperar. Este a\u00f1o se ha puesto la primera piedra de la Ciudad para el mundo entero. <\/p>\n<p>P.- Jos\u00e9, \u00bfqu\u00e9 cante de tu disco le interpretar\u00edas a nuestro Ra\u00fal Gonz\u00e1lez para que se recupere y nos d\u00e9 otra Copa de Europa? Enhorabuena por tu disco, maestro.<\/p>\n<p>R.- Le cantar\u00eda ese pedazo de buler\u00eda &#8220;T\u00fa me romeas&#8221;.<\/p>\n<p>P.- \u00bfSe es flamenco 24h al d\u00eda o se est\u00e1 profesionalizando cada vez m\u00e1s este mundo? Saludos desde C\u00e1diz<\/p>\n<p>R.- En mi caso es mi forma de vivir. No sabr\u00eda hacerlo sin ser 24 horas flamenco.<\/p>\n<p>P.- Buenas tardes Jos\u00e9. \u00bfAl margen de flamenco, que otro tipo de m\u00fasica y cantantes sueles escuchar? Gracias<\/p>\n<p>R.- Me gusta el son cubano, Bob Dylan para momentos tranquilos, John Lennon. Me gusta mucho la m\u00fasica cl\u00e1sica como la de Beethoven. Esto me ayuda a mantener mi gran debilidad, que es el flamenco.<\/p>\n<p>P.- Hola Jos\u00e9, tengo entendido que te vas a presentar esta temporada al programa Gran Hermano Vip \u00bfEs verdad este rumor?<\/p>\n<p>R.- Hola Jos\u00e9, tengo entendido que te vas a presentar esta temporada al programa Gran Hermano Vip \u00bfEs verdad este rumor?<\/p>\n<p>P.- \u00bfCu\u00e1l es para usted la mejor versi\u00f3n que ha trasladado al flamenco? Gracias desde Huesca<\/p>\n<p>R.- Sin lugar a dudas, por el contenido social, &#8220;Al alba&#8221;.<\/p>\n<p>P.- Hola Jos\u00e9. \u00bfPor qu\u00e9 has decidido llamar a tu nuevo disco &#8220;Lo que no se da&#8221;? Muchas gracias de antemano.<\/p>\n<p>R.- Lo que no se da es lo que se tiene que dar, es lo que nos dejamos aqu\u00ed, en el amor se va hasta la pasi\u00f3n. No se debe dejar nada, hay que darlo todo.<\/p>\n<p>P.- Buenas tardes Jos\u00e9 y en primer lugar gracias por todos tus discos. \u00bfPiensas que ya no es posible cantar cl\u00e1sico, o que ni siquiera tiene sentido?<\/p>\n<p>R.- No, por favor. El cante cl\u00e1sico es eterno. Siempre se puede cantar. En mis conciertos hago una primera parte de cante tradicional.<\/p>\n<p>P.- Hola Jos\u00e9 (desde Chile). \u00bfD\u00f3nde nace la fuerza del cante flamenco?<\/p>\n<p>R.- Yo creo que nace de las entra\u00f1as, no existen academias ni diafragma; nace y se hace.<\/p>\n<p>P.- \u00bfqu\u00e9 tema te gustar\u00eda interpretar y con qui\u00e9n? salud<\/p>\n<p>R.- Me encantar\u00eda interpretar Yesterday, pero la persona con la que quisiera cantarlo, John Lennon, ya no est\u00e1.<\/p>\n<p>P.- Viva la madre del Merc\u00e9! No te quiero preguntar nada, s\u00f3lo darte la enhorabuena por ser el peazo hombre, cantante y persona que eres. Gracias por cantarnos!<\/p>\n<p>R.- Much\u00edsimas gracias por el piropo. Como veo y entiendo, debes de ser gran seguidor. Muchas gracias.<\/p>\n<p>P.- \u00bfQu\u00e9 te ha parecido la pelicula sobre la vida de Camar\u00f3n?<\/p>\n<p>R.- Simplemente genial. El actor ha dado la talla. Merece un diez por como lo interpreta. Merece la pena ir a ver esa pel\u00edcula.<\/p>\n","protected":false},"excerpt":{"rendered":"<p>Tradici\u00f3n y nuevo flamenco, fusiones y ritmo en Lo que no se da , el nuevo disco de Jos\u00e9 Merc\u00e9. El cantaor jerezano, que lleva m\u00e1s de 35 a\u00f1os sobre los escenarios, ha charlado con los lectores sobre su nuevo trabajo y sobre su carrera.<\/p>\n","protected":false},"author":1,"featured_media":0,"comment_status":"open","ping_status":"open","sticky":false,"template":"","format":"standard","meta":{"footnotes":""},"categories":[],"tags":[],"class_list":["post-478","post","type-post","status-publish","format-standard","hentry"],"_links":{"self":[{"href":"https:\/\/intervius.com\/index.html\/wp-json\/wp\/v2\/posts\/478","targetHints":{"allow":["GET"]}}],"collection":[{"href":"https:\/\/intervius.com\/index.html\/wp-json\/wp\/v2\/posts"}],"about":[{"href":"https:\/\/intervius.com\/index.html\/wp-json\/wp\/v2\/types\/post"}],"author":[{"embeddable":true,"href":"https:\/\/intervius.com\/index.html\/wp-json\/wp\/v2\/users\/1"}],"replies":[{"embeddable":true,"href":"https:\/\/intervius.com\/index.html\/wp-json\/wp\/v2\/comments?post=478"}],"version-history":[{"count":0,"href":"https:\/\/intervius.com\/index.html\/wp-json\/wp\/v2\/posts\/478\/revisions"}],"wp:attachment":[{"href":"https:\/\/intervius.com\/index.html\/wp-json\/wp\/v2\/media?parent=478"}],"wp:term":[{"taxonomy":"category","embeddable":true,"href":"https:\/\/intervius.com\/index.html\/wp-json\/wp\/v2\/categories?post=478"},{"taxonomy":"post_tag","embeddable":true,"href":"https:\/\/intervius.com\/index.html\/wp-json\/wp\/v2\/tags?post=478"}],"curies":[{"name":"wp","href":"https:\/\/api.w.org\/{rel}","templated":true}]}}