{"id":4779,"date":"2007-06-15T00:00:00","date_gmt":"2006-11-06T00:00:00","guid":{"rendered":"https:\/\/intervius.com\/index.html\/?p=4779"},"modified":"2006-11-06T00:00:00","modified_gmt":"2006-11-06T00:00:00","slug":"Maria_del_Mar_Bermudez4779","status":"publish","type":"post","link":"https:\/\/intervius.com\/index.html\/Maria_del_Mar_Bermudez4779\/","title":{"rendered":"Mar\u00eda del Mar Berm\u00fadez"},"content":{"rendered":"<p>Pregunta.- Estimada Sra Bermudez: Mi m\u00e1s sincero p\u00e9same, y mi m\u00e1s profundo aliento para su lucha por la justicia en memoria de su hija. No me atrevo, ni siquiera a imaginar cuanto dolor estar\u00e1 teniedo que soportar. Por favor, sienta vd mi respaldo y mi admiraci\u00f3n por su infatigable labor. Y solo quiero preguntarle si hay alguna asociaci\u00f3n, fundaci\u00f3n, o lo que sea donde colaborar con vds.<\/p>\n<p>Respuesta.- S\u00ed, est\u00e1 la Asociaci\u00f3n Sandra Palo en Defensa de las Libertades. Si quiere colaborar o hacerse socio, la cuenta es 0072 0532 14 00 00 100 266, en el Banco Pastor. Much\u00edsimas gracias.<\/p>\n<p>P.- \u00bfQue le parece la idea de que las penas a menores de edad sean, al menos, la mitad de la que les corresponderia si fueran mayores de edad? Creo que seria una medida que endureceria las penas sin caer en el exceso, lo que seria factible en nuestra legislacion. Mucho animo y un abrazo muy grande. Alejandro. Malaga<\/p>\n<p>R.- Las penas a los menores siempre me han parecido irrisorias. La vida de un ser humano no tiene precio ni condena, pero sobre todo cuando un menor comete un delito tan grave como \u00e9ste deber\u00edan de haber endurecido m\u00e1s esas condenas, que para ellos son unas vaciones lo que han pasado en los centros. Gracias.<\/p>\n<p>P.- \u00bfC\u00f3mo se entiende en un pa\u00eds europeo una ley que concede licencias para matar a los menores de edad? \u00bfNo crees que los partidos pol\u00edticos tienen miedo a hablar claro de cadenas perpetuas por miedo a que los llamen fascistas? \u00bfPor qu\u00e9 tenemos que ser los m\u00e1s tontos?<\/p>\n<p>R.- La verdad es que yo s\u00ed que le echo la culpa a todas las instituciones. No se quieren implicar en el tema de los menores, s\u00f3lo se preocupan de enfrentarse entre ellos y no de la sociedad, en la que hay v\u00edctimas desamparadas. Es lamentable que tengamos una justicia tan blanda y que sea tan f\u00e1cil matar.<\/p>\n<p>P.- Lo que le pas\u00f3 a su hija me revuelve el est\u00f3mago, aunque no puedo ni imaginarme c\u00f3mo debe de estar usted. \u00bfPiensa que el tribunal de estrasburgo ayudar\u00e1 a que en Espa\u00f1a se cambie la ley del menor? Por cierto que si hubiera que firmar en alguna parte yo firmar\u00eda para ayudarla.<\/p>\n<p>R.- Ayer nos reunimos con Alfredo Prada, Consejero de Justicia de la Comunidad de Madrid, nos ha prometido apoyarnos y ayudarnos para llegar hasta Estrasburgo. De hecho, se va a abrir un debate en la Asamblea de Madrid. La esperanza nunca se debe de perder. Habr\u00e1 que esperar a ver que nos contestan. Esperemos que todo sea positivo.<\/p>\n<p>P.- Yo quiero darle todo mi apoyo y me parece una autentica verg\u00fcenza nuestro c\u00f3digo penal que esta hecho pensando en los criminales y no en las victimas \u00bfDe donde le viene la fuerza necesaria para soportar esta situaci\u00f3n? yo creo que no podr\u00eda. Un abrazo muy fuerte.<\/p>\n<p>R.- La fuerza la saco de la impotencia, desde la rabia y el dolor, pero sobre todo porque mi hija desde donde est\u00e9 me transmite mucha m\u00e1s fuerza y eso me hace seguir luchando, aunque la salud se va deteriorando.<\/p>\n<p>P.- Buenos d\u00edas, Maria del Mar, ante todo enviarte todo mi apoyo y solidaridad, y que me parece muy injusto que unos criminales como \u00e9stos salgan a la calle. S\u00e9 que estuvistes luchando por cambiar la ley del menor, me consta porque en tu barrio, que es el m\u00edo, firmamos para que esto cambiara, pero no s\u00e9 c\u00f3mo ha quedado el tema, no se consiguieron las firmas suficientes \u00f3 es que eso no ha sido suficiente para cambiar la ley?. Mucha suerte en tu nueva lucha, espero que lo consigas. Un abrazo muy fuerte.<\/p>\n<p>R.- S\u00ed, entregamos m\u00e1s de un mill\u00f3n de firmas cuando ellos nos ped\u00edan 500.000, pero al final la reforma que entr\u00f3 en vigor en enero la han hecho a la manera que ellos han querido, para nada en lo que nosotros ped\u00edamos, que se rebajaran las edades de 14 a 12 a\u00f1os y que se endurecieran bastante m\u00e1s las penas, no que se dejara a merced de un juez.<\/p>\n<p>P.- Decia Pierre Villaume, un filosofo aleman, &#8220;la esperanza de la impunidad es para muchos hombres una invitaci\u00f3n al crimen&#8221; La Ley de menores es una invitacion al delito. Cuando hablamos de un menor nos imaginamos al adolescente revoltoso, jugueton, traviseo, pero tambi\u00e9, existo otro tipo de menor el asesino, el maleantes. No se puede entender a todos los menores por igual, y debe existir una ley que vaya contra estos y de una forma dura. No puede ser que un asesino salga del lugar del que esta internado como si nada, lo que ha hecho es grave y debe cumplir un castigo proporcional a su delito. Animo Maria del Mar y lucha por nuestro hijos para que no les pase lo que un mal d\u00eda le paso a Sandra. \u00bfque ayudas tienes o aquellos que en un principio te apoyaraon instituciones , ayuntamiento, ya se han olvidado del caso? \u00bfque apoyo tienes del ayuntamiento de Getafe?<\/p>\n<p>R.- Del Ayuntamiento de Getafe no tengo ning\u00fan apoyo desde el primer d\u00eda, al contrario, de hecho hemos tenido un juicio con el alcalde porque es una mala persona. Y sobre el tema de instituciones o asociaciones, tampoco hemos tenido ayuda, s\u00f3lo ayer cuando nos entrevistamos con Alfredo Prada nos prometi\u00f3 que a primeros de enero tendr\u00edamos una subvenci\u00f3n para la asociaci\u00f3n que tenemos. Seguir\u00e9 luchando tanto por mis hijos como por los dem\u00e1s.<\/p>\n<p>P.- buenas tardes. ante todo, decirle que admiro su fuerza y coraje. mi pregunta es : cuando alguien se encuentra en su situacion, se plantea como se sentiran los padres de los asesinos?<\/p>\n<p>R.- No. No me planteo porque los padres son exactamente igual, los hermanos tambi\u00e9n y creo que las instituciones tuvieron tiempo suficiente para poder recuperar a este asesino ya que desde los siete a\u00f1os era un peque\u00f1o delincuente y han permitido que con 14 sea un asesino. Tiene dos hermanos peque\u00f1os que uno de ellos est\u00e1 siguiendo los mismos pasos y adem\u00e1s su padre en este momento est\u00e1 en la c\u00e1rcel.<\/p>\n<p>P.- Trabajo en un centro de menores internados por orden judicial. Como profesional, tras muchos a\u00f1os y viendo lo que he visto, he perdido toda mi ilusi\u00f3n y le confieso que no creo para nada en la rehabilitaci\u00f3n. \u00bfC\u00f3mo decir a la sociedad que la esta Ley del Menor es un esc\u00e1ndalo, que mucha gente que trabaja aqui no creemos en esto?<\/p>\n<p>R.- S\u00e9 de otros monitores exactamente lo mismo que t\u00fa me cuentas, que han tenido que abandonar los centros, unos por depresi\u00f3n, otros porque los han echado porque los mismos menores se autolesionan y culpabilizan a los monitores. Ellos son los due\u00f1os de los centros, por eso le comprendo.<\/p>\n<p>P.- \u00bf Ha pensado alguna vez en tomarse la justicia por su mano ?<\/p>\n<p>R.- Desde mi coraz\u00f3n, te dir\u00eda que s\u00ed pero siempre hablo desde fuera porque no quisiera ponerme a la altura de estos criminales, aunque estar\u00e9 el d\u00eda 27 en las puertas del centro, tengo muchas cosas dentro de mi para decirle, pero no s\u00e9 exactamente lo que ocurrir\u00e1 porque soy una persona muy impulsiva y lo mismo me puedo quedar con la mente en blanco como que me puedo abalanzar hacia \u00e9l, pero nunca hacerle nada puesto que todo el mundo sabe que los gitanos se toman su justicia por su mano y tengo una familia a la que proteger.<\/p>\n<p>P.- Hola un abrazo inmenso y mi solidaridad absoluta con Vd.Le apoyo en la petici\u00f3n de cambio de la ley del menor y mi pregunta es\u00bfc\u00f3mo se digiere que un conductor vaya a la carcel por ir a exceso de velocidad siendo las circunstancias favorables, es decir, sin poner en peligro la vida de nadie (m\u00e1s que la suya)pues puede circular s\u00f3lo por un tramo de autopista o carretera y los asesinos de su hija salgan libres? \u00bfcree que esto es justicia o una tomadura de pelo para el pueblo que anda por la calle???<\/p>\n<p>R.- Pienso que es una tomadura de pelo para el pueblo y sobre todo que nos tienen enga\u00f1ados. La prueba est\u00e1 en que el d\u00eda 12 cuando Carmen Malfag\u00f3n, directora de los centros, hizo las declaraciones de que el menor estaba rehabilitado yo tengo en mi poder el auto en el que dice todo lo contrario. Y es vergonzoso que un conductor, sobre todo como es el tema de Farruquito, haya matado a una persona y ni siquiera vaya a pasar un a\u00f1o en la c\u00e1rcel.<\/p>\n<p>P.- Soy un chico de 36 a\u00f1os y desde que me entere de tal salvajada cometida he tenido latente en mi pensamiento este caso. Por desgracia es casi a diario los asesinatos tan brutales que se cometen, pero el de tu hija me dejo huella. Quiero que sepas que en tu lucha esta mucha gente, entre ellos yo, es maravilloso como te encaras ante todo lo que no es justo, eres toda una madre coraje. Desde Torrevieja te mando todo mi apoyo, tanto emocional como en lo que pueda hacer por ayudarte a que el dia de ma\u00f1ana puedas aliviar tu dolor sabiendo que al menos se ha hecho justicia. Un abrazo enorme.<\/p>\n<p>R.- Muchas gracias por tu apoyo. S\u00ed que es verdad que es muy duro todo lo que estamos pasando, pero se alivia un poco cuando gente como vosotros me d\u00e1is todo vuestro apoyo y os solidarizais con nosotros. Eso tambi\u00e9n nos da mucha fuerza para seguir luchando.<\/p>\n<p>P.- Querida M\u00aa del Mar, su tes\u00f3n es admirable. \u00bfHa recibido usted presiones para o alg\u00fan tipo de ofertas para comprar su silencio?<\/p>\n<p>R.- No, para nada. Ni tampoco lo permitir\u00eda. El caso de mi hija nunca lo he politizado, lo que s\u00ed he hecho ha sido llamar a muchas puertas y hablar con pol\u00edticos que luego se ha quedado todo en saco roto. Pero, a\u00fan as\u00ed, yo seguir\u00e9 adelante.<\/p>\n<p>P.- \u00bfes usted creyente? \u00bfen algun momento seria capaz de perdonar a los asesinos? yo es que soy creyente y en la biblia dice que debemos perdonar pero yo si estuvuera en su postura no se si huiria de la religion en este sentido, pues no perdonar\u00eda nunca.Un besazo enorme. Ana 27 a\u00f1os. Alicante<\/p>\n<p>R.- Esta pregunta me la han hecho varias veces y mi respuesta es que no. No podr\u00eda perdonarlos y tampoco darles ninguna oportunidad ya que ellos tampoco se la dieron a mi hija. Y referente a si soy creyente, s\u00ed. Creo que ah\u00ed arriba en el cielo hay alguien que nos protege, aunque yo al principio no cre\u00eda y dec\u00eda que porqu\u00e9 Dios hab\u00eda permitido que esto le sucediera a mi hija.<\/p>\n<p>P.- Estar\u00e1 esperando fuera el d\u00eda que salga Rafita del Centro de Menores?? Que le quiere decir?? Si yo fuese usted creo que no podr\u00eda contenerme&#8230;. Much\u00edsima fuerza. Un abrazo enorme.<\/p>\n<p>R.- S\u00ed, estar\u00e9, si Dios quiere, el d\u00eda 27 a primera hora sobre todo para que los medios de comunicaci\u00f3n que hasta ahora me han ayudado much\u00edsimo puedan ponerle cara a un rostro que hasta hoy nadie conoce, s\u00f3lo saben que es el asesino de mi hija, pero no tiene cara. Y referente a lo que har\u00e9 cuando le vea salir, no puedo dec\u00edrselo porque soy una persona muy impulsiva pero hasta que no llegue el d\u00eda no sabremos lo que haremos.<\/p>\n<p>P.- De todos los apoyos que ha recibido durante este largo proceso \u00bfcu\u00e1les ha sido los que m\u00e1s le han conmovido y ayudado a seguir adelante? Me sumo a ellos. Besos<\/p>\n<p>R.- Hasta ahora, como bien digo, sobre todo todos los medios de comunicaci\u00f3n en general, tambi\u00e9n el anterior Defensor del Menor, D. Pedro N\u00fa\u00f1ez Morgades, gran amigo m\u00edo, mi abogado que he aprendido muchas cosas de \u00e9l, y sobre todo, de mi familia y de mi marido.<\/p>\n<p>P.- \u00bfC\u00f3mo es un d\u00eda cualquiera en su vida? \u00bfTrabaja usted? \u00bfHa podido recuperar la normalidad o vieve enteramente dedicada a lograr que se haga justicia en el caso de su hija? Un abrazo fuerte y suerte<\/p>\n<p>R.- S\u00ed, trabajo. Llevo un a\u00f1o, me ha ayudado mucho. Tambi\u00e9n tengo una nieta de un a\u00f1o que nos ha hecho que el dolor se apacigue un poco. La verdad, estoy muy volcada en esta lucha, pero nunca dejo a mis hijos a un lado.<\/p>\n<p>P.- Sra Bermudez la escribo desde EEUU para darla animo y mi mas sincero apoyo .Estaba en Espana cuando la terrible tragedia ocurrio a su hija .Creo hay leyes y estas deben de cumplirse al maximo ,una persona de 13 o 14 anos ,hoy en dia sabe lo que hace y creo deben ser condenados como adultos y no solo cuatro anos de rehabilitacion.Mi mas sincero pesame. Angela Garcia<\/p>\n<p>R.- Much\u00edsimas gracias por su apoyo desde tan lejos. La verdad es que es lo que siempre hemos pedido, que se endurecieran estas penas porque s\u00ed que es verdad que un menor con 12 o 13 a\u00f1os si cometiera o hubiese cometido un delito como el de mi hija no tendr\u00eda ni tan siquiera que entrar en un reformatorio sino que pasar\u00eda a sus padres como tutores. Es vergonzoso, pero es la cruda realidad.<\/p>\n<p>P.- Senciramente, \u00bfestar\u00eda usted a favor de la pena de muerte para aquellos que cometen crimenes horrendos?<\/p>\n<p>R.- Nunca hemos hecho declaraciones sobre pedir pena de muerte ni cadena perpetua. La gente que nos para por la calle nos lo han pedido y nos han dicho lo que har\u00edan con ellos, pero yo no me voy a poner a su altura, creo que esto le corresponde a la Justicia y a las instituciones que son los que est\u00e1n trabajando con estos individuos.<\/p>\n<p>P.- Si millones de personas han salido a la calle en Espa\u00f1a para protestar por guerras en otros paises (que es algo terrible) y contra el terrorismo (que tambi\u00e9n es algo terrible), \u00bfpor qu\u00e9 no unirnos todos para exigir m\u00e1s defensa judicial contra los asesinos y delincuentes que pasan todos los d\u00edas a escasos metros de nosotros? \u00bfCree que la sociedad es hip\u00f3crita en este aspecto o no est\u00e1 suficientemente concienciada?<\/p>\n<p>R.- Esto lo llevamos diciendo mucho tiempo \u00bfpor qu\u00e9 se hacen tantas manifestaciones y tienen tantas ayudas tanto las asociaciones de v\u00edctimas del terrorismo y por qu\u00e9 se olvida a v\u00edctimas como nosotros que somos v\u00edctimas del terrorismo callejero? S\u00ed que es verdad que nos deber\u00edamos de unir todas las asociaciones, pero de mi parte que no quede que lo he pedido muchas veces. De hecho, hace dos a\u00f1os hice una manifestaci\u00f3n y me prometieron tanto Pilar Manj\u00f3n como otras asociaciones que ir\u00edan y al final no fue nadie, s\u00f3lo v\u00edctimas, amigos y familiares.<\/p>\n<p>P.- Estimada Maria; El codigo penal y los beneficios penitenciarios automaticos de Espa\u00f1a son los mas blandos de Europa. Por ejemplo en Francia, Italia, Alemania e Inglaterra hay cadena perpetua y la ley del menor es mucho mas dura. Es una verguenza que desprotege al ciudadano en cualquier delito. Su caso es el colmo de la falta de rigor de la justicia espa\u00f1ola. Es una absoluta verguenza que usted tenga que ir a Estrasburgo. Si necesita firmas de apoyo, seria conveniente que dispusiera de una pagina web de su asociacion. \u00bfTiene una web para contactar?<\/p>\n<p>R.- Tenemos una p\u00e1gina que es la de Libertad Digital donde estamos recogiendo firmas para que estos individuos no salieran a la calle, pero como son sentencias firmes van a salir de igual forma, pero yo seguir\u00e9 recogiendo estas firmas para aportarlas a Estrasburgo y as\u00ed hacer m\u00e1s presi\u00f3n.<\/p>\n<p>P.- \u00bfCual es el proceso para llevar un caso a Estrasburgo, y cuales las posibilidades de que se preste atenci\u00f3n all\u00ed a un drama personal? Si y cuando haya una manifestaci\u00f3n, estaremos all\u00ed muchos. Suerte.<\/p>\n<p>R.- El proceso a llevar quien nos va a asesorar y ayudar es el se\u00f1or Alfredo Prada porque nosotros no ten\u00edamos mucha idea del procedimiento que se ha de llevar hasta all\u00ed, entonces \u00e9l nos va a ayudar en este procedimiento y sobre todo me gustar\u00eda darle las gracias por su apoyo. Espero que vaya el m\u00e1ximo posible de gente.<\/p>\n<p>P.- \u00bfCree que la Comunidad de Madrid est\u00e1 utilizando su caso para presionar al Gobierno para que cambie la Ley del Menor?<\/p>\n<p>R.- Creo que no, creo que son muy sinceros en su apoyo porque no es de ahora que yo haya tenido una entrevista con el se\u00f1or Alfredo Prada, han sido varias. Con la presidenta Esperanza Aguirre tambi\u00e9n y otras personas del Partido Popular, que son los que realmente en su momento me echaron una mano. Hasta ahora no me han demostrado que sean unos oportunistas.<\/p>\n<p>P.- Antes que nada quer\u00eda enviarle todo mi apoyo porque creo que es una mujer muy valiente y siento much\u00edsimo lo que est\u00e1 sufriendo. De hecho, mi pregunta es si no teme que todo este proceso termine da\u00f1\u00e1ndola a\u00fan m\u00e1s. Si al final, adem\u00e1s de quitarle a su hija, los asesinos tambi\u00e9n van a terminar con sus posibilidades de vivir tranquila. Un abrazo muy fuerte.<\/p>\n<p>R.- La verdad es que s\u00ed que son mi pesadilla y la de mi familia, pero tambi\u00e9n nosotros lo somos para ellos. S\u00ed que es verdad que la salud se va deteriorando, pero m\u00e1s da\u00f1o del que nos hicieron cuando nos dieron una noticia no creo que me puedan hacer m\u00e1s. Con esto viviremos toda la vida, pero hay que seguir adelante porque tengo dos hijos m\u00e1s que me necesitan y que lo hago por ellos y porque no vuelva a ocurrir a otras personas.<\/p>\n<p>P.- \u00bfQu\u00e9 razones le dan para no cambiar la ley que permite salir a la calle despu\u00e9s de cometer esa atrocidad?<\/p>\n<p>R.- Las razones no son muy claras porque sobre todo el se\u00f1or Javier Urra de Fiscal\u00eda de Menores siempre te dice que vienen de familias desestructuradas, que no hay suficientes medios y que todos los centros est\u00e1n llenos, pero lo que quiero que sepan es que por cada menor estamos pagando cada ciudadano 50.000 pesetas de nuestros impuestos y a\u00fan as\u00ed hay una empresa que encima te suministra toda la ropa de deporte que yo no podr\u00eda comprarle a mi hijo. Y yo me pregunto d\u00f3nde va a parar todo ese dinero y si los centros est\u00e1n llenos es porque tenemos muchos menores que vienen de fuera y los que tenemos de aqu\u00ed de Espa\u00f1a no pueden entrar porque evidentemente mientras que tengamos a esos menores que no lleven a sus pa\u00edses o se hagan m\u00e1s centros, esto seguir\u00e1 funcionando mal.<\/p>\n","protected":false},"excerpt":{"rendered":"<p>La madre de Sandra Palo va a llevar el caso a Estrasburgo. Su hija fue brutalmente asesinada en 2003 y uno de los culpables iba a salir en libertad este martes, pero finalmente lo har\u00e1 el 27 de junio tras cumplir los cuatro a\u00f1os de internamiento que orden\u00f3 para \u00e9l un juzgado de menores. Mar\u00eda del Mar Berm\u00fadez quiere denunciar a las instituciones y a la Ley del Menor por permitir su libertad.<\/p>\n","protected":false},"author":1,"featured_media":0,"comment_status":"open","ping_status":"open","sticky":false,"template":"","format":"standard","meta":{"footnotes":""},"categories":[],"tags":[],"class_list":["post-4779","post","type-post","status-publish","format-standard","hentry"],"_links":{"self":[{"href":"https:\/\/intervius.com\/index.html\/wp-json\/wp\/v2\/posts\/4779","targetHints":{"allow":["GET"]}}],"collection":[{"href":"https:\/\/intervius.com\/index.html\/wp-json\/wp\/v2\/posts"}],"about":[{"href":"https:\/\/intervius.com\/index.html\/wp-json\/wp\/v2\/types\/post"}],"author":[{"embeddable":true,"href":"https:\/\/intervius.com\/index.html\/wp-json\/wp\/v2\/users\/1"}],"replies":[{"embeddable":true,"href":"https:\/\/intervius.com\/index.html\/wp-json\/wp\/v2\/comments?post=4779"}],"version-history":[{"count":0,"href":"https:\/\/intervius.com\/index.html\/wp-json\/wp\/v2\/posts\/4779\/revisions"}],"wp:attachment":[{"href":"https:\/\/intervius.com\/index.html\/wp-json\/wp\/v2\/media?parent=4779"}],"wp:term":[{"taxonomy":"category","embeddable":true,"href":"https:\/\/intervius.com\/index.html\/wp-json\/wp\/v2\/categories?post=4779"},{"taxonomy":"post_tag","embeddable":true,"href":"https:\/\/intervius.com\/index.html\/wp-json\/wp\/v2\/tags?post=4779"}],"curies":[{"name":"wp","href":"https:\/\/api.w.org\/{rel}","templated":true}]}}