{"id":4771,"date":"2007-06-25T00:00:00","date_gmt":"2006-11-06T00:00:00","guid":{"rendered":"https:\/\/intervius.com\/index.html\/?p=4771"},"modified":"2006-11-06T00:00:00","modified_gmt":"2006-11-06T00:00:00","slug":"Antonio_Lopez-Isturiz4771","status":"publish","type":"post","link":"https:\/\/intervius.com\/index.html\/Antonio_Lopez-Isturiz4771\/","title":{"rendered":"Antonio L\u00f3pez-Ist\u00fariz"},"content":{"rendered":"<p>Pregunta.- Despu\u00e9s de la cumbre&#8230;Rajoy dij\u00f3 que Zapatero no hab\u00eda hecho nada en esta cumbre \u00bfusted que opina de la actitud de Zapatero en esta cumbre? aunque bueno usted me dir\u00e1 que ha sido una actitud mala pero por favor no sea pol\u00edticamente correcto.<\/p>\n<p>Respuesta.- Lo deseable hubiese sido que el presidente del Gobierno de Espa\u00f1a hubiese protagonizado la negociaci\u00f3n pura y dura, no s\u00f3lo en foto, una actitud m\u00e1s participativa en las decisiones que se tomaron. Alguien podr\u00eda pensar, como una estretegia inteligente, llevarse los beneficios de la lucha de los polacos sin desgastarse, pero eso en los Consejos Europeos es una equivocaci\u00f3n, una actitud firme hace que en el futuro, en pr\u00f3ximas negociaciones te tengan m\u00e1s en cuenta. El ser m\u00e1s duro en las negociaciones no significa ser menos europeo.<\/p>\n<p>P.- Buenos d\u00edas. \u00bfCu\u00e1l ha sido esta vez el papel del eje Par\u00eds-Berl\u00edn para (medio) solucionar esta crisis? \u00bfEn qu\u00e9 ha cedido Gran Breta\u00f1a y el resto de pa\u00edses atlantistas que parecen tener inter\u00e9s en una Europa fuerte econ\u00f3micamente pero no tanto pol\u00edticamente? Muchas gracias.<\/p>\n<p>R.- El papel del Eje Par\u00eds-Berl\u00edn ha sido fundamental en la soluci\u00f3n de los problemas que se planteaban en esta cumbre. Quiero destacar especialmente el papel de Angela Merkel, verdadera garante de acuerdos en los \u00faltimos tiempos en la Uni\u00f3n Europea. Gran Breta\u00f1a realmente ha cedido poco y no considero correcto la afirmaci\u00f3n de que los pa\u00edses atlantistas est\u00e9n menos interesados en una Uni\u00f3n Europea pol\u00edtica. El mejor ejemplo es, sin duda, la propia Angela Merkel, m\u00e1xima defensora de pol\u00edticas trasatl\u00e1nticas y de la que nadie duda de su europeismo pol\u00edtico convencido.<\/p>\n<p>P.- Buenas tardes. Los que llevamos tiempo trabajando en la CE, y sobre todo en pa\u00edses del Este, ya advert\u00edamos hace a\u00f1os que Polonia traer\u00eda problemas de funcionalidad al ya complejo mecanismo comunitario. \u00bf C\u00f3mo se ve desde el PPE la actitud polaca, no ya en \u00e9sta \u00faltima cumbre, sino en su conjunto como miembto de la UE ? Gracias. Alvaro.<\/p>\n<p>R.- En mi caso, yo negoci\u00e9 en el pasado la entrada de la plataforma c\u00edvica de Polonia en el Partido Popular Europeo, partido de centro-derecha europe\u00edsta que no tiene nada que ver con el partido de gobierno de los hermanos Kacinsky, cuya entrada yo rechac\u00e9 bas\u00e1ndome en las mismas sospechas que t\u00fa planteas. La sensaci\u00f3n general en las instituciones europeas empieza a ser de considerar a Polonia como un miembro desagradecido de esta Uni\u00f3n.<\/p>\n<p>P.- \u00bfQu\u00e9 prefiere: algui\u00e9n pol\u00edticamente incorrecto o un libre pensador?<\/p>\n<p>R.- Como miembro del Partido Popular, orgulloso de su afiliaci\u00f3n y de la pol\u00edtica bien entendida, yo creo que hoy en d\u00eda es muy dif\u00edcil que cualquiera de estos dos modelos que me propones tengan cabida en un partido pol\u00edtico. En el Partido Popular, como es bastante conocido, hay numerosas corrientes de opini\u00f3n, cosa que no pasa con otros. Ser\u00eda deseable en el futuno no s\u00f3lo que los pol\u00edticos sino que la sociedad, que es al final de donde salimos, sea algo m\u00e1s pol\u00edticamente incorrecta.<\/p>\n<p>P.- Hola. \u00bfC\u00f3mo ve el futuro de la Uni\u00f3n Europea? \u00bfavanza o se estanca?<\/p>\n<p>R.- Tras esta Consejo Europeo del fin de semana, creo positivamente en que los avances van a tener lugar en breve, en una Uni\u00f3n Europea hasta ahora estancada en numerosos problemas. De todas maneras, tendr\u00e9is oportunidad de pasar factura o no por si hemos sido o no diligentes en estas soluciones en las pr\u00f3ximas elecciones europeas de mayo de 2009.<\/p>\n<p>P.- Aznar era el principal aliado de Polonia en la UE. \u00bfC\u00f3mo cree que se habr\u00eda desarrollado la pasada cumbre de Bruselas si el PP siguiera en el poder? \u00bfDe qu\u00e9 lado se habr\u00eda puesto Espa\u00f1a?<\/p>\n<p>R.- No s\u00f3lo Polonia sino tambi\u00e9n Angela Merkel es una gran amiga tanto de Aznar como de Rajoy, con lo que probablemente de estar en el Gobierno hubiesen tenido un papel mediador muy fuerte entre ambas posiciones.<\/p>\n<p>P.- Usted pertenece al mismo grupo pol\u00edtico de Merkel y Sarkozy.\u00bfQu\u00e9 papel han desempe\u00f1ado en la cumbre europea? Tan importante ha sido su papel como dicen algunos medios? Gracias<\/p>\n<p>R.- S\u00ed. Sobre todo, como dec\u00eda anteriormente, el de Angela Merkel. Era la primera cumbre de Sarkozy y es pronto para decir cu\u00e1l ser\u00e1 su futuro papel en las mismas.<\/p>\n<p>P.- \u00bf C\u00f3mo debe ser la constituci\u00f3n europea para que pueda satisfacer a todos los europeos ?<\/p>\n<p>R.- Corta, sencilla y digerible. Probablemente no m\u00e1s de 20 art\u00edculos, ampliables conforme vayan surgiendo problemas que deban ser solucionados en la Uni\u00f3n Europea, pero que mientras tanto cumpla con el papel de ser el primer ladrillo de la futura construcci\u00f3n pol\u00edtica de Europa.<\/p>\n<p>P.- En caso de tener que suceder a Rajoy, \u00bfEsperanza o Gallard\u00f3n?<\/p>\n<p>R.- La historia nos demuestra que en las sucesiones de partidos pol\u00edticos nunca es sucesor el que suena sino un tercero desconocido y que no pertenece a ning\u00fan grupo concreto. En todo caso, y para resolver vuestras dudas, Mariano Rajoy gane o pierda en las pr\u00f3ximas elecciones seguir\u00e1 al frente del Partido Popular.<\/p>\n<p>P.- Querido Antonio, usted cree el Partido Popular espa\u00f1ol es un partido proeuropeo o es m\u00e1s bien euroesc\u00e9ptico? Tengo la impresi\u00f3n que el PP es cada d\u00eda m\u00e1s reacio a la hora de apoyar la integraci\u00f3n europea.<\/p>\n<p>R.- Me reconforta poder explicarte publicamente que la historia del Partido Popular y Europa comienza hace muchos a\u00f1os donde ya desde la primera legislatura en el Parlamento Europeo particip\u00f3 activamente. La defensa de Espa\u00f1a dentro de la Uni\u00f3n Europea no debe tomarse como un concepto euroesc\u00e9ptico. Siempre he dicho p\u00fablicamente que Felipe Gonz\u00e1lez y, por supuesto, Jose Mar\u00eda Aznar eran respetados en las instituciones europeas por su defensa, cada uno a su manera, de los intereses espa\u00f1oles ante Europa. No puedo decir lo mismo del presidente actual. De la misma manera, no comparto la teor\u00eda de que ceder m\u00e1s en las negociaciones europeas es m\u00e1s proeuropeo.<\/p>\n<p>P.- Se\u00f1or L\u00f3pez-Ist\u00fariz, \u00bfQu\u00e9 medidas est\u00e1 tomando el Parlamento Europeo para reducir los tiempos de espera en los aeropuertos de Europa, tan desesperantes para los pasajeros que desean embarcarse r\u00e1pido? Muchas gracias.<\/p>\n<p>R.- Se est\u00e1 elaborando un informe al respecto donde se quiere dar a Eurocontrol mayor poder de coordinaci\u00f3n de los slots de vuelos. Eso reducir\u00eda enormemente los tiempos de espera de los vuelos. Son necesarias tambi\u00e9n medidas para agilizar los tramites de seguridad y en la gesti\u00f3n o coordinaci\u00f3n de los servicios de los aeropuertos respecto de los aviones. Esto, aunque no lo sepan muchos, proporciona al final mayores posibilidades tur\u00edsticas, econ\u00f3micas y de empleo.<\/p>\n<p>P.- Hola Antonio.\u00bfQue perspectiva se tiene de la situaci\u00f3n p\u00f3litica actual espa\u00f1ola en Bruselas? \u00bf Que opinan los grupos parlamentariosde los distintos nacionalismos de nuestras Comunidades Autonomas?<\/p>\n<p>R.- Tras la presentaci\u00f3n en noviembre por parte del PSOE de una resoluci\u00f3n sobre las &#8220;negociaciones&#8221; del Gobierno con ETA y su entorno, se rompi\u00f3 un consenso que ven\u00eda durando a\u00f1os entre las dos principales fuerzas y pol\u00edticas y que, por cierto, funcion\u00f3 muy bien. Desgraciadamente esta resoluci\u00f3n sali\u00f3 mal, no s\u00f3lo para los intereses del PSOE sino para los propios intereses de los espa\u00f1oles porque tras el anuncio del cese del alto el fuego por la banda terrorista muchos diputados no espa\u00f1oles se sienten enga\u00f1ados y no querr\u00e1n participar en pr\u00f3ximas ocasiones en denuncias que querramos hacer contra la propia banda.<\/p>\n<p>P.- Sr. L\u00f3pez Ist\u00fariz: Usted que es mallorqu\u00edn de adopci\u00f3n, que opina del abandono de la vida pol\u00edtica de Jaume Matas. \u00bfCree que es una decisi\u00f3n precipitada y que consecuencias puede llevar al partido?. Muchas gracias. Maria Antonia.<\/p>\n<p>R.- Creo, sinceramente, que Jaume Matas ha sido un magn\u00edfico presidente del Govern y que hubiese sido deseable que la salida hubiese sido otra. Decisiones acertadas o no como el nombramiento de Mar\u00eda de la Pau Janer o intentar mantener a toda costa el pacto en el anterior Gobierno con Mar\u00eda Antonia Munar no creo que sean excusa para atacarle. Hay mucha gente en Madrid que les gusta o no Alberto Ruiz Gallard\u00f3n o Esperanza Aguirre o sus decisiones, sin embargo en el voto se demuestra que al final todos han votado por un proyecto. Yo creo que en Baleares debemos hacer una reflexi\u00f3n sobre el voto y el no voto, si fue adecuado ir a votar o no y, por supuesto, en el Partido Popular de Baleares se debe, y me consta que se est\u00e1 haciendo, hacer una reflexi\u00f3n que incluya todas las opiniones que sobre estos hechos hubo. Las consecuencias indudablemente para el partido no son buenas, pues puede crearse un vac\u00edo de dirigencia que puede degenerar en alg\u00fan conflicto. Pido a todos, miembros del partido y simpatizantes, que colaboren activamente primero en ayudar a la actual coordinadora, Rosa Estar\u00e1s, en la dif\u00edcil tarea de preparar el partido en su tarea de oposici\u00f3n estos pr\u00f3ximos cuatro a\u00f1os y sobre todo que con su acci\u00f3n ayuden al Partido a ganar las pr\u00f3ximas elecciones generales. El voto en Baleares ser\u00e1, sin duda, imprescindible para Mariano Rajoy. Y ah\u00ed todos tenemos que hacer un gran esfuerzo extraordinario para anteponer el bien com\u00fan frente a posibles ambiciones que, sin duda, surgir\u00e1n.<\/p>\n<p>P.- Me gustar\u00eda saber c\u00f3mo afrontan la llegada de los nuevos pa\u00edses a la UE y, sobre la inmigraci\u00f3n, si cree que Espa\u00f1a pueda sacar un buen ejemplo de Francia. Muchas gracias<\/p>\n<p>R.- Sin duda, la entrada de los ahora 12 pa\u00edses \u00faltimos en incorporarse a la Uni\u00f3n es una noticia muy positiva, en principio, para todos. Mi \u00fanico pero es que deber\u00eda haberse hecho de forma m\u00e1s escalonada, puesto que algunos de los problemas que hoy vivimos en la Uni\u00f3n son producto de una entrada demasiado fuerte de diez pa\u00edses a la vez, como sucedi\u00f3 en el 200Dicho esto, invito como siempre lo hago, a empresarios, trabajadores y organizaciones de todo tipo a que aprovechen la oportunidad de esta ampliaci\u00f3n, no s\u00f3lo a quejarse del recorte de fondos, por ejemplo. Espa\u00f1a puede sacar muy buen ejemlo delos errores y aciertos que Francia cometi\u00f3 en el pasado respecto a la inmigraci\u00f3n. Si as\u00ed lo hici\u00e9semos, ahorrar\u00edamos problemas para Espa\u00f1a y ayudar\u00edamos significativamente a los propios inmigrantes en su integraci\u00f3n en nuestro pa\u00eds.<\/p>\n<p>P.- \u00bfCaben aun mas paises miembros en la Union? \u00bfen ese caso, cuales serian? \u00bfSon la extrema derecha y los nacionalismos problemas al alza que perjudican a la Union?<\/p>\n<p>R.- Creo que hay que definir ya las fronteras de esta Uni\u00f3n Europea. Creo que todos necesitamos saber hasta donde estamos dispuestos a llegar. Si no es as\u00ed, se crear\u00e1 un clima de escepticismo o de miedo ante el futuro. Y sobre la otra cuesti\u00f3n, s\u00ed, en numerosos pa\u00edses europeos se ha producido un alza de estas formaciones y me preocupa. Afortunadamente, lo la extrema derecha no es el caso de Espa\u00f1a, pero desgraciadamente vivimos en una isla en este sentido. En el caso de los nacionalismos, me da mucha pena ver que mientras unos hablamos de la futura uni\u00f3n pol\u00edtica de la Uni\u00f3n, otros se dedican a dividir m\u00e1s esta Uni\u00f3n y los pa\u00edses miembros y encima en sus programas pol\u00edticos pretenden hacerse pasar por europe\u00edstas.<\/p>\n<p>P.- Buenas tardes, David Cameron ha expresado numerosas veces su deseo de sacar a los Tories del PPE? Cual es su opinion respecto a esto? Suponen los tories un problema a la hora de acordar posiciones comunes en el PPE? Muchas gracias. Daniel Molinuevo<\/p>\n<p>R.- Creo, sinceramente, que estamos ante una estrategia pol\u00edtica interna destinada a contentar a un numeroso grupo euroesc\u00e9ptico integrado en el grupo conservador de la C\u00e1mara de los Comunes. Como sabr\u00e1s, visto tu inter\u00e9s por el tema, David Cameron ya ha retrasado hasta el 2009 su posible salida y yo sospecho, por conversaciones que he mantenido, que su indecisi\u00f3n se mantendr\u00e1 m\u00e1s tiempo. Precisarte que los tories no forman parte del PPE sino de su grupo parlamentario. Y no plantean m\u00e1s dificultades en las negociaciones comunes que las que pueda tener cualquier delegaci\u00f3n cuando el inter\u00e9s de su pa\u00eds entra en conflicto con estas posiciones comunes. Comparto con los tories la necesidad de que la Uni\u00f3n Europea y, sobre todo, sus instituciones y quienes las integran realicemos una autocr\u00edtica sobre lo que no funciona en la Uni\u00f3n Europea precisamente para ayudarla. Y eso es algo que no se est\u00e1 haciendo en Bruselas en este momento.<\/p>\n<p>P.- con el cambio de la peseta al euro los precios se han disparado de manera alarmante y los sueldos de los trabajadores no suben. es usted partidario de una subida de sueldo acorde al nivel de vida actual en espa\u00f1a?<\/p>\n<p>R.- S\u00ed. El tan denostado Berlusconi ya lo denunci\u00f3 en la pol\u00edtica italiana y ten\u00eda much\u00edsima raz\u00f3n. Si queremos hacer esa autocr\u00edtica que ayude a la Uni\u00f3n Europea, debemos reconocer donde est\u00e1n los fallos. Y est\u00e1 claro para todos el cambio de la peseta al euro ha supuesto un negocio redondo y de redondeo para muchos. Creo que deber\u00eda haber habido m\u00e1s control sobre esto.<\/p>\n<p>P.- Sr. L\u00f3pez-Isturiz, en muchas ocasiones el Parlamento Europeo se pronuncia sobre cuestiones que no son competencia comunitaria, sino que son cuestiones puramente nacionales. \u00bfLe parece adecuado el uso que los partidos pol\u00edticos &#8220;europeos&#8221; hacen del Parlamento Europeo para limpiar los trapos sucios a nivel nacional? \u00bfNo cree que se desvirt\u00faa la aut\u00e9ntica funci\u00f3n del PE? Muchas gracias.<\/p>\n<p>R.- Esta era nuestra posici\u00f3n hasta la presentaci\u00f3n por parte del Grupo Socialista de la resoluci\u00f3n sobre la negociaci\u00f3n de la banda terrorista. Invito a todos a que comprueben durante el Gobierno Aznar qu\u00e9 tipo de utilizaci\u00f3n hizo el PSOE de estas cuestiones. Dicho esto, sin duda ser\u00eda preferible no traer ese tipo de cuestiones y alguien deber\u00eda poner el freno a ello. Me gustar\u00eda proponerles a quienes comenzaron que hagan un gesto en este sentido. Lo digo aqu\u00ed abiertamente.<\/p>\n<p>P.- Desde el gobierno se est\u00e1 diciendo que la asignatura de Educaci\u00f3n para la Ciudadan\u00eda est\u00e1 impulsada desde la Uni\u00f3n Europea. \u00bfQu\u00e9 opina usted al respecto? \u00bfCree usted capaz a la Uni\u00f3n Europea de impulsar una asignatura para inculcar valores, cuando ni siquiera se ponen de acuerdo en todos los valores fundamentales que deben integrar la Constituci\u00f3n Europea?<\/p>\n<p>R.- Esto es absolutamente falso, puesto que la Uni\u00f3n Europea no tiene competencias en materias educativas por encima de los gobiernos nacionales, o sea, que se busquen otra cabeza de turco. Ya est\u00e1 bien de achacar a la Uni\u00f3n Europea los propios problemas.<\/p>\n<p>P.- Buenas tardes, \u00bfSer\u00e1 factible en un futuro pr\u00f3ximo una Uni\u00f3n Europea con Turqu\u00eda, Rusia o incluso paises del norte de \u00c1frica?<\/p>\n<p>R.- En esta vida, y en pol\u00edtica sobre todo, todo es posible. La futura evoluci\u00f3n de algunos de estos pa\u00edses en materias tan sensibles como la seguridad, los derechos humanos, el desarrollo econ\u00f3mico, etc, etc, nos dir\u00e1n si se puede realizar este acercamiento o no. En los casos mencionados por ti, lo veo bastante complicado a corto plazo.<\/p>\n<p>P.- \u00bfCual es su postura respecto al futuro de Kosovo? \u00bfApoya el PPE el plan de la ONU para conceder la independencia a esta regi\u00f3n? \u00bfes consciente de las consecuencias que puede acarrear?<\/p>\n<p>R.- S\u00ed, soy consciente de las consecuencias. Creo que no es el mejor de los ejemplos para la Uni\u00f3n Europea, puesto que ser\u00e1 utilizado por todos los nacionalistas para apoyar sus tesis separatistas. Vuelvo a mi comentario anterior, mientras muchos hablamos de m\u00e1s Europa, otros la recortan o intentan recortarla cada vez m\u00e1s. No creo que vayamos por el buen camino en este asunto.<\/p>\n<p>P.- Querido Antonio, \u00bfpodr\u00edas explicar en &#8220;pocas palabras&#8221; para que sirve un eurodiputado?.<\/p>\n<p>R.- Un eurodiputado bien comunicado con los ciudadanos y con las organizaciones de toda \u00edndole de su pa\u00eds debe ser el defensor de sus derechos y de sus intereses ante las instituciones europeas. Debe tambi\u00e9n saber comunicar en palabras sencillas lo que la Uni\u00f3n Europea es a los ciudadanos que representa. Como podr\u00e1s observar por mi respuesta, la tarea no es sencilla. Yo soy de los que defiendo esto, pero queda mucho por andar. Debemos ser el puente entre vosotros y Europa, para lo cual defiendo en el futuro unas listas europeas de los partidos y una mayor discusi\u00f3n de pol\u00edticas europeas en elecciones europeas, cosa que hasta la fecha no se hace. La mayor\u00eda de la gente se siente muy lejos de Bruselas, y con raz\u00f3n. Debemos luchar para que eso no suceda. Y eso deber\u00eda ser tarea de los eurodiputados que se precien de serlo.<\/p>\n","protected":false},"excerpt":{"rendered":"<p>El secretario general del Partido Popular Europeo acude a elmundo.es para analizar los resultados de la Cumbre de la UE celebrada este fin de semana. La formaci\u00f3n de Antonio L\u00f3pez-Ist\u00fariz aglutina a los populares espa\u00f1oles as\u00ed como a los partidos de Angela Merkel o Nicolas Sarkozy, entre otros.<\/p>\n","protected":false},"author":1,"featured_media":0,"comment_status":"open","ping_status":"open","sticky":false,"template":"","format":"standard","meta":{"footnotes":""},"categories":[],"tags":[],"class_list":["post-4771","post","type-post","status-publish","format-standard","hentry"],"_links":{"self":[{"href":"https:\/\/intervius.com\/index.html\/wp-json\/wp\/v2\/posts\/4771","targetHints":{"allow":["GET"]}}],"collection":[{"href":"https:\/\/intervius.com\/index.html\/wp-json\/wp\/v2\/posts"}],"about":[{"href":"https:\/\/intervius.com\/index.html\/wp-json\/wp\/v2\/types\/post"}],"author":[{"embeddable":true,"href":"https:\/\/intervius.com\/index.html\/wp-json\/wp\/v2\/users\/1"}],"replies":[{"embeddable":true,"href":"https:\/\/intervius.com\/index.html\/wp-json\/wp\/v2\/comments?post=4771"}],"version-history":[{"count":0,"href":"https:\/\/intervius.com\/index.html\/wp-json\/wp\/v2\/posts\/4771\/revisions"}],"wp:attachment":[{"href":"https:\/\/intervius.com\/index.html\/wp-json\/wp\/v2\/media?parent=4771"}],"wp:term":[{"taxonomy":"category","embeddable":true,"href":"https:\/\/intervius.com\/index.html\/wp-json\/wp\/v2\/categories?post=4771"},{"taxonomy":"post_tag","embeddable":true,"href":"https:\/\/intervius.com\/index.html\/wp-json\/wp\/v2\/tags?post=4771"}],"curies":[{"name":"wp","href":"https:\/\/api.w.org\/{rel}","templated":true}]}}