{"id":477,"date":"2006-01-27T00:00:00","date_gmt":"2006-11-06T00:00:00","guid":{"rendered":"https:\/\/intervius.com\/index.html\/?p=477"},"modified":"2006-11-06T00:00:00","modified_gmt":"2006-11-06T00:00:00","slug":"Ana_Larranaga477","status":"publish","type":"post","link":"https:\/\/intervius.com\/index.html\/Ana_Larranaga477\/","title":{"rendered":"Ana Larra\u00f1aga"},"content":{"rendered":"<p>Pregunta.- \u00bfComo es posible que esa feria ocupe todas las habitaciones de hotel de Madrid?. Gracias.<\/p>\n<p>Respuesta.- Son mas de 200.000 personas las presentes durante 5 dias en la feria, con lo cual la capacidad hotelera de Madrid se ve en estas ocasiones ampliamente ocupada.<\/p>\n<p>P.- Como podemos evitar esos desagradables incumplimientos de programas y retrasos de vuelos, en viajes organizados, que hace a\u00f1os, a los que nos gusta viajar, no nos preocupaban puesto que no solian ocurri, pero que hoy cuando inicias un tour, es casi jugartela a cara o cruz, incluso con agencias y mayoristas de renombrado prestigio?<\/p>\n<p>R.- Estos son asuntos en los que a cada empresa se le deben exigir todas las responsabilidades, reclamando, y utilizando las vias habilitadas para ello&#8230;<\/p>\n<p>P.- C\u00f3mo piensa ser\u00e1 la evoluci\u00f3n de la importancia de conceptos como &#8220;Turismo SOStenible&#8221;, &#8220;ECoturismo&#8221;, &#8220;Turismo Responsable&#8221; en el Turismo Espa\u00f1ol y Mundial? Prev\u00e9 la creaci\u00f3n y real importancia de certificaciones de empresas de turismo relacionadas con estos conceptos, as\u00ed como formaciones que lo acompa\u00f1en?<\/p>\n<p>R.- Seria deseable que fuera el desarrollo por este camino, y que todos los proyectos turisticos deben estar basados en politicas de sostenibilidad, sin agotar la gallina de los huevos de oro&#8230;existiendo unos certificados que garanticen la excelencia en el servicio y desarrollo turistico<\/p>\n<p>P.- \u00bfEn qu\u00e9 medida cree que el crecimiento descontrolado perjudicar\u00e1 las playas espa\u00f1olas frente a otros destinos donde se ha cuidado m\u00e1s los aspectos de protecci\u00f3n del paisaje, por. ej. Grecia, Turqu\u00eda o el Caribe?<\/p>\n<p>R.- Estoy convencida que todo desarrollo turistico debe ir acompa\u00f1ador de politicas de sostenibilidad y equilibrio, generando beneficios para todos sin perdidas para nadie.<\/p>\n<p>P.- \u00bfExiste la posibilidad de encontrar entradas gratuitas para FITUR 2006? He ido otros a\u00f1os a \u00e9sta y a otras ferias y no he tenido problema para encontrarlas, muchas gracias de antemano.<\/p>\n<p>R.- Le recordamos que durante el fin de semana son 7\u20ac por persona, precio unitario, a no ser que a Vd. le haya facilitado la entrada algun expositor titular..<\/p>\n<p>P.- Buenas Tardes. \u00bfPara cuando una campa\u00f1a, a nivel nacional e internacional, en la que se recuerde que el nudismo-naturismo est\u00e1 tolerado legalmente en todas las playas espa\u00f1olas. Un saludo y muchas gracias.<\/p>\n<p>R.- Las campa\u00f1as de sensibilizacion deben ser organizadas por los operadores y agentes turisticos y organizaciones especializadas en este punto, &#8230;elemento que trasladamos a las organizaciones correspondientes<\/p>\n<p>P.- \u00bfQu\u00e9 diferencia principalmente a Francia, Italia y Espa\u00f1a como destinos tur\u00edsticos?<\/p>\n<p>R.- Cada uno tiene sus recursos naturales magnificos y su especifica promocion, y todos ellos tienen magnificos lugares y servicios para disfrutar durante las vacaciones.<\/p>\n<p>P.- Buenas tardes, Me gustar\u00eda saber si existe alguna empresa que organice viajes en barco (no cruceros) entre Europa y Am\u00e9rica. \u00bfD\u00f3nde puedo acudir para informarme? Muchas gracias por su atenci\u00f3n.<\/p>\n<p>R.- En www.fituronline.com puede encontrar el listado completo de productos presentes en la feria, en el apartado de Catalogo<\/p>\n<p>P.- \u00bfEn qu\u00e9 consiste exactamente el turismo virtual? \u00bfCu\u00e1l es su opini\u00f3n de esta forma de &#8220;viajar&#8221;?<\/p>\n<p>R.- simplemente so\u00f1ar&#8230;..<\/p>\n<p>P.- \u00bfQu\u00e9 hace de FITUR la segunda feria del mundo del sector?<\/p>\n<p>R.- Gracias al continuo apoyo de la industria turistica tanto nacional como internacional, y la eficacia de uso de esta herramienta de promocion comercial que es la feria<\/p>\n<p>P.- Aunque no ha terminado, \u00bfcu\u00e1l es el balance de la Feria de este a\u00f1o?<\/p>\n<p>R.- Un balance muy positivo, tanto a nivel de cifras como a nivel de calidad y negocio generado profesionalmente en la feria.<\/p>\n<p>P.- \u00bfQu\u00e9 turismo &#8220;desconocido&#8221;, menos habitual, existe en Espa\u00f1a?<\/p>\n<p>R.- El turismo de interior no es que sea el menos conocido pero si que la diversidad y la especializacion de turismo de interior es por lo que hay que apostar.<\/p>\n<p>P.- \u00bfCual es el objetivo primordial de FITUR?<\/p>\n<p>R.- Los objetivos fundamentales son conseguir que los expositores y visitantes consigan todo el \u00e9xito comercial posible, que los servicios que presta el recinto ferial est\u00e9n a la altura para recibir a mas de 200.000 personas, y la internacionalizaci\u00f3n de la feria&#8230;<\/p>\n<p>P.- \u00bfCu\u00e1l es la mayor dificultad del turismo en Espa\u00f1aa Hoy?<\/p>\n<p>R.- La mayor dificultad consiste en concienciar al empresariado e Instituciones que deben trabajar juntos para seguir alcanzando cotas de movimientos tur\u00edsticos alt\u00edsimas como estamos teniendo hasta la fecha, y seguir manteniendo los estandares de calidad en el servicio.<\/p>\n<p>P.- \u00bfQu\u00e9 es necesario para ser expositor?<\/p>\n<p>R.- En www.fituronline.com tiene Vd. toda la informacion necesaria para ser expositor en la feria, y aprovecharse de todas las ventajas que supone utilizar este marco de promocion y comercializacion turistica internacional.<\/p>\n<p>P.- \u00bfEl tursimo ecol\u00f3gico est\u00e1 representado en la Feria?<\/p>\n<p>R.- Rogamos nos especifique a se refiere con turismo ecologico&#8230;se refiere al turismo de naturaleza..?<\/p>\n<p>P.- Buenas tardes! \u00bfNo cree que para la importancia que el turismo tiene en Espa\u00f1a, FITUR est\u00e1 m\u00e1s alejado del p\u00fablico que otras feias como ARCO o SIMO? Muchas gracias<\/p>\n<p>R.- FITUR es una feria profesional en sus tres primeros d\u00edas y abierta al p\u00fablico durante el fin de semana, pudiendo dar en estos dos tipos de visita, servicio suficiente a todo el publico que desea acudir a la Feria.<\/p>\n<p>P.- \u00bfQu\u00e9 camino tiene que recorrer FITUR para superar a Berl\u00edn?<\/p>\n<p>R.- Fitur se mide para con ella misma, apostando por la profesionalizacion sin compararnos con nadie y solo superandonos a nosotros mismos a\u00f1o tras a\u00f1o, y la mejor muestra de ello es la fidelidad de los expositores a\u00f1o tras a\u00f1o<\/p>\n<p>P.- \u00bfPor qu\u00e9 si es una Feria profesional los profesionales tenemos que pagar la entrada?<\/p>\n<p>R.- Los profesionales pueden conseguir la invitaci\u00f3n v\u00eda sus proveedores de servicios y expositores. La oportunidad de negocio y contrataci\u00f3n que puede conseguir es muy alta y es necesario como retorno del servicio que obtiene, al pagar una entrada, igual que cuando se va al cine&#8230;<\/p>\n<p>P.- \u00bfCu\u00e1les han sido los destinos tur\u00edsticos que m\u00e1s \u00e9xito han tenido en la presente edici\u00f3n?<\/p>\n<p>R.- Todas las areas han tenido mucho exito dentro de la feria y cada una ha utilizado de forma excelente esta plataforma de promocion internacional,<\/p>\n<p>P.- \u00bfQu\u00e9 piensa de lo que ha dicho la Uni\u00f3n Europea acerca del urbanismo en la Comunidad Valencia?<\/p>\n<p>R.- No conocemos en detalle la opinion al respecto de la Union Europea..<\/p>\n<p>P.- Como persona interesada en la investigaci\u00f3n tur\u00edstica y en desarrollar su carrera profesional en ese campo quer\u00eda preguntarle \u00bfCu\u00e1l es en su opini\u00f3n sobre el papel que juegan o deber\u00edan jugar los estudios y la investigaci\u00f3n en el sector tur\u00edstico?<\/p>\n<p>R.- El papel es fundamental, y prueba de ello es el que Fitur, consciente de la necesidad de estudios turisticos, convoco hace 6 a\u00f1os los concursos Tribuna Vila Fradera, que publica y distribuye, y cuyo premio este a\u00f1o ha recaido en &#8220;Grupos Estrategicos y su influencia sobre el desempe\u00f1o en el sector hotelero&#8221;, trabajo desarrallado por D. Enrique Claver, D. Jose Molina y D. Jorge Pereira.<\/p>\n<p>P.- \u00bfCree que el aumento del nivel de vida de los espa\u00f1oles es la \u00fanica causa de que viajemos m\u00e1s al extranjero?<\/p>\n<p>R.- No. Va ligado tambien a la mayor globalizacion, movilidad internacional, desarrollo de operadores de bajo coste, mayor acceso a la informacion turistica, reservas online, desarrollo cultural, relaciones internacionales&#8230; La globalizacion implica mayor numero de viajes, asi como los cambio sociodemograficos,&#8230;.<\/p>\n<p>P.- Mas que una pregunta es una petici\u00f3n,: he visitado la Feria como miembro de una asociaci\u00f3n de discapacitados que promovemos el ocio como terapia de nuestras patolog\u00edas y ha sido pr\u00b4cticamente nula la informaci\u00f3n sobre accesibilidad que he podido conseguir. Le agraceceria en mi nombre y en \u00e9l de toda la comunidad de discapacitados que para pr\u00f3ximas ediciones solicite a los ministerios de los diferentes paises, comunidades y organismos participantes que aporten informaci\u00f3n sobre el tema<\/p>\n<p>R.- Tomanos nota para transmitir a los organismos correspondientes. No obstante durante la feria hemos tenido unas jornadas tecnicas sobre accesibilidad y hay expositores especializados en este tipo de viajes como Viajes 2000, y Via Libre<\/p>\n<p>P.- No cree que aparte de su funci\u00f3n expositora, se echa en falta que FITUR sea m\u00e1s aun &#8220;taller de trabajo&#8221; de lo que lo es, que los nuevos contenidos son verdaderamente escasos, y que por parte de los profesionales se usa la feria mucho m\u00e1s para &#8220;figurar&#8221; y por parte de los representantes de las administrac\u00edones de las \u00e1reas de destinos para &#8220;pastelear&#8221;? <\/p>\n<p>R.- La feria tiene unos objetivos entre los cuales se encuentran las relaciones publicas, relaciones comerciales,&#8230;y debemos estar satisfechos que los Organismos Publicos estan apoyando al sector privado, y continuar confirmando que el tejido turistico necesita del apoyo de las administraciones Trabajando la feria antes, durante y despues se consigue un exito comercial que no alcanza ninguna otra herramienta de marketing.<\/p>\n","protected":false},"excerpt":{"rendered":"<p>La Feria Internacional de Turismo de Madrid alcanza su vig\u00e9simo s\u00e9ptima edici\u00f3n, consolidada como la segunda feria del sector m\u00e1s importante del mundo. Sobre la presente edici\u00f3n y la situaci\u00f3n del turismo en Espa\u00f1a ha charlado Ana Larra\u00f1aga, directora de FITUR, con los lectores.<\/p>\n","protected":false},"author":1,"featured_media":0,"comment_status":"open","ping_status":"open","sticky":false,"template":"","format":"standard","meta":{"footnotes":""},"categories":[],"tags":[],"class_list":["post-477","post","type-post","status-publish","format-standard","hentry"],"_links":{"self":[{"href":"https:\/\/intervius.com\/index.html\/wp-json\/wp\/v2\/posts\/477","targetHints":{"allow":["GET"]}}],"collection":[{"href":"https:\/\/intervius.com\/index.html\/wp-json\/wp\/v2\/posts"}],"about":[{"href":"https:\/\/intervius.com\/index.html\/wp-json\/wp\/v2\/types\/post"}],"author":[{"embeddable":true,"href":"https:\/\/intervius.com\/index.html\/wp-json\/wp\/v2\/users\/1"}],"replies":[{"embeddable":true,"href":"https:\/\/intervius.com\/index.html\/wp-json\/wp\/v2\/comments?post=477"}],"version-history":[{"count":0,"href":"https:\/\/intervius.com\/index.html\/wp-json\/wp\/v2\/posts\/477\/revisions"}],"wp:attachment":[{"href":"https:\/\/intervius.com\/index.html\/wp-json\/wp\/v2\/media?parent=477"}],"wp:term":[{"taxonomy":"category","embeddable":true,"href":"https:\/\/intervius.com\/index.html\/wp-json\/wp\/v2\/categories?post=477"},{"taxonomy":"post_tag","embeddable":true,"href":"https:\/\/intervius.com\/index.html\/wp-json\/wp\/v2\/tags?post=477"}],"curies":[{"name":"wp","href":"https:\/\/api.w.org\/{rel}","templated":true}]}}