{"id":4761,"date":"2007-07-04T00:00:00","date_gmt":"2006-11-06T00:00:00","guid":{"rendered":"https:\/\/intervius.com\/index.html\/?p=4761"},"modified":"2006-11-06T00:00:00","modified_gmt":"2006-11-06T00:00:00","slug":"Maria_del_Mar_Blanco4761","status":"publish","type":"post","link":"https:\/\/intervius.com\/index.html\/Maria_del_Mar_Blanco4761\/","title":{"rendered":"Mar\u00eda del Mar Blanco"},"content":{"rendered":"<p>Pregunta.- Mar\u00eda del Mar, lo primero, transmitirte todo mi apoyo. Me imagino que este aniversario es especialmente duro para vosotros. Mi pregunta es la siguiente: \u00bfQu\u00e9 opini\u00f3n te merece la pol\u00edtica de di\u00e1logo del Gobierno? \u00bfVes alguna salida a la situaci\u00f3n pol\u00edtica aqu\u00ed en Euskadi? Un saludo y gracias.<\/p>\n<p>Respuesta.- En primer lugar, much\u00edsimas gracias por tu apoyo de cara a este d\u00e9cimo aniversario. Yo siempre me he posicionado en contra de cualquier pol\u00edtica de negociaci\u00f3n y di\u00e1logo con los terroristas porque al igual que hace ahora diez a\u00f1os nos mantuvimos firmes en nuestra pol\u00edtica de no cesi\u00f3n, a\u00fan habiendo una vida humana en peligro, no entiendo porqu\u00e9 ahora un Gobierno tiene que negociar con los terroristas las reivindicaciones por las cuales han matado durante much\u00edsimos a\u00f1os a muchos inocentes.<\/p>\n<p>P.- Hola, soy Ar\u00edstides, un chico canario que contaba tan solo 13 a\u00f1os cuando sucedi\u00f3 aquel tr\u00e1gico suceso. desde aqu\u00ed ve\u00eda todo el tema del terrorismo como algo lejano, pero aquellos acontecimientos y la etapa posterior me hicieron madurar en muchos sentidos, por eso quer\u00eda mostrarle mi agradecimiento por su lucha y tes\u00f3n y entregarle un poco de m\u00ed, de aquel esp\u00edritu de Ermua que que nos lleg\u00f3 a todos los espa\u00f1oles. Un saludo afectuoso desde Canarias.<\/p>\n<p>R.- Much\u00edsimas gracias porque para la v\u00edctima es muy gratificante ver c\u00f3mo a medida que pasa el tiempo seguimos sintiendo el cari\u00f1o y la solidaridad de la gente como t\u00fa.<\/p>\n<p>P.- Hola. Quer\u00eda hacerle una pregunta comprometida. Creo que muchas de las asociaciones de v\u00edctimas del terrorismo est\u00e1n politizadas. \u00bfCu\u00e1ndo van a desvincularse de los partidos pol\u00edticos? \u00bfTanta dependencia tienen de ellos? \u00bfSustentan sus econom\u00edas? Espero que la pregunta no resulte molesta. Un saludo y mi solidaridad.<\/p>\n<p>R.- Muchas gracias por tu apoyo. Las v\u00edctimas nunca hemos estado ni estamos politizadas por ning\u00fan partido pol\u00edtico porque hasta marzo del 2004 est\u00e1bamos trabajando junto al Partido Popular y el Partido Socialista. El problema es que ahora la mayor\u00eda de las v\u00edctimas del terrorismo nos sentimos totalmente abandonadas por parte del Gobierno y el \u00fanico partido que encontramos comprensi\u00f3n y apoyo es el Partido Popular. Ojal\u00e1 esta situaci\u00f3n cambie y volvamos a estar todos unidos como sucedi\u00f3 en el a\u00f1o 97.<\/p>\n<p>P.- Hola Marimar. \u00bfQu\u00e9 sientes ante la realidad de que el asesinato de tu hermano haya marcado un antes y un despu\u00e9s en la postura y actitud de Espa\u00f1a ante ETA? Mucho \u00e1nimo<\/p>\n<p>R.- Con todo el dolor de mi coraz\u00f3n, tengo que decir que la muerte de mi hermano sirvi\u00f3 para marcar una clara l\u00ednea divisoria entre los totalitarios y los democr\u00e1tas. Mi hermano pas\u00f3 a ser considerado un s\u00edmbolo de la libertad y de la dignidad de los miles de ciudadanos espa\u00f1oles que salimos a la calle para condenar su asesinato. Este hecho me enorgullece como hermana de una persona que incluso muerta demostr\u00f3 su valent\u00eda a toda la sociedad espa\u00f1ola.<\/p>\n<p>P.- Supongo que habr\u00e1s vuelto m\u00e1s de una vez a Ermua y no siempre en un acto p\u00fablico con c\u00e1maras y focos detr\u00e1s de t\u00ed que te pueden hacer sentir un poco m\u00e1s segura. En \u00e9stos casos \u00bfQu\u00e9 sientes al entrar en el pueblo?, \u00bfc\u00faal es la reacci\u00f3n de sus habitantes?<\/p>\n<p>R.- Siento much\u00edsimo dolor de ver c\u00f3mo en esas calles ya nunca podr\u00e9 volverme a encontrar con mi hermano. Cada vez me cuesta m\u00e1s volver a Ermua. Pero siempre me sentir\u00e9 orgullosa de un pueblo que demostr\u00f3 ser capaz de enfrentarse a los totalitarios sin miedo y que supo responder con coraje c\u00edvico y democr\u00e1tico ante tal abominable asesinato. Nunca me cansar\u00e9 de dar las gracias al pueblo de Ermua.<\/p>\n<p>P.- Mar\u00eda del Mar \u00bfque fue de la novia de tu hermano? \u00bfsegu\u00edes en contacto? Espero que haya rehecho su vida. Un abrazo muy fuerte para t\u00ed y tus padres<\/p>\n<p>R.- S\u00e9 que ha rehecho su vida, aunque el dolor por la p\u00e9rdida de un ser tan querido como era mi hermano para ella siempre lo llevar\u00e1 en su coraz\u00f3n.<\/p>\n<p>P.- Mar\u00eda del Mar: Me gustaria saber tu opini\u00f3n sobre la evoluci\u00f3n de la juventud del Pais Vasco. \u00bfNo es inevitable la deriva nacionalista dada la pol\u00edtica de educaci\u00f3n? En Andaluc\u00eda tengo amigas socialistas que me cuentan con desesperaci\u00f3n que sus hijos les piden que les compren banderas Espa\u00f1olas. \u00bfPodemos esperar una reacci\u00f3n semejante en la juventud del Pais Vasco?<\/p>\n<p>R.- El problema de la juventud en el Pa\u00eds Vasco es la educaci\u00f3n en el odio que desde muy j\u00f3venes han recibido. Por eso, yo siempre digo que el problema del terrorismo no se acaba de la noche a la ma\u00f1ana, sino que tendr\u00e1n que pasar desgraciadamente muchas generaciones para que los j\u00f3venes vivan sin odio contra todo aquello que no sea nacionalista. Pero para eso el Gobierno vasco debe comenzar cambiando nuestro sistema educativo ya que el actual ense\u00f1a odio contra todo y todos que no compartan sus ideas.<\/p>\n<p>P.- Admiro tu valor y endereza en todos estos a\u00f1os por la defensa de las libertades. \u00bf Que sientes cuando en juicios como los ultimos acontecidos, los etarras desafian con miradas directas a los familiares de las victimas? \u00bf Crees que son conscientes de sus actos ?<\/p>\n<p>R.- Es duro tener que enfrentarte a los asesinos de tu hermano, pero, por otro lado, es gratificante verles dentro de una pecera y no disfrutando de libertad. Su actitud siempre es chulesca, grotesca y desafiante. Y nunca muestran el m\u00e1s m\u00ednimo sentimiento de arrepentimiento ante los familiares de las v\u00edctimas del asesinato. Y desde luego que son plenamente conscientes de todos sus actos.<\/p>\n<p>P.- En primer lugar darte todo mi apoyo humano como persona, nadie deberia sufrir lo que habeis sufrido. Ni tu familia ni ninguna otra. Pero por otro lado&#8230; \u00bfNo deberia separarse el ambito del dolor y de la reconciliacion del ambito politico, es decir, con otras palabras, que las victimas no deberian apartarse del debate politico y dejar de ser parte del debate, sino ser simplemente victimas que necesitan apoyo? Gracias<\/p>\n<p>R.- Las v\u00edctimas, como parte directamente afectada por el terrorismo, tenemos mucho que decir. Y mucho que opinar. Nuestro dolor tiene que ser escuchado. Nuestros familiares no se merecen cualquier fin. Desde luego, queremos un fin basado en tres pilares esenciales: verdad, memoria y justicia. Y eso s\u00f3lamente lo podemos aportar las v\u00edctimas con nuestros testimonios.<\/p>\n<p>P.- Hola Marmiar. Nunca he ido a Euskadi, pero siempre me han dicho que all\u00ed es mejor no hablar de pol\u00edtica en la calle. \u00bfRealmente existe ese miedo en la calle?\u00bfC\u00f3mo te trata la gente por la calle?\u00bfHas tenido alg\u00fan encontronazo por la calle con alg\u00fan radical independentista?<\/p>\n<p>R.- Es cierto que en las calles del Pa\u00eds Vasco es mejor hablar del tiempo que de pol\u00edtica, por miedo a lo que pueda ocurrir. Porque a pesar de que el Gobierno durante los meses de &#8220;alto el fuego&#8221;, de esta falsa tregua, nos dec\u00eda que las cosas hab\u00edan mejorado en el Pa\u00eds Vasco, tengo que decirte que la gente ten\u00eda m\u00e1s miedo que nunca porque las calles estaban llenas de pintadas amenazantes y los abertzales estaban m\u00e1s envalentonados que nunca. Incluso en estos meses, a diferencia de a\u00f1os pasados, he tenido que soportar amenazas directas paseando simplemente por la calle, invitandome a marcharme del Pa\u00eds Vasco.<\/p>\n<p>P.- Hola Mar\u00eda del Mar. El PSE ha tomado un camino excesivamente &#8220;nacionalista&#8221; en los \u00faltimos tiempos \u00bfTienes alguna esperanza de que el PSE vuelva a parecerse al partido que fue en la \u00e9poca de Redondo Terreros y Rosa D\u00edez? Un besote. Rafa. Sevilla.<\/p>\n<p>R.- Ojal\u00e1 volvieramos a recuperar la foto de Nicol\u00e1s Redondo y de Jaime Mayor Oreja. Fue la foto de la esperanza, de la ilusi\u00f3n por devolver la libertad al Pa\u00eds Vasco. El problema es que el Partido Socialista ha preferido echarse en los brazos de los nacionalistas en lugar de seguir por la l\u00ednea constitucionalista. Veo muy d\u00edficil que volvamos a recuperar esa foto.<\/p>\n<p>P.- Hola, Mar\u00eda del Mar. Te admiro profundamente desde que escuch\u00e9 tus palabras en aquellos d\u00edas tan tristes y desesperanzadores. Recuerdo tu entereza, tu fuerza y tu lucha por conseguir lo imposible. Tu hermano estaba sentenciado de antemano sin ser culpable de nada. \u00bfC\u00f3mo habeis vivido (y viv\u00eds) el caso de Juana Chaos? Animo y un fuerte abrazo a la familia.<\/p>\n<p>R.- Fueron d\u00edas muy duros en los que ve\u00edamos como el Gobierno actual ced\u00eda ante las reivindicaciones de un terrorista sanguinario que hab\u00eda adoptado por \u00e9l mismo la v\u00eda de morir, sin que nadie le obligara. A mi hermano, como a las 25 v\u00edctimas asesinadas por De Juana, nadie les di\u00f3 la opci\u00f3n de vivir o de morir. Es triste ver c\u00f3mo un Estado de Derecho prefiere ceder ante un terrorista que ante una persona joven y honesta de tan s\u00f3lo 29 a\u00f1os.<\/p>\n<p>P.- Hola, Mar\u00eda del Mar. Antes que nada, mandarte todo el cari\u00f1o de parte m\u00eda y de los m\u00edos, que vivimos aquellas horas fat\u00eddicas con la misma angustia y el mismo dolor como si Miguel \u00c1ngel fuese un miembro m\u00e1s de nuestra familia. Me gustar\u00eda preguntarte si te has planteado alguna vez entrar de forma activa en pol\u00edtica y tambi\u00e9n preguntarte qu\u00e9 les dir\u00edas a todos aquellos que proclaman que la ruptura de la tregua de los asesinos era lo que el PP quer\u00eda. Un fuerte abrazo desde Mallorca. Javier.<\/p>\n<p>R.- Muchas gracias por tus cari\u00f1osas palabras. Simplemente quiero que nadie olvide la memoria de todas y cada una de las v\u00edctimas del terrorismo. Defiendo la dignidad de todas ellas y esa es mi lucha. No hago esto por entrar en pol\u00edtica, pero apoyo a un partido que ha defendido siempre la dignidad de todas las v\u00edctimas, que las ha colocado en el lugar que las correspond\u00eda y que siempre ha reivindicado el final de ETA justo para todas ellas: firmeza democr\u00e1tica, aplicaci\u00f3n de la ley y de la justicia.<\/p>\n<p>P.- Ante todo, recibe mi m\u00e1s sincero apoyo y solidaridad. Mi pregunta es la siguiente: Que est\u00e1 ocurriendo con los votantes socialistas en el Pa\u00eds Vasco. Est\u00e1n anteponiendo la fidelidad a unas siglas a sus principios, o es que realmente los principios pueden cambiarse seg\u00fan las circustancias. Que comentan a nivel de calle. Un saludo.<\/p>\n<p>R.- Est\u00e1 claro que para el PSOE pesa m\u00e1s el poder que los principios. Y as\u00ed me lo ha demostrado el alcalde de Ermua, Carlos Totorica, que hace diez a\u00f1os demostr\u00f3 estar al lado de las v\u00edctimas y ahora presenta una moci\u00f3n para que el nombre de Ermua no sea utilizado por quienes defienden la libertad y la dignidad. Esta gente no me vale. O estas con las v\u00edctimas o no. Pero lo que no puede ser es que dependiendo del momento pol\u00edtico muestres apoyo o rechazo.<\/p>\n<p>P.- Maria del Mar, alguna vez te ha sentido ollvidada por las autoridades. Un saludo y mucho animo. Paula<\/p>\n<p>R.- Tengo que decir que ahora s\u00ed que me siento, al igual que muchas otras v\u00edctimas, abandonada por un Gobierno que ha preferido dialogar con los asesinos que con las v\u00edctimas.<\/p>\n<p>P.- Hola Mari Mar. Yo en realidad no quiero preguntarte nada, solamente mandarte un fuerte abrazo, para ti y para tus padres, desearos lo mejor y que sepa\u00eds que sois un ejemplo vivo de valor y gallard\u00eda y que siempre contareis con mi cari\u00f1o, mi apoyo y el de todos los espa\u00f1oles debien. Muchas gracias por todo. Javier Moraza.<\/p>\n<p>R.- Muchas gracias por tus palabras ya que son muy necesarias en estos momentos tan tristes que estamos viviendo mis padres y yo de cara al d\u00e9cimo aniversario.<\/p>\n<p>P.- Yo de mayor quiero ser como t\u00fa, como Mayte Pagaza, como Mar\u00eda San Gil&#8230; Enhorabuena por vuestro valor y categor\u00eda moral. \u00bfCrees que en general los diputados y pol\u00edticos de despacho tienen el coraje que han demostrado los concejales que se juegan la vida cada d\u00eda, como se la jug\u00f3 tu hermano? \u00bfCrees que todos ellos podr\u00edan aguantar la presi\u00f3n que vive hoy por ejemplo la alcaldesa de Lizartza?<\/p>\n<p>R.- Muchas gracias. Yo no hago nada que no har\u00edan otras muchas personas que han tenido que pasar desgraciadamente por el mal trago que pas\u00e9 yo. El coraje de Mar\u00eda San Gil, de Mayte y de Regina Otaola, alcaldesa de Lizartza, son nuestro referente para seguir d\u00eda a d\u00eda que la defensa de la paz y la libertad de todos. Ojal\u00e1 todos los pol\u00edticos tuvieran el coraje y la valent\u00eda de esas personas.<\/p>\n<p>P.- No quisiera resultar grosera ni insensible. Vaya por delante todo mi apoyo y comprensi\u00f3n, pero \u00bfno crees que eliminar la posibilidad de dialogar con ETA tambi\u00e9n elimina la posibilidad de salvar otras vidas m\u00e1s adelante? Quiz\u00e1 las fam\u00edlias de las futuras v\u00edctimas agradecer\u00edan que se hablase para intentar terminar con esto. Muchas gracias<\/p>\n<p>R.- Hay otras v\u00edas para derrotar a la banda terrorista ETA, sin tener que ceder ahora despu\u00e9s de casi 40 a\u00f1os de azote del terrorismo porque si la v\u00eda para acabar con ETA es el di\u00e1logo, \u00bfpor qu\u00e9 no lo hicimos tras la primera v\u00edctima mortal? El di\u00e1logo no es la soluci\u00f3n porque nunca se van a conformar con lo que un Gobierno les d\u00e9. La ley, la gran labor que hacen los Cuerpos y Fuerzas de Seguridad del Estado y la uni\u00f3n de todos es la mejor v\u00eda para acabar con ellos.<\/p>\n<p>P.- Hola M\u00aa del Mar. Podrias perdonar a los asesinos de tu hermano?? Se te ha pasado por la cabeza alguna vez la venganza?? Mucho \u00e1nimo y que sepas que en tu lucha somos muchos los que te respaldamos.<\/p>\n<p>R.- Muchas gracias por tus palabras. Nunca podr\u00e9 ni perdonar ni olvidar a los asesinos de mi hermano, pero es que ellos tampoco nunca me han perdido perd\u00f3n por arrebatarme algo tan querido para mi. Nunca las v\u00edctimas hemos utilizado y nunca utilizaremos la venganza o la revancha porque a diferencia de los asesinos nosotros somos personas civilizadas y como tal dejamos que la Justicia haga su trabajo.<\/p>\n<p>P.- Hola! No s\u00e9 si es que mi visi\u00f3n es totalmente loca, o qu\u00e9, pero \u00bfno crees que hoy en d\u00eda, hay una falta de respeto y de tolerancia, tanto por las ideolog\u00edas como por la persona en s\u00ed, que llega incluso a la pol\u00edtica? Verg\u00dcenza me dio ayer ver a Zapatero y a Rajoy hablarse de la forma en que se hablaron, y de la forma en la que lo llevan haciendo hace 3 a\u00f1os&#8230;.\u00bfd\u00f3nde quedan estos valores de respeto y tolerancia por lo diferente?????? y eso&#8230;.se ve tambi\u00e9n en la calle.<\/p>\n<p>R.- Es cierto que hay crispaci\u00f3n en la calle. Como tambi\u00e9n es cierto que mucha de esa crispaci\u00f3n la ha tra\u00eddo la pol\u00edtica antiterrorista del actual Gobierno. Hace apenas tres a\u00f1os no hab\u00eda esta crispaci\u00f3n en la calle, ni la divisi\u00f3n pol\u00edtica que hay actualmente. Eso indica que el camino que ha comenzado el Presidente del Gobierno en la lucha antiterrorista no es el correcto.<\/p>\n<p>P.- Hola Maria del Mar, no voy a hacerte pregunta porque por tiempo no entrar\u00e1, pero si queria expresarte mi apoyo total (y el de mi familia), recuerdo el dia del secuestro de tu hermano y su posterior asesinato como uno de los m\u00e1s tristes de mi vida, siempre os apoyeremos.\u00c1nimo y no decaigais en vuestra lucha contra el terrorismo.<\/p>\n<p>R.- Muchas gracias. Seguiremos sin descanso si hace falta, pero no permitiremos que nuestros familiares sean utilizados como moneda de cambio. Y para eso necesitamos tambi\u00e9n tener detr\u00e1s a gente como t\u00fa. Sigue as\u00ed y nunca nos abandones.<\/p>\n<p>P.- Hola. \u00bfCrees que es \u00e9tico hacer campa\u00f1a pol\u00edtica usando el dolor y en tu caso el propio? \u00bfPor qu\u00e9 habl\u00e1is en nombre de &#8220;todas las v\u00edctimas&#8221;? Hab\u00e9s hecho irrespirable el ambiente desde que vais de la mano de los m\u00e1s ultras del PP.<\/p>\n<p>R.- Ojal\u00e1 sigui\u00e9ramos de la mano del PP y del PSOE como ocurr\u00eda hace apenas tres a\u00f1os. En estos momentos el \u00fanico partido que est\u00e1 con las v\u00edctimas y que muestra su apoyo es el PP. El pasado 14 de junio comenzamos una campa\u00f1a desde la Fundaci\u00f3n Miguel \u00c1ngel Blanco de recuerdo no s\u00f3lo a su persona sino a todo lo ocurrido en las calles de Espa\u00f1a. Hemos recorrido 11 ciudades, en ninguna de ellas tristemente se ha acercado ning\u00fan cargo p\u00fablico del PSOE. \u00bfPor qu\u00e9?. Si el PSOE vuelve al Pacto Antiterrorista te puedo asegurar que las v\u00edctimas volveremos a conf\u00edar en ellos. Pero mientras siga por esta v\u00eda de la negociaci\u00f3n, seguiremos reivindicando el fin justo para nuestros familiares asesinados.<\/p>\n<p>P.- Hola, Mar\u00eda del Mar. ETA asesin\u00f3 a mi t\u00edo, y aunque no es comparable a perder un hermano, llego a comprender tu dolor. Dices que es triste ver c\u00f3mo un Estado de Derecho prefiere ceder ante un terrorista que ante una persona joven y honesta. Perdona por la pregunta, supongo que ser\u00e1 dif\u00edcil para ti. Crees que el Estado deber\u00eda ceder ante casos como el de Miguel \u00c1ngel o el de Ortega Lara? O crees que no deber\u00eda ceder al chantaje en ning\u00fan caso?<\/p>\n<p>R.- El Estado de Derecho nunca debe de ceder ante los terroristas. Si eso ocurriese, \u00bfd\u00f3nde pondr\u00edamos el l\u00edmite? Hace diez a\u00f1os nadie pidi\u00f3 al Gobierno que cediera o que claudicara con los terroristas. Si el Gobierno hubiera cedido con mi hermano, \u00bfte imaginas c\u00f3mo podr\u00edamos estar diez a\u00f1os despu\u00e9s? Te aseguro que bastante peor de lo que estamos ahora.<\/p>\n<p>P.- Hola Mar\u00eda del Mar Ante todo manifestarte mi m\u00e1s sincero apoyo y decirte que eres un ejemplo a seguir. M\u00e1s de uno deberia mirarte y tomar ejemplo. Estoy de acuerdo contigo en que debemos recuperar el espiritu que nos invadio a todos en aquellos d\u00edas. \u00bfQue crees que nos esta pasando? \u00bfporque ya no salimos a la calle como entonces? \u00bfnos estamos conformando? \u00bfnos estamos volviendo inhumanos? &#8230;A pesar de todo, quiero que sepas que muchos a\u00fan seguimos recordando a tu hermano, a vosotros&#8230;Que hoy, como cada a\u00f1o desde hace diez, una vela ilumina nuestra casa. Hazme un favor Mar\u00eda del Mar..no cambies.<\/p>\n<p>R.- Muchas gracias. Intentar\u00e9 no cambiar, sobre todo porque fallar\u00eda a mi hermano que tantas buenas lecciones me di\u00f3 de c\u00f3mo trabajar por el bienestar de todos. Ojal\u00e1 volvieramos a recuperar el significado del esp\u00edritu de Ermua, es decir, las grandes movilizaciones donde perdimos el miedo y donde por primera vez hicimos sentir miedo a los terroristas. Si eso ocurriese y volviera el consenso pol\u00edtico, dentro de poco tiempo en el Pa\u00eds Vasco y en general en toda Espa\u00f1a podr\u00edamos disfrutar de una vida en paz, pero sobre todo en libertad porque te puedo asegurar que en el Pa\u00eds Vasco hay mucho miedo de nuevo y muy poca libertad.<\/p>\n","protected":false},"excerpt":{"rendered":"<p>Se cumplen diez a\u00f1os del asesinato de su hermano. Secuestrado por ETA el 10 de julio de 1997 y asesinado 48 horas despu\u00e9s, nadie olvida al concejal de Ermua. Mar\u00eda del Mar Blanco, presidenta de la Fundaci\u00f3n Miguel \u00c1ngel Blanco, reclama volver al esp\u00edritu de aquellos d\u00edas en los que la sociedad se rebel\u00f3 m\u00e1s que nunca contra los terroristas.<br \/>\nEspecial: Los m\u00e1rtires del 97<\/p>\n","protected":false},"author":1,"featured_media":0,"comment_status":"open","ping_status":"open","sticky":false,"template":"","format":"standard","meta":{"footnotes":""},"categories":[],"tags":[],"class_list":["post-4761","post","type-post","status-publish","format-standard","hentry"],"_links":{"self":[{"href":"https:\/\/intervius.com\/index.html\/wp-json\/wp\/v2\/posts\/4761","targetHints":{"allow":["GET"]}}],"collection":[{"href":"https:\/\/intervius.com\/index.html\/wp-json\/wp\/v2\/posts"}],"about":[{"href":"https:\/\/intervius.com\/index.html\/wp-json\/wp\/v2\/types\/post"}],"author":[{"embeddable":true,"href":"https:\/\/intervius.com\/index.html\/wp-json\/wp\/v2\/users\/1"}],"replies":[{"embeddable":true,"href":"https:\/\/intervius.com\/index.html\/wp-json\/wp\/v2\/comments?post=4761"}],"version-history":[{"count":0,"href":"https:\/\/intervius.com\/index.html\/wp-json\/wp\/v2\/posts\/4761\/revisions"}],"wp:attachment":[{"href":"https:\/\/intervius.com\/index.html\/wp-json\/wp\/v2\/media?parent=4761"}],"wp:term":[{"taxonomy":"category","embeddable":true,"href":"https:\/\/intervius.com\/index.html\/wp-json\/wp\/v2\/categories?post=4761"},{"taxonomy":"post_tag","embeddable":true,"href":"https:\/\/intervius.com\/index.html\/wp-json\/wp\/v2\/tags?post=4761"}],"curies":[{"name":"wp","href":"https:\/\/api.w.org\/{rel}","templated":true}]}}