{"id":4745,"date":"2007-08-01T00:00:00","date_gmt":"2006-11-06T00:00:00","guid":{"rendered":"https:\/\/intervius.com\/index.html\/?p=4745"},"modified":"2006-11-06T00:00:00","modified_gmt":"2006-11-06T00:00:00","slug":"Javier_Lorenzo4745","status":"publish","type":"post","link":"https:\/\/intervius.com\/index.html\/Javier_Lorenzo4745\/","title":{"rendered":"Javier Lorenzo"},"content":{"rendered":"<p>Pregunta.- en su anterior novela, la mujer ten\u00eda un papel esencial. \u00bfson las mujeres una fuente de inspiraci\u00f3n?<\/p>\n<p>Respuesta.- Sin duda. Siempre fueron las musas de los artistas, \u00bfverdad? En cuanto a las novelas, si ya ocupaban un papel muy relevante en El \u00faltimo soldurio, en Las guardianas del tab\u00fa son las grandes protagonistas. Un protagonismo que perdieron durante 2.000 a\u00f1os y que ahora, aunque a\u00fan queden resabios del machismo que implantaron los romanos, por fin han recuperado. Creo que es para congratularse.<\/p>\n<p>P.- \u00bfEstar\u00edan orgullosas las protagonistas de su libro, de la Espa\u00f1a de hoy? Muchas gracias y un saludo<\/p>\n<p>R.- Qu\u00e9 dif\u00edcil pregunta. M\u00e1s que Espa\u00f1a como forma pol\u00edtica o naci\u00f3n, les sorprender\u00eda esta sociedad tan mecanizada y avanzada tecnol\u00f3gicamente. Una sociedad de la que podr\u00edan enorgullecerse en algunos aspectos, pero en la que tambi\u00e9n observar\u00edan grandes carencias, referidas en su mayor\u00eda a la deshumanizaci\u00f3n, el miedo rampante ante cualquier m\u00ednimo inconveniente y la p\u00e9rdida de valores que para ellas eran fundamentales: el valor, la lealtad, el sentido del deber&#8230; En este sentido, yo creo que m\u00e1s que orgullo podr\u00edan llegar a sentir l\u00e1stima o incluso desprecio. Ellas eran as\u00ed. De una pieza.<\/p>\n<p>P.- No he le\u00eddo a\u00fan el libro. \u00bfC\u00f3mo me convencer\u00eda para que lo hiciera? Muchas gracias<\/p>\n<p>R.- M\u00e1s que como autor, yo le hablar\u00eda como lector. Aunque me la sepa de memoria, si abro una cualquiera de sus p\u00e1ginas me engancho y me cuesta dejarla. Procuro escribir novelas, art\u00edculos, columnas que me gusten como lector. Libros que leer\u00eda aunque hubieran sido escritos por otra persona. Por otro lado, s\u00f3lo puedo decir que todos cuantos la han le\u00eddo ya me han felicitado calurosamente; singularmente, las mujeres. Y no creo que sea por lo guapo que soy, precisamente. Por \u00faltimo, si quiere usted ser testigo del cambio decisivo que supuso el final de la influencia c\u00e9ltica en la Pen\u00ednsula Ib\u00e9rica y el comienzo de la latinizaci\u00f3n, encontrar\u00e1 datos muy interesantes y que hasta ahora no hab\u00edan llegado al gran p\u00fablico.<\/p>\n<p>P.- \u00bfEn qu\u00e9 ra\u00edces hist\u00f3ricas ha bebido para poder escribir este libro? Como historiador me sorprende la alta veracidad que alcanzan muchas novelas hist\u00f3ricas.<\/p>\n<p>R.- En este caso ha sido determinante Estrab\u00f3n, quien en su libro Geogr\u00e1fica dice que las madres c\u00e1ntabras mataron a sus hijos antes de permitir que cayeran en manos de sus enemigos, que un ni\u00f1o mat\u00f3 a sus padres y hermanos con una espada que hab\u00eda robado, que otra mujer hab\u00eda asesinado a sus compa\u00f1eros de cautiverio, que un hombre atado se hab\u00eda arrojado a la hoguera, harto de las burlas de sus captores&#8230; Esa descripci\u00f3n es la base, el n\u00facleo de Las guardianas del tab\u00fa, aunque evidentemente tambi\u00e9n tengo muy en cuenta lo que dicen otros autores cl\u00e1sicos que tambi\u00e9n se ocuparon de este episodio hist\u00f3rico -fundamental en el devenir del futuro de la Pen\u00ednsula Ib\u00e9rica-, caso de Di\u00f3n Casio, Silio It\u00e1lico, Floro, Horacio y otros. Y por supuesto, tambi\u00e9n me aportan much\u00edsimo las investigaciones de estudiosos e historiadores m\u00e1s o menos recientes.<\/p>\n<p>P.- M\u00e1s que pregunta es un agradecimiento a su menci\u00f3n a la fiesta que recrea las Guerras C\u00e1ntabras en el pueblo c\u00e1ntabro de Los Corrales de Buelna, y una cuesti\u00f3n que ya desde aqu\u00ed se le plante\u00f3: con 2.000 participantes que podr\u00edan ser actores, para cuando la pel\u00edcula sobre los dos libros?<\/p>\n<p>R.- No depende de m\u00ed esta cuesti\u00f3n. Bien es cierto que todos me dicen que ambas obras tienen un ritmo y unas im\u00e1genes muy cinematogr\u00e1ficas, pero de momento no hay nada en firme, pese a que s\u00e9 que hay algunas productoras que est\u00e1n d\u00e1ndole vueltas al proyecto. Ser\u00eda una gran alegr\u00eda que se materializara. La gente pide \u00e9pica, y creo que ambas novelas la tienen de sobra.<\/p>\n<p>P.- Suelo leer con m\u00fasica. \u00bfqu\u00e9 canci\u00f3n me recomienda para escuchar mientras leo su libro?<\/p>\n<p>R.- Magn\u00edfica costumbre, a mi modesto entender. Yo soy un apasionado del barroco y de cualquier pieza en la que intervenga un clavicordio. No obstante, no descarto que un aria de Wagner pueda servir, dadas las enormes tragedias que envolvieron a los personajes de la novelas, as\u00ed como al pueblo c\u00e1ntabro.<\/p>\n<p>P.- Estoy encantado de poder hablar con usted. Me interesar\u00eda saber a qu\u00e9 viene el t\u00edtulo del libro. \u00bfCu\u00e1l es el tab\u00fa que protegen las guardianas?<\/p>\n<p>R.- El tab\u00fa es la Luna. Para ellos era un dios que no se pod\u00eda mencionar directamente y por eso utilizaban toda clase de eufemismos y subterfugios para nombrarla sin nombrarla. Uno de ellos era el t\u00e9rmino tab\u00fa. All\u00ed, sobre su blanca superficie se libraba todas las noches una tremenda batalla celestial entre las fuerzas del mal y los esp\u00edritus de los guerreros que hab\u00edan muerto empu\u00f1ando una espada. Del resultado final de esa batalla depend\u00eda el destino del mundo y que el Sol saliera por el horizonte cada ma\u00f1ana. \u00bfNo le parece una historia preciosa? A m\u00ed, desde luego, s\u00ed.<\/p>\n<p>P.- Acabo de terminar tu anterior novela, El \u00daltimo Soldurio, y me ha parecido un ejercicio de documentaci\u00f3n excepcional, del que se pueden extraer muchas m\u00e1s historias. Imagino que tu nueva novela va a continuar por esos derroteros. \u00bf No te has planteado abordar qu\u00e9 ha sobrevivido hasta nuestros dias de esa cultura? \u00bfQue vestigios quedan? Muchas gracias anticipadas<\/p>\n<p>R.- Pues la verdad es que no me lo he planteado como ejercicio concreto, pero le aseguro que a\u00fan siguen en activo muchas costumbres, fiestas e incluso artilugios, como el dujo, por ejemplo, que es un tronco hueco en el que se alojar\u00e1 posteriormente un panal. Adem\u00e1s de las investigaciones hist\u00f3ricas, ha sido fundamental el, llam\u00e9mosle, trabajo de campo. El viento galaico de entonces sigue trayendo la misma lluvia (o un poco menos) que el gallego de hoy. La magosta, o recogida de casta\u00f1as, a\u00fan se mantiene. El modo de trabajar con el ganado -subiendo a los altos valles en verano- tambi\u00e9n sigue en vigor, as\u00ed como algunos elementos agr\u00edcolas. Basta con rascar un poco en muchas de las tradiciones de hoy en La Monta\u00f1a para encontrar las profundas y longevas ra\u00edces que las sustentan.<\/p>\n<p>P.- Un saludo de una Cantabra que le a encantado su libro &#8220;Las Guardianas del Tabu&#8221; y me ha gustado tando que ahora estoy leyendo &#8220;El \u00faltimo soldurio&#8221;, mi pregunta es , como una persona que no ha nacido en cantabria escriba sobre ella en su primer libro,y como consigue toda esa informacion sobre los cantabros. Espero que siga escribiendo gracias un saludo Isabel<\/p>\n<p>R.- Muchas gracias. Mi madre es c\u00e1ntabra y a los diez d\u00edas de nacer en Madrid ya estaba en El Sardinero -seg\u00fan me cuentan-. No obstante, lo fundamental es que tanto la figura de Corocotta como el fin de este mundo de influencia c\u00e9ltica hab\u00edan sido despreciados por los novelistas. Estoy convencido de que si hubieran surgido en cualquier otro pa\u00eds de nuestro entorno ya se habr\u00edan hecho merecedores de varios libros y pel\u00edculas. Lamentablemente, en este pa\u00eds parece que hay cierta tendencia a despreciar nuestro riqu\u00edsimo y apasionante pasado. Lo que es por m\u00ed, no lo lograr\u00e1n. En cuanto a la informaci\u00f3n sobre los c\u00e1ntabros, ya digo: compagino las fuentes cl\u00e1sicas con el &#8220;trabajo de campo&#8221; y el estudio de las tradiciones de la \u00e9poca. Ellas son el armaz\u00f3n que da credibilidad a la inevitable ficci\u00f3n.<\/p>\n<p>P.- Dicen que no hay dos sin tres, \u00bfPara cu\u00e1ndo su pr\u00f3xima novela? \u00bfPuede adelantar algo del argumento?<\/p>\n<p>R.- Ya estoy inmerso en una tercera novela, aunque ser\u00e1 mucho m\u00e1s contempor\u00e1nea y, desde luego, diferente. Creo que se ha cerrado este cap\u00edtulo (ya no hay otras fuentes hist\u00f3ricas de las que nutrirse)y que debo enfrentarme a otros retos literarios. Lamentablemente, mi m\u00e9dico no me deja adelantar argumentos. Lo siento.<\/p>\n<p>P.- \u00bfQu\u00e9 pueden aprender las mujeres de hoy de las guardianas del tab\u00fa?<\/p>\n<p>R.- Creo que las guardianas del tab\u00fa son un ejemplo de muchas cosas: el sentido del deber, la lealtad, el valor&#8230; Pero tambi\u00e9n creo que muchas mujeres de hoy siguen siendo guardianas del tab\u00fa, aunque de una forma discreta. Ellas son los pilares de esta sociedad, pero nadie se lo reconoce. Tal vez empieza a ser hora de que exijan ese reconocimiento y espero que esta novela les ayude a ser a\u00fan m\u00e1s due\u00f1as de s\u00ed mismas y conscientes de su important\u00edsimo papel.<\/p>\n<p>P.- \u00bfLos Axteris y Obelix espa\u00f1oles eran mujeres? \u00bfSi bien estos se hacian fuertes por una pocima , cual era el secreto de las mujeres espa\u00f1olas a la hora de ponerse frente a los romanos?<\/p>\n<p>R.- Yo ya dije en su momento que Corocotta era &#8220;el Ast\u00e9rix espa\u00f1ol&#8221;. Me pareci\u00f3 un mensaje comprensible para todo el mundo. Lo que s\u00ed le aseguro es que Goscinny y Uderzo se documentaron muy bien para hacer sus historietas. En cuanto a las mujeres espa\u00f1olas, su secreto es una fuerza de voluntad inquebrantable y un sentido de la dignidad excepcional, adem\u00e1s de otros recuersos como la astucia o la seducci\u00f3n.<\/p>\n<p>P.- \u00bfsigues escribiendo de televisi\u00f3n en el mundo? \u00bfque es lo que m\u00e1s te gusta y lo que menos de la peque\u00f1a pantalla?<\/p>\n<p>R.- S\u00ed, sigo, aunque de forma m\u00e1s discreta (con pseud\u00f3nimo). Lo que m\u00e1s me gusta, depende: buenos informativos, documental\u00f1es o reportajes. Algunas series&#8230; Y lo que menos me gusta es el exceso de cotilleo. No el cotilleo en s\u00ed -actividad humana donde las haya-, pero s\u00ed el exceso. Afortunadamente, parece que los espectadores est\u00e1n empezando a dar la espalda a tanta caspa.<\/p>\n<p>P.- \u00bfEs fan de alg\u00fan blog? \u00bfcu\u00e1les me recomendar\u00eda?<\/p>\n<p>R.- No soy muy de blogs, pero de recomendarle uno le recomendar\u00eda El sibarita, en esta misma web.<\/p>\n<p>P.- &#8220;Antes muertos que esclavos&#8221;, dijeron los c\u00e1ntabros hace m\u00e1s de 2000 a\u00f1os. \u00bfCree que sigue siendo aplicable para los conflictos del siglo XXI?<\/p>\n<p>R.- Nadie podr\u00e1 convencerme nunca de que quienes se rebelan contra la injusticia o una invasi\u00f3n son todos unos &#8220;bandoleros&#8221; (en \u00e9poca de la antigua Roma) o todos unos &#8220;terroristas&#8221; (en la era de G.W.Bush). Cuando alguien se inmola por una idea, aunque \u00e9sta sea o nos parezca una estupidez, habr\u00e1 que preguntarse qu\u00e9 es lo que est\u00e1 fallando para que esa persona haya preferido la muerte a la vida.<\/p>\n<p>P.- Hola Javier, visto que tu nuevo libro trata de las mujeres que encabezaron la resistencia c\u00e1ntabra frente a Roma \u00bfqu\u00e9 papel crees que juega la mujer actual en nuestra sociedad?<\/p>\n<p>R.- Creo que ahora ocupa el que ella quiera ocupar. Es cierto que a\u00fan sigue habiendo desequilibrios y desigualdades, pero por fortuna la mujer es hoy due\u00f1a de su propio destino y, por tanto, una pieza clave para comprender esta sociedad. Una sociedad que ya no es masculina ni femenina, sino de personas, de seres humanos.<\/p>\n<p>P.- Que posibilidades existirian de que sus libros sean traducidos a otros idiomas?. En Hungria por ejemplo he conversado con mucha gente y les he mostrado y relatado a grandes rasgos el libro y todos lo encuentran super-interesante y lamentan el no poder leerlo. Espero que algun dia lo veamos tambien en el cine.<\/p>\n<p>R.- Tengo noticias de que la Biblioteca Nacional de aquel pa\u00eds ha pedido algunos ejemplares y el libro est\u00e1 en las listas de varias librer\u00edas extranjeras. Ser\u00eda fabuloso que este episodio de nuestra Historia superase todas las fronteras.<\/p>\n<p>P.- Si tuvieras que elegir, con qu\u00e9 te quedar\u00edas, con el periodismo o la literatura?<\/p>\n<p>R.- Uf. Es como preguntarme si prefiero que me corten la pierna derecha o la izquierda. Qu\u00e9 quiere que le diga. Les tengo mucho aprecio a las dos y, a menos que no me quede otra opci\u00f3n, procurar\u00e9 dedicarme a ambas con la misma pasi\u00f3n.<\/p>\n<p>P.- \u00bfHay alguna correlacion entre el \u00faltimo soldurio y las guardianas del tab\u00fa? si es as\u00ed, se tienen que leer en alg\u00fan orden?<\/p>\n<p>R.- Las guardianas del tab\u00fa es la continuaci\u00f3n hist\u00f3rica de El \u00faltimo soldurio. Recalco: hist\u00f3rica, no literaria. Se pueden leer en cualquier orden, porque son independientes, aunque cronol\u00f3gicamente El \u00faltimo soldurio narra hechop anteriores. Por otro lado, Las guardianas del tab\u00fa -dicen- es m\u00e1s \u00e1gil que su predecesora. Si no se es un lector habitual, le recomiendo incluso empezar por \u00e9sta.<\/p>\n<p>P.- Buenas tardes javier, cu\u00e1l es su personaje favorito del libro y por qu\u00e9. Un saludo<\/p>\n<p>R.- Buena pregunta. Yo creo que Acuana, en la que he querido reflejar a mi propia madre. Espero que este libro me ayude a superar definitivamente las rencillas y desavenencias que tuvimos durante a\u00f1os. S\u00ed, me quedo con Acuana porque para m\u00ed es el s\u00edmbolo de una necesaria reconciliaci\u00f3n.<\/p>\n<p>P.- Para cuando un libro de mi tierra. Soy vasca y ha conseguido que mepase de la novela de ficcion a lanovela historica. Su primer librome lo regalaron pero esteme lo he comprado<\/p>\n<p>R.- Me alegro infinito de que haya dado usted ese paso. La novela hist\u00f3rica puede ser -y de hecho muchas veces lo es- tan apasionante e intensa como cualquier otro g\u00e9nero. Y tiene una virtud, de alg\u00fan modo revives \u00e9pocas o personas ya desaparecidas, que existieron de verdad. Es como resucitarlas. En cuanto a una novela sobre los antiguos habitantes de lo que hoy se llama Pa\u00eds Vasco (caristios, v\u00e1rdulos y autrigones; los vascones ocupaban la actual Navarra), creo que, aunque hay datos sueltos sobre ellos no hay un gran episodio hist\u00f3rico de aquella \u00e9poca. La actual Pamplona recibi\u00f3 su nombre del general Pompeyo quien, por otro lado, concedi\u00f3 la ciudadan\u00eda romana a muchos r\u00e9gulos vascones hacia el a\u00f1o 90 a.C. 70 a\u00f1os antes de los hechos que se narran en estas novelas. Por \u00faltimo, aunque se reflejan actos de valor incre\u00edbles entre los habitantes de estas tierras (uno entr\u00f3 en batalla arrojando el caso ante el enemigo, por ejemplo), su condici\u00f3n de pueblo fronterizo les hizo m\u00e1s prudentes a la hora de relacionarse con Roma. De hecho, seg\u00fan todas las fuentes cl\u00e1sicas, los autrigones (territorio que comprender\u00eda hoy, aproximadamente, entre Castro Urdiales y el r\u00edo Nervi\u00f3n) fueron uno de los pueblos que solicitaron la ayuda de Roma para acabar con los c\u00e1ntabros que cada verano saqueaban su territorio. De todos modos, en lo que respecta a esta \u00e9poca, le recomiendo los estudios de Julio Caro Baroja. Y tenga en cuante tambi\u00e9n que Estrab\u00f3n asegura que todos los pueblos del norte de la Pen\u00ednsula Ib\u00e9rica hablaban el mismo idioma, com\u00edan las mismas cosas, vest\u00edan casi de la misma manera y ten\u00edan las mismas costumbres. Lo que se narra en Las guardianas del tab\u00fa -al margen de hechos hist\u00f3ricos- es asimilable con lo que ocurr\u00eda entre los vascones, los autrigones o cualquier otro pueblo de esa zona.<\/p>\n<p>P.- Buenos d\u00edas y enhorabuena por su libro. Si tuviese que destacar alguna peculiaridad de esos antiguos c\u00e1ntabros que luchaban para resistir la invasi\u00f3n romana, \u00bfqu\u00e9 destacar\u00eda? Muchas gracias. Corocota.<\/p>\n<p>R.- Su sentido del orgullo y de la dignidad. Y el valor. Hoy vivimos con miedo de todo: el tabaco, el colesterol, el contrato, la hipoteca&#8230; Podr\u00edamos ser m\u00e1s libres que nunca, pero tengo la impresi\u00f3n de que ellos eran m\u00e1s libres que nosotros.<\/p>\n","protected":false},"excerpt":{"rendered":"<p>Acaba de lanzar su nuevo libro, Las guardianas del tab\u00fa (Planeta), un relato \u00e9pico sobre la desaparici\u00f3n del pueblo c\u00e1ntabro. Javier Lorenzo, escritor y colaborador de El MUNDO, parte de la aventura \u00e9pica de las mujeres que encabezaron la \u00faltima resistencia c\u00e1ntabra frente a Roma en la Pen\u00ednsula Ib\u00e9rica.<\/p>\n","protected":false},"author":1,"featured_media":0,"comment_status":"open","ping_status":"open","sticky":false,"template":"","format":"standard","meta":{"footnotes":""},"categories":[],"tags":[],"class_list":["post-4745","post","type-post","status-publish","format-standard","hentry"],"_links":{"self":[{"href":"https:\/\/intervius.com\/index.html\/wp-json\/wp\/v2\/posts\/4745","targetHints":{"allow":["GET"]}}],"collection":[{"href":"https:\/\/intervius.com\/index.html\/wp-json\/wp\/v2\/posts"}],"about":[{"href":"https:\/\/intervius.com\/index.html\/wp-json\/wp\/v2\/types\/post"}],"author":[{"embeddable":true,"href":"https:\/\/intervius.com\/index.html\/wp-json\/wp\/v2\/users\/1"}],"replies":[{"embeddable":true,"href":"https:\/\/intervius.com\/index.html\/wp-json\/wp\/v2\/comments?post=4745"}],"version-history":[{"count":0,"href":"https:\/\/intervius.com\/index.html\/wp-json\/wp\/v2\/posts\/4745\/revisions"}],"wp:attachment":[{"href":"https:\/\/intervius.com\/index.html\/wp-json\/wp\/v2\/media?parent=4745"}],"wp:term":[{"taxonomy":"category","embeddable":true,"href":"https:\/\/intervius.com\/index.html\/wp-json\/wp\/v2\/categories?post=4745"},{"taxonomy":"post_tag","embeddable":true,"href":"https:\/\/intervius.com\/index.html\/wp-json\/wp\/v2\/tags?post=4745"}],"curies":[{"name":"wp","href":"https:\/\/api.w.org\/{rel}","templated":true}]}}