{"id":4729,"date":"2007-09-12T00:00:00","date_gmt":"2006-11-06T00:00:00","guid":{"rendered":"https:\/\/intervius.com\/index.html\/?p=4729"},"modified":"2006-11-06T00:00:00","modified_gmt":"2006-11-06T00:00:00","slug":"Marta_Belenguer4729","status":"publish","type":"post","link":"https:\/\/intervius.com\/index.html\/Marta_Belenguer4729\/","title":{"rendered":"Marta Belenguer"},"content":{"rendered":"<p>Pregunta.- Esa valenciana guapa! \u00bfD\u00f3nde vas a estrenar &#8220;Beb\u00e9&#8221;? Oye, para llegar a ser actor, d\u00f3nde tengo que estudiar, qu\u00e9 tengo qu\u00e9 hacer&#8230;\u00bfquedamos a tomar unas ca\u00f1itas en la plaza de la Reina y me lo explicas? Un beso y mucha mierda.<\/p>\n<p>Respuesta.- Lo de las ca\u00f1itas dif\u00edcil porque me voy a tirar un rato en Madrid, pero en navidad voy a estar en el Tal\u00eda, del 12 al 30 de diciembre. O vienes a Madrid al Teatro Lara antes del 30 de septiembre o nos vemos en Valencia. Besos.<\/p>\n<p>P.- Hola Marta. Primero felicitarte por tu trabajo, ya que he sido fiel seguidor de las series Aqu\u00ed no hay quien viva y Camera Caf\u00e9. Mi pregunta es, dado el tiempo que llevas en comedia, \u00bfun\/a actor\/actriz se puede llegar a cansar de este g\u00e9nero?.<\/p>\n<p>R.- Creo que todo actor es por naturaleza curioso y le apetece cambiar de registros, pero tal y como est\u00e1 el patio no creo que nos podamos permitir cansarnos de casi nada. Creo que poder hacer comedia es siempre un placer, as\u00ed que en mi caso te digo que no.<\/p>\n<p>P.- &#8230;y si otra vez vuelves a vivir la aventura de los Oscar, \u00bfqu\u00e9?<\/p>\n<p>R.- Entonces espero que sea con un papel protagonista y un pelicul\u00f3n largo largo, entonces ya me visto de fallera. Me voy a recoger el Oscar vestida de fallera.<\/p>\n<p>P.- Marta Belenguer, genio y figura, te he visto en varios trabajos en cine y televisi\u00f3n, pero donde m\u00e1s me gustas es en el personaje del corto &#8220;El futuro est\u00e1 en el porno&#8221;. \u00bfTe siguen interesando los cortometrajes?. Un besazo gupetona.<\/p>\n<p>R.- Gracias por lo de El futuro&#8230;, yo tambi\u00e9n coincido. El personaje es una maravilla. Por suerte, el guionista y director es muy amigo m\u00edo desde que ten\u00edamos 18 a\u00f1os y ahora est\u00e1 preparando un largo con personajes de esos de rompe y rasga. As\u00ed que ojal\u00e1 que pronto me veas en la pantalla grande con otra Mar\u00eda Jos\u00e9 maravillosa. Y claro que me siguen interesando los cortos. Hace poco en participado en el \u00faltimo de Eduardo Chapero Jackson que acaba de ganar el Mejor Corto Europeo en la Mostra de Venecia.<\/p>\n<p>P.- Hola Marta!! que tal?? queria hacerte un par de preguntas&#8230;1\u00aa: que tiene Marta de Nacha y Nacha de Marta?? y la 2\u00aa: que paso en aqui no hay quien viva, porque desapareciste de momento?? Muchos besos y suerte con la obra!!<\/p>\n<p>R.- Nacha de Marta tiene todo y Marta de Nacha nada. Ya me gustar\u00eda tener su fondo de armario. Creo que Nacha es mucho m\u00e1s divertida que yo, en el sentido de que es m\u00e1s pol\u00edticamente incorrecta. Y eso me parece muy divertido. En Aqu\u00ed no hay quien viva no pas\u00f3 nada, me sali\u00f3 Camera caf\u00e9 y el personaje de Alba aparec\u00eda muy de vez en cuando, entonces ya empec\u00e9 a trabajar en Telecinco y obviamente no me volvieron a llamar.<\/p>\n<p>P.- \u00bf Cree que la tarea de educar es hoy m\u00e1s compleja que antes?<\/p>\n<p>R.- Creo que se le da m\u00e1s importancia, por suerte. Y creo que debe de ser dif\u00edcilisimo. Me parece un ejercicio de valent\u00eda ser padre, profesor o cualquier cosa relacionada con la eduacaci\u00f3n. Creo que la obra Beb\u00e9 es muy interesante porque hace reflexionar sobre la educaci\u00f3n, no adoctrina ni da una moraleja pero te hace pensar. Y eso ahora mismo ya es mucho.<\/p>\n<p>P.- Hola Marta, antes que nada felicidades por tus trabajos en televisi\u00f3n. Mi pregunta ser\u00eda, \u00bfVes futuro a nuevas series que no recreen un entorno laboral en concreto? Lo digo por la proliferaci\u00f3n de series de policias, medicos,&#8230;. Un saludo efusivo.<\/p>\n<p>R.- S\u00ed, hay espacio para todo. Vivan los gremios y vivan las series en general que dan trabajo a muchos actores y a mucha gente. Creo que es un buen momento para las series, aunque a veces se intentan reproducir un poco las series americanas, por eso cuando aparecen como Aqu\u00ed no hay quien viva o Camera caf\u00e9 el referente es mucho m\u00e1s cercano y el humor engancha m\u00e1s al p\u00fablico de aqu\u00ed.<\/p>\n<p>P.- Convenceme para ir a verte al teatro? Realmente ya tengo las entradas apra verte el viernes pero bueno&#8230; \ud83d\ude42<\/p>\n<p>R.- Much\u00edsimas gracias por comprar unas entradas de teatro y no quedarte en el sof\u00e1 de tu casa trag\u00e1ndote el programa de coraz\u00f3n de turno. No te vas a arrepentir.<\/p>\n<p>P.- Un verdadero placer hablar contigo. Te he seguido en Aqu\u00ed no hay quien viva (una interpretaci\u00f3n brillante, sin duda) as\u00ed como en el genial Camera Cafe y espero poder verte pronto en teatro. Todo lo citado tiene algo en com\u00fan: la comedia. \u00bfPura coincidencia o prefieres hacer reir antes que hacer llorar? \u00a1Un abrazo!<\/p>\n<p>R.- Prefiero hacer re\u00edr, pero de vez en cuando llorar tambi\u00e9n es muy sano. Yo lo practico bastante y creo que lo que m\u00e1s me gusta es la tragicomedia, es cuando algo c\u00f3mico en el fondo est\u00e1 tapando algo muy triste del personaje. Eso te lo puedes encontrar en Beb\u00e9 as\u00ed que espero que vengas a verla.<\/p>\n<p>P.- Marta, me has enamorado con tu interpretaci\u00f3n en el corto El futuro est\u00e1 en el porno. \u00a1Qu\u00e9 maravillosa interpretaci\u00f3n, madre m\u00eda! Reconozco que he visto el corto much\u00edsimas veces s\u00f3lo por una interpretaci\u00f3n as\u00ed. Me encantar\u00eda mandarte alg\u00fan gui\u00f3n que tengo escrito (soy estudiante de cine), \u00bfD\u00f3nde puedo contactar contigo? Un abrazo.<\/p>\n<p>R.- Gracias. Yo estoy muy orgullosa de ese trabajo y tambi\u00e9n lo he visto un mont\u00f3n de veces. \u00c1nimo con esto del cine, si quieres puedes enviar tu gui\u00f3n a Torres y Prieto Asociados, son mis representantes, y me lo har\u00e1n llegar. Gracias.<\/p>\n<p>P.- \u00bfVas a ir de gira por Espa\u00f1a con Beb\u00e9? \u00bfd\u00f3nde puedo encotrar las fechas y los sitios. Muchas gracias guapa.<\/p>\n<p>R.- En la web de Pavana (www.pavana.es), es la web de la compa\u00f1\u00eda y aparecen todas las fechas de los bolos pr\u00f3ximos. Ojal\u00e1 te coincida cerca. Un abrazo.<\/p>\n<p>P.- Me encanta tu pelo. \u00bfTe ves de chica almod\u00f3var?<\/p>\n<p>R.- S\u00ed, perfectamente. Yo me veo. Lo que no s\u00e9 si \u00e9l me ve a mi. Si le conoces, dile que est\u00e1 invitado a ver Beb\u00e9 cuando quiera. Seguro que la obra le encantar\u00eda.<\/p>\n<p>P.- Hola Marta. Hemos coincidido en m\u00e1s de una ocasi\u00f3n. Me gustar\u00eda que nos recomendaras m\u00fasica&#8230; Una cantante segoviana, o un cantante madrile\u00f1o, por ejemplo. Gracias!!!<\/p>\n<p>R.- Rebeca Jim\u00e9nez que toca el jueves a las 22:30 en la Sala Galileo y, como no, Quique Gonz\u00e1lez.<\/p>\n<p>P.- Hola MArta!! Primero felicidades por el premio a un corto en el que participabas &#8220;Alumbramiento&#038;quo t; de Chapero Jackson. \u00bf Que ha supuesto para ti trabajar con este magnifico director y que opinion te merece el corto ?. Bs y suerte en tu Beb\u00e9!! Angela.<\/p>\n<p>R.- Ha sido una sorpresa muy grande y un regalo incre\u00edble. Conoc\u00ed a Eduardo dos semanas antes de rodar el corto en el Festival de Alicante, los dos ten\u00edamos muchas ganas de conocernos, conoc\u00edamos nuestros trabajos, la sorpresa fue cuando una semana despu\u00e9s me llam\u00f3 para hacer Alumbramiento. Mi papel es peque\u00f1o, pero fue un lujazo trabajar con todo el equipo. Y Eduardo me parece un ser absolutamente respetuoso con el trabajo de la gente y con una sensibilidad exagerada. Y el corto es una burrada emocional.<\/p>\n<p>P.- Hola Marta \u00bfQu\u00e9 ha sido lo m\u00e1s dif\u00edcil a la hora de interpretar a una madre primeriza? \u00bfTienesexperiencia propia o te has dejado aconsejar? Suerte en tu nueva aventura<\/p>\n<p>R.- Ni una cosa ni la otra. He pensado mucho en mi madre, eso s\u00ed. Y he intentado ser honesta y no irme a estereotipos extra\u00f1os, trabajar un poco los sentimientos del personaje, m\u00e1s que la idea de madre primeriza, ir pasando por las emociones que ella va sintiendo.<\/p>\n<p>P.- cuando est\u00e1s en Valencia&#8230;. \u00bfpor d\u00f3nde se te puede ver? Un besazo, guap\u00edsima. Matt<\/p>\n<p>R.- Salgo mucho. Por El Carmen, voy al Latex muchas veces con mis amigos, por Ruzafa. Mis mejores amigos son los due\u00f1os de Loft Valencia, en la plaza del Doctor Landete. Es una tienda donde encontrar ropa un poco diferente, nuevos dise\u00f1adores brasile\u00f1os, holandeses, mola mogoll\u00f3n. Por all\u00ed me muevo mucho.<\/p>\n<p>P.- \u00bfC\u00f3mo te planetas la nueva temporada? Me dio mucha pena ver que en la fiesta de presentaci\u00f3n de la nueva temporada teatral de Madrid no hubiera muchos famosos. \u00bfPor qu\u00e9 crees que el teatro no tiene tanto tir\u00f3n para la gente?<\/p>\n<p>R.- Por desgracia lo art\u00edstico no tira tanto como lo que da pasta, pero yo me alegro de que no hayan muchos famosos, creo que no hace falta que el mundo del famoseo tenga nada que ver con el teatro. Lo que s\u00ed me gustar\u00eda es que los teatros se llenasen de p\u00fablico que quiere ver teatro, no la tele reproducida en el teatro.<\/p>\n<p>P.- Hola Marta. Mi pregunta va referida a Aqu\u00ed no hay quien viva: t\u00fa que estuviste como personaje, \u00bfde todos cu\u00e1l fue el que mejor te cay\u00f3 y por qu\u00e9? \u00bfte ves m\u00e1s segura en un escenario o delante de una c\u00e1mara? \u00bfte dan miedo las cr\u00edticas? Espero que no porque eres lo m\u00e1s guapa que he visto en mi vida!!! Gracias!!<\/p>\n<p>R.- Te has pasado con lo de guapa, pero gracias. Creo que el escenario es como mi espacio natural, es lo que m\u00e1s conozco, pero la tele me divierte much\u00edsimo, sobre todo con la suerte que he tenido. Creo que desde que me dan igual las cr\u00edticas se me critica menos.<\/p>\n<p>P.- Pod\u00edas hacer una segunda parte de Beb\u00e9: Adelescente. Yo creo que es m\u00e1s dif\u00edcil lidiar con uno de \u00e9stos que con un reci\u00e9n nacido, \u00bfQu\u00e9 opinas?<\/p>\n<p>R.- Habr\u00eda que preguntarle a la psic\u00f3loga de SOS Adolescente. Yo de momento no tengo ni idea, pero me gustan m\u00e1s los adolescentes que los beb\u00e9s, personalmente. Lo que quiero decir es que con un beb\u00e9 es muy dif\u00edcil, al menos con un adolescente puedes hablar de m\u00fasica o de la vida.<\/p>\n<p>P.- Si te pusieran sobre la mesa un cheque en blanco que te solucionase la vida qu\u00e9 harias a cambio posar desnuda, un anuncio de braguitas o contar tu vida en un reality show Besos y enhorabuena por tu carrera<\/p>\n<p>R.- Nada, no creo en los cheques en blanco. Creo en el curro de cada d\u00eda y en hacer siempre lo que uno quiere.<\/p>\n<p>P.- \u00bfTiens alg\u00fan otro proyecto entre manos? \u00bfd\u00f3nde m\u00e1s te podemos ver, aparte de en el teatro?<\/p>\n<p>R.- De momento en Beb\u00e9, tengo otro proyecto de teatro como para enero que se podr\u00e1 ver en Madrid que dirige Juan Luis Iborra, uno de los directores de Aqu\u00ed no hay quien viva, y espero que este octubre se estrene El menor de los males, la \u00faltima pel\u00edcula de Antonio Hern\u00e1ndez con Carmen Maura y Ver\u00f3nica Echegui. Yo hago de secretaria de un ministro. Es chul\u00edsima.<\/p>\n<p>P.- No estoy seguro , pero has ido a ver a Quique Gonzalez ultimamente, es que no se si eras tu la que estaba en el concierto&#8230;.Si es asi, \u00bfque opinas de su m\u00fasica? Si eras tu la pr\u00f3xima vez que te vea n un concierto de Quique te invitar\u00e9 a una cerveza, si quieres claro<\/p>\n<p>R.- He estado muy liada, hace tiempo que no veo a Quique, pero me parece un tipo genial con mucho que contar y espero que su \u00faltimo disco sea un exitazo.<\/p>\n<p>P.- Despu\u00e9s de los agobios que supone criar un hijo y que representais en la obra creo que vopy a dejar de plante\u00e1rmelo. \u00bfno crees?<\/p>\n<p>R.- Haz lo que te d\u00e9 la gana. Si te apetece adelante y si no \u00bfqui\u00e9n ha dicho que hay que tener hijos?<\/p>\n<p>P.- \u00bfCrees que estna dif\u00edcil encargarse de un ni\u00f1o o nos estresamos porque queremos d\u00e1rselo todo y adem\u00e1s ser una perfectas madres? Nosotros somos cinco en casa y nunca escuch\u00e9 a mi madre quejarse.<\/p>\n<p>R.- S\u00ed, creo que le damos demasiadas vueltas a todo y lo peor para cualquier cosa en la vida es tener miedo o expectativas. Cualquiera de las dos, o la mezcla de las dos, est\u00e1 abocada al fracaso m\u00e1s absoluto. Mejor ir resolviendo paso a paso \u00bfno? Con tranquilidad.<\/p>\n<p>P.- \u00bfTE gustar\u00eda hacer un papel de mala mal\u00edsima? dicen que son los m\u00e1s divertidos. Gracias<\/p>\n<p>R.- S\u00ed, me encantar\u00eda. Lo pr\u00f3ximo que har\u00e9 en teatro es una especie de periodista del coraz\u00f3n muy rabiosa. Espero sacarle punta y pas\u00e1rmelo muy bien. Ya me dir\u00e1s qu\u00e9 te parece.<\/p>\n<p>P.- Marta, me encanta como act\u00faas y todos los papeles que has hecho. \u00bfCon qui\u00e9n te gustar\u00eda subir a un escenario, hacer una serie y hacer una peli?<\/p>\n<p>R.- Subir a un escenario con Marta Carrasco. Hacer una serie y una peli con Luc\u00eda Jim\u00e9nez, que es maravillosa y divertid\u00edsima, adem\u00e1s de mi amiga.<\/p>\n<p>P.- Bonito pelo&#8230;Como te lo cuidas??? Un beso<\/p>\n<p>R.- En la peluquer\u00eda Carmen Vivanco, en la calle General Ora\u00e1, nada m\u00e1s cruzar Pr\u00edncipe de Vergara. Hacen el color con henna, nada qu\u00edmico. Son estupendas.<\/p>\n<p>P.- Es obvio preguntar sobre &#8220;Camera Caf\u00e9&#8221; pero&#8230; \u00bfqu\u00e9 sientes al saber que muchos oficinistas esperamos cada d\u00eda que alguien como t\u00fa aparezca junto a la m\u00e1quina del caf\u00e9 para inspirarnos? Besos, \u00a1Musa!<\/p>\n<p>R.- Me da mucha ilusi\u00f3n lo que dices, pero me da demasiada responsabilidad. Haz yoga o apuntante a clases de danza o algo que te ayuden a soportar mejor tu trabajo si es que no te hace muy feliz.<\/p>\n<p>P.- Marta, eres la mujer de mi vida&#8230;.\u00bfte quieres casar conmigo esta misma tarde?<\/p>\n<p>R.- S\u00ed. \u00bfD\u00f3nde quedamos?<\/p>\n<p>P.- Buenos d\u00edas, soy Encarni de Az\u00facar Moreno&#8230;Me encanta tu trabajo, espero ver Beb\u00e9 all\u00ed en Madrid o vienes a Bilbao? Por cierto, para los que les haya sorprendido mi entrada&#8230; t\u00fa y yo sabemos que el futuro est\u00e1 en el porno verdad, Marta?<\/p>\n<p>R.- Desde luego. Y que sepas que te atiende Carmen Maura.<\/p>\n","protected":false},"excerpt":{"rendered":"<p>Estrena Beb\u00e9, una \u00e1cida comedia teatral sobre la dif\u00edcil tarea de educar a los hijos. Popular por sus personajes en series de televisi\u00f3n como Aqu\u00ed no hay quien viva o Camera Caf\u00e9, Marta Belenguer interpreta a una madre primeriza que junto con su pareja quiere educar lo mejor posible a su reto\u00f1o, aunque sea una tarea complicada.<\/p>\n","protected":false},"author":1,"featured_media":0,"comment_status":"open","ping_status":"open","sticky":false,"template":"","format":"standard","meta":{"footnotes":""},"categories":[],"tags":[],"class_list":["post-4729","post","type-post","status-publish","format-standard","hentry"],"_links":{"self":[{"href":"https:\/\/intervius.com\/index.html\/wp-json\/wp\/v2\/posts\/4729","targetHints":{"allow":["GET"]}}],"collection":[{"href":"https:\/\/intervius.com\/index.html\/wp-json\/wp\/v2\/posts"}],"about":[{"href":"https:\/\/intervius.com\/index.html\/wp-json\/wp\/v2\/types\/post"}],"author":[{"embeddable":true,"href":"https:\/\/intervius.com\/index.html\/wp-json\/wp\/v2\/users\/1"}],"replies":[{"embeddable":true,"href":"https:\/\/intervius.com\/index.html\/wp-json\/wp\/v2\/comments?post=4729"}],"version-history":[{"count":0,"href":"https:\/\/intervius.com\/index.html\/wp-json\/wp\/v2\/posts\/4729\/revisions"}],"wp:attachment":[{"href":"https:\/\/intervius.com\/index.html\/wp-json\/wp\/v2\/media?parent=4729"}],"wp:term":[{"taxonomy":"category","embeddable":true,"href":"https:\/\/intervius.com\/index.html\/wp-json\/wp\/v2\/categories?post=4729"},{"taxonomy":"post_tag","embeddable":true,"href":"https:\/\/intervius.com\/index.html\/wp-json\/wp\/v2\/tags?post=4729"}],"curies":[{"name":"wp","href":"https:\/\/api.w.org\/{rel}","templated":true}]}}