{"id":4677,"date":"2007-11-15T00:00:00","date_gmt":"2006-11-06T00:00:00","guid":{"rendered":"https:\/\/intervius.com\/index.html\/?p=4677"},"modified":"2006-11-06T00:00:00","modified_gmt":"2006-11-06T00:00:00","slug":"Pedro_Castro4677","status":"publish","type":"post","link":"https:\/\/intervius.com\/index.html\/Pedro_Castro4677\/","title":{"rendered":"Pedro Castro"},"content":{"rendered":"<p>Pregunta.- Ahora que tiene un nuevo cargo y nuevas responsabilidades a\u00f1adidas, algunos vecinos de Getafe tememos que abandone en alguna medidas sus obligaciones y responsabilidades a nivel local. \u00bfComo va a compatibilizar estos cargos?. Por favor, ahorrese una respuesta pol\u00edticamente correcta al estilo &#8220;con mucha ilusi\u00f3n y con mucho entusiasmo&#8221;<\/p>\n<p>Respuesta.- Lo voy a compatibilizar porque creo que va a redundar en beneficio de Getafe. Cuando me entreviste con el presidente del Gobierno, Su Majestad El Rey o cualquier autoridad, necesariamente saldr\u00e1 el tema de Getafe o la Comunidad de Madrid, ir\u00e1 en beneficio de todos.<\/p>\n<p>P.- \u00bfImprodr\u00e1 a todos los municipios el impuesto de ECOTASA? Puesto que siendo el Alcalde de Getafe es el \u00fanico en toda la Comunidad de Madrid que lo exige.<\/p>\n<p>R.- Lo ha impuesto Europa en el a\u00f1o 200Todos los municipios de m\u00e1s de 20.000 habitantes deber\u00e1n cobrar. Unos lo ponen de una forma y otros de otra, todo el mundo lo cobra. En el a\u00f1o 2013 todos los ayuntamientos de menos de 20.000 habitantes tambi\u00e9n lo tendr\u00e1n que cobrar.<\/p>\n<p>P.- A pesar de que en las pasadas elecciones municipales resultase vencedor el PP, le parece a usted justo que la presidencia de la FEMP vaya a manos socialistas? No cree usted que los peque\u00f1os municipios est\u00e1n sobre representados en el reparto de votos de la FEMP? Estoy de acuerdo en que se les prime de alguna forma para compensar su situaci\u00f3n con la de las grandes ciudades a la hora de tomar decisiones, pero no es objetivamente muy muy injusto que municipios con tres veces menos poblaci\u00f3n que madrid tengan mas de la mitad de los votos que tiene la capital?<\/p>\n<p>R.- Es un reparto territorial que da cobertura a todo el territorio nacional. Lo \u00fanico que da pluralidad al territorio es la forma que se hace ahora. Con esta misma f\u00f3rmula ha sido presidenta durante dos legislaturas la alcaldesa de Valencia, que es del Partido Popular.<\/p>\n<p>P.- Me gustar\u00eda saber, si ahora que tiene que compatibilizar su cargo de alcalde con el de presidente de FEMP; \u00bfseguir\u00e1 Perales del R\u00edo (barrio de Getafe) tan abandonado como durante los \u00faltimos 14 a\u00f1os o todav\u00eda m\u00e1s?<\/p>\n<p>R.- Creo que el barrio de Perales del R\u00edo es una de las apuestas m\u00e1s comprometidas, queremos que llegue all\u00ed el Metro en los pr\u00f3ximos a\u00f1os y que haya una extensi\u00f3n de la Universidad Carlos III a trav\u00e9s de la Fundaci\u00f3n C\u00e9sar Navarro a la que hemos cedido 50.000 metros gratis.<\/p>\n<p>P.- Sr. Alcalde, soy vecino de Getafe desde hace 34 a\u00f1os. \u00bfCree realmente que Getafe, como ciudad extremadamente ruidosa, sin apenas zonas verdes, la construcci\u00f3n masificada de viviendas probablemente relacionada con el aumento desorbitado del precio del suelo, la suciedad manifiesta en sus calles; merece el apelativo de &#8220;Capital del Sur&#8221;?<\/p>\n<p>R.- Esa densidad desmesurada es la m\u00e1s baja de toda la Comunidad de Madrid de las ciudades de m\u00e1s 100.000 habitantes de la Comunidad. Es la \u00fanica que tiene dos universidades (excepto Madrid capital), tiene el Parque Tecnol\u00f3gico m\u00e1s importante de Espa\u00f1a y el cuarto de Europa con 4200 ingenieros generando sinergias en investigaci\u00f3n aeron\u00e1utica, avionica y espacio.<\/p>\n<p>P.- \u00bfPara cuando se van a unificar y fijar los sueldos totales de alcaldes, consejales y n\u00famero de de consejeros, seg\u00fan la importancia de losmunicipios?<\/p>\n<p>R.- Es una resoluci\u00f3n ya aprobada en la \u00faltima Asamblea de la FEMP.<\/p>\n<p>P.- \u00bfVas a pedir a todos los alcaldes que cumplan la ley y pongan la bandera de Espa\u00f1a en los Ayuntmientos?<\/p>\n<p>R.- Los alcaldes cuando juramos el cargo juramos cumplir la Ley y hacerla cumplir. En este momento hay un 4% que no tienen la bandera, esto se ha cumplido gracias al entendimiento y al di\u00e1logo. Vamos a ir intentando convencer a los alcaldes para que todos pongan la bandera. Soy el alcalde de alcaldes y voy a hablar tambi\u00e9n con los del Pa\u00eds Vasco, poco a poco tenemos que conseguir que todos los ayuntamientos pongan la bandera.<\/p>\n<p>P.- Buenos d\u00edas. El hecho de aceptar el cargo de presidente de la FEMP, \u00bfacelerar\u00e1 la sucesi\u00f3n de su hijo en la alcald\u00eda de Getafe? \u00bfno cree que ya es hora de que el PSOE en Getafe celebre unas primarias para elegir a su pr\u00f3ximo candidato?<\/p>\n<p>R.- Mi hijo no tiene ninguna voluntad de ser alcalde, esto no es hereditario. El PSOE de Getafe celebra primarias cada vez que hay elecciones.<\/p>\n<p>P.- Pedro, Felicitarte pues trabajo con la femp desde mi entida publica y es un honor tenerte como presidente ,\u00bf Ahora que estaras mucho por madrid no sera mejor que pases el relevo en la alcaldia a alguien que como tu sepa llevar el nombre de getafe con tanto orgullo en la politica nacional y dar paso a nuevas generaciones como en la Capital con nuestro David Lucas o en la Comunidad con Tomas Gomez ?<\/p>\n<p>R.- Creo que es una apuesta y un compromiso. De hecho, ahora mismo la media de los concejales est\u00e1 en 28 a\u00f1os. Entre ellos debe estar el futuro alcalde o la futura alcaldesa.<\/p>\n<p>P.- Buenos d\u00edas se\u00f1or Castro, me caso en el Ayuntamiento que preside en marzo del a\u00f1o pr\u00f3ximo, y quer\u00eda agradecerle lo bien que me ha atendido su personal en todo momento. La celebraci\u00f3n de matrimonios civiles es para usted una tarea grata o que prefiere delegar? Gracias de nuevo.<\/p>\n<p>R.- Lo hago casi siempre. Y adem\u00e1s pongo casi siempre especial atenci\u00f3n cuando son del mismo sexo, me gusta leer un poema que generalmente es m\u00edo.<\/p>\n<p>P.- Sr Alcalde. No le pregunto como Alcalde de Getafe sino como Presidente de la Federaci\u00f3n Espa\u00f1ola de Municipios. \u00bfqu\u00e9 le parece la noticia que de una posible instalaci\u00f3n en Legan\u00e9s de una c\u00e1rcel? A mi me parece vergonzoso, aunque luego no la instalen all\u00ed, que simplemente se piense siempre en la zona sur para este tipo de cosas. Saludos<\/p>\n<p>R.- Eso es verdad, los equipamientos dotacionales que generan determinadas tensiones siempre van a las zonas perif\u00e9ricas. Por lo tanto es una apuesta nuestra reequilibrar estos servicios como afortunadamente se est\u00e1 haciendo, con universidades. No hay ning\u00fan municipio del Sur que no tenga su universidad.<\/p>\n<p>P.- Un peri\u00f3dico local de Getafe, a trav\u00e9s de las declaraciones de un promotor, destapa una posible trama de corrupci\u00f3n. En la misma, estar\u00edan implicados miembros de su partido, PSOE, y de Izquierda Unida, relativo a la adjudicaci\u00f3n de parcelas para el proyecto de urbanizaci\u00f3n de 12000 viviendas en Los Molinos y Buenavista. Cual es su opini\u00f3n sobre esto ?<\/p>\n<p>R.- Mi opini\u00f3n es que ese peri\u00f3dico miente, quiero que se sepa que se ha hecho por expropiaci\u00f3n, el suelo es de gesti\u00f3n p\u00fablica (de la Comunidad de Madrid y del Ayuntamiento) y quien ha adjudicado las parcelas es el Consorcio que est\u00e1 compuesto 60% Comunidad de Madrid, 40% Ayuntamiento de Getafe, en el que est\u00e1n los tres grupos pol\u00edticos: PSOE, PP e IU. Esa es la verdad del cuento. Y decir que ese peri\u00f3dico es de un promotor al que se le han adjudicado dos parecelas, que no ha pagado y por ello se le han retirado. Y que ese peri\u00f3dico est\u00e1 en manos de la Carlos III porque los tres grupos pol\u00edticos tienen la voluntad de iniciar la acci\u00f3n judicial si ha lugar.<\/p>\n<p>P.- \u00bfCu\u00e1ndo se va a firmar definitivamente un acuerdo entre el Gobierno Central y la FEMP que recoja como &#8220;reales&#8221; las funciones que vienen desempe\u00f1ando las Polic\u00edas Locales de toda Espa\u00f1a desde hace muchos a\u00f1os y que hasta ahora no son reconocidas? Entiendo que si se est\u00e1n realizando labores de seguridad ciudadana en casi todos los ordenes legislativos por las Polic\u00edas Locales, dichas funciones tendr\u00e1n que ser recogidas y amparadas, y si es necesario se tendr\u00e1 que reformar la Ley Org\u00e1nica 2\/86 de 13 de marzo de Fuerzas y Cuerpos de Seguridad. Un cordial saludo para su peri\u00f3dico y para el Sr. d. Pedro Castro. Gracias por atender mi cuesti\u00f3n.<\/p>\n<p>R.- Hemos firmado un convenio recientmente con el Ministerio del Interior que marca las competencias de la Pol\u00edcia Local, ahora tiene rango propio, creo que hay que seguir profundizando en esta direcci\u00f3n.<\/p>\n<p>P.- Hola pedro, te saluda un vecino de M\u00f3stoles. Sobre el apag\u00f3n convocado para hoy, \u00bfQu\u00e9 te parece que el Ayuntamiento de Madrid apague hoy solo la puerta de alcal\u00e1 durante cinco minutos y el Gobierno de Aguirre no tenga nada decidido todav\u00eda? Saludos<\/p>\n<p>R.- Me parece que es una apuesta por el cambio clim\u00e1tico, es una apuesta simb\u00f3lica pero as\u00ed empiezan los grandes proyectos. Me parece mal lo de la Comunidad de Madrid.<\/p>\n<p>P.- Por qu\u00e9 se ha quitado Ud. el bigote?<\/p>\n<p>R.- Por el Getafe. A veces uno tiene peque\u00f1as supersticiones, me lo quit\u00e9 y empezamos a ganar. Ya llevamos cinco partidos ganados.<\/p>\n<p>P.- Hola. \u00bfSer\u00e1 capaz un presidente de la FEMP socialista plantarse ante el Gobierno socialista y exigir de una vez y por todas una nueva ley de financiaci\u00f3n de las haciendas locales? Esto lo pregunto porque todav\u00eda no conozco un ayuntamiento que tenga superavit. \u00bfC\u00f3mo va el suyo en este aspecto?<\/p>\n<p>R.- Pues igual, va igual. Adem\u00e1s un gobierno municipal progresista no es bueno que tenga dinero en las arcas municipales cuando hay tantas necesidades como escuelas infantiles para la gente joven, centros culturales, viviendas para j\u00f3venes. Siendo presidente Felipe Gonz\u00e1lez plante\u00e9 una huelga de hambre por la creaci\u00f3n de un hospital en Getafe. Dur\u00f3 ocho d\u00edas, pero afortunadamente hoy es una realidad.<\/p>\n<p>P.- Buenos d\u00edas Sr. Castro. \u00bfExistir\u00e1 en alg\u00fan lugar de este pa\u00eds alg\u00fan pol\u00edtico que se preocupe de los municipios de la Zona Sur, que se preocupe porque la zona sur no sea el vertedero de Madrid, porque no sea el sitio id\u00f3neo para ubicar vertederos, escombreras, c\u00e1rceles, plazas de toros, mayor n\u00famero de realojados?. \u00bfhabr\u00e1 alg\u00fan pol\u00edtico que nos trate como se trata a la zona norte?. Si existe d\u00edgamelo. Como vecina de Legan\u00e9s creo que es hora de que la zona sur se plante y exija. NO SOMOS CIUDADANOS DE TERCERA. gRACIAS.<\/p>\n<p>R.- Hace ya mucho tiempo que nos llevamos plantando, por lo que gracias a ello hemos puesto en marcha numerosos planes, hemos conseguido muchas cosas. Por ejemplo, los lodos ahora se tratan. Me parece injusto decir que no est\u00e1 cambiando el Sur, creo que el Sur est\u00e1 cambiando.<\/p>\n<p>P.- Muy buenas y felicidades. Recuerdo que la anterior presidencia de la FEMP la ostent\u00f3 un socialista a pesar de que el PP pod\u00eda haber impuesto su candidatura, pero se respet\u00f3 el acuerdo de respetar al ganador de las elecciones municipales. No cree que, adem\u00e1s de un gesto elegante y cort\u00e9s, habr\u00eda sido una reivindicaci\u00f3n de la libertad pol\u00edtica elegir a Regina Otaola? Un saludo.<\/p>\n<p>R.- Hay unos estatutos en la FEMP que son el marco de juego por el que se rigen todos los partidos pol\u00edticos. Con esos mismos estatutos han presidido la FEMP alcaldes del PP y alcaldes del PSOE, no se puede cambiar la baraja enmedio de la partida. Si se entiende que los estatutos no son correctos, ahora tenemos cuatro a\u00f1os para adaptarlos, pero las elecciones a la FEMP son de alcaldes, quienes votan son los alcaldes y el PSOE tiene m\u00e1s alcaldes y m\u00e1s concejales que el PP.<\/p>\n<p>P.- \u00bfTiene usted la sensacion, como la tenemos muchos ciudadanos de que lo ha ocurrido en el ayuntamiento de Madrid, sucede en muchos ayuntamientos de Espa\u00f1a?<\/p>\n<p>R.- Lo que ha sucedido en el Ayuntamiento de Madrid puede suceder en cualquier ayuntamiento. Que un funcionario ponga en primer lugar el expediente que ha entrado el \u00faltimo eso no lo puede evitar nadie. Lo que sucede es que con hechos como \u00e9ste obliga a los alcades a fiscalizar m\u00e1s la gesti\u00f3n municipal. Tampoco podemos poner en tela de juicio a todos los funcionarios, no ser\u00eda justo.<\/p>\n<p>P.- Se\u00f1or Castro: no hace mucho estuve en la ciudad de la que es usted Alcalde, Getafe, y pude comprobar que en el centro neur\u00e1lgico de la poblaci\u00f3n hay una calle dedicada al &#8220;Comandante Ernesto Che Guevara&#8221;. \u00bfNo cree que, siendo nuevo Presidente de la FEMP, tales laudes dirigidos a un reconocido liberticida casan mal con una instituci\u00f3n que debe representar moderadamente a todos los municipios de Espa\u00f1a?<\/p>\n<p>R.- En Getafe el nombre de las calles lo elige La Mesa por la Ciudad donde est\u00e1n todas las asociaciones de vecinos, los partidos pol\u00edticos, los sindicatos, los movimientos culturales, educativos&#8230; Son ellos quienes lo deciden. En Getafe los nombres los pone una comisi\u00f3n ciudadana.<\/p>\n<p>P.- Estimado se\u00f1or Castro, en primer lugar mi enhorabuena por su elecci\u00f3n y mucha suerte. Me gustar\u00eda saber que implicaci\u00f3n va a tener la nueva FEMP en los asuntos relacionados con la UE, si va a participar personal y activamente en el Comite de las Regiones como miembro de pleno derecho que es y que opini\u00f3n le merece la representatividad y actividad de los municipios y, en especial, de las diputaciones ante la UE y el dise\u00f1o de sus fondos, hasta ahora, en mi opinion, escasa en relaci\u00f3n a otros pa\u00edses de nuestro entorno, teniendo en cuenta que mas del 70% de la legislaci\u00f3n europea afecta directametne a las entidades locales. Muchas gracias.<\/p>\n<p>R.- Pele\u00e9 en su momento, mostr\u00e9 mi disconformidad, como consecuencia que de 24 representantes para toda Espa\u00f1a hubiese 17 para Comunidades Auton\u00f3mas y 4 para los muncipios. Bien es verdad que la FEMP tiene que jugar un papel mucho m\u00e1s importante en las instituciones europeas, lo vamos a jugar. Vamos a utilizar al Administraci\u00f3n del Estado y a las comunidades auton\u00f3mas y queremos usar nuestra voz a las ciudades iberoamericanas.<\/p>\n<p>P.- Hola Pedro. Soy concejal de un pueblo de apenas 1000 habitantes empadronados. Uno de los mayores problemas es la financiaci\u00f3n. Por parte del Estado, se recibe una cantidad mensualmente importante, pero en mi opini\u00f3n es insuficiente para poder realizar proyectos ( pavimentaciones, renovaci\u00f3n de redes, reparaciones, compra de mobiliario, suministros, servicios, gastos de personal\u2026) y ello obliga a vender suelo urbano a precio alto para poder financiar todo esto. Con esto se evita utilizar este suelo para promocionar verdaderamente la vivienda. Por ello, yo te pedir\u00eda que pidieras al Gobierno mayor dotaci\u00f3n econ\u00f3mica para los municipios. Particularmente, pienso que un Ayuntamiento responsable, utilizar\u00eda, con suficiente apoyo del Estado, el suelo urbano para promocionar vivienda de protecci\u00f3n o ponerlo a la venta con precios m\u00e1s asequibles para las personas menos pudientes. Por favor, \u00e9chanos un cable. Muchas gracias y enhrabuena. Eduardo.<\/p>\n<p>R.- S\u00ed, se ha creado un fondo para los municipios de menos de 20.000 habitantes, un fondo claramente insuficiente. Pretendo que el municipalismo espa\u00f1ol sea considerado Estado y por lo tanto participe en las mismas condiciones, en la misma mesa, con la administraci\u00f3n central, la administraci\u00f3n auton\u00f3mica y la administraci\u00f3n local y que analicemos los problemas de este pa\u00eds que se llama Espa\u00f1a y tambi\u00e9n las soluciones y a partir de ah\u00ed repartamos las tareas, que debe hacer la administraci\u00f3n central, la auton\u00f3mica y la de los ayuntamientos. Y en funci\u00f3n de este reparto de tareas tambi\u00e9n repartir los recursos. No podemos ser el pariente pobre. Estoy completamente de acuerdo con usted.<\/p>\n<p>P.- Cree Vd. que la FEMP deberia actuar, para negociar contratos, digamos normales y \u00fanicos para todos los ayuntamientos, con las representaciones de los artistas: a fin de evitar clausulas abusivas.<\/p>\n<p>R.- S\u00ed. Y adem\u00e1s ahora mismo por ejemplo tenemos un problema con los libros, bibliotecas y autores, hay que regularlo. Creo que debe haber un marco regulador al que se puedan adaptar todas las administraciones locales.<\/p>\n<p>P.- Estimado alcalde, yo s\u00f3lo quer\u00eda preguntarle cuanto le est\u00e1 costando al municipio tener un equipo en primera divisi\u00f3n y si son m\u00e1s los pros o los contras. \u00bfUsted ve necesario realmente un nuevo campo para el Getafe C.F.?<\/p>\n<p>R.- Es un beneficio para la ciudad, nos sit\u00faa en el mundo. Por ejemplo, en este momento se est\u00e1 implantando en Getafe el mayor parque tecnol\u00f3gico de Espa\u00f1a con empresas como EADS, Airbus, Eurofighter, Arial, Matra, Gamesa, etc. Cada vez que hac\u00eda un viaje a Europa para intentar que llegasen estas empresas ten\u00eda que explicar de forma exhaustiva qu\u00e9 era Getafe y si ten\u00eda equipamientos y dotaciones. Desde que el Getafe est\u00e1 en Primera, en el mundo se entiende que si una ciudad tiene un equipo de Primera, la ciudad es de Primera. Ha facilitado la implantaci\u00f3n de las grandes industrias de una forma importante. Y creo que es necesario el nuevo campo. Este campo no se llena y si fuesemos a repetir un nuevo campo no tendr\u00eda raz\u00f3n de ser, se pretende hacer el gran lugar de encuentro de la Zona Sur porque el Getafe no solamente es de Getafe, es de toda la Zona Sur. Y se pretende hacer una dotaci\u00f3n que se utilice los 365 d\u00edas del a\u00f1o y las 24 horas de cada d\u00eda con equipamientos deportivos, culturales, sociales, de tal forma que sea un lugar de encuentro para toda la familia. En definitiva, el gran club social de la Zona Sur.<\/p>\n<p>P.- \u00bf C\u00f3mo est\u00e1 la municiaplidad en Espa\u00f1a? \u00bf Qu\u00e9 retos tiene para este mandato?<\/p>\n<p>R.- Los retos son: que la administraci\u00f3n local sea considerada Estado; un gran acuerdo con todos los partidos pol\u00edticos para situar al municipalismo en primera l\u00ednea; un gran convenio para la vivienda joven. La soluci\u00f3n solo puede venir dada desde los ayuntamientos, somos los que tenemos el suelo y a los j\u00f3venes y los que podemos decir si las viviendas son p\u00fablicas de protecci\u00f3n oficial, si la gesti\u00f3n es p\u00fablica, si adem\u00e1s se tienen narices y se hace por expropiaci\u00f3n, de tal forma que se ponga el suelo a disposici\u00f3n general y por \u00faltimo qu\u00e9 porcentajes de vivienda publica va en cada plan parcial. Se puede llegar hasta el 80% de vivienda de protecci\u00f3n oficial y el 20% de renta libre. El tercer gran proyecto es un gran compromiso por el empleo, de tal forma que los 8000 ayuntamientos sean 8.000 terminales de desarrollo econ\u00f3mico. Tenemos el suelo, podemos gestionar la implantaci\u00f3n de empresas y podemos formar a nuestros ciudadanos para que se puedan incorporar a las mismas. Otro punto es recuperar para los municipios el 30% del presupuesto que gastamos en servicios que damos a los ciudadanos y que son competencia de las comunidades auton\u00f3mas, como son los servicios a la infancia, los j\u00f3venes, las mujeres, los mayores, la educaci\u00f3n, la cultura, el deporte, la salud, el empleo, la vivienda y los servicios sociales. Y, por \u00faltimo, situar a la FEMP en Europa y en Am\u00e9rica.<\/p>\n<p>P.- 24 a\u00f1os de alcalde&#8230; \u00bfQu\u00e9 le parecen las decisiones de pol\u00edticos como Aznar o Emilio P\u00e9rez Touri\u00f1o de limitar a 8 a\u00f1os su mandato?<\/p>\n<p>R.- Creo que la limitaci\u00f3n debe venir dada por los ciudadanos, son los due\u00f1os de su voto y ellos con su voto son los que deben decidir qui\u00e9nes les gobiernan.<\/p>\n<p>P.- Sr. Castro, \u00bfqu\u00e9 va a pasar con la financiaci\u00f3n de los municipios despu\u00e9s del par\u00f3n que est\u00e1 habiendo en la construcci\u00f3n?<\/p>\n<p>R.- La financiaci\u00f3n debe venir de los propios desarrollos econ\u00f3micos a los que antes hac\u00eda menci\u00f3n, deben ser puestos de trabajo mucho m\u00e1s estables, creados desde la industria, la investagaci\u00f3n y el desarrollo de las nuevas tecnolog\u00edas. Debe ser la alternativa al paro que pueda venir desde los sectores de la construcci\u00f3n.<\/p>\n<p>P.- \u00bfCuando vas a quitar la ecotasa?. Segun ha comentado usted, a los vecinos no les importa pagar la ecotasa. Tengo que informarle que a los vecinos si nos importa pagar la ecotasa.<\/p>\n<p>R.- Respeto mucho su opini\u00f3n, pero hay partidos pol\u00edticos que se han presentado con un program en el que dec\u00edan que quitaban la ecotasa y no les han votado. Para m\u00ed, la ecotasa es un instrumento m\u00e1s en la lucha contra el cambio clim\u00e1tico. Nos permite conjuntamente con las ordenanzas municipales que obligan en Getafe a que los edificios sean bioclim\u00e1ticos, que lleven paneles solares y que adem\u00e1s utilicen elementos que controlan el gasto del agua. Obligamos a que las empresas tengan sus propias depuradoras y que ni una sola gota de agua sea vertida al r\u00edo sin previa depuraci\u00f3n. Y que no se utilice ni una gota de agua potable a los servicios p\u00fablicos.<\/p>\n<p>P.- Buenos d\u00edas D. Pedro, enhorabuena por su nombramiento. \u00bfPara cu\u00e1ndo las descentralizaciones de las Administraciones auton\u00f3micas en favor de los Ayuntamientos?<\/p>\n<p>R.- Yo llevo pidiendo que la Comunidad auton\u00f3ma de Madrid descentralice servicios. Por ejemplo, \u00bfpor qu\u00e9 la Consejer\u00eda de Cultura no puede estar en Alcal\u00e1 de Henares o por qu\u00e9 la Consejer\u00eda de Econom\u00eda e Investigaci\u00f3n no puede estar en el Sur, donde est\u00e1n los principales centros de investigaci\u00f3n tecnol\u00f3gica? No podemos seguir ensanchando las carreteras y por lo tanto parece que es m\u00e1s l\u00f3gico que salgan 12 consejeros de Madrid capital hacia los principales municipios a sus consejer\u00edas a que tres millones de ciudadanos tengan que ir a Madrid todos los d\u00edas a realizar las gestiones administrativas de la Comunidad.<\/p>\n<p>P.- soy vecino de El Bercial, \u00bfporque el metro esta situado en la puerta de El Corte Ingles y no en el centro del Barrio para que de servicio a los ciudadanos?<\/p>\n<p>R.- Cuando se decidi\u00f3 la estaci\u00f3n de metro se decidi\u00f3 pensando en los nuevos crecimientos. Nunca pensamos que ahi pudiera haber un Corte Ingl\u00e9s, como en la actualidad lo hay.<\/p>\n<p>P.- Muy buenas. Mi pregunta es acerca de la difusi\u00f3n del arte joven en la ciudad de Getafe. Vivo en esta ciudad pero trabajo en Alcobendas y me maravilla c\u00f3mo tienen presente el arte de las nuevas generaciones Por medio de becas de creaci\u00f3n de arte, exposIciones, charlas, cursos, etc. En definitiva, est\u00e1n muy abierTos al arte de hoy en d\u00eda. Hab\u00eda o\u00eddo algo acerca de la creaci\u00f3n de Un Centro de Arte Moderno, no se si ser\u00e1 cierto, en cualquier caso, \u00bfTiene usted pensado hacer algo parecido en GetaFe para dar a conocer los nuevOs valores art\u00edsticos que puede dar la ciudad? Muchas gracias.<\/p>\n<p>R.- S\u00ed, la Ciudad de las Vanguardias. El objetivo es que un ciudadano que pueda estar en Berna, en Par\u00eds o en Londres, si quiere ver arte de vanguardia tenga que pasar por Getafe. En este momento hay un grupo del mundo de la cultura (cine, teatro, artes pl\u00e1sticas, etc) con el objetivo de crear el gran centro de la cultura alternativa, especialmente para j\u00f3venes. Supone aproximadamente 150.000 metros de arte creativo y 150.000 metros para exponer. Los j\u00f3venes para poder utilizar estos talleres no van a pagar con recursos econ\u00f3micos, van a pagar con sus obras. Queremos inundar las calles y plazas con sus obras.<\/p>\n<p>P.- Los getafenses deseamos que exista vivienda protegida para todos los j\u00f3venes y usted, en repetidas veces, ha dicho que es eso posible \u00bfsigue reafirm\u00e1ndose?<\/p>\n<p>R.- S\u00ed, sigo reafirmandome en lo que he dicho. Mi objetivo no eran las cooperativas ni las juntas gestoras, mi objetivo era que todas y cada una de las ilusiones de los j\u00f3venes por una vivienda se vieran cumplidas. Y con la apuesta de los Molinos y Cerro Buenavista creemos que lo hemos conseguido.<\/p>\n","protected":false},"excerpt":{"rendered":"<p>Acaba de ser elegido presidente de la Federaci\u00f3n Espa\u00f1ola de Municipios y Provincias (FEMP) y su prop\u00f3sito es abogar por la unidad de todos los partidos, aparcando las diferencias que han existido en la asamblea, en favor del municipalismo. Pedro Castro compatibilizar\u00e1 esta presidencia con la alcald\u00eda de Getafe, cargo que ostenta desde 1983.<\/p>\n","protected":false},"author":1,"featured_media":0,"comment_status":"open","ping_status":"open","sticky":false,"template":"","format":"standard","meta":{"footnotes":""},"categories":[],"tags":[],"class_list":["post-4677","post","type-post","status-publish","format-standard","hentry"],"_links":{"self":[{"href":"https:\/\/intervius.com\/index.html\/wp-json\/wp\/v2\/posts\/4677","targetHints":{"allow":["GET"]}}],"collection":[{"href":"https:\/\/intervius.com\/index.html\/wp-json\/wp\/v2\/posts"}],"about":[{"href":"https:\/\/intervius.com\/index.html\/wp-json\/wp\/v2\/types\/post"}],"author":[{"embeddable":true,"href":"https:\/\/intervius.com\/index.html\/wp-json\/wp\/v2\/users\/1"}],"replies":[{"embeddable":true,"href":"https:\/\/intervius.com\/index.html\/wp-json\/wp\/v2\/comments?post=4677"}],"version-history":[{"count":0,"href":"https:\/\/intervius.com\/index.html\/wp-json\/wp\/v2\/posts\/4677\/revisions"}],"wp:attachment":[{"href":"https:\/\/intervius.com\/index.html\/wp-json\/wp\/v2\/media?parent=4677"}],"wp:term":[{"taxonomy":"category","embeddable":true,"href":"https:\/\/intervius.com\/index.html\/wp-json\/wp\/v2\/categories?post=4677"},{"taxonomy":"post_tag","embeddable":true,"href":"https:\/\/intervius.com\/index.html\/wp-json\/wp\/v2\/tags?post=4677"}],"curies":[{"name":"wp","href":"https:\/\/api.w.org\/{rel}","templated":true}]}}