{"id":4675,"date":"2007-11-16T00:00:00","date_gmt":"2006-11-06T00:00:00","guid":{"rendered":"https:\/\/intervius.com\/index.html\/?p=4675"},"modified":"2006-11-06T00:00:00","modified_gmt":"2006-11-06T00:00:00","slug":"Trinidad_Jimenez4675","status":"publish","type":"post","link":"https:\/\/intervius.com\/index.html\/Trinidad_Jimenez4675\/","title":{"rendered":"Trinidad Jim\u00e9nez"},"content":{"rendered":"<p>Pregunta.- Hola nos podr\u00eda decir que se estaba pasando por la cabeza de usted en el preciso momento en el que el rey dijo la famosa pregunta: Por qu\u00e9 no te callas?.Gracias<\/p>\n<p>Respuesta.- la verdad es que me di cuenta que hab\u00eda un momento de tensi\u00f3n y que lo mejor era mantenerse quieta y esperar a que pasara todo.<\/p>\n<p>P.- Hola, Trinidad. Me gustar\u00eda saber por qu\u00e9 Michele Bachelet no cort\u00f3 de ra\u00edz el incidente entre Ch\u00e1vez y el rey impidiendo que el presidente venezolano interrumpiera a Rodr\u00edguez Zapatero (s\u00ed intervino, en cambio, cuando el rey interrumpi\u00f3 a Ch\u00e1vez). \u00bfNo te parece que con una &#8220;moderadora&#8221; m\u00e1s firme Ch\u00e1vez tendr\u00eda que haber esperado a su turno?<\/p>\n<p>R.- No era f\u00e1cil en ese momento saber cual hubiera sido la mejor respuesta: si interrumpir el debate&#8230;o esperar que todo el mundo hiciera uso de la palabra&#8230;En cualquier caso yo tengo un enorme respeto por la presidenta Bachelet y creo que ella opt\u00f3 por dejar hablar a todos<\/p>\n<p>P.- Por que no se ha pedido oficialmente al Presidente Chavez que se disculpe?<\/p>\n<p>R.- hemos considerado que lo m\u00e1s oportuno en este momento era hacer todas las gestiones necesarias para que el incidente quedara zanjado cuanto antes. Para ello hemos puesto a trabajar a la diplomacia, pidiendo respeto a las instituciones y actuando con firmeza y discreci\u00f3n.<\/p>\n<p>P.- Buenas tardes \u00bfQu\u00e9 comentarios hicieron y qu\u00e9 reacciones tuvieron los dignatarios del resto de pa\u00edses tras la intervenci\u00f3n del Rey? Gracias. Un admirador.<\/p>\n<p>R.- La verdad es que hemos recibido, tanto hacia el Rey como hacia el Presidente, much\u00edsimas muestras de apoyo y solidaridad. El Rey es muy querido en Am\u00e9rica Latina. La mayor\u00eda lament\u00f3 el incidente, teniendo claro que fue un incidente aislado y que ello no compromet\u00eda los trabajos de la Cumbre.<\/p>\n<p>P.- \u00bfPor que no salieron todos los espa\u00f1oles det\u00e1s del rey cuando \u00e9ste se levant\u00f3? Hubiese sido mucho m\u00e1s digno adem\u00e1s de respaldar a su majestad.<\/p>\n<p>R.- Porque el Rey y el Presidente de Gobierno acordaron que lo mejor era que el Presidente se quedara para poder defender la posici\u00f3n de Espa\u00f1a y, en todo caso, hab\u00eda que mantener una representaci\u00f3n institucional por respeto a los otros Presidentes. El Rey estuvo siempre de acuerdo con el Presidente y el Gobierno siempre respald\u00f3 al Rey.<\/p>\n<p>P.- Trini, felicidades por tu trayectoria, te admiro y te apoyo. Me gusta la labor que est\u00e1s haciendo con respecto a latinoam\u00e9rica. Adem\u00e1s del incidente de la cumbre, del que estar\u00e1s cansada de hablar, me pregunto cual es tu opini\u00f3n y cuales crees que son los pasos que hay que dar con respecto a los pa\u00edses de sudamerica en los que gobiernan l\u00edderes poco o nada democr\u00e1ticos? Tiene Espa\u00f1a hago que decir al respecto? Conviene hacerse los &#8220;locos&#8221; por el bien de nuestras empresas? Gracias guapa<\/p>\n<p>R.- Muchas gracias por tus palabras de apoyo. Espa\u00f1a debe tener una posici\u00f3n de respeto hacia todos los gobiernos de Am\u00e9rica Latina. Es evidente que con algunos tiene una mayor afinidad que con otros, pero con todos debemos mantener una interlocuci\u00f3n permanente, pues esa es la mejor manera de construir una relaci\u00f3n llena de v\u00ednculos hist\u00f3ricos y mutuos intereses. Las diferencias las debemos resolver en el espacio reservado para el di\u00e1logo bilateral.<\/p>\n<p>P.- Ch\u00e1vez insulta al expresidente espa\u00f1ol. Ha insinuado cosas terribles sobre el Rey y su hermano. Ha amenazado a las empresas espa\u00f1olas instaladas en Venezuela. Espa\u00f1a no reacciona. \u00bfQu\u00e9 ser\u00e1 lo pr\u00f3ximo? \u00bfInvadirnos? \u00bfExpropiarnos?<\/p>\n<p>R.- Hasta el momento, adem\u00e1s de la declaraciones no se ha producido nada de lo que dice, ni las empresas se han visto afectadas, ni tampoco los espa\u00f1oles residentes all\u00ed. Sabemos que lo mejor es no caer en las provocaciones y tratar de recuperar la normalidad de la relaci\u00f3n<\/p>\n<p>P.- Cierto sector de la opini\u00f3n p\u00fablica ha tachado este tipo de cumbres de in\u00fatiles. Cu\u00e1l es su opini\u00f3n? Cree que Espa\u00f1a debe seguir asistiendo?<\/p>\n<p>R.- Las Cumbres son extrarordinariamente relevantes y ahora m\u00e1s que nunca. No se puede valorar lo que ha supuesto la Cumbre por un incidente aislado. Es un espacio \u00fanico para la concertaci\u00f3n pol\u00edtica entre pa\u00edses que tienen un ahistoria com\u00fan y enormes posibilidades de desarrollo futuro. De hecho en la Cumbre se han aprobado instrumentos para la integraci\u00f3n regional que consolida la Cumbre para siempre.<\/p>\n<p>P.- \u00bfEn que se ha equivocado el gobierno en su politica con latinoamerica? Dados los sucesos acaecidos en Chile y que Cahvez sigue protagonizando. \u00bfNo cree que nos ven como a un pais cada dia mas debilitado en la gestion diplomatica?<\/p>\n<p>R.- La pol\u00edtica que Espa\u00f1a haq desarrollado hacia Am\u00e9rica Latina es la mejor que hemos tenido desde hace muchos a\u00f1os, no s\u00f3lo hemos recuperado la interlocuci\u00f3n con todos los gobiernos, sino que hemos establecido un di\u00e1logo basado en el respeto y la colaboraci\u00f3n. Un incidente aislado con un pa\u00eds concreto no puede ser la medida de la gesti\u00f3n diplom\u00e1tica<\/p>\n<p>P.- Al menos dos veces dijo literalmente en 59 segundos que el futuro de Espa\u00f1a est\u00e1 en iberoam\u00e9rica. \u00bfAfirma, en consecuencia, que nuestro futuro no est\u00e1 en Europa? No haga juegos verbales y conteste si o no, por favor. Gracias<\/p>\n<p>R.- Espa\u00f1a tiene un doble &#8220;alma&#8221;, la europea y la latina y s\u00f3lo se puede entender nuestro pa\u00eds desde esa doble dimensi\u00f3n. Por un lado estamos integrados en la Uni\u00f3n Europea, formamos parte de un espacio supranacional y, por otro, tenemos que reconocer que la identidad que tenemos con Am\u00e9rica Latina nos exige mantener unos lazos privilegiados con esa regi\u00f3n. No es algo menor pertenecer a una comunidad que tiene la misma cultura y habla la misma lengua.<\/p>\n<p>P.- El otro d\u00eda en 59 segundos usted lleg\u00f3 a afirmar que nos encontramos en el mejor momento de la historia en nuestras relaciones con Estados Unidos. \u00bfEs condici\u00f3n de todo pol\u00edtico aseverar ciertas cosas sin ruborizarse?.<\/p>\n<p>R.- No dije que era el mejor momento, dije que eran muy buenas y lo dije porque es as\u00ed. Bastar\u00eda con pedirle opini\u00f3n al propio gobierno de Estados Unidos`para confirmar mi afirmaci\u00f3n. Es excelente la cooperaci\u00f3n en materia antiterrorista y de defensa, asi como el intercambio comercial, etc.<\/p>\n<p>P.- Buenas tardes. \u00bfCree que es buena opcion desmarcarse del resto de paises occidentales y mantener como socios estrategicos a paises como Cuba, Nicaragua, Bolivia o Venezuela?<\/p>\n<p>R.- \u00bfY quien le ha dicho que esos pa\u00edses son socios estrat\u00e9gicos? con todos ellos mantenemos buenas relaciones, pero acuerdos estrat\u00e9gicos s\u00f3lo tenemos firmados con Chile, Brasil, Argentina y M\u00e9xico. Y, por cierto, todos los pa\u00edses de la Uni\u00f3n Europea mantienen el mismo tipo de relaciones que nosotros. Las nuestras son m\u00e1s intensas por nuestra historia com\u00fan y por el enorme n\u00famero de intereses<\/p>\n<p>P.- Que pena un gobierno de espa\u00f1a , que se olvida de los cubanos. \u00bfEn la cunbre dicen que cuba cumple en Derechos humanos.?. Los cubanos no pueden elegir donde vivir libremente. no pueden comprar una casa o un coche por ley. No pueden opinar. no pueden hospedarse en un hotel. No pueden votar a nadie que no se el PCC. \u00bfCual ha sido su defensa a lo cubanos ante la cumbre y fuera de ella?<\/p>\n<p>R.- En La Cumbre participamos 22 pa\u00edses y tenemos una agenda com\u00fan en la que trabajar. Hemos aprobado muchas iniciativas y proyectos que afectan a todos los pa\u00edses, incluida Cuba. La posici\u00f3n del gobierno de Espa\u00f1a es bien conocida; hemos apostado por el di\u00e1logo como la mejor manera de contribuir al desarrollo y bienestar del pueblo cubano. No me dir\u00e1 que la pol\u00edtica de confrontaci\u00f3n de Estados Unidos o del PP ha conseguido alg\u00fan resultado?<\/p>\n<p>P.- Hola Trinidad. Eras mi candidata ideal para Madrid. Despu\u00e9s de esta etapa, \u00bfte plantear\u00e1s volver otra vez con nosotros los necesitados madrile\u00f1os?<\/p>\n<p>R.- Muchas gracias&#8230;yo tambi\u00e9n echo de menos Madrid y mi etapa madrile\u00f1a. Pero estoy disfrutando mucho con mi actual responsabilidad y creo que debo seguir centrada en ella.<\/p>\n<p>P.- Trinidad, \u00bfqu\u00e9 crees que hubiera sucedido si la misma reacci\u00f3n del Rey se produce en una reuni\u00f3n dentro del \u00e1mbito pol\u00edtico nacional? Por ejemplo, en el parlamento \u00bfNo crees que hubiera sido inaceptable que El rey le espatara con un por qu\u00e9 no te callas a un lider pol\u00edtico espa\u00f1ol en una reun\u00edon p\u00fablica? \u00bfNo crees que qued\u00f3 especialmente fuera de lugar la manera en el Rey le tuteo a Chavez, por muy impresentable que a muchos nos parezca este gobernante.<\/p>\n<p>R.- El Rey lo que hizo, en una reacci\u00f3n espontan\u00e9a, fue defender al Presidente Zapatero, pidi\u00e9ndole al Presidente Ch\u00e1vez que le dejara hablar.<\/p>\n<p>P.- Buenos d\u00edas Trini. Admiro tu talante y tu manera de hacer las cosas. Me gustar\u00eda que me respondiera una pregunta en calidad de miembro del Gobierno Espa\u00f1ol, no de un partido pol\u00edtico. \u00bfNo cree que Espa\u00f1a deber\u00eda hacer un papel de aliado conciliador y seguro para todos los pa\u00edses latinoamericanos -consecuencia de los estrechos lazos que nos unen- independientemente de que gobierne el PP o el PSOE? \u00bfNo cree que nuestra responsabilidad respecto a Latinoamer\u00edca debe estar por delante de nuestros colores pol\u00edcos? Un saludo.<\/p>\n<p>R.- Pues si, coincido completamente contigo. Nada me complacer\u00eda m\u00e1s que conseguir hacer de la pol\u00edtica hacia Am\u00e9rica LAtina una pol\u00edtica de Estado. Son muchos los v\u00ednculos y mucho lo que nos jugamos en ambos lados del Atl\u00e1ntico<\/p>\n<p>P.- \u00bfQu\u00e9 le pasa al socialismo en Am\u00e9rica? \u00bfEs que es as\u00ed el socialismo?<\/p>\n<p>R.- En Am\u00e9rica Latina hay gobiernos de muy diferente signo y la mayor\u00eda son progresistas, los hay socialdem\u00f3cratas y los hay que est\u00e1n tratando de avanzar en un nuevo modelo. El problema ha surgido cuando se han producido fracasos y conflictos sociales que han llevado a buscar alternativas diferentes. Hay que esperar.<\/p>\n<p>P.- M\u00e1s de un 80% de lectores de El Mundo piensan que deber\u00edan retirar a nuestro embajador de Venezuela y esta es una opini\u00f3n muy extendida por la ciudadan\u00eda ( de hecho esta es la opini\u00f3n mayoritaria ). \u00bf No piensa que deber\u00edan tomar medidas al respecto y no permitir que ese individuo y golpista, Ch\u00e1vez, siguiese con sus descalificaciones, amenazas, injurias&#8230;. ?. Creo que adem\u00e1s deber\u00edan apoyar m\u00e1s a la oposici\u00f3n porque en Venezuela ese elemento les est\u00e1 quitando su libertad y sus derechos<\/p>\n<p>R.- Retirar a un embajador es siempre la \u00faltima opci\u00f3n, pues necesitamos que est\u00e9 en su puesto para defender los intereses de Espa\u00f1a y pueda contribuir a resolver el incidente. A veces los gestos es la soluci\u00f3n m\u00e1s f\u00e1cil y popular, pero nuestra responsabilidad es ser eficaces en la gesti\u00f3n.<\/p>\n<p>P.- Esta usted de acuerdo con las ultimas declaraciones del Ministro Moratinos referente al &#8220;Gesto del Rey&#8221;<\/p>\n<p>R.- Si, estoy de acuerdo con el Ministro<\/p>\n<p>P.- Buenas tardes Trinidad, \u00bfpor qu\u00e9 su partido persigue dictaduras enterradas como la franquista y apoya otras todav\u00eda vigentes en latinoam\u00e9rica?, \u00bfhay diferencia entre una dictadura de izquierdas y una de derechas?. Gracias.<\/p>\n<p>R.- Mi partido no apoya ninguna dictadura<\/p>\n<p>P.- Buenas tardes. \u00bf Estan todas las empresas espa\u00f1olas seguras en venezuela ? gracias<\/p>\n<p>R.- En todo momento hemos estado en contacto con las empresas y no hay nada que nos haga pensar que exista problema alguno<\/p>\n<p>P.- Cual es concretamente su trabajo?<\/p>\n<p>R.- Fortalecer los v\u00ednculos con todos los pa\u00edses de Am\u00e9rica Latina, con sus gobiernos y sus sociedades. Mantener una presencia institucional en los mismos. Ayudar a consolidar los v\u00ednculos que existen en el \u00e1mbito pol\u00edtico, social, cultural y econ\u00f3mico. Defender los intereses de Espa\u00f1a.<\/p>\n<p>P.- Se\u00f1ora Trinidad, \u00bfPor que, los Espa\u00f1oles, tienen tantos prejuicios con Latinoamerica, nos ven a todos iguales, critican a ciertos paises por su tipo de gobierno y se olvidan que ustedes hace tan solo 35 a\u00f1os atras eran muy parecidos a muchos de estas naciones que tanto critican. Creo mas que nada es por falta de conocimiento, mucha arrogancia y mucha pero mucha falta de memoria de los Espa\u00f1oles Gracias por creer en nosotros, un gran abrazo desde Chile.<\/p>\n<p>R.- Hay mucho afecto y reconocimiento de los espa\u00f1oles hacia Am\u00e9rica LAtina, pero a veces existe un gran desconocimiento de la realidad, sus cambios y su propia visi\u00f3n. Una de mis tareas es tratar de acercar las dos realidades y forjar una relaci\u00f3n basada en el respeto y la colaboraci\u00f3n<\/p>\n<p>P.- \u00bfUsted sonr\u00ede porque sabe algo que los dem\u00e1s no sabemos o simplemente porque tiene una visi\u00f3n optimista de la vida? P.D. No deje, en cualquier caso, de sonreir&#8230;;))<\/p>\n<p>R.- No siempre sonr\u00edo, a veces estoy seria pero, en todo caso, tengo una visi\u00f3n optimista de la vida y muy pocas ganas de amargarle la vida a la gente<\/p>\n<p>P.- Sra. Trinidad. La visi\u00f3n que tienen de Espa\u00f1a los paises Iberoamericanos, no es realmente la que quisieramos los espa\u00f1oles.\u00bfCee Usted que la culpa es de sus gobernantes al hacer uso de la historia con episodios lejanos ya superados por nosotros?<\/p>\n<p>R.- Cuando se ha compartido tanta historia y se ha construido una relaci\u00f3n tan densa, es normal que surjan fricciones. Con aquellos pa\u00edses que no tenemos nada en com\u00fan nunca pasa nada. Yo me alegro de nuestra parte &#8220;latina&#8221;, aunque a veces tengamos diferencias<\/p>\n<p>P.- \u00bfNo est\u00e1n confundiendo &#8220;talante&#8221; con debilidad&#8221;?<\/p>\n<p>R.- No es m\u00e1s fuerte quien m\u00e1s alto grita, sino quien es capaz de defender su posici\u00f3n con solidez y eficacia. la debilidad supondr\u00eda quedarnos fuera de un espacio que para Espa\u00f1a es importante, por eso mantenemos la calma y tratamos de no caer en las provocaciones. La escalada verbal y los gestos a veces provocan un da\u00f1o mayor<\/p>\n","protected":false},"excerpt":{"rendered":"<p>Fue testigo de excepci\u00f3n del incidente entre el Rey Juan Carlos y Hugo Ch\u00e1vez en la Cumbre Iberoamericana. Trinidad Jim\u00e9nez, secretaria de Estado para Iberoam\u00e9rica, charla sobre todo lo ocurrido en Santiago de Chile as\u00ed como sobre su trabajo con los pa\u00edses latinoamericanos.<br \/>\nTodos los v\u00eddeos y fotos sobre el incidente <\/p>\n","protected":false},"author":1,"featured_media":0,"comment_status":"open","ping_status":"open","sticky":false,"template":"","format":"standard","meta":{"footnotes":""},"categories":[],"tags":[],"class_list":["post-4675","post","type-post","status-publish","format-standard","hentry"],"_links":{"self":[{"href":"https:\/\/intervius.com\/index.html\/wp-json\/wp\/v2\/posts\/4675","targetHints":{"allow":["GET"]}}],"collection":[{"href":"https:\/\/intervius.com\/index.html\/wp-json\/wp\/v2\/posts"}],"about":[{"href":"https:\/\/intervius.com\/index.html\/wp-json\/wp\/v2\/types\/post"}],"author":[{"embeddable":true,"href":"https:\/\/intervius.com\/index.html\/wp-json\/wp\/v2\/users\/1"}],"replies":[{"embeddable":true,"href":"https:\/\/intervius.com\/index.html\/wp-json\/wp\/v2\/comments?post=4675"}],"version-history":[{"count":0,"href":"https:\/\/intervius.com\/index.html\/wp-json\/wp\/v2\/posts\/4675\/revisions"}],"wp:attachment":[{"href":"https:\/\/intervius.com\/index.html\/wp-json\/wp\/v2\/media?parent=4675"}],"wp:term":[{"taxonomy":"category","embeddable":true,"href":"https:\/\/intervius.com\/index.html\/wp-json\/wp\/v2\/categories?post=4675"},{"taxonomy":"post_tag","embeddable":true,"href":"https:\/\/intervius.com\/index.html\/wp-json\/wp\/v2\/tags?post=4675"}],"curies":[{"name":"wp","href":"https:\/\/api.w.org\/{rel}","templated":true}]}}