{"id":4674,"date":"2007-11-19T00:00:00","date_gmt":"2006-11-06T00:00:00","guid":{"rendered":"https:\/\/intervius.com\/index.html\/?p=4674"},"modified":"2006-11-06T00:00:00","modified_gmt":"2006-11-06T00:00:00","slug":"Jaume_Balaguero_y_Paco_Plaza4674","status":"publish","type":"post","link":"https:\/\/intervius.com\/index.html\/Jaume_Balaguero_y_Paco_Plaza4674\/","title":{"rendered":"Jaume Balaguer\u00f3 y Paco Plaza"},"content":{"rendered":"<p>Pregunta.- Hola Jaume y Paco!! A ver, se dice que el terror est\u00e1 en crisis, ciertamente en mi opini\u00f3n falta a\u00f1adirle elementos nuevos, ya que si vas a ver una pel\u00edcula de este g\u00e9nero a d\u00eda de hoy, y siendo muy fan del g\u00e9nero (servidora) no te sorprenden y a menudo incluso anticipas situaciones, mi pregunta es: \u00bfQu\u00e9 nos ofrece REC, alguna novedad? Todav\u00eda siento p\u00e1nico con Los Sin Nombre, felicidades! y suerte con \u00e9sta y las que vengan&#8230;.Un beso!<\/p>\n<p>Respuesta.- REC ofrece la novedad de estar contada en directo, como un reportaje de televisi\u00f3n grabado con una sola c\u00e1mara. Eso hace que puedas vivir la experiencia del miedo en directo y en tiempo real. Es una experiencia, creemos, mucho m\u00e1s intensa.<\/p>\n<p>P.- Hola Jaume. La \u00faltima vez que os juntasteis Paco Plaza y usted, nos trajeron &#8220;O.T. la pel\u00edcula&#8221;. Sin desmerecer a \u00e9sta, \u00bfqu\u00e9 me puedo esperar con REC? \u00bfno saldr\u00e1 Bisbal en alguna habitaci\u00f3n cantando y dando vueltas mientras todos huyen despavoridos? Eso s\u00ed que da miedo. Un saludo. Jes\u00fas David.<\/p>\n<p>R.- No, no sale. OT era un documental y \u00e9sta tambi\u00e9n lo es en parte, pero ver\u00e9is que esta es mucho m\u00e1s aterradora.<\/p>\n<p>P.- Jaume, sigues siendo un crack. Desde los tiempos de Alicia y D\u00edas sin Luz ya se ve\u00eda venir. El tiotxema te felicita una vez m\u00e1s por tus \u00e9xitos. Cuando algo tan oscuro y s\u00f3rdidio como en esos primeros trabajos?<\/p>\n<p>R.- Prueba con REC. Creo que es lo que andas buscando.<\/p>\n<p>P.- Tener miedo es f\u00e1cil de conseguir pero hacer que el espectador cuando salga siga pensando en la pelicula que acaba de ver no es tan f\u00e1cil,creo que los directores tendrian que tomar ejemplo de tu trabajo,felicidades&#8230;.\u00bfpor qu\u00e9 no hay buenas peliculas de terror en las carteleras espa\u00f1olas?,\u00bfteneis el mismo trato que el resto de g\u00e9neros?.<\/p>\n<p>R.- Creo que realmente s\u00ed que hay pel\u00edculas de g\u00e9nero de calidad en cartelera, tanto espa\u00f1olas como no espa\u00f1olas. Y no s\u00e9 si es f\u00e1cil o no conseguir que el espectador sienta miedo. Era nuestro objetivo y espero que lo hayamos conseguido (Paco).<\/p>\n<p>P.- Jaume, \u00bfpor qu\u00e9 el espectador busca el miedo?<\/p>\n<p>R.- Creo que el ser humano est\u00e1 dise\u00f1ado para vivir el miedo como un mecanismo de defensa. En la vida moderna tenemos esa emoci\u00f3n un poco atrofiada, por eso nos encanta que haya pel\u00edculas que nos la estimulen y sobre todo porque lo hacen de una forma l\u00fadica, en forma de diversi\u00f3n.<\/p>\n<p>P.- Aunque usted y Paco Plaza se han apresurado a distanciar REC de la norteamericana &#8220;El proyecto de la bruja de Blair&#8221;, \u00bfno cree que en realidad tienen mucho en com\u00fan? Algo de falso documental, la aparente precariedad del rodaje, la propia calidad de la imagen que ayuda a apoyar ambas cosas&#8230; y la improvisaci\u00f3n de algunos di\u00e1logos!!<\/p>\n<p>R.- Evidentemente, s\u00ed hay puntos en com\u00fan. Y tambi\u00e9n con otras pel\u00edculas, como podr\u00edan ser La muerte en directo, Holocausto can\u00edbal y muchas otras. De todas formas, nosotros pensamos que REC no es estrictamente un falso documental, sino un documental real sobre una falsa realidad.<\/p>\n<p>P.- Hola Jaume&#8230;Soy un fiel seguidor del genero y de tus peliculas en particular. Querr\u00eda saber hacia donde vas a seguir tu carrera&#8230;\u00bfmas terror? o probaras otros generos&#8230;saludos<\/p>\n<p>R.- De momento estoy preparando una pel\u00edcula que s\u00ed es de terror. Incluso quiz\u00e1s la m\u00e1s terror\u00edfica de las que he hecho, pero me encantar\u00eda probar otros g\u00e9neros. Tengo algunos proyectos futuros que no tienen nada que ver con el terror.<\/p>\n<p>P.- Despu\u00e9s del bombazo en taquilla de El Orfanato, REC tiene el terreno abonado para triunfar. \u00bfSab\u00e9is ya con cu\u00e1ntas copias se estrenar\u00e1 el pr\u00f3ximo viernes? \u00bfTen\u00e9is alguna estrategia de marketing para conseguir un \u00e9xito como el del film de Juan Antonio Bayona?<\/p>\n<p>R.- Ojal\u00e1. Sale con entre 250 y 300 copias. Y s\u00ed creemos que el \u00e9xito de El Orfanato en cierto modo puede venirnos muy bien y haber ayudado a generar la opini\u00f3n de que existe un buen cine de g\u00e9nero hecho en Espa\u00f1a. Los pases que ha habido con p\u00fablico de la pel\u00edcula han empezado a expandir la idea de que REC da miedo de verdad. Estamos encantados con eso.<\/p>\n<p>P.- Hola, Jaume. Te escribo simplemente para agradecerte aquellas noches m\u00e1gicas de La espuma de los d\u00edas. Nunca he tenido la oportunidad de dec\u00edrtelo en persona, pero aquellas horas de radio nocturna son uno de los mejores recuerdos que guardo de aquellos a\u00f1os. A oscuras y tapado con las s\u00e1banas hasta arriba, tu voz se colaba en mi habitaci\u00f3n por los auriculares tray\u00e9ndome historias espeluznantes, absurdas o desternillantes. A\u00fan recuerdo los almohadazos que me pegaba mi hermano cuando le despertaban mis risas intempestivas. Gracias por aquellas horas hipnotizantes, Jaume!!<\/p>\n<p>R.- De nada. Fue un placer para m\u00ed y tambi\u00e9n yo siento una gran nostalgia por aquellos d\u00edas. Creo que todos lo pasamos muy bien.<\/p>\n<p>P.- Con Paco Plaza ya llevas unas cuantas colaboraciones y co-direcciones. Esta claro que 1+1 suma muy bien entre vosotros. \u00bfQue te aporta su presencia y como se toman las decisiones en un rodaje cuando hay 2 DIRCTORES?<\/p>\n<p>R.- No se pueden codirigir las pel\u00edculas. Hubiera sido imposible en una pel\u00edcula convencional, pero s\u00ed era posible en un proyecto como \u00e9ste. La idea naci\u00f3 conjuntamente entre los dos y no pod\u00eda llevarse a cabo de otra forma.<\/p>\n<p>P.- Te descubr\u00ed en Portugal (Fantasporto) y la verdad es que desde entonces me he convertido en una gran fan tuya. Me he alegrado mucho de que vuelvas a trabajar en castellano y me muero de ganas de ver tu pel\u00edcula. Me gustar\u00eda saber en qu\u00e9 te inspiras al escribir tus brillantes guiones. \u00bfEl final de Darkness est\u00e1 algo inspirado en el final del juego Silent Hill?<\/p>\n<p>R.- No especialmente, aunque de forma inconsciente tal vez s\u00ed. Te lo digo porque yo soy un fan de la saga de Silent Hill, los he jugado todos y me encantan.<\/p>\n<p>P.- He estudiado Comunicaci\u00f3n Audiovisual y mi sue\u00f1o es hacer cine de terror. \u00bfQu\u00e9 consejo me dar\u00eda? Tuve la oportunidad de ver su pel\u00edcula en el Festival de Cine Fant\u00e1stico de M\u00e1laga y me pareci\u00f3 muy original en cuanto a la forma de abordar un g\u00e9nero zombie que, a priori, puede parecer muy manido. A veces da la impresi\u00f3n de que en el cine de terror ya no se puede sorprender y me alegro comprobar de que no es as\u00ed. Un saludo y enhorabuena.<\/p>\n<p>R.- Creemos que se trata de buscar siempre nuevas formas y mecanismos para aterrorizar. Estamos de acuerdo en que seguir un manual preestablecido ya no funciona, pero siempre hay formas nuevas de sorprender.<\/p>\n<p>P.- Hola, Jaume. Me encantan tus pel\u00edculas. \u00bfNo hay que ser muy valiente para ser espa\u00f1ol y hacer en Espa\u00f1a el cine que t\u00fa haces y de la manera que lo haces? Porque, las cosas como son, tus pelis no parecen espa\u00f1olas. \u00a1\u00c1nimo y sigue as\u00ed! Hace falta m\u00e1s gente como t\u00fa, capaz de romper con los t\u00f3picos infumables del cine espa\u00f1ol actual. Adem\u00e1s, me encanta la proyecci\u00f3n internacional que le das a tus pelis, con actrices como Ana Paquin o Calista Flockhart.<\/p>\n<p>R.- Realmente no s\u00e9 porque mis pel\u00edculas no van a parecer espa\u00f1olas. Me pregunto: \u00bfA qu\u00e9 tiene que parecerse una pel\u00edcula espa\u00f1ola? Creo que lo \u00fanico que hace espa\u00f1ola una pel\u00edcula es que se haya hecho aqu\u00ed. Yo siempre intento que mis pel\u00edculas puedan gustar al mayor n\u00famero de gente posible.<\/p>\n<p>P.- \u00bfTe consideras heredero serio de Jes\u00fas Franco o Paul Naschy, en cuanto a la proyecci\u00f3n al extranjero?<\/p>\n<p>R.- No.<\/p>\n<p>P.- Buenas tardes, \u00bfQu\u00e9 tal el trabajo con Manuela Velasco? Un saludo, muchas gracias.<\/p>\n<p>R.- Muy bien. Fue muy f\u00e1cil trabajar con ella y aprovechar su experiencia real como presentadora de televisi\u00f3n. Aport\u00f3 mucha verosimilitud a su personaje y ayud\u00f3 a que la sensaci\u00f3n de realidad del espectador se potenciase.<\/p>\n<p>P.- \u00bf Por qu\u00e9 atrae tanto el cine de terror? \u00bf Qu\u00e9 pel\u00edcula de terroro es vuestra favorita?<\/p>\n<p>R.- El cine de terror atrae porque te hace sentir emociones intensas, que es lo que buscas cuando acudes a una sala. En cuanto a favoritas: Tengo demasiadas, podr\u00eda destacar quiz\u00e1s Alien, El otro de Robert Mulligan y La semilla del diablo (Jaume). Y yo La cosa y El exorcista (Paco).<\/p>\n<p>P.- Desde que vi el trailer de REC pienso que el cine espa\u00f1ol deberia de subvencionar las buenas ideas como la tuya y no las bazofias de cine marginal o politico a lo que nos tienen acostumbrados y muchas de ellas con subvenciones p\u00fablicas que pagamos con nuestros impuestos&#8230;.qu\u00e9 grande Jaume!&#8230;me alegra ver que el cine espa\u00f1ol no est\u00e1 muerto y que no hace falta grandes presupuestos para hacer buenas peliculas,\u00bfqu\u00e9 presupuesto tiene REC?&#8230;.sigue por ese camino y vas a dejar atr\u00e1s a Amenabar&#8230;.felicidades.<\/p>\n<p>R.- REC es una pel\u00edcula muy barata. REC cost\u00f3 exactamente lo que necesitaba. Paco y yo ten\u00edamos claro que si el presupuesto hubiese aumentado innecesariamente, hubi\u00e9ramos acabado perdiendo algo de la espontaneidad y la verosimilitud que quer\u00edamos para la pel\u00edcula.<\/p>\n<p>P.- Rec es una pelicula de miedo o gore? tiene mucha sangre? es fantaisa o podr\u00eda pasar?. Gracias y mucha suerte<\/p>\n<p>R.- No es una pel\u00edcula gore, pero creemos que s\u00ed es muy terror\u00edfica. De todas formas, hay momentos en que inesperadamente la acci\u00f3n se descontrola y se vuelve muy violenta. Hay momentos incre\u00edblemente escalofr\u00edantes. Respecto a la \u00faltima pregunta, es de dif\u00edcil respuesta. Lo mejor es que la veas y decidas tu mismo.<\/p>\n<p>P.- Buenas tardes a los dos \u00bfQu\u00e9 situaciones de la vida en general les dan m\u00e1s miedo?<\/p>\n<p>R.- A mi me dan miedo las situaciones de violencia f\u00edsica en lugares cotidianos (Paco). Yo coincido completamente. Tengo grandes problemas para aceptar la violencia. Me bloquea, me asusta y me afecta profundamente (Jaume).<\/p>\n<p>P.- La serie de capitulos de terror que hicisteis para TV, tuvo un trato pesimo en su emisi\u00f3n. Aunque se pueden encontrar en DVD, \u00bfQue ocurri\u00f3 con tama\u00f1o desprecio hacia vosotros, los directores y creadores de la serie?. Gracias.<\/p>\n<p>R.- Para mi en particular, es una de las experiencias m\u00e1s dolorosas que he vivido. Creo que hicimos un conjunto de estupendas pel\u00edculas con la ilusi\u00f3n de que tuvieran una difusi\u00f3n mayoritaria y al no ser as\u00ed nos gener\u00f3 a todos, creo, una gran fustraci\u00f3n (Paco). Estoy de acuerdo (Jaume).<\/p>\n<p>P.- Jaume , te recuerdo de Radio Comarruga cuando hac\u00edas Batman y Robin . Qu\u00e9 se ha hecho de Robin \u00bf?<\/p>\n<p>R.- Robin es hoy un prestigioso creativo de publicidad que trabaja para una de las agencias m\u00e1s importantes de Barcelona. Nos vemos a menudo y seguimos colaborando en cosas.<\/p>\n<p>P.- Hola Jaume,felicidades por la pel\u00edcula que pronto ir\u00e9 a ver cuando se estrene,\u00bfPara cuando &#8220;El Exorcista&#8221; versi\u00f3n espa\u00f1ola?.<\/p>\n<p>R.- Vamos a ver. Nunca se sabe.<\/p>\n<p>P.- Hola, qu\u00e9 tal, \u00bfHa llegado el momento de dar la &#8220;patada en el culo&#8221; a los medios de producci\u00f3n y rodaje &#8220;cl\u00e1sicos&#8221;? Evidentemente sigue encima de todo la cadena de distribuci\u00f3n y exhibici\u00f3n que pueden seguir condicionando y exigiendo los moldes de siempre, pero \u00bfno piensan que es el momento de ser m\u00e1s atrevidos que nunca en la narraci\u00f3n, la pl\u00e1stica y los formatos que los alberguen? \u00bfBuscaban algo parecido con [REC]? Un saludo.<\/p>\n<p>R.- Creo que cada proyecto nace de una manera determinada y debe ser contado de la manera m\u00e1s eficaz. Desde luego, con REC quer\u00edamos experimentar con los nuevos formatos narrativos, una nueva experiencia de hacer y ver una pel\u00edcula y enfocar todo eso hacia conseguir el m\u00e1ximo terror en el espectador. De todas formas, REC es una experiencia muy aislada y excepcional, de la que creemos no se pueden extraer excesivas conclusiones de c\u00f3mo se debe o no hacer una pel\u00edcula.<\/p>\n<p>P.- Lo primero que quiero hacer es felicitarle. Me encantan las pel\u00edculas de terror y recuerdo con aut\u00e9ntico pavor &#8220;Los sin nombre&#8221; (estuve una semana durmiendo con la luz encendida) y con el trailer de REC ya salt\u00e9 de la butaca y se me eriz\u00f3 todo el vello, por tanto promete. \u00bfHa pensado cambiar de g\u00e9nero? \u00bfSe siente influenciado por alg\u00fan director?. Este fin de semana tengo una cita con su pel\u00edcula pero&#8230;. \u00a1a las 5 de la tarde!. Gracias.<\/p>\n<p>R.- Me siento muy identificado con muchos directores y la mayor\u00eda de ellos ni siquiera son de g\u00e9nero. Desde Cronenberg a James Cameron, o desde David Lynch a Kieslowski.<\/p>\n<p>P.- Hola. tuve la ocasi\u00f3n de ver uno de tus cortos y escucharte comentarlo. Despu\u00e9s de ver &#8220;Los sin Nombre&#8221; me surge una pregunta: \u00bfhaces cine para ti?, o \u00bfcrees que es asumible por todos los p\u00fablicos? Ante lo que puedas estar pensado te aclaro que soy cin\u00e9fila y amante del cine de terror, fant\u00e1stico y de suspense. Gracias.<\/p>\n<p>R.- No, no hago cine para mi. Para m\u00ed espero que lo hagan los dem\u00e1s. Yo hago cine solo para el p\u00fablico y todas las decisiones que tomo mientras dirijo una pel\u00edcula son pensando en c\u00f3mo el p\u00fablico reaccionar\u00e1, en c\u00f3mo se sentir\u00e1 y se divertir\u00e1.<\/p>\n<p>P.- Pregunta para Paco Plaza (que no sab\u00eda que tambi\u00e9n estuviera en la entrevista digital): \u00bfEs una pel\u00edcula de terror o de sustos con la m\u00fasica de repente a toda leche? Se hecha de menos las buenas pel\u00edculas de terror, espero que \u00e9sta sea la definitiva. Un saludo y felicidades por el proyecto que pinta muy bien. Jes\u00fas David<\/p>\n<p>R.- Te llevar\u00e1s una alegr\u00eda porque no hay m\u00fasica en esta pel\u00edcula. La propuesta era rodar una pel\u00edcula utilizando el lenguaje del reportaje televisivo en directo, as\u00ed que no utilizamos herramientas como la m\u00fasica, el montaje y otros artificios cinematogr\u00e1ficos que normalmente te ayudan a construir las atmosferas y el suspense en la historia.<\/p>\n<p>P.- Buenas tardes, mi pregunta es para Jaume, si quiere contesta y si no pues me quedar\u00e9 con las ganas de saber \u00bfD\u00f3nde esta metida Macarena G\u00f3mez?, la admiro y me gustaria saber sus proyectos. Un saludo para t\u00ed y un beso para ella.<\/p>\n<p>R.- Macarena est\u00e1 ahora mismo grabando los nuevos cap\u00edtulos de la serie La que se avecina y pronto podr\u00e1s verla en Barbie Killer, la \u00faltima pel\u00edcula que ha protagonizado.<\/p>\n<p>P.- Jaume, maxima sinceridad porfa. \u00bfNo te da rabia que JA Bayona con el Orfanato tenga tanto exito teniendo muchisimo de tu estupenda Fragiles?<\/p>\n<p>R.- No, no me da rabia. En realidad conozco a JA y me alegro mucho por \u00e9l.<\/p>\n<p>P.- Hola buenas \u00bfcree que el miedo es otra forma en las pel\u00edculas, como la risa a trav\u00e9s de la comedia, de catarsis que ayuda a los espectadores cuando acuden a ver un film? Muchas gracias y suerte en futuros proyectos. Javier http:\/\/conuvedeverso.blogspot.com\/<\/p>\n<p>R.- No sabemos. Preg\u00fantaselo mejor a Jodoroswky. \u00c9l seguro que lo sabe.<\/p>\n<p>P.- Has devuelto ya las estampitas de &#8220;Los sin Nombre&#8221;?<\/p>\n<p>R.- No. Jordi me va a matar. Las tengo preparadas para devolv\u00e9rselas, pero no tengo su tel\u00e9fono y no s\u00e9 como contactar con \u00e9l. Quiz\u00e1s a \u00e9l le ser\u00e1 m\u00e1s f\u00e1cil contactar conmigo.<\/p>\n<p>P.- Enhorabuena por vuestros premios en Sitges. \u00bfDe d\u00f3nde sac\u00e1steis a la ni\u00f1a zombie-asesina? Es la bomba, me encant\u00f3, pedazo de actriz. \u00bfC\u00f3mo se llama? Podr\u00eda ser la nueva Ivana Baquero? Goya a la actriz revelaci\u00f3n. Repetir\u00e9 cuando se estene la peli. Saludos. Carlos.<\/p>\n<p>R.- La ni\u00f1a se llama Claudia Silva. Y nos asust\u00f3 much\u00edsimo en el casting y conquist\u00f3 nuestros corazones. Realmente cuando ve\u00e1is lo que hace en la pel\u00edcula nunca podr\u00e9is olvidarla. Hay que verlo para creerlo.<\/p>\n<p>P.- HOla Jaume antes de nada enhorabuena por sus trabajos y por su pelicula y espero que sigan sus exitos. Mi pregunta es la siguiente \u00bfComo ve que su pelicula REC haya sido comprada en hollywood para hacer un Remake? Y que hollywood se este fijando en peliculas espa\u00f1olas no solo en la suya REC? Muchas gracias suerte y animo y buen dia.Saludos pablo canario<\/p>\n<p>R.- Estamos muy contentos de que se hayan fijado en la pel\u00edcula para hacer un remake. Y tenemos mucha curiosidad por ver lo que hacen. Es una sensaci\u00f3n muy extra\u00f1a y contradictoria. En Hollywood est\u00e1n muy pendientes de todo el cine que viene de Europa, parece que siempre buscan ideas nuevas para llevarlas a su mercado.<\/p>\n<p>P.- Hola Paco, soy gran fan de CUento de Navidad, creo que es una pel\u00educla que podr\u00eda estrenarse en cines perfectamente. \u00bfEs posible? Me muero de ganas de ver REC!! Muchas suerte a todos.<\/p>\n<p>R.- Muchas gracias. Cuento de navidad realmente es la mejor pel\u00edcula que he hecho. Y tambi\u00e9n me encantar\u00eda poder verla en el cine o por lo menos en la tele, que es para lo que la hicimos. Espero que te guste mucho REC tambi\u00e9n.<\/p>\n<p>P.- Buenas tardes, con el \u00e9xito que REC est\u00e1 y seguir\u00e1 teniendo cuando se estrene, \u00bfno han pensado en una segunda parte? y la productora \u00bflo ha pensado?. Gracias<\/p>\n<p>R.- De momento no.<\/p>\n<p>P.- \u00bfC\u00f3mo es posible que dos directores que han rodado la pel\u00edcula de OT, acaben juntos de nuevo realizando un pel\u00edcula como REC?<\/p>\n<p>R.- Cosas de la vida. Han sido dos experiencias puntuales, ins\u00f3litas y maravillosas.<\/p>\n<p>P.- Especializado en fant\u00e1stico y de terror, no obstante \u00bfcrees que el g\u00e9nero de ciencia ficci\u00f3n est\u00e1 abandonado en Espa\u00f1a y Europa?. \u00bfTe has planteado abordarlo alguna vez?.<\/p>\n<p>R.- La ciencia ficci\u00f3n parece estar bastante abandonada por el cine en todo el mundo, solo hay actualmente ejemplos muy puntuales, pero bueno, seguro que volver\u00e1 a estar en auge. Todo son modas que vienen y van.<\/p>\n<p>P.- qu\u00e9 tal el trabajo con Luis Berdejo en el gui\u00f3n? qu\u00e9 aport\u00f3?<\/p>\n<p>R.- Aport\u00f3 algo de orden en nuestras ideas, aport\u00f3 su talento enorme y colabor\u00f3 a que las reuniones de gui\u00f3n fuesen infinitamente m\u00e1s divertidas.<\/p>\n<p>P.- Hola, \u00bftienes alguna relacion de parentesco con el pintor Jose Balaguero o es pura coincidencia?<\/p>\n<p>R.- No. No tengo ninguna que yo sepa, pero claro, todo depende de a cu\u00e1nto tiempo atr\u00e1s nos remontemos.<\/p>\n<p>P.- Hola Paco. T\u00fa fuiste el descubridor de Ivana Baquero!!! \u00bfEs verdad que va a rodar una peli con el co-guionista de Rec y Kevin COstner? Les has dado buena suerte, no?<\/p>\n<p>R.- No creo que se la haya dado yo, pero en la medida en que pueda haber ayudado a que dos personas tan maravillosas como Luis Alejandro e Ivana cumplan su sue\u00f1o de trabajar en lo que aman me siento feliz.<\/p>\n<p>P.- Hola. En una entrevista a Koldo Serra, \u00e9l dijo que hab\u00eda aprendido cine con los extras de las ediciones especiales de los dvds. Creo firmemente que \u00e9sta es as\u00ed. \u00bfc\u00f3mo ser\u00e1 la edici\u00f3n en dvd de REC?<\/p>\n<p>R.- Es cierto que el cine se aprende sobre todo vi\u00e9ndolo. Y los extras en DVD son ut\u00edlisimos para eso. Tenemos un mont\u00f3n de material preparado para el DVD, much\u00edsimas cosas que seguro les van a gustar. Estamos trabajando, por ejemplo, en una versi\u00f3n de making of de m\u00e1s de seis horas, para que quien quiera pueda vivir la experiencia del rodaje de una forma muy intensa.<\/p>\n","protected":false},"excerpt":{"rendered":"<p>Les gusta que los espectadores pasen miedo. Tras Los sin nombre, Darkness y Fr\u00e1giles, Jaume Balaguer\u00f3 presenta REC, pel\u00edcula que ha codirigido con Paco Plaza, con quien ya trabaj\u00f3 en OT: La pel\u00edcula. El resultado es una cinta terror\u00edfica que se estren\u00f3 en la \u00faltima edici\u00f3n del Festival de Sitges, donde arras\u00f3 en el palmar\u00e9s.<br \/>\nTr\u00e1iler REC<\/p>\n","protected":false},"author":1,"featured_media":0,"comment_status":"open","ping_status":"open","sticky":false,"template":"","format":"standard","meta":{"footnotes":""},"categories":[],"tags":[],"class_list":["post-4674","post","type-post","status-publish","format-standard","hentry"],"_links":{"self":[{"href":"https:\/\/intervius.com\/index.html\/wp-json\/wp\/v2\/posts\/4674","targetHints":{"allow":["GET"]}}],"collection":[{"href":"https:\/\/intervius.com\/index.html\/wp-json\/wp\/v2\/posts"}],"about":[{"href":"https:\/\/intervius.com\/index.html\/wp-json\/wp\/v2\/types\/post"}],"author":[{"embeddable":true,"href":"https:\/\/intervius.com\/index.html\/wp-json\/wp\/v2\/users\/1"}],"replies":[{"embeddable":true,"href":"https:\/\/intervius.com\/index.html\/wp-json\/wp\/v2\/comments?post=4674"}],"version-history":[{"count":0,"href":"https:\/\/intervius.com\/index.html\/wp-json\/wp\/v2\/posts\/4674\/revisions"}],"wp:attachment":[{"href":"https:\/\/intervius.com\/index.html\/wp-json\/wp\/v2\/media?parent=4674"}],"wp:term":[{"taxonomy":"category","embeddable":true,"href":"https:\/\/intervius.com\/index.html\/wp-json\/wp\/v2\/categories?post=4674"},{"taxonomy":"post_tag","embeddable":true,"href":"https:\/\/intervius.com\/index.html\/wp-json\/wp\/v2\/tags?post=4674"}],"curies":[{"name":"wp","href":"https:\/\/api.w.org\/{rel}","templated":true}]}}