{"id":4669,"date":"2007-11-22T00:00:00","date_gmt":"2006-11-06T00:00:00","guid":{"rendered":"https:\/\/intervius.com\/index.html\/?p=4669"},"modified":"2006-11-06T00:00:00","modified_gmt":"2006-11-06T00:00:00","slug":"Javier_Aguirre4669","status":"publish","type":"post","link":"https:\/\/intervius.com\/index.html\/Javier_Aguirre4669\/","title":{"rendered":"Javier Aguirre"},"content":{"rendered":"<p>Pregunta.- Todos nos preguntamos qu\u00e9 pasa con Miguel de las Cuevas. \u00bfse encuentra bien? \u00bfest\u00e1 del todo recuperado? Nadie dice nada y somos muchos los aficionados que le queremos ver de nuevo sobre el terreno de juego. No nos gustar\u00eda que cayera en el olvido.<\/p>\n<p>Respuesta.- Miguel esta recuperado, le falt\u00f3 un poco de forma. La coger\u00e1 jugando partidos. Seguramente para la copa del rey ya estar\u00e1 en el equipo.<\/p>\n<p>P.- Buenos dias Javier, \u00bfCree como muchos atleticos que a este equipo le hace falta un lider atras?. Un Marquez, Ayala un jugador de ese estilo, alguien que haga crecer a los jugadores que tiene cerca, creo que esto no tiene solucion en el mercado de invierno y ser\u00e1 dificil encontrarlo en el de verano. \u00bfCree que metiendo a Motta en lugar de Maniche y adelantando 10 metros A Raul Garcia el equipo ganara en consistencia?.<\/p>\n<p>R.- Lo del liderazgo atr\u00e1s lo llevamos bien con los jugadores que tenemos. lo de Motta es una buena opci\u00f3n, pero en este momento no est\u00e1 en plenas condiciones para iniciar partidos. Tiene un problema en la rodilla que est\u00e1 intentando superar.<\/p>\n<p>P.- \u00bfNo le parece un desperdicio que un jugador como el Mexicano Nery Castillo, que brill\u00f3 con luz propia en la copa Am\u00e9rica, no est\u00e9 en alguna de las ligas punteras del mundo? Enhorabuena. Soy socio del Atl\u00e9tico y creo que es Vd. el mejor entrenador que hemos tenido en los \u00faltimos a\u00f1os. Animo y siga con nosotros mucho tiempo.<\/p>\n<p>R.- Nery decidi\u00f3 irse a Ucrania y yo como t\u00fa pienso que tiene nivel para jugar en una liga mejor. Muchas gracias por sus comentarios.<\/p>\n<p>P.- Hola Javier. \u00bfCrees necesario aprovechar el mercado de fichajes de invierno para hacer alg\u00fan refuerzo? Creo que nos faltan un par de defensas de garant\u00edas para poder subir ese pelda\u00f1o que nos falta.<\/p>\n<p>R.- La experiencia nos dice que en invierno es dif\u00edcil acertar, porque no hay tiempo de adaptaci\u00f3n.<\/p>\n<p>P.- Hola m\u00edster. Lo primero hacerle llegar mi simpat\u00eda personal y felicitarle por esta campa\u00f1a (el a\u00f1o pasado ya se vio una mejor\u00eda pero este a\u00f1o ha llegado un gran salto de calidad). Un ruego y una pregunta. El ruego: siga transmitiendo car\u00e1cter ganador al equipo. La pregunta: \u00bfCu\u00e1l ha sido su mejor y su peor momento como entrenador del Atleti? \u00a1\u00c1nimo y a por todas!<\/p>\n<p>R.- El peor momento en el Atleti fue la derrota el pasado a\u00f1o en casa con el Celta. Y el mejor, ese par de noches de Uefa en el Calder\u00f3n.<\/p>\n<p>P.- Hola Javier, Mi pregunta gira en torno a la cantera del Atl\u00e9tico, \u00bfc\u00f3mo puede ser que tengamos esa ausencia casi absoluta de canteranos en la primera plantilla? \u00bfTiene buenas referencias de alg\u00fan chico de abajo para un futuro inmediato? Suerte<\/p>\n<p>R.- El a\u00f1o pasado dimos un giro de 180 grados con la politica de la cantera y decidimos bajar la edad considerablemente de los canteranos. Es muy dificil tener jugadores de 25 a\u00f1os que a\u00fan no hayan debutado. Esto cambi\u00f3 y dentro de poco veremos a un par de ellos en primera divisi\u00f3n.<\/p>\n<p>P.- \u00bfNo cree que la marcha de Fernando Torres ha beneficiado la explosi\u00f3n de el Kun Ag\u00fcero? Da la sensaci\u00f3n de que el argentino estaba oculto tras la sombra de un jugador &#8220;fabricado&#8221; como Fernando, que tuvo que cargar con la responsabilidad del equipo sin raz\u00f3n. Un saludo. Aupa Atleti!!!<\/p>\n<p>R.- Kun pas\u00f3 un proceso de adaptaci\u00f3n normal y con Fernando o sin Fernando estaba llamado a hacer un gran a\u00f1o.<\/p>\n<p>P.- \u00bfte dan mucho trabajo los jugadores del atletico?<\/p>\n<p>R.- En absoluto. Son muy trabajadores y comprometidos.<\/p>\n<p>P.- En alg\u00fan sitio he le\u00eddo que le encantar\u00eda tener una librer\u00eda y que tiene una biblioteca buena. \u00bfCu\u00e1ntos vol\u00famenes tiene? \u00bfCu\u00e1l es su favorito?. Saludos desde Pamplona<\/p>\n<p>R.- Es absolutamente cierto. La verdad es que tengo libros en M\u00e9xico y en Espa\u00f1a. No s\u00e9 cu\u00e1ntos tengo. La casa verde, de Mario Vargas Llosa. Saludos.<\/p>\n<p>P.- Javier,soy aficionado del Depor asi que la pregunta es obvia&#8230;.\u00bfqu\u00e9 te parece Andr\u00e9s Guardado?\u00bfy omar bravo?&#8230;\u00bfqu\u00e9 delantero m\u00e9xicano recomendarias al ojeador del Depor que est\u00e1 en busca y captura de un 9 para el Depor este Diciembre?&#8230;.gracias y suerte.<\/p>\n<p>R.- Me gusta mucho Andr\u00e9s y yo creo que Omar Bravo podr\u00eda venirle muy bien al Depor.<\/p>\n<p>P.- Javier: Un saludo desde M\u00e9xico de alguien que te ha seguido fecha tras fecha en tu etapa europea. Mipregunta es esta: \u00bfHay alguna opcion de que Guillermo Ochoa se vista la casaca rojiblanca? Aunque el Manchester y otros equipos lo quieren, creo que el preferiria ir donde tu estuvieras. Saludos.<\/p>\n<p>R.- De momento no, <\/p>\n<p>P.- JAVIER QUE A\u00d1ORAS MAS DE TU PAIS??<\/p>\n<p>R.- Pues mi c\u00edrculo cercano. Mi madre, mis hermanos, mis suegros, mis cu\u00f1ados&#8230; Por lo dem\u00e1s estoy feliz.<\/p>\n<p>P.- Hola Javier. Quiero ir de vacaciones a su pa\u00eds. Si dispusiera de 10 d\u00edas m\u00e1s o menos, qu\u00e9 es lo que no me podr\u00eda perder? Un saludo<\/p>\n<p>R.- Las playas de Oaxaca. Un aut\u00e9ntico lujo.<\/p>\n<p>P.- \u00bf Qu\u00e9 recuerdos tiene del Mundial de M\u00e9xico86 donde particip\u00f3 como mediocampista de la selecci\u00f3n azteca? un saludo<\/p>\n<p>R.- Recuerdo mucho el partido inaugural, cantando el himno se fue toda la megafon\u00eda y el estadio y los jugadores seguimos cantando. Fue un recuerdo imborrable.<\/p>\n<p>P.- \u00bfCu\u00e1les son las principales diferencias entre la vida en Pamplona y en Madrid?Saludos rojillos<\/p>\n<p>R.- Las distancias, sin lugar a dudas. El cole de mis hijos, el trabajo, el tr\u00e1fico. Por lo dem\u00e1s son ciudades en las que se vive muy bien.<\/p>\n<p>P.- \u00bfSabe de alg\u00fan buen restaurante mexicano en Madrid? Recomi\u00e9ndeme uno por favor<\/p>\n<p>R.- La leyenda del Agave y La panza es primero.<\/p>\n<p>P.- Hola Javier. \u00bfVa a romper con la tradici\u00f3n de que sufra el aficionado del Atletic a final de temporada o las tradiciones no hay que perderlas?<\/p>\n<p>R.- La tradici\u00f3n hay que romperla y espero que este a\u00f1o el final sea una alegr\u00eda.<\/p>\n<p>P.- \u00bfPor qu\u00e9 cree usted que la defensa del equipo es tan irregular? Individualmente parecen buenos jugadores pero a veces fallan en equipo. \u00bfQu\u00e9 soluci\u00e7on tiene esta situaci\u00f3n? \u00a1Muchas gracias!<\/p>\n<p>R.- El equipo en general defiende bien. Ha habido un par de partidos que no hemos sabido manejar los tiempos y hemos encajado goles en los \u00faltimos minutos y nos han costado puntos.<\/p>\n<p>P.- Le escribo desde M\u00e9xico y s\u00f3lo quer\u00eda comentar que usted es el entrenador perfecto para el Atleti. Tengo una pregunta: \u00bfQue opina de la aficcion rojiblanca? Dicen que es la mejor del mundo&#8230;\u00bfes una exageracion? Gracias y si quiere no conteste!!<\/p>\n<p>R.- La afici\u00f3n del Atl\u00e9tico es especial y a nosotros nos viene muy bien. Sin lugar a dudas, es de las mejores del mundo.<\/p>\n<p>P.- \u00bf Qu\u00e9 jugador mexicano fichar\u00eda para el At.Madrid ?<\/p>\n<p>R.- Me encantaria Hugo S\u00e1nchez hace 20 a\u00f1os. Je, je, je, je, je.<\/p>\n<p>P.- \u00bfQu\u00e9 le parecio la actuaci\u00f3n de Michael Schumacher en el partido de Zidane y Ronaldo? \u00bfLe ve futuro, jeje?<\/p>\n<p>R.- Le vi muy veloz.<\/p>\n<p>P.- \u00bfQu\u00e9 le falta al atleti para poder optar a la liga?<\/p>\n<p>R.- Llegar a la fase final, a falta de seis o siete partidos con opciones. Estos \u00faltimos a\u00f1os no se ha podido.<\/p>\n<p>P.- estimado javier, pienso que si queremos estar en liga de campeones nos hace falta un portero de ese nivel,cosa que en la actualida no tenemos,aunque usted ,logicamente ,no va a estar de acuerdo conmigo publicamente. mi pregunta es : \u00bf por qu\u00e9 no sube a DE EGEA,si no al primer equipo(CASILLAS debuto en primera con su edad)por lo menos al filial,antes de que se lo lleve BENITEZ O WEGNER A iNGLATERRA? gracias<\/p>\n<p>R.- De Gea entren\u00f3 por primera vez con nosotros la pasada semana. Est\u00e1 claro que tiene condiciones y que ser\u00e1 en un futuro guardameta del Atl\u00e9tico.<\/p>\n<p>P.- \u00bfQue le parece lo de Raul no cree que estando en la forma en la que esta ahora deber\u00eda de tener un sitio en la lista del seleccionador nacional?<\/p>\n<p>R.- Esa pregunta es para Luis Aragon\u00e9s.<\/p>\n<p>P.- \u00bf Por qu\u00e9 los pocos minutos qu\u00e9 Jurado juega, es de volante ,siendo el \u00fanico jugador del medio campo creativo y con visi\u00f3n de juego que hay en el equipo, y que puede dar pases de gol continuamente a Aguero Y Forl\u00e1n, o abrir el campo a los extremos que tenemos( Simao, Reyes o Luis Garc\u00eda)?<\/p>\n<p>R.- Volante y mediocampo es lo mismo. Y Jurado jug\u00f3 30 partidos el a\u00f1o pasado en esta posici\u00f3n.<\/p>\n<p>P.- \u00bfCUAL FUE EL MOTIVO DE DESPRENDERNOS DE JUGADORES JOVENES COMO BRAULIO O DEL MORAL, CUANDO AHORA NOS HEMOS QUEDADO SOLO CON DOS DELANTEROS NATOS? \u00bfPODRAN VOLVER EN EL FUTURO?<\/p>\n<p>R.- Son chicos que tuvieron que salir por diversos motivos. nunca se sabe lo que pasar\u00e1 en el futuro, pero claro que pueden volver.<\/p>\n","protected":false},"excerpt":{"rendered":"<p>En su primera temporada al frente del Atl\u00e9tico de Madrid devolvi\u00f3 al equipo a Europa, v\u00eda Intertoto, siete a\u00f1os despu\u00e9s de su \u00faltima participaci\u00f3n continenta. Ahora, Javier Aguirre ha remozado la plantilla rojiblanca, salida de Fernando Torres incluida, y camina con los colchoneros por las plazas de la Copa de la UEFA y con la Champions League como firme objetivo.<\/p>\n","protected":false},"author":1,"featured_media":0,"comment_status":"open","ping_status":"open","sticky":false,"template":"","format":"standard","meta":{"footnotes":""},"categories":[],"tags":[],"class_list":["post-4669","post","type-post","status-publish","format-standard","hentry"],"_links":{"self":[{"href":"https:\/\/intervius.com\/index.html\/wp-json\/wp\/v2\/posts\/4669","targetHints":{"allow":["GET"]}}],"collection":[{"href":"https:\/\/intervius.com\/index.html\/wp-json\/wp\/v2\/posts"}],"about":[{"href":"https:\/\/intervius.com\/index.html\/wp-json\/wp\/v2\/types\/post"}],"author":[{"embeddable":true,"href":"https:\/\/intervius.com\/index.html\/wp-json\/wp\/v2\/users\/1"}],"replies":[{"embeddable":true,"href":"https:\/\/intervius.com\/index.html\/wp-json\/wp\/v2\/comments?post=4669"}],"version-history":[{"count":0,"href":"https:\/\/intervius.com\/index.html\/wp-json\/wp\/v2\/posts\/4669\/revisions"}],"wp:attachment":[{"href":"https:\/\/intervius.com\/index.html\/wp-json\/wp\/v2\/media?parent=4669"}],"wp:term":[{"taxonomy":"category","embeddable":true,"href":"https:\/\/intervius.com\/index.html\/wp-json\/wp\/v2\/categories?post=4669"},{"taxonomy":"post_tag","embeddable":true,"href":"https:\/\/intervius.com\/index.html\/wp-json\/wp\/v2\/tags?post=4669"}],"curies":[{"name":"wp","href":"https:\/\/api.w.org\/{rel}","templated":true}]}}