{"id":4667,"date":"2007-11-23T00:00:00","date_gmt":"2006-11-06T00:00:00","guid":{"rendered":"https:\/\/intervius.com\/index.html\/?p=4667"},"modified":"2006-11-06T00:00:00","modified_gmt":"2006-11-06T00:00:00","slug":"Regina_Otaola4667","status":"publish","type":"post","link":"https:\/\/intervius.com\/index.html\/Regina_Otaola4667\/","title":{"rendered":"Regina Otaola"},"content":{"rendered":"<p>Pregunta.- \u00bfEsta usted sola en su municipio? Un saludo y \u00e1nimo Mariano<\/p>\n<p>Respuesta.- No, no estoy sola. Estoy con seis concejales m\u00e1s del Partido Popular. En total somos siete populares los que formamos el Gobierno municipal.<\/p>\n<p>P.- M\u00e1s que preguntar (percibo cuales ser\u00edan las respuestas), es comunicarle mi m\u00e1s elevada admiraci\u00f3n y respeto por sus valores pol\u00edticos y sociales y su personalidad valiente y decidida. Seguro que somos muchos los que sentimos orgullo por personas como usted. &#8230;Que distinto ser\u00eda todo de existir muchas &#8220;Reginas&#8221;. Un cordial saludo. Jos\u00e9 Luis<\/p>\n<p>R.- Muchas gracias por los \u00e1nimos que me trasmites. S\u00ed me gustar\u00eda a\u00f1adir que somos\/son much\u00edsimos los concejales y cargos p\u00fablicos del Partido Popular que estamos trabajando por la libertad. Ya hay muchas Reginas y muchos Reginos.<\/p>\n<p>P.- \u00bfCuales son los motivos para abandonar su puesto de concejal en Eibar para irse de alcaldesa a uno que no es el tuyo y donde tu agrupaci\u00f3n s\u00f3lo obtuvo 27 votos?<\/p>\n<p>R.- El motivo es que me lo pidi\u00f3 el Partido Popular y yo acced\u00ed.<\/p>\n<p>P.- Hola Regina. \u00bfPor qu\u00e9 va a ir usted a la manifestaci\u00f3n convocada por la AVT, si el l\u00edder de su patrido no acudir\u00e1? \u00bfConsidera que hay que ir?<\/p>\n<p>R.- Considero que todo el que pueda deber\u00eda de ir. El PP va a estar all\u00ed muy bien representado, Mariano Rajoy no podr\u00e1 estar por compromisos anteriores. El presidente de mi partido siempre ha defendido, y seguir\u00e1 haci\u00e9ndolo, a las v\u00edctimas del terrorismo. \u00bfNo le parece que lo que s\u00ed es de destacar es la ausencia nuevamente de ese partido que se dice progresista o de cualquier representante del Gobierno?<\/p>\n<p>P.- Enhorabuena Regina por tu valentia y por tu compromiso, somos muchos los vascos que te admiramos y te respetamos. En mi caso soy de Bilbao y vivo en Madrid y espero algun dia poder volver a mi tierra, aunque no me he ido por temas politicos, pero indirectamente me siento parte de esa &#8220;diaspora vasca&#8221; afectada por la falta de futuro alli. Crees que realmente existe esperanza para el Pais Vasco? Sera una zona pacifica y libre algun dia? De momento pongo mi granito de arena y voto alli, sigo despues de 9 a\u00f1os empadronada alli. Un abrazo, Julia<\/p>\n<p>R.- Julia, sigue empadronada porque eso para nosotros es muy importante. Yo creo, y por eso lucho, que alg\u00fan d\u00eda la libertad ser\u00e1 un hecho en el Pa\u00eds Vasco. Habremos derrotado a ETA y podremos vivir con normalidad democr\u00e1tica en nuestra tierra.<\/p>\n<p>P.- Buenos d\u00edas Sra Otaola,me llamo Licinia y a mis 18 a\u00f1os he decidido mmilitar en su partido e intentar defender nuestro pa\u00eds, Espa\u00f1a, como usted lo hace y solo me gustaria preguntarle de d\u00f3nde es capaz de sacar tanta fuerza para levantarse d\u00eda a d\u00eda e ir al ayuntamiento y defender sus ideales sin &#8220;temor&#8221;. Decirle que desde Santander mucha gente estamos con usted y que cuando necesite algo, nos &#8220;avise&#8221;, SIEMPRE CONTIGO, FELICIDADES y GRACIAS<\/p>\n<p>R.- Gracias. Creo que has tomado una buena decisi\u00f3n y que sabr\u00e1s sacar las fuerzas para defender a nuestro pa\u00eds d\u00eda a d\u00eda porque me demuestras que tienes uns principios firmes que son los que ayudan a levantarte todos los d\u00edas con ilusi\u00f3n, mal que pese a algunos.<\/p>\n<p>P.- \u00bfNo cree que deber\u00eda haber sido nombrada presidenta de la FEMP? \u00bfpor qu\u00e9 el PSOE no fue solidario?<\/p>\n<p>R.- El PSOE solo es solidario con el poder. Y, por tanto, rompi\u00f3 con lo que hab\u00eda sido un pacto t\u00e1cito hasta este momento. Desde mi puesto, intentar\u00e9 trabajar por los Ayuntamientos espa\u00f1oles, sobre todo por los peque\u00f1os.<\/p>\n<p>P.- \u00bfTe parece correcto \u00c9TICAMENTE gobernar un municipio de 600 habitantes habiendo conseguido 27 votos?<\/p>\n<p>R.- Pues s\u00ed porque somos el \u00fanico partido democr\u00e1tico que present\u00f3 una lista al Ayuntamiento. \u00bfTe parece correcto que ni PNV, ni EA ni PSOE dieran opci\u00f3n a sus posibles votantes y los abandonaran a su suerte? Creo que hemos hecho bien y desde luego vamos a trabajar por mejorar Lizarza.<\/p>\n<p>P.- Regina, en primer lugar muchas gracias por su ejemplo. Desgraciadamente hoy hay que dar las gracias a aquellos que cumplen la ley. \u00bfQu\u00e9 es lo que le empuja a seguir luchando por cumplir la ley y ser coherente con sus principios en un clima hostil?, \u00bfpor qu\u00e9 ahora este paso en la FEMP?, \u00bfcu\u00e1l es su motivaci\u00f3n?<\/p>\n<p>R.- Lo que me empuja a trabajar por la libertad en el Pa\u00eds Vasco es esa coherencia con mis principios. Los principios se defienden en cualquier terreno, sea hostil o no. Yo quiero que en el Pa\u00eds Vasco podamos vivir todos en libertad, eso es lo que a mi me anima. Por otro lado, creo que se puede hacer un buen trabajo por todos los municipios, sobre todo por los peque\u00f1os, a trav\u00e9s de la FEMP en donde pocos ayuntamientos vascos est\u00e1n representados.<\/p>\n<p>P.- \u00bfNo le reconcome la conciencia el estar en un cargo hip\u00f3crita -el de alcaldesa- ganado a fuerza de maniatar a los votantes (me refiero, por si no me entiende, al uso extensivo -y excesivo- de la LP sobre la formaci\u00f3n nacionalista que, de largo, hubiese ganado en Lizarza de no haber sido ilegalizada)?. M\u00e1s que una alcaldesa, me recuerda usted a la extinta figura del Gobernador Civil, \u00bfrecuerda?. En aquellos tiempos de extraordinaria placidez. Un espa\u00f1ol, tan harto de la violencia etarra como de la estatal.<\/p>\n<p>R.- \u00bfD\u00f3nde est\u00e1 la violencia de Estado? En Lizarza hubiera ganado el brazo pol\u00edtico de ETA y los vecinos hubieran seguido viviendo bajo la amenaza y el terror. Nosotros abogamos por la libertad de todos, sean nacionalistas o no, cosa que no hacen esos que usted defiende de forma tan sibilina.<\/p>\n<p>P.- Querida Regina, me parece usted una Juana de Arco moderna. \u00bfC\u00f3mo sobrelleva su familia su vida como alcaldesa de Lizarza? Un saludo de un easonense.<\/p>\n<p>R.- No soy Juana de Arco, soy Regina, una vasca espa\u00f1ola muy normalita con las ideas muy claras y con una familia maravillosa que me apoya en todo momento, aunque yo s\u00e9 que \u00edntimamente pasan su peque\u00f1o calvario.<\/p>\n<p>P.- Regina,felicidades por ser una persona integra,\u00bfqu\u00e9 opinas de la posibilidad de que se llame a declarar por las conversaciones que mantuvo con ETA y Batasuna al Lehendakari Ibarretxe?,\u00bfcrees que se tendr\u00eda que llamar tambi\u00e9n a Gonz\u00e1lez,Aznar o Zapatero como propone el Lehendakari?&#8230;.Saludos.<\/p>\n<p>R.- Me parece bien que llamen a Ibarretxe. Nadie est\u00e1 por encima de la Ley, incluso el endiosado Ibarretxe debe respetarla. La Justicia decidir\u00e1 si es responsable o no. Lo que no me parece normal es que siga el se\u00f1or Ibarretxe haciendo alardes de sus reuniones con ETA y Batasuna, utilizando su caso como un desaf\u00edo al Estado de Derecho. Y \u00bfqu\u00e9 tienen que ver Gonz\u00e1lez, Aznar y Zapatero? Hoy en d\u00eda Batasuna est\u00e1 ilegalizada.<\/p>\n<p>P.- \u00bfCree usted que el Gobierno sigue negociando con ETA?<\/p>\n<p>R.- Creo que est\u00e1n estableciendo bases para seguir negociando despu\u00e9s de las elecciones, si gana Zapatero. Conf\u00edo plenamente por el bien de todos que el que gane sea Rajoy.<\/p>\n<p>P.- \u00bfQu\u00e9 medidas deber\u00eda tomar el Gobierno si Ibarreche convoca su refer\u00e9ndum?<\/p>\n<p>R.- Las que la Ley establezca. Debe tener claro que se va a impedir un referendum ilegal, no se debe llegar a ese momento.<\/p>\n<p>P.- Hola Regina. Hace algunos a\u00f1os, luchando por la libertad, murio Joseba Pagaza. Tras repetidos avisos a sus superiores nacionalistas pidiendo que le cambiasen de destino, ya que sabia que estaba en una ratonera, fue asesinado. Despu\u00e9s basta ya comenzo con un discurso ahora olvidado, &#8220;ETA mata gobierno vasco responsable&#8221;. Me gustar\u00eda saber porque se ha perdido ese mensaje, porque si el PNV combatiera a ETA es evidente que las cosas ser\u00edan muy diferentes.\u00bfEs tal vez porque el PSOE ha ocupado ahora un lugar junto al PNV?. Gracias por ser como eres<\/p>\n<p>R.- Estoy de acuerdo en que si el PNV hubiera realmente luchado para derrotar a ETA, ahora todo ser\u00eda una pesadilla superada. Lo que ha ocurrido es que el PNV nunca ha luchado en contra de ETA y ahora adem\u00e1s se ve con la ayuda del PSOE, aunque no todos los socialistas est\u00e9n de acuerdo con esta pol\u00edtica no antiterrorista de su partido.<\/p>\n<p>P.- \u00bfCu\u00e1l es su rinc\u00f3n favorito de Lizarza?<\/p>\n<p>R.- Cualquiera en el que pueda pasear tranquilamente. Como comprender\u00e1s, no hay muchos&#8230;<\/p>\n<p>P.- !Hola!\u00bfNo siente a veces una presi\u00f3n excesiva, puesto que mucha gente la pone de ejemplo como firmeza ante el chantaje?Un besazo enorme, y mucho, mucho \u00e1nimo.David.<\/p>\n<p>R.- Yo no siento ninguna presi\u00f3n en ese sentido. Puedo estar presionada y sentir presi\u00f3n por los batasunos, pero la supero y sigo adelante. Esa presi\u00f3n no me va a desviar de mi camino hacia la libertad.<\/p>\n<p>P.- Hola Regina \u00bfHa pensado alguna vez en abandonar la pol\u00edtica?<\/p>\n<p>R.- S\u00ed, pero nunca por miedo.<\/p>\n<p>P.- \u00bfLes pasa algo a los pol\u00edticos con la idea de la bandera, es que son al\u00e9rgicos a ella?<\/p>\n<p>R.- M\u00e1s que al\u00e9rgicos, son unos acomplejados. En los ayuntamientos socialistas no ponen la bandera por no crispar a los nacionalistas y \u00e9stos no ponen la bandera porque son nacionalistas y no la quieren ni ver. Para m\u00ed, el que no la coloca adem\u00e1s de dar un mar ejemplo por no cumplir la Ley y la sentencia del Tribunal Supremo considero que es alguien que est\u00e1 cediendo ante la presi\u00f3n nacionalista.<\/p>\n<p>P.- Querida Regina: soy militante del P.P. y algunas veces en que pienso darme de baja bien por no estar de acuerdo con algunas decisiones , bien por declaraciones de ciertos dirigentes o por algunas meteduras de pata , siempre pienso en los compa\u00f1eros del P.P. en el Pais Vasco. Sois un ejemplo a seguir tanto en nuestra vida p\u00fablica como privada. Estoy seguro que alg\u00fan d\u00eda los ciudadanos del Pais Vasco os agradeceran vuestro esfuerzo y otros se avergonzar\u00e1n de su comportamiento. La raz\u00f3n es siempre la raz\u00f3n la tenga uno o trecientos mil.<\/p>\n<p>R.- Todos defendemos los mismos principios en el Partido Popular. Somos muchos miles los que formamos el Partido Popular y es dif\u00edcil que siempre estemos de acuerdo en todas las decisiones, pero ese no debe ser motivo para abandonar el partido. El partido es mucho m\u00e1s que una decisi\u00f3n buena o mala tomada en un momento dado.<\/p>\n<p>P.- Hola Regina. \u00bfPor qu\u00e9 motivo no vive en Lizarza? \u00bfNo cree que vivir en Lizarza acabar\u00eda con muchas de las cr\u00edticas que sufre?<\/p>\n<p>R.- No acabar\u00eda con ninguna. Las cr\u00edticas no derivan de si yo vivo o no en Lizarza sino del odio que siente Batasuna y ANV o como usted quiera llamarlos hacia los que no pensamos en clave independentista radical. Si fuese a vivir a Lizarza ser\u00eda una kamikaze y yo soy una persona normal a la que le importa mucho su vida.<\/p>\n<p>P.- Demasiados alagos.No pertenezco ni al PSOE ni al PP ni a ning\u00fan otro partido,pero se que tengo derecho a la cr\u00edtica y la ejerzo.Yo tambi\u00e9n soy espa\u00f1ol, pero tambi\u00e9n franc\u00e9s, marroqu\u00ed, aleman,&#8230;,puede sonar rid\u00edculo,pero\u00bfpor qu\u00e9 tanto patriotismo?\u00bfno es lo mismo el vasco que el espa\u00f1ol? unos son los buenos y otros los malos?me gustar\u00eda que una persona tan ilustrada me aclare un poco las ideas, ya que por lo visto hoy dia son los pol\u00edticos los \u00fanicos con derecho a decidir lo que debemos de pensar el resto.Un saludo.<\/p>\n<p>R.- Nadie decide lo que uno debe pensar. Ni el pol\u00edtico ni nadie. Creo que cada cual tiene su pensamiento, su bagaje cultural e interno y pensar\u00e1 lo que considere oportuno. No es lo mismo: el nacionalismo vasco es excluyente, eres vasco y nada m\u00e1s. Yo soy vasca y espa\u00f1ola.<\/p>\n<p>P.- Sra. Regina felicidades, es d. muy valiente, mas gente como Ud. necesitamos en el Pais vasco. Mi pregunta es: Qu\u00e9 podemos hacer los ciudadanos que vivimos encima de un concesionario de coches, o de un cajero automatico,o de una sucursal de correos, ..ante un ataque de estos filoetarras violentos los fines de semana? no deberiamos organizarnos para repeler estos ataques ileg\u00edtimos? yo desde luego , ya he repelido con \u00e9xito un ataque de estos, qu\u00e9 podemos hacer los ciudadanos ante estos descerebrados?? Gracias<\/p>\n<p>R.- Realmente es usted muy valiente y le doy mi enhorabuena, pero creo que la Polic\u00eda es la que debe evitar y repeler todos estos ataques. A la Polic\u00eda la env\u00eda el Gobierno, el Gobierno tiene que tener muy claro que debe de dar las \u00f3rdenes precisas para que act\u00fae en contra de estos descerebrados. No hay que tomarse la Justicia por su mano.<\/p>\n<p>P.- Buenas tardes. \u00bfMantiene usted un contacto directo con sus vecinos? \u00bfSe le ha acercado alguno a preguntarle o mostrarle su apoyo?<\/p>\n<p>R.- Se han acercado varios vecinos para comunicarnos aquellos asuntos que consideran se pueden mejorar desde el Ayuntamiento. Creo que solo el hecho de venir a contarnos sus preocupaciones ya es una muestra de apoyo.<\/p>\n<p>P.- \u00bfC\u00f3mo calificar\u00eda la situaci\u00f3n actual del conflicto vasco? Josune<\/p>\n<p>R.- El \u00fanico conflicto vasco que conozco es el terrorista. Dir\u00eda que la situaci\u00f3n es peor que hace cuatro a\u00f1os porque de nuevo tenemos a ANV\/ Batasuna en muchos ayuntamientos, con lo cual acceden a informaci\u00f3n de los vecinos a trav\u00e9s del censo, se est\u00e1n financiando a trav\u00e9s de los recursos econ\u00f3micos del Ayuntamiento y adem\u00e1s, para m\u00e1s inri, Ibarretxe se nos pone chulito y echa un \u00f3rdago.<\/p>\n<p>P.- !Hola Regina!\u00bfPor qu\u00e9 se ha llegado al clima de tanta crispaci\u00f3n al que se ha llegado?\u00bfTan dif\u00edcil es eso de la pol\u00edtica?<\/p>\n<p>R.- Esta crispaci\u00f3n es fruto del objetivo que se ha marcado el se\u00f1or Zapatero y su Gobierno: ningunear al Partido Popular. Ha roto todos los pactos de Estado que exist\u00edan y que daban estabilidad a Espa\u00f1a. La pol\u00edtica en s\u00ed no es dif\u00edcil siempre y cuando seas honesto y respetes las reglas del juego.<\/p>\n<p>P.- Ante todo, darte todo el apoyo que la distancia me permite por la valentia y fe que pone en su vida. Estoy orgullosos de ser compatriota suyo!. Todos los municipios vascos reconocen a la FEMP como foro comun?. Si nos es as\u00ed ,; Que se puede hacer?. Muchas gracias por tu compromiso y espero que sientas nuestro alinento y te ayude. Alonso (extremadura- andalucia)<\/p>\n<p>R.- Gracias por el apoyo. No, ni mucho menos reconocen a la FEMP como el foro com\u00fan. En el Pa\u00eds Vasco existe EUDEL, el que engloba a los municipios vascos, y a mi lo que me gustar\u00eda es que existiera una gran coordinaci\u00f3n y colaboraci\u00f3n entre la FEMP y EUDEL y que m\u00e1s municipios vascos se adhieran a la FEMP porque todos saldr\u00edamos ganando.<\/p>\n","protected":false},"excerpt":{"rendered":"<p>Se suma a la manifestaci\u00f3n convocada por la AVT bajo el lema Por un futuro en libertad. Juntos, derrotemos a ETA. Regina Otaola, alcaldesa de Lizarza, charla con los lectores sobre la misma as\u00ed como sobre su proyecto para la FEMP (Federaci\u00f3n Espa\u00f1ola de Municipios y Provincias), de la que acaba de ser nombrada vicepresidenta.<\/p>\n","protected":false},"author":1,"featured_media":0,"comment_status":"open","ping_status":"open","sticky":false,"template":"","format":"standard","meta":{"footnotes":""},"categories":[],"tags":[],"class_list":["post-4667","post","type-post","status-publish","format-standard","hentry"],"_links":{"self":[{"href":"https:\/\/intervius.com\/index.html\/wp-json\/wp\/v2\/posts\/4667","targetHints":{"allow":["GET"]}}],"collection":[{"href":"https:\/\/intervius.com\/index.html\/wp-json\/wp\/v2\/posts"}],"about":[{"href":"https:\/\/intervius.com\/index.html\/wp-json\/wp\/v2\/types\/post"}],"author":[{"embeddable":true,"href":"https:\/\/intervius.com\/index.html\/wp-json\/wp\/v2\/users\/1"}],"replies":[{"embeddable":true,"href":"https:\/\/intervius.com\/index.html\/wp-json\/wp\/v2\/comments?post=4667"}],"version-history":[{"count":0,"href":"https:\/\/intervius.com\/index.html\/wp-json\/wp\/v2\/posts\/4667\/revisions"}],"wp:attachment":[{"href":"https:\/\/intervius.com\/index.html\/wp-json\/wp\/v2\/media?parent=4667"}],"wp:term":[{"taxonomy":"category","embeddable":true,"href":"https:\/\/intervius.com\/index.html\/wp-json\/wp\/v2\/categories?post=4667"},{"taxonomy":"post_tag","embeddable":true,"href":"https:\/\/intervius.com\/index.html\/wp-json\/wp\/v2\/tags?post=4667"}],"curies":[{"name":"wp","href":"https:\/\/api.w.org\/{rel}","templated":true}]}}