{"id":4663,"date":"2007-11-26T00:00:00","date_gmt":"2006-11-06T00:00:00","guid":{"rendered":"https:\/\/intervius.com\/index.html\/?p=4663"},"modified":"2006-11-06T00:00:00","modified_gmt":"2006-11-06T00:00:00","slug":"Francisco_Rosell4663","status":"publish","type":"post","link":"https:\/\/intervius.com\/index.html\/Francisco_Rosell4663\/","title":{"rendered":"Francisco Rosell"},"content":{"rendered":"<p>Pregunta.- Buenas tardes \u00bfQu\u00e9 sinti\u00f3 al leer el manifiesto por la libertad de expresi\u00f3n redactado como gesto de solidaridad con ustedes y firmado por numerosos profesionales en toda Andaluc\u00eda? \u00bfSe sienten apoyado por el resto de profesionales del gremio?<\/p>\n<p>Respuesta.- Lo que pone de manifiesto es que la opini\u00f3n p\u00fablica se ha dado cuenta de que Chaves no busca defender su honor sino amedrentar a un medio de comunicaci\u00f3n que viene revelando informaciones comprometedoras sobre su gesti\u00f3n y supone un aviso de navegantes para el resto. Un medio de comunicaci\u00f3n debe contar la verdad de lo que sucede por muchos incovenientes que le acarree, pero resulta grato contar con el aliento de los lectores y de la opini\u00f3n p\u00fablica. Al fin y al cabo, los medios de comunicaci\u00f3n somos administradores de un derecho ajeno, el de la libertad de expresi\u00f3n, sin la cual no hay democracia merecedora de tal nombre.<\/p>\n<p>P.- \u00bfEs cierto que han robado la cinta del despacho del juez que mostraba el espionaje ordenado por Chaves en el proceso que se sigue en la Audiencia Provincial de Sevilla contra Vd. y el Sr. Caraballo?.<\/p>\n<p>R.- Eso ha sido una de las sorpresas de la cuarta jornada. Han desaparecido de los juzgados las dos copias del v\u00eddeo en el que un esp\u00eda acusa a Chaves y a otros dirigentes del Partido Socialista de seguir al presidente de la Caja San Fernando, Juan Manuel L\u00f3pez Benjumea. Esto nos advierte de que estamos quiz\u00e1 ante unos hechos incluso de m\u00e1s calado y gravedad que los denunciados hace seis a\u00f1os por EL MUNDO de Andaluc\u00eda.<\/p>\n<p>P.- Una lectora de M\u00e1laga. El diario EL MUNDO ha sido especialmente cr\u00edtico con la gesti\u00f3n de Chaves \u00bfno podr\u00eda tratarse de una conspiraci\u00f3n para acabar con nuestro presidente? \u00bfDe verdad tienen ustedes pruebas irrefutables de ese presunto espionaje?<\/p>\n<p>R.- Durante todo el procedimiento se ha ido ratificando punto por punto la solvencia de las informaciones del peri\u00f3dico. Es m\u00e1s, seis a\u00f1os despu\u00e9s nos ratificamos en lo publicado entonces. El se\u00f1or Chaves puede estar seguro de una cosa: que si por cualquier circunstancia \u00e9l estuviera en la situaci\u00f3n del se\u00f1or L\u00f3pez Benjumea y fuera objeto del mismo seguimiento sabr\u00eda que al menos un peri\u00f3dico, EL MUNDO, publicar\u00eda sus hechos, aunque ello le causara perjuicios en cuanto a la recepci\u00f3n de campa\u00f1as publicitarias de la Junta. Abundando en ello, he de decir que el se\u00f1or L\u00f3pez Benjumea, siendo yo director de Diario 16 de Andaluc\u00eda, nos retir\u00f3 la publicidad de la Caja porque publicamos una informaci\u00f3n sobre los negocios particulares de Francisco Palomino, cu\u00f1ado de Felipe Gonz\u00e1lez. A pesar de ello, eso no ha sido incoveniente a que ahora conociendo la gravedad de los hechos denunciados por \u00e9l lo hayamos puesto en conocimiento de la opini\u00f3n p\u00fablica. As\u00ed funcionan en una democracia los medios de comunicaci\u00f3n.<\/p>\n<p>P.- Se\u00f1or Rosell \u00bfQu\u00e9 opina de las declaraciones de Chaves de que sus acusaciones han sido la noticia &#8220;m\u00e1s dolorosa&#8221; de sus vida y de su carrera pol\u00edtica?<\/p>\n<p>R.- Eso s\u00f3lo se explica de un presidente que lleva 16 a\u00f1os como presidente de la Junta y que ha negado al Parlamento la posibilidad de constituir cualquier comisi\u00f3n de investigaci\u00f3n desde que EL MUNDO descubriera que le fue condonado un cr\u00e9dito personal por parte de la Caja de Jerez, posteriormente absorvida precisamente por Caja San Fernando. \u00c9l ten\u00eda que haber iniciado la investigaci\u00f3n de esos hechos, en vez de demandar a un medio de comunicaci\u00f3n.<\/p>\n<p>P.- \u00bf No cree que en Andaluc\u00eda es necesario un cambio? \u00bf C\u00f3mo ve el proceso judicial que tiene que afrontar?<\/p>\n<p>R.- Yo creo que Andaluc\u00eda necesita una regeneraci\u00f3n democr\u00e1tica. Pondr\u00e9 un ejemplo: cuando estall\u00f3 el caso Juan Guerra todos los medios de comunicaci\u00f3n informaron del asunto, pero cuando recientemente se conocieron los enjuagues de los hermanos Chaves muchos medios de comunicaci\u00f3n andaluces no dieron cuenta de ello ni cuando la oposici\u00f3n llev\u00f3 el asunto al Parlamento. El tratamiento informativo dado a un caso y a otro pone de manifiesto el retroceso democr\u00e1tico que padece Andaluc\u00eda. En cuanto al proceso judicial, nosotros estamos muy seguros de lo que hicimos y confiamos plenamente en la independencia de la Justicia, aunque tengamos una consejera de Justicia que reclame una Justicia con idiosincrasia andaluza. A buen entendedor, con pocas palabras basta&#8230;<\/p>\n<p>P.- \u00bfVolver\u00eda a publicar la informaci\u00f3n sobre el espionaje en los t\u00e9rminos que lo hizo?<\/p>\n<p>R.- S\u00ed, absolutamente.<\/p>\n<p>P.- Saludos. A la vista del juicio \u00bfcu\u00e1l cree sinceramente que ser\u00e1 la sentencia? \u00bfTiene miedo de que el poder del Chavismo caiga sobre ustedes o conf\u00edaen la justicia?<\/p>\n<p>R.- Tengo que respetar al juez, no s\u00e9 cu\u00e1l ser\u00e1 la sentencia. Pero esto es el mundo al rev\u00e9s, los que deber\u00edan estar sentados en el banquillo son los que cometieron los hechos, no el peri\u00f3dico que los denunci\u00f3, pero desgraciadamente se est\u00e1 haciendo costumbre en Andaluc\u00eda de los grandes procesos de corrupci\u00f3n se salden con alguna condena a los medios de comunicaci\u00f3n. El caso m\u00e1s llamativo ser\u00eda el caso Ollero sobre cobro de comisiones en la construcci\u00f3n de la autov\u00eda del 9Pese a ser cogidos in fraganti los comisionistas, el proceso acab\u00f3 dirimiendo si el malet\u00edn interceptado por la Polic\u00eda deb\u00eda ser devuelto con los millones de los sobornos a los comisionistas o no. A\u00fan as\u00ed, la prensa consciente de sus obligaciones no debe cejar en su empe\u00f1o de revelar aquellas informaciones que considere necesarias para los lectores.<\/p>\n<p>P.- \u00bfA qu\u00e9 columnista andaluz le gustar\u00eda fichar?<\/p>\n<p>R.- Creo que EL MUNDO de Andaluc\u00eda tiene un abanico de columnistas important\u00edsimo. Ahora mismo se\u00f1alar a alguien de otro medio ser\u00eda encarecer su precio.<\/p>\n<p>P.- \u00bfCu\u00e1ntas veces se ha reunido con Manuel Chaves?<\/p>\n<p>R.- Con Manuel Chaves he mantenido bastantes reuniones personales hasta que no entendi\u00f3 cu\u00e1l era el papel de un medio de comunicaci\u00f3n y a medida que fue perpetu\u00e1ndose en el poder. De hecho, estoy vetado en los medios p\u00fablicos Canal Sur desde hace diez a\u00f1os, precisamente por las informaciones que ha venido publicando EL MUNDO. Desgraciadamente, si a nivel nacional se produjo un cambio en el PSOE, aqu\u00ed sigue gobernando el mismo felipismo desde hace 20 a\u00f1os. Los mismos m\u00e9todos y las mismas personas.<\/p>\n<p>P.- Este Benjumea \u00bfno est\u00e1 implicado en el caso Malaya?.<\/p>\n<p>R.- No, de las informaciones que tenemos nosotros no. Pero si nos enteramos de lo contrario, ma\u00f1ana mismo se publicar\u00eda. Hay que recordar que EL MUNDO fue el \u00fanico peri\u00f3dico que denunci\u00f3 las tropel\u00edas del gilismo mientras otros muchos le re\u00edan las gracias y el PSOE andaluz disimulaba los cheques que Jes\u00fas Gil le pagaba para que le legalizara sus obras de constructor en Marbella antes de ser alcalde. Si en ese momento se hubieran atendido las informaciones de EL MUNDO y la Justicia hubiera actuado, no hubi\u00e9ramos llegado a los niveles de corrupci\u00f3n que se registraron en Marbella, donde curiosamente tambi\u00e9n se produc\u00edan sospechosos robos en los juzgados, como ha sucedido ahora con las copias del v\u00eddeo en las que un esp\u00eda acusaba a Chaves de espionaje al presidente de la Caja San Fernando.<\/p>\n<p>P.- Desde Alicante, todo el apoyo desde un Mediterr\u00e1neo lleno de libertad de expresi\u00f3n.<\/p>\n<p>R.- Mi agradecimiento. Creo que las autonom\u00edas, junto a sus indudables ventajas, producen la sensaci\u00f3n de cotos privados gobernados por sus barones. Hay que insistir en que el poder puede presionar a los medios de comunicaci\u00f3n no solo con el reparto a capricho de la publicidad institucional, sino que se reservan a quien dar o no dar licencias de radio o de televisi\u00f3n, con lo cual la libertad de expresi\u00f3n es una especie no en v\u00eda de extinci\u00f3n, pero s\u00ed corriendo un serio peligro.<\/p>\n<p>P.- \u00bfManuel Chaves ha declarado hace poco en respuesta a una pregunta en TV que sus ahorros se reducen a 3.000 euros? \u00bfLe parece cre\u00edble que este sea el nivel de liquidez de quien lleva tantos a\u00f1os en el poder? un saludo y gracias por ir un poco contracorriente&#8230; nos hace mucha falta. Fernando-Sevilla.<\/p>\n<p>R.- Eso no se lo cree ni el propio Chaves. No me extra\u00f1a que una se\u00f1ora participante en el programa le preguntara con humor andaluz si es que lo guardaba debajo del colch\u00f3n. Resulta r\u00eddiculo que quien lleva 20 a\u00f1os como presidente de la Junta y como ministro declare que es el m\u00e1s pobre de su Gobierno, pero solamente explica desde su endiosamiento como gobernante que ha perdido contacto con la realidad de sus ciudadanos.<\/p>\n<p>P.- \u00bfChaves o Chavez con Z de zapatero?\u00bfTienen algo mas en comun que el nimbre?\u00bfTal vez sean dos que se quieren eternizar en el poder sea comosea?<\/p>\n<p>R.- Chaves ten\u00eda la Z antes de que Zapatero la utilizara como lema de campa\u00f1a. Por eso es tan fundamental la limitaci\u00f3n de mandatos del propio Zapatero prometi\u00f3 cuando se hizo cargo de la Secretar\u00eda General del PSOE. Y dijo aquello de que el poder no le iba a cambiar.<\/p>\n<p>P.- \u00bfQue explicaci\u00f3n dan para la desaparici\u00f3n de la 2\u00aa prueba? \u00bfY para la no totificaci\u00f3n del robo de la primera?<\/p>\n<p>R.- Explicaci\u00f3n no tenemos ninguna. Lo \u00fanico, insisto en ello, es que nos advierte de que estamos ante un asunto de mayor calado incluso del que denunciamos. Cuando Ben Bradlee, director del Washington Post, revel\u00f3 el Caso Watergate dijo que los primeros momentos solo ten\u00edan la certeza de haber mordido una manzana cuyo tama\u00f1o desconoc\u00eda. Despu\u00e9s de la desaparici\u00f3n de pruebas del espionaje de las cajas sevillanas supimos de la gravedad del asunto, pero ahora nos apercibimos de que su tama\u00f1o es mayor a\u00fan del esperado.<\/p>\n<p>P.- En primer lugar daros la enhorabuena por vuestro peri\u00f3dico, en Andaluc\u00eda si queremos saber qu\u00e9 labor hace la oposici\u00f3n hay que ver el Mundo. En segundo lugar mostraros todo el apoyo en este momento. Mi pregunta es, como director de un medio de comunicaci\u00f3n, qu\u00e9 opioni\u00f3n le merece la gesti\u00f3n de canal sur como servicio al ciudadano andaluz?<\/p>\n<p>R.- Canal Sur es el principal aparato de propaganda del se\u00f1or Chaves. Y con el respeto que me merecen muchos de sus profesionales, funciona en la pr\u00e1ctica como la m\u00e1s poderosa agrupaci\u00f3n del PSOE en Andaluc\u00eda. De ah\u00ed que el se\u00f1or Chaves desembarcara al frente de Canal Sur al que fue su portavoz, sin cortarse un pelo.<\/p>\n<p>P.- \u00bf C\u00f3mo est\u00e1 el juego pol\u00edtico interno en el PSOE de Andaluc\u00eda, sobre todo en Sevilla ? \u00bf Crees que temen al Mundo de Andaluc\u00edsa por la veracidad de sus noticias ? \u00bf Han intentado utilizaros contra alg\u00fan pol\u00edtico ? Gracias Paco.<\/p>\n<p>R.- Siempre un medio de comunicaci\u00f3n corre el riesgo de ser utilizado, pero ah\u00ed se demuestra la profesionalidad del medio en cuesti\u00f3n. En cuanto al PSOE, hay un buen n\u00famero de militantes que nos han transmitido su bochorno por la querella de Chaves, pero saben que si se pronuncian p\u00fablicamente, un r\u00e9gimen clientelar como el andaluz le negar\u00e1 cualquier v\u00eda de prosperar, no s\u00f3lo dentro del partido sino en muchos otros \u00e1mbitos de la vida ciudadana. Quiero, sin embargo, destacar p\u00fablicamente el gesto de Jos\u00e9 Asenjo, \u00fanico zapaterista cuando el zapaterismo era una entelequia y que ha sido capaz de expresar p\u00fablicamente su solidaridad con EL MUNDO y su protesta por la actitud amedrentadora de Chaves. Amigo de Plat\u00f3n ha demostrado ser m\u00e1s amigo de la verdad.<\/p>\n<p>P.- Buenas tardes, mi peregunta gira sobre el caduillismo andaluz. Se hablaba que en Galicia hab\u00eda que cambiar, Catalu\u00f1a (m\u00e1s de los mismo) para cu\u00e1ndo en Andaluc\u00eda (ya s\u00e9 que cuando los electores quieran, pero&#8230;)<\/p>\n<p>R.- En Andaluc\u00eda el problema no es que haya una alternativa tras 25 a\u00f1os de gobiernos socialistas sino que la alternativa se ha hecho imposible debido al r\u00e9gimen clientelar que todo lo ocupa.<\/p>\n<p>P.- Saludos \u00bfhan recibido presiones previas o durante el proceso?<\/p>\n<p>R.- Las presiones son consustanciales a los medios de comunicaci\u00f3n y hay que trabajar con ellas de la misma manera que se trabaja contra el tiempo, pero hay que saber capearlas. De ah\u00ed el \u00e9xito que se obtenga en ello brotar\u00e1 la credibilidad del medio.<\/p>\n<p>P.- \u00bfCree que a\u00fan quedan buenos periodistas de investigaci\u00f3n o es una raza en extinci\u00f3n?<\/p>\n<p>R.- Quedan muy buenos periodistas de investigaci\u00f3n, pero su labor no est\u00e1 bien reconocida, mucho menos en unos tiempos en los que hay malos periodistas que utilizan esa expresi\u00f3n para desacreditarla, pero eso es fundamental para un peri\u00f3dico y \u00e9sa ha sido precisamente la se\u00f1a de identidad de EL MUNDO en estos 18 a\u00f1os.<\/p>\n<p>P.- Sr Rosell:En su opini\u00f3n,\u00bfa que punto de degeneraci\u00f3n moral se ha llegado en Andalucia,donde hasta desaparecen pruebas en la Audiencia,que no salvaguarda pruebas fundamentales en un juicio de tam\u00f1a importancia?. Un saludo,gutiforever.<\/p>\n<p>R.- La verdad es que esta noticia no necesita de m\u00e1s comentario. Efectivamente, pone de manifiesto una situaci\u00f3n de deterioro de las normas b\u00e1sicas de funcionamiento que debieran provocar la reacci\u00f3n de la ciudadan\u00eda. Este hecho se ha conocido porque afecta a un medio de comunicaci\u00f3n, pero \u00bfcu\u00e1ntos ciudadanos se sientes indefensos ante hechos como \u00e9stos? Hay que resucitar urgentemente a Montesquieu.<\/p>\n<p>P.- \u00bfQu\u00e9 me dir\u00eda, si opino que todo forma parte de un montaje, a cargo de su diario?<\/p>\n<p>R.- Durante el procedimiento se ha demostrado que no es as\u00ed. Un peri\u00f3dico teniendo enfrente al aparato propagand\u00edstico de la Junta -s\u00f3lo Chaves tiene trabajando para \u00e9l m\u00e1s periodistas que los que hacemos EL MUNDO de Andaluc\u00eda- elimina esta posibilidad. Bastar\u00eda el m\u00e1s m\u00ednimo \u00edndicio para que todo ese aparato propagand\u00edstico se volcara con esa capacidad de amedrentamiento contra los periodistas de EL MUNDO.<\/p>\n<p>P.- \u00bfEs cierto que Chaves nunca le ha concedido una entrevista a El Mundo de Andaluc\u00eda?<\/p>\n<p>R.- Jam\u00e1s. Pero nosotros no dejamos de ped\u00edrsela porque consideramos que nuestros lectores tienen el derecho a conocer sus opiniones, pero eso s\u00ed, respondiendo a las preguntas de nuestros periodistas. Y jam\u00e1s el se\u00f1or Chaves ha podido decir que nosotros hemos manipulado una declaraci\u00f3n suya. En una democracia el presidente de la Junta debe someterse a las preguntas de los periodistas, sea del medio que sea, por eso nunca entend\u00ed que Aznar no respondiera a las preguntas de I\u00f1aki Gabilondo, pero me gustar\u00eda que I\u00f1aki Gabilondo, medalla de Andaluc\u00eda y al que se le han redido todos los honores desde la Junta, hubiera tenido el gesto de protestar por el veto del se\u00f1or Chaves a los periodistas de EL MUNDO de Andaluc\u00eda. Ese veto no solamente ha ido referido a entrevistas sino a dejar fuera de viajes oficiales a los periodistas de EL MUNDO. Eso es no entender la labor de los medios de comunicaci\u00f3n, su independencia, y creer que solo sirven como altavoz de propaganda del Gobierno de turno.<\/p>\n","protected":false},"excerpt":{"rendered":"<p>Ha tenido que afrontar la ira de Manuel Chaves por haber publicado en 2001 una informaci\u00f3n sobre espionaje al ex presidente de la Caja San Fernando. Francisco Rosell, director de EL MUNDO de Andaluc\u00eda, charla con los lectores sobre el proceso judicial iniciado por el presidente de la Junta andaluza, en el d\u00eda en que han desaparecido unas cintas de v\u00eddeo del Juzgado.<\/p>\n","protected":false},"author":1,"featured_media":0,"comment_status":"open","ping_status":"open","sticky":false,"template":"","format":"standard","meta":{"footnotes":""},"categories":[],"tags":[],"class_list":["post-4663","post","type-post","status-publish","format-standard","hentry"],"_links":{"self":[{"href":"https:\/\/intervius.com\/index.html\/wp-json\/wp\/v2\/posts\/4663","targetHints":{"allow":["GET"]}}],"collection":[{"href":"https:\/\/intervius.com\/index.html\/wp-json\/wp\/v2\/posts"}],"about":[{"href":"https:\/\/intervius.com\/index.html\/wp-json\/wp\/v2\/types\/post"}],"author":[{"embeddable":true,"href":"https:\/\/intervius.com\/index.html\/wp-json\/wp\/v2\/users\/1"}],"replies":[{"embeddable":true,"href":"https:\/\/intervius.com\/index.html\/wp-json\/wp\/v2\/comments?post=4663"}],"version-history":[{"count":0,"href":"https:\/\/intervius.com\/index.html\/wp-json\/wp\/v2\/posts\/4663\/revisions"}],"wp:attachment":[{"href":"https:\/\/intervius.com\/index.html\/wp-json\/wp\/v2\/media?parent=4663"}],"wp:term":[{"taxonomy":"category","embeddable":true,"href":"https:\/\/intervius.com\/index.html\/wp-json\/wp\/v2\/categories?post=4663"},{"taxonomy":"post_tag","embeddable":true,"href":"https:\/\/intervius.com\/index.html\/wp-json\/wp\/v2\/tags?post=4663"}],"curies":[{"name":"wp","href":"https:\/\/api.w.org\/{rel}","templated":true}]}}