{"id":453,"date":"2005-12-15T00:00:00","date_gmt":"2006-11-06T00:00:00","guid":{"rendered":"https:\/\/intervius.com\/index.html\/?p=453"},"modified":"2006-11-06T00:00:00","modified_gmt":"2006-11-06T00:00:00","slug":"Esteban_Beltran453","status":"publish","type":"post","link":"https:\/\/intervius.com\/index.html\/Esteban_Beltran453\/","title":{"rendered":"Esteban Beltr\u00e1n"},"content":{"rendered":"<p>Pregunta.- Pinochet, Scilingo&#8230; Parece que siempre miramos hacia el exterior aplicando el principio de jurisdicci\u00f3n universal. \u00bfExiste un derecho en Espa\u00f1a a la verdad y a la reparaci\u00f3n a las v\u00edctimas de la Guerra Civil? Si existe, \u00bfdebe entenderse como un revanchismo?<\/p>\n<p>Respuesta.- Efectivamente, Espa\u00f1a, el pa\u00eds que pidi\u00f3 la extradici\u00f3n de Pinochet, 30 a\u00f1os despu\u00e9s de la ca\u00edda de la dictadura de Franco, no tiene la voluntad pol\u00edtica de que haya verdad, justicia y reparaci\u00f3n a estas v\u00edctimas. Existe. si , un derecho, a la verdad, la reparaci\u00f3n y la justicia en las normas internacionales de derechos humanos. Por ejemplo, ni una sola v\u00edctima de la tortura de la guerra civil o el franquismo ha sido reparada, a pesar de que fue sistem\u00e1tica y miles de personas la sufrieron. Estamos intentando que cambie esta situaci\u00f3n, como lo hemos hecho en Argentina, Chile o Sud\u00e1frica. En la p\u00e1gina web de AI hay un informe sobre v\u00edctimas del franquismo. Gracias <\/p>\n<p>P.- \u00bfAmnist\u00eda Internacional piensa \u00fanicamente en cr\u00edmenes pol\u00edticos o los cr\u00edmenes contra el g\u00e9nero tambi\u00e9n son asistidos?<\/p>\n<p>R.- La violencia contra la mujer, en el hogar o en la guerra, es la mayor verg\u00fcenza para el mundo. La mayor\u00eda de las v\u00edctimas de violaciones de DDHH son mujeres ( 70% de las mujeres casadas en Rusia por ejemplo han sufrido abusos de sus esposos). El 80% de los refugiados son mujeres y ni\u00f1os. Adem\u00e1s es una violaci\u00f3n de derechos humanos por que muchas veces el estado es c\u00f3mplice o no hace nada. Por ejemplo en una ciudad de 9 millones de habitantes como Mosc\u00fa no hay una sola casa refugio. Trabajamos por lo tanto contra esta violencia por la implicaci\u00f3n o dejaci\u00f3n del estado. Trabajamos por lo tanto contra esta violencia por la impliacaci\u00f3n o dejaci\u00f3n del estado.<\/p>\n<p>P.- \u00bfQu\u00e9 opini\u00f3n tiene Amnist\u00eda Internacional de las denuncias de tortura por parte de los detenidos en Espa\u00f1a en las causas de terrorismo? \u00bfCree que la actuaci\u00f3n de la justicia espa\u00f1ola es la adecuada para la investigaci\u00f3n de estos casos? <\/p>\n<p>R.- En Espa\u00f1a existe la tortura, fundamentalmente la mayor\u00eda de los casos son inmigrantes que sufren malos tratos y detenciones ilegales (por ejemplo 320 casos entre 1995 y el 2002). Pero tambi\u00e9n hay torturas y malos tratos a personas acusadas de terrorismo, especialmente por lo que se llama el r\u00e9gimen de incomunicaci\u00f3n que no permita la presencia en los interrogatorios de un abogado o un forense de la elecci\u00f3n del detenido.<br \/>\nLa respuesta de la justicia es inadecuada. AI public\u00f3 el a\u00f1o pasado un informe sobre reparaci\u00f3n a v\u00edctimas de la tortura en Espa\u00f1a que indicaba que ha habido una pauta de indultos a torturadores, procesos de media entre 10 y 15 a\u00f1os entre hecho y sentencia sobre tortura, e indemnizaciones rid\u00edculas. <\/p>\n<p>P.- Hola Esteban, hace poco Paul Macartney hizo unas declaraciones y dijo que se negaba a actuar en China por las torturas a que someten en ese pais a los perros. Pero&#8230;que pasa con EEUU? Por que el se\u00f1or macartney no se niega a actuar en ese pais aun siendo consciente de que en el se sigue practicando la pena de muerte? Que se puede hacer desde Amnistia Internacional para acabar con tal horroroso castigo? Que se esta haciendo actualmente? No hay ningun tribunal en el mundo que lo puede condenar?<\/p>\n<p>R.- En EEUU efectivamente se sigue aplicando la pena de muerte aunque se est\u00e1 logrando que disminuyan las ejecuciones en los \u00faltimos a\u00f1os. Pero quiz\u00e1 lo mas preocupante ahora del Gobierno de EEUU son los intentos de justificar la tortura, mantener miles de personas detenidas sin cargos, incluidos de 30 a 100 personas en centros de detenci\u00f3n secreta.<br \/>\nNosotros tenemos dos campa\u00f1as para acabar con estas dos graves violaciones de DDHH: una permanente sobre la pena de muerte ( yo creo que estamos ganando la batalla, por primera vez en la historia de la humanidad hay mas pa\u00edses sin pena de muerte que con pena de muerte) y otra para cerrar Guant\u00e1namo y que haya una investigaci\u00f3n independiente del Congreso de EEUU sobre el trato a los detenidos en sus operaciones en el exterior. <\/p>\n<p>P.- Ultimamente amnistia internacional Espa\u00f1a,se le ve muy desfasada, ser\u00e0 que se est\u00e1 volviendo muy comodona, como las administraciones publicas espa\u00f1olas que son de un atraso considerable, estoy seguro que en otros paises europeos amnistia internacional funciona de manera mas transparente y eficaz, he de decirle que intente comunicarme con vds, para conseguir un trabajo ya que soy policia y ni se dignaron a contestarme. \u00bfno conectan con la mayoria de la poblaci\u00f3n, les pasa como a los politicos?<\/p>\n<p>R.- No creo que estemos desfasados, y somos transparentes. Todas las convocatorias de \u00a1puestos de trabajo de AI son p\u00fablicas y con igualdad de oportunidades e intentamos contestar a todo el mundo. Si en su caso ha habido un error me disculpo. AI en Espa\u00f1a tiene 40,000 socios, 40,000 activistas, y recibimos una media de 43.000 solicitudes de informaci\u00f3n mensual. Creo que somos parte de la mayor\u00eda de la poblaci\u00f3n. <\/p>\n<p>P.- Desde su cargo y la organizaci\u00f3n que representa, \u00bfqu\u00e9 opini\u00f3n le merecen los acontecimientos sucedidos en las fronteras espa\u00f1olas con Ceuta y Melilla? \u00bfC\u00f3mo calificar\u00eda la actuaci\u00f3n del gobierno marroqu\u00ed? Es denigrante como dej\u00f3 tiradas a esas personas en el desierto.<\/p>\n<p>R.- Estuvimos haciendo una investigaci\u00f3n sobre lo ocurrido en Ceuta y Melilla y antes y en territorio marroqu\u00ed y lo mas preocupante ha sido:<br \/>\n1. Expulsiones ilegales sin int\u00e9rprete y sin abogado, incluido un menor de edad que fue violado despu\u00e9s por fuerzas de seguridad marroqu\u00edes, desde Espa\u00f1a.<br \/>\n2. Uso excesivo de la fuerza por parte de fuerzas de seguridad espa\u00f1oles contra inmigrantes que saltaban la valla.<br \/>\n3. Malos tratos y expulsiones ilegales del Gobierno de Marruecos a inmigrantes en su territorio, incluyendo a los que abandona en el desierto.<br \/>\n4. No investigaci\u00f3n independiente de ninguno de ambos gobiernos sobre los 14 muertos de las vallas.<\/p>\n<p>P.- Siempre se nos esta pidiendo ayuda, pero cuando uno se dispone a ayudar no encuentra ni como, ni donde, ni cuando, ni a quien. \u00bfComo puede colaborar un ciudadano dos, tres, cuatro o mas horas a la semana, si su ayuda no puede ser economica? \u00bfNo piensa que tendrian que abrirse muchos canales de colaboraci\u00f3n nuevos, claros y conocidos para que naciera una autentica costumbre o tradici\u00f3n de colaborar unas horas semanales? \u00bfQue esta costumbre deberia nacer ya en los colegios? Un abrazo<\/p>\n<p>R.- Bueno, convi\u00e9rtase en activista. Como dec\u00eda antes hay casi 40.000 en Espa\u00f1a, que en su casa o en grupo, trabajan por casos urgentes de torturas, o de pena de muerte, etc.<br \/>\nEn relaci\u00f3n con la Educaci\u00f3n en Derechos Humanos hemos presionado para que se incluyan los derechos humanos como parte relevante de la Ley Org\u00e1nica de Educaci\u00f3n que se acaba de aprobar. Ahora finalmente se llama &#8220;Educaci\u00f3n para la Ciudadan\u00eda y los Derechos Humanos&#8221;. Es un primer paso hist\u00f3rico. Ahora hay que dotarla de contenido. <\/p>\n<p>P.- Que pa\u00eds saca a su juicio mejor nota en tema de los Derechos Humanos y cu\u00e1l la peor. Mojese por favor.<\/p>\n<p>R.- AI no tiene listas negras ni compara pero le puedo decir, por ejemplo, que en la aplicaci\u00f3n de la pena de muerte hay cinco pa\u00edses que ejecutan m\u00e1s del 90% de las personas cada a\u00f1o (China, EEUU, Ir\u00e1n, Vietnam y Arabia Saudita).<br \/>\nEn tortura el a\u00f1o pasado hubo casos en 106 pa\u00edses&#8230;<\/p>\n<p>P.- \u00bfQu\u00e9 pasa con \u00c1frica? Por qu\u00e9 nadie se acuerda del continente negro? \u00bfCu\u00e1les son los principales conflictos existentes en esa zona y que los medios ignoran?<\/p>\n<p>R.- Efectivamente, es el gran continente olvidado&#8230;En \u00c1frica el principal problema son los conflictos armados (casi una decena). Y estas guerras existen por dos motivos: el tr\u00e1fico de armas (que es el comercio m\u00e1s letal y m\u00e1s descontrolado del mundo) y el comercio de materias primas (como diamantes, madera, colt\u00e1n) que alimenta reg\u00edmenes dictatoriales y se\u00f1ores de la guerra.<br \/>\nHay que hacer m\u00e1s transparentes estos dos comercios y regularlos. Mientras no se consiga, seguir\u00e1n los conflictos.<\/p>\n<p>P.- \u00bfqu\u00e9 le parece el apoyo del gobierno espa\u00f1ol al presidente colombiano Uribe, tan criticado por organizaciones de derechos humanos dentro y fuera de su pa\u00eds? Gracias<\/p>\n<p>R.- En Colombia, la situaci\u00f3n es de las mas graves de Am\u00e9rica Latina. Al a\u00f1o hay mas de 200.000 desplazados por la violencia, el a\u00f1o pasado hubo miles de desaparecidos o muertos.<br \/>\nEn este conflictos por un lado est\u00e1 ele ej\u00e9rcito colombiano con el apoyo de escuadrones de la muerte (miles de paramilitares) y la guerrilla de las FARC.<br \/>\nEl Gobierno espa\u00f1ol est\u00e1 realizandoo gestiones interesantes facilitando el contacto entre gobierno y guerrilla para un proceso de paz pero, siendo el segundo inversor en Colombia, ha desprovhechado oportunidades para hacer de los derechos humanos el centro de su agenda con el gobierno colombiano.<br \/>\nPor ejemplo no se opone a una ley de justicia y paz que permite que miles de miembros de estos escuadrones de la muerte queden en la impunidad. <\/p>\n<p>P.- \u00bfQu\u00e9 le parecen los estudios recientes sobre la pobreza en Espa\u00f1a? \u00bfQu\u00e9 valorac\u00f3n hace?<\/p>\n<p>R.- Bueno, la pobreza es una de las mayores violaciones de DDHH. Realmente nuestro trabajo sobre la pobreza es exterior a Espa\u00f1a (por ejemplo ahora en la Conferencia sobre Comercio en Hong Kong intentar que los pa\u00edses pobres tengan acceso a las patentes de medicamentos para combatir el SIDA), el derecho a la salud y a la educaci\u00f3n de los intocables en la India (120 millones de personas) o que el Gobierno de Zimbawe no utilice la comida como arma para reprimir a los disidentes.<\/p>\n<p>P.- Me gustar\u00eda que fuera sincero y me dijera si existe compentencia entre las diversas organizaciones y ONGs o hay juego limpio.<\/p>\n<p>R.- En el caso de organizaciones de DDHH desgraciadamente en Espa\u00f1a hay muy pocas por lo tanto no puede haber competencia y. desgraciadamente, poca colaboraci\u00f3n por lo tanto. Esto es un problema para documentar violaciones DDHH en Espa\u00f1a.<br \/>\nAdem\u00e1s AI no recibe ni un solo euro del gobierno, solo se financia con las aportaciones que pagan sus socios, por lo tanto no hay competencia por fondos estatales.<br \/>\nAI s\u00ed est\u00e1 trabajando, por ejemplo, con Intermon Oxfam y con Greenpeace en las campa\u00f1as y acciones sobre comercio de armas desde Espa\u00f1a, o con otras organizaciones trabajando contra el uso de ni\u00f1os soldado. <\/p>\n<p>P.- Creo que no hace falta irse muy lejos porque en Espa\u00f1a mucho trabajo que hacer. Puede decirnos cu\u00e1l&#8230;<\/p>\n<p>R.- Creo que hay que trabajar contra las violaciones de derechos humanos, aqu\u00ed y en todo el mundo, sin distinciones.<br \/>\nEn Espa\u00f1a, se debe trabajar contra los cr\u00edmenes que cometen grupos armados como ETA y AL Qaeda, contra la tortura y los malos tratos, contra las leyes cada vez mas restrictivas contra extranjeros inmigrantes, por el derecho de asilo y refugio que se encuentra en peligro de extinci\u00f3n en Espa\u00f1a o porque las mujeres no sufran violencia de g\u00e9nero.<br \/>\n\u00bfSabes por ejemplo que desde julio hay una circular a todas las comisar\u00edas del Ministerio del Interior por la cual una mujer inmigrante indocumentada que denuncia que la han pegado, adem\u00e1s de tramitar la denuncia, pide que se le pidan los papeles y si nos tiene en regla se le puede abrir un expediente de expulsi\u00f3n?. <\/p>\n<p>P.- Recientemente fueron indultados parcialmente unos polic\u00edas locales de Vigo que maltrataran a un inmigrante, caso del que se hizo eco AI. En virtud de esta medida estos agentes van a seguir en sus puestos. \u00bfQu\u00e9 opini\u00f3n le merecen medidas como estas del Gobierno espa\u00f1ol?<\/p>\n<p>R.- Hemos conocido el caso (de hecho AI lo denunci\u00f3 en su d\u00eda) lo estamos estudiando concretamente, pero como he dicho antes estos indultos a agentes que maltratan o torturan son un mal mensaje que parece disminuir la importancia de los malos tratos y las torturas. El Ministro de Justicia, hace unos meses, sin embargo se comprometi\u00f3 con nosotros a no indultar estos casos.<br \/>\nEn enero del 2001 por ejemplo hubo un indulto a 13 agentes de polic\u00eda e incluso alguno de ellos hab\u00eda torturado y sido indultado por torturas varias veces. <\/p>\n<p>P.- Buenos d\u00edas y enhorabuena por el trabajo que realizan. Me gustar\u00eda que me hablara de cual es la situaci\u00f3n de Espa\u00f1a en cuesti\u00f3n de derechos humanos. Y tambi\u00e9n \u00bfcree usted que realmente a alguien le interesan los presos o m\u00e1s bien las c\u00e1rceles se han convertido en agujeros donde se les mete para que los dem\u00e1s no los veamos y no molesten?<\/p>\n<p>R.- Gracias. Efectivamente, el tema de las violaciones de derechos humanos en las c\u00e1rceles es una cuesti\u00f3n oculta que no interesa a casi nadie, excepto a la propia gente que la sufre.<br \/>\nHoy las v\u00edctimas de torturas y malos tratos en todo el mundo son los presos en las c\u00e1rceles, pero como no tienen pedigr\u00ed pol\u00edtico, ni tienen realmente un gran apoyo social, son violaciones de DDHH que quedan olvidadas.<br \/>\nEn Espa\u00f1a hemos denunciado algunos de estos casos en algunas prisiones y existe un creciente problema de hacinamiento. <\/p>\n<p>P.- \u00bfCree usted de verdad que pa\u00edses como Rusia, Arabia Saud\u00ed, Cuba, Corea del Norte o Ir\u00e1n han &#8220;seguido el ejemplo estadounidense&#8221; para violar convenios internacionales, como dicen ustedes? \u00bfNo le parece que ya lo hac\u00edan &#8220;bastante bien&#8221; antes?<\/p>\n<p>R.- Bueno, efectivamente, lo hac\u00edan antes pero ahora hay dos diferencias:<br \/>\n1. Se a\u00f1ade un nuevo motivo para torturar o detener injustamente (son &#8220;terroristas&#8221;) y vale todo contra ellos.<br \/>\n2. Y sobre algunos de los pa\u00edses que mencionas ning\u00fan gobierno critica lo que hacen (son aliados en la &#8220;guerra contra el &#8220;terrorismo&#8221;). <\/p>\n<p>P.- \u00bfCu\u00e1l es principal temor de Aminst\u00eda de cara a un futuro inmediato? \u00bfqu\u00e9 est\u00e1 por venir que les preocupa el c\u00f3mo afrontarlo?<\/p>\n<p>R.- El principal temor es el impacto de la guerra contra el terror que impulsa Estados Unidos con el apoyo del Reino Unido y la tibieza del resto de Europa:<br \/>\n1 Impacto que haga que se extienda la tortura y que esta deje de ser clandestina y se aplique casi abiertamente.<br \/>\n2. Impacto sobre el derecho a la salud, a la educaci\u00f3n que tiene esta guerra contra el terror en el comercio de armas. Un pa\u00eds como Eritrea dedica el 20% de su presupuesto a la defensa. <\/p>\n","protected":false},"excerpt":{"rendered":"<p>El 10 de diciembre se celebr\u00f3 el D\u00eda de los Derechos Humanos, que conmemora el aniversario de la aprobaci\u00f3n de la Declaraci\u00f3n Universal de los Derechos Humanos por la Asamblea General en 1948. Sin embargo, pese a las medidas y mecanismos desarrollados para asegurar la primac\u00eda de estos Derechos queda mucho trabajo por hacer. Esteban Beltr\u00e1n, director de Amnist\u00eda Internacional en Espa\u00f1a, ha evaluado esta situaci\u00f3n con los lectores.<\/p>\n","protected":false},"author":1,"featured_media":0,"comment_status":"open","ping_status":"open","sticky":false,"template":"","format":"standard","meta":{"footnotes":""},"categories":[],"tags":[],"class_list":["post-453","post","type-post","status-publish","format-standard","hentry"],"_links":{"self":[{"href":"https:\/\/intervius.com\/index.html\/wp-json\/wp\/v2\/posts\/453","targetHints":{"allow":["GET"]}}],"collection":[{"href":"https:\/\/intervius.com\/index.html\/wp-json\/wp\/v2\/posts"}],"about":[{"href":"https:\/\/intervius.com\/index.html\/wp-json\/wp\/v2\/types\/post"}],"author":[{"embeddable":true,"href":"https:\/\/intervius.com\/index.html\/wp-json\/wp\/v2\/users\/1"}],"replies":[{"embeddable":true,"href":"https:\/\/intervius.com\/index.html\/wp-json\/wp\/v2\/comments?post=453"}],"version-history":[{"count":0,"href":"https:\/\/intervius.com\/index.html\/wp-json\/wp\/v2\/posts\/453\/revisions"}],"wp:attachment":[{"href":"https:\/\/intervius.com\/index.html\/wp-json\/wp\/v2\/media?parent=453"}],"wp:term":[{"taxonomy":"category","embeddable":true,"href":"https:\/\/intervius.com\/index.html\/wp-json\/wp\/v2\/categories?post=453"},{"taxonomy":"post_tag","embeddable":true,"href":"https:\/\/intervius.com\/index.html\/wp-json\/wp\/v2\/tags?post=453"}],"curies":[{"name":"wp","href":"https:\/\/api.w.org\/{rel}","templated":true}]}}