{"id":4483,"date":"2008-05-09T00:00:00","date_gmt":"2006-11-06T00:00:00","guid":{"rendered":"https:\/\/intervius.com\/index.html\/?p=4483"},"modified":"2006-11-06T00:00:00","modified_gmt":"2006-11-06T00:00:00","slug":"Montserrat_Nebrera4483","status":"publish","type":"post","link":"https:\/\/intervius.com\/index.html\/Montserrat_Nebrera4483\/","title":{"rendered":"Montserrat Nebrera"},"content":{"rendered":"<p>Pregunta.- SI ES PRESIDENTA DEL PP CATALAN. SU POSICION SERA DURA COMO VIDAL-QUADRAS O ACEPTARA EL SENTIMIENTO CATALAN DE MUCHA GENTE COMO CIU O ERC, I NO UTILIZARA CATALU\u00d1A PARA OTROS PROBLEMAS POLITICOS DE ESPA\u00d1A<\/p>\n<p>Respuesta.- Usted incluye en la pregunta la respuesta. Pero creo que el debate debe ser solventado por superaci\u00f3n de dicotom\u00edas que no nos conducen m\u00e1s que a la divisi\u00f3n. Colaborar en el futuro de Catalu\u00f1a ha de ser siempre colaborar en el futuro de Espa\u00f1a.<\/p>\n<p>P.- \u00bfQu\u00e9 le pareci\u00f3 la intervenci\u00f3n de la Conferencia Episcopal en las pasadas Elecciones Generales? \u00bfDebe la Iglesia intervenir en los asuntos pol\u00edticos?<\/p>\n<p>R.- Cualquier organizaci\u00f3n no gubernamental que represente a intereses ciudadanos tiene derecho a manifestarse como quiera mientras no violente derechos fundamentales. Todos tenemos responsabilidad en la formaci\u00f3n del discurso pol\u00edtico.<\/p>\n<p>P.- \u00bfQu\u00e9 piensa de las parejas de hecho? \u00bfDeben tener los mismos derechos que los matrimonios?<\/p>\n<p>R.- Las prioridades en pol\u00edticas sociales para un partido liberal-conservador pasan por la potenciaci\u00f3n del principal eje del estado del bienestar, que es la familia. Determinadas estructuras familiares contribuyen mejor a ese objetivo. Ese debe ser el principal criterio.<\/p>\n<p>P.- \u00bfEs verdad que recojes avales de personas que no son compromisarias en el congreso del PP de Catalu\u00f1a? Si es as\u00ed, y sabiendo que esos avales no cuentan, \u00bfpor qu\u00e9 lo haces?<\/p>\n<p>R.- No. Es imposible recoger avales de quien no es compromisario.<\/p>\n<p>P.- \u00bfHa objetado Usted a la asignatura de Educaci\u00f3n para la Ciudadan\u00eda que reciben sus hijos, o lo har\u00e1 cuando les corresponda?<\/p>\n<p>R.- No responder a esa pregunta es parte de mi libertad de conciencia.<\/p>\n<p>P.- \u00bfCree que el Estado debe ser laico?<\/p>\n<p>R.- Creo que ese debate es prematuro, ineficaz y propicia un derroche de recursos p\u00fablicos que debemos utilizar para otras muchas prioridades.<\/p>\n<p>P.- El apoyo del PP de Madrid parece un elemento indispensable. Que fuera precisamente Josep Piqu\u00e9 quien la hiciera ascender dentro del partido, no es precisamente garant\u00eda de tener el apoyo de G\u00e9nova&#8230;<\/p>\n<p>R.- no lo se. Ni me importa. Pero Josep Piqu\u00e9 fue tres veces ministro.<\/p>\n<p>P.- \u00bfCatalanismo es nacionalismo? Y si Usted opina que no lo es, \u00bfque es catalanidad?<\/p>\n<p>R.- Nunca confrontar\u00e9 intencionadamente los sentimientos de los catalanes. Creo que Catalu\u00f1a es nuestra manera de ser Espa\u00f1a.<\/p>\n<p>P.- \u00bfCree que existe &#8220;el nacionalismo moderado&#8221; o cree, como afirmaba recientemente Oriol Pujol, que todo nacionalista es independentista, tenga o no prisa por conseguir la independencia?<\/p>\n<p>R.- Creo que todo nacionalismo que no pretenda la independencia no es problema m\u00edo. Ni de catalu\u00f1a.<\/p>\n<p>P.- Hola Montse, Parece que la crisis o guerra abierta que se ha vivido en el PP de Madrid puede extrapolarse a Catalu\u00f1a. No es la mentable esta pugna en el seno de un mismo partido? No contribnuye a desgastar la imagen general del partido? Si quieren sacarse los ojos apoyen el cambio de sistema electoral del PSOE y hagan unas primarias como en Estados unidos. Entonces, tendr\u00e1 sentido que se saquen los ojos como Obama y Clinton.<\/p>\n<p>R.- Bueno, yo preferir\u00eda que no nos sac\u00e1semos los ojos en ning\u00fan caso. Y no creo que confrontar ideas lo sea. Despu\u00e9s del debate, y gane quien gane, lo importante ser\u00e1 ser uno solo frente al adversario.<\/p>\n<p>P.- Usted fue n\u00famero dos en las auton\u00f3micas y aun as\u00ed el PP baj\u00f3 un diputado. Hab\u00eda carteles suyos por toda Barcelona. Se puede decir que usted no pudo arrastrar ning\u00fan voto, m\u00e1s bien al contrario. \u00bfEsto no le hace pensar que usted no es una buena cabeza de cartel?<\/p>\n<p>R.- Eso solo se comprobar\u00e1 cuando lo sea.<\/p>\n<p>P.- La noche electoral de las pasadas Auton\u00f3micas, Usted se encontraba en TV3 y cuando le preguntaron si pensaba que se hab\u00eda producido un trasvase de voto del PPC a Ciutdadans, contest\u00f3 que si as\u00ed hab\u00eda sido, Usted no quer\u00eda esos votos. Yo, que soy del PP desde muchos a\u00f1os antes que Usted, vot\u00e9 a Ciutdadans en esas Elecciones porque Piqu\u00e9 no defend\u00eda mi concepto de Espa\u00f1a y s\u00ed lo hac\u00eda entonces Ciudadanos. \u00bfCree que Espa\u00f1a es una naci\u00f3n e incluye Catalu\u00f1a? \u00bfCree que el &#8220;Estado Espa\u00f1ol&#8221; es &#8220;una realidad plurinacional&#8221;? \u00bfCree Usted que Catalu\u00f1a es una naci\u00f3n? \u00bfCree que el concepto de Espa\u00f1a es &#8220;discutible&#8221;?<\/p>\n<p>R.- Creo que Espa\u00f1a es un proyecto de futuro que ha ido cambiando a medida que evolucionaba el estado de las autonom\u00edas. El PP debe ser capaz de trabajar del mejor modo por esa realidad y una parte importante de esa realidad es mi proyecto. Se llama Catalu\u00f1a<\/p>\n<p>P.- LE gustaria que Esperanza Aguirre fuera presidenta del PP?<\/p>\n<p>R.- Me gusta comprobar que es un partido liberal conservador como el PP el que m\u00e1s veces ha llevado a altas responsabilidades a las mujeres, como producto de la elecci\u00f3n y no de la imposici\u00f3n a dedo. Eso es feminismo<\/p>\n<p>P.- Usted acus\u00f3 de &#8220;soberbias&#8221; y &#8220;asesinas&#8221; a las mujeres que por un motivo u otro -seguro que ninguno de ellos es agradable- han tenido que abortar. \u00bfSigue pensando as\u00ed? No creo que eso se pueda enmarcar dentro del liberalismo que usted predica.<\/p>\n<p>R.- Quien cree que de su sola mano depende la vida peca de soberbia. Quien defiende la cultura de la muerte toca fondo. Pero nunca se me ocurrir\u00eda decir que las mujeres que abortan son asesinas. Solo requieren una esperanza de poder decidir en libertad y ahora no la tienen<\/p>\n<p>P.- Aparte de usted y usted misma, con qu\u00e9 equipo cuenta? Porque eso es importante para decidirse entre un proyecto y otro<\/p>\n<p>R.- Yo, yo y yo. Y muchos m\u00e1s. Algunos estaban ayer en el C\u00edrculo Ecuestre, otros se han manifestado recientemente. Algunos ser\u00e1n dados a conocer en esta campa\u00f1a. Al final, sumaremos al conjunto del partido una nueva ilusi\u00f3n de crecimiento.<\/p>\n<p>P.- Querida Montse, voy a ser claro: \u00bfvas a pactar con Alberto, s\u00ed o no?<\/p>\n<p>R.- Querido amigo. No es el momento de hablar de pactos.<\/p>\n<p>P.- Buenos dias Montse: Me gustaria saber en el caso de que ganaras, cual es tu proyecto para Nuevas Generaciones, que me consta que est\u00e1n trabajando mucho y bien, y pueden aportar mucho al futuro de nuestro partido si se les sabe aprovechar. Y ni que decir tiene, y valga la redundancia, que son el futuro del partido.<\/p>\n<p>R.- Me gustar\u00eda para ellos la misma libertad que defiendo para todo el PPC y en general para la sociedad catalana. \u00bfEst\u00e1 seguro de que ahora la tienen?<\/p>\n<p>P.- Usted tambi\u00e9n cree que el espa\u00f1ol est\u00e1 perseguido en Catalunya?<\/p>\n<p>R.- Lenguas espa\u00f1olas hay muchas. Si se refiere a que la clase pol\u00edtica catalana en su voluntad de proteger el catal\u00e1n ha acabado generando actitudes poco recomendables desde el punto de vista de la libertad, estamos de acuerdo. Pero hay cosas que me importan mucho m\u00e1s en el futuro de nuestros hijos.<\/p>\n<p>P.- Ya que su compa\u00f1ero Fern\u00e1ndez record\u00f3 el otro d\u00eda aqu\u00ed mismo la pol\u00e9mica sobre el CAT en las matr\u00edculas. \u00bfcu\u00e1l es su opini\u00f3n sobre ello? Ha habido mucha hipocres\u00eda en el PP sobre este tema.<\/p>\n<p>R.- No me motiva nada esa pol\u00e9mica.<\/p>\n<p>P.- Como puede decir que en Catalunya no hay libertad?<\/p>\n<p>R.- \u00bfHa intentado usted crear un negocio? \u00bfCree que tiene capacidad de optar por un modelo educativo de calidad para sus hijos? \u00bfCree que este es el lugar de Espa\u00f1a en el que las oportunidades de crecimiento personal son mayores? Muchas veces, la falta de libertad s\u00f3lo se percibe cuando uno intenta salir de aquello que la mayor\u00eda acepta como bueno sin haber reflexionado demasiado. Y entonces se da cuenta de que no es posible<\/p>\n<p>P.- Por qu\u00e9 ha asegurado varias veces que no hay libertad en el PP?<\/p>\n<p>R.- Por experiencias vividas por buenos amigos, militantes del PPC, que no han podido presentar su candidatura a compromisario, o de compromisarios que han dado su aval por miedo o por inercia y por la necesidad de algunos dirigentes de esgrimir el padrinazgo de G\u00e9nova como un valor.<\/p>\n<p>P.- Su objetivo es cambiar al Pp de Catalu\u00f1a, pero \u00bfpodr\u00eda intentarse reconvertir al PP nacional?<\/p>\n<p>R.- Las revoluciones empiezan en uno mismo. Del PPC al PPE.<\/p>\n<p>P.- \u00bfPodr\u00eda llegar a ocurrir una escisi\u00f3n en el PP, que los sectores m\u00e1s derechistas ,m\u00e1s pr\u00f3ximos al franquismo, (Acebes, los Fern\u00e1ndez, Trillo, etc) fundaran otro partido y dejaran as\u00ed v\u00eda libre para la creaci\u00f3n de una nueva UCD, un nuevo partido de centro que ocupar\u00eda en gran parte el espacio que el PSOE ocupa hoy con pol\u00edticas que no tienen nada de socialistas?<\/p>\n<p>R.- Depender\u00e1 de la capacidad de los militantes de pensar en el objetivo prioritario, que debe ser siempre ofrecer una alternativa al Gobierno. Nuestro adversario es el PSOE y no nosotros mismos. En la unidad est\u00e1 la fuerza. Ojal\u00e1 seamos capaces de conseguirlo.<\/p>\n<p>P.- Soy militante del PP y considero que usted es la mejor candidata de los tres que se presentan; el problema es que creo que usted no ha sido leal al partido y ha hecho declaraciones que perjudican al Partido en genral. \u00bfQue argumentos nos da, a los que creiamos en usted, para defenderla como presidenta del PPC, despu\u00e9s de las declaraciones que ha hecho?<\/p>\n<p>R.- Algunas declaraciones est\u00e1n pensadas con la voluntad de ofrecer a nuestros votantes potenciales, no a los ya existentes, un motivo de reflexi\u00f3n basado en la autocr\u00edtica, que es el \u00fanico modo de construir un futuro en el que gobernemos. Tal vez haya habido errores, pero creo que hasta ahora los objetivos se est\u00e1n cumpliendo<\/p>\n<p>P.- \u00bfCu\u00e1l es su modelo de partido?\u00bfAqu\u00e9l que se siente catal\u00e1n y espa\u00f1ol?\u00bfO aqu\u00e9l que no quiere molestar al nacionalismo, por lo que adopta una posici\u00f3n ambigua y un catalanismo light? (Jes\u00fas)<\/p>\n<p>R.- No se qu\u00e9 es el catalanismo light. Escribir Espa\u00f1a desde Catalu\u00f1a no puede ser m\u00e1s que trabajar por los catalanes en lealtad constitucional, pero defendiendo nuestro modo de ser como una parte del patrimonio com\u00fan. Nunca me he planteado conflicto entre mi catalanidad y mi espa\u00f1olidad y no pienso empezar a hacerlo ahora.<\/p>\n<p>P.- Sra. Nebrera, \u00bfsin llevar ni un a\u00f1o afiliada al PP, se cree de verdad capacitada para dirigir este partido, sin tener experiencia alguna?<\/p>\n<p>R.- Defiendo un partido para el siglo XXI con capacidad de volver a acercar a la ciudadan\u00eda a las cuestiones pol\u00edticas. Las estructuras de partido que funcionan por el criterio exclusivo del turno y la antig\u00fcedad han alejado a las personas no militantes de la esperanza de participar en la pol\u00edtica. No tengo experiencia de partido, pero mucha gente de mi equipo s\u00ed la tiene y yo puedo aportar el signo de la renovaci\u00f3n que tan necesaria nos resulta<\/p>\n<p>P.- Buenos d\u00edas. Me gustar\u00eda saber si est\u00e1 de acuerdo con que se modifique el Estatuto de Catalu\u00f1a para que reconozca que las lenguas propias de Catalu\u00f1a son dos: el catal\u00e1n y el espa\u00f1ol\/castellano. Muchas gracias y suerte en su carrera pol\u00edtica.<\/p>\n<p>R.- Modificar el Estatuto es m\u00e1s dificil que reformar la Constituci\u00f3n. Su esperanza consiste en que lo aplique un partido liberal-conservador que tenga sentido de estado y sensibilidad perif\u00e9rica. Ese partido solo puede ser el PP<\/p>\n<p>P.- \u00bfSe puede ser de centroderecha y republicano? \u00bfSe podr\u00eda llegar a defender un d\u00eda la Rep\u00fablica en Espa\u00f1a desde posiciones que no sean las de IU, que me temo que por s\u00ed misma lo tiene crudo para lograr sus objetivos?.<\/p>\n<p>R.- No es lo mismo ser mon\u00e1rquico que juancarlista. Y en cuanto a la monarqu\u00eda, la Historia de Occidente demuestra que incluso donde algunos monarcas fueron decapitados la tendencia a buscar s\u00edmbolos mon\u00e1rquicos permanece. Piense que a Mitterand le llamaban El Emperador y que Napole\u00f3n se autoproclam\u00f3 como tal. Pero la forma de estado la decidir\u00e1n los espa\u00f1oles, aunque reformar la Constituci\u00f3n en ese punto es extremadamente costoso.<\/p>\n<p>P.- Le\u00ed una carta esta semana en un peri\u00f3dico criticando el gasto que supon\u00eda la apertura de una aut\u00e9ntica embajada catalana en no recuerdo que pa\u00eds europeo. \u00bfQu\u00e9 opina usted sobre la forma en que se gasta el dinero de nuestros impuestos?. \u00c1nimo.<\/p>\n<p>R.- El nacionalismo, con sus pretensiones, ha generado no s\u00f3lo des\u00e1nimo sino tambi\u00e9n despilfarro. Creo que son esos sus principales inconvenientes. Pero para que se entienda, el PPC debe ser capaz de hablar de otras cosas que tambi\u00e9n suponen grave irresponsabilidad en la gesti\u00f3n de los recursos p\u00fablicos.<\/p>\n<p>P.- Alguna vez se dijo en la prensa que el PP iba a retirarse de Catalunya y dejar el espacio de centroderecha a CiU, un poco como ocurre en Navarra como UPN. No ha sido as\u00ed, incluso el PP, con altibajos, ha crecido en Catalu\u00f1a a pesar de los estigmas que le ha lanzado el nacionalismo, especialmente CiU, cuando cuestionaba sus pol\u00edticas identitarias (caso Vidal Quadras). Creo que el PP hoy se debate entre hacerse m\u00e1s &#8220;catalanista&#8221; (si eso es posible con un Estatuto que est\u00e1 ya en la frontera de lo confederal) o m\u00e1s antinacionalista, defendiendo en primer lugar un proyecto com\u00fan espa\u00f1ol. \u00bfCu\u00e1l ser\u00eda su opci\u00f3n? Saludos, Carlos.<\/p>\n<p>R.- Si el PPC es capaz de comunicar eficientemente su proyecto liberal-conservador de mejora de las condicioens de vida, de ilusi\u00f3n y de libertad de los catalanes ser\u00e1 nuestra formaci\u00f3n la que lidere el centro-derecha en Catalu\u00f1a en los pr\u00f3ximos a\u00f1os. Pero hace falta centrar el discurso en lo esencial, que no es en ning\u00fan caso dialogar con ERC y con Ciutadans. Nuestro adversario es el PSC.<\/p>\n<p>P.- Usted dijo que se afiliar\u00eda al Partido Popular, cuando le acompa\u00f1asen 2000 personas. Primero me gustar\u00eda saber donde est\u00e1n las 1999 que faltan y segundo usted, se afilio siendo Presidente Daniel Sirera, algo en com\u00fan deben tener.<\/p>\n<p>R.- Con todos los respetos, yo no me afili\u00e9 con Daniel Sirera, sino en el PPC, con independencia de su presidente y para conseguir que el PPC creciera. Muchas de las personas que est\u00e1n dispuestas a acompa\u00f1arnos s\u00f3lo lo har\u00e1n si yo lidero la formaci\u00f3n. Ah\u00ed est\u00e1n los 2.000<\/p>\n<p>P.- Se\u00f1ora Nebrera, estoy de acuerdo que es necesario un partido de centro-derecha abierto a la sociedad y a Catalunya. \u00bfNo cree que deber\u00edan apoyar la prohibici\u00f3n de las corridas de toros en Catalunya tal y como piden el 80% de los catalanes. Ser\u00eda una forma \u00fatil y representativa de un nuevo modelo en el PP. Gracias y saludos. Un votante popular indeciso.<\/p>\n<p>R.- se\u00f1or votante popular indeciso: Espero que no le disuada de votar al PP que yo, que era antitaurina, aprend\u00ed mucho sobre la tauromaquia con mi director de tesis doctoral y ahora ya no lo veo exactamente igual. Un d\u00eda, si quiere, debatimos sobre el tema<\/p>\n<p>P.- Tradicionalmente, en el PPC, tras los congresos, siempre se habla de integrar y sumar a los candidatos derrotados en el proceso congresual. No creo que esta vaya a ser una excepcci\u00f3n. \u00bfCon qu\u00e9 candidato no entrar\u00eda a formar parte de la Direcci\u00f3n ejecutiva del partido si no sale elegida presidenta del mismo?. Parto de la base que se lo van a ofrecer en el mismo discurso del candidato electo.<\/p>\n<p>R.- No formar\u00e9 parte del equipo de cualquiera de los dos candidatos. S\u00ed aceptar\u00eda que integrantes de las otras dos candidaturas se integrasen en mi proyecto. No busco una silla. Aceptar\u00e9 la decisi\u00f3n que democr\u00e1ticamente adopten los compromisarios y seguir\u00e9 trabajando por el partido, aunque pierda, cosa que por otra parte no me planteo<\/p>\n","protected":false},"excerpt":{"rendered":"<p>Asegura que quiere cambiar la imagen del PP en Catalu\u00f1a. Un objetivo sobre el que se ha volcado desde que Josep Piqu\u00e9 la elevara a n\u00famero dos del partido. El peso de sus dos rivales en el partido no le abruma y considera que tiene posibilidades de reformar un partido que ve desorientado.<br \/>\nLos tres candidatos, en elmundo.es <\/p>\n","protected":false},"author":1,"featured_media":0,"comment_status":"open","ping_status":"open","sticky":false,"template":"","format":"standard","meta":{"footnotes":""},"categories":[],"tags":[],"class_list":["post-4483","post","type-post","status-publish","format-standard","hentry"],"_links":{"self":[{"href":"https:\/\/intervius.com\/index.html\/wp-json\/wp\/v2\/posts\/4483","targetHints":{"allow":["GET"]}}],"collection":[{"href":"https:\/\/intervius.com\/index.html\/wp-json\/wp\/v2\/posts"}],"about":[{"href":"https:\/\/intervius.com\/index.html\/wp-json\/wp\/v2\/types\/post"}],"author":[{"embeddable":true,"href":"https:\/\/intervius.com\/index.html\/wp-json\/wp\/v2\/users\/1"}],"replies":[{"embeddable":true,"href":"https:\/\/intervius.com\/index.html\/wp-json\/wp\/v2\/comments?post=4483"}],"version-history":[{"count":0,"href":"https:\/\/intervius.com\/index.html\/wp-json\/wp\/v2\/posts\/4483\/revisions"}],"wp:attachment":[{"href":"https:\/\/intervius.com\/index.html\/wp-json\/wp\/v2\/media?parent=4483"}],"wp:term":[{"taxonomy":"category","embeddable":true,"href":"https:\/\/intervius.com\/index.html\/wp-json\/wp\/v2\/categories?post=4483"},{"taxonomy":"post_tag","embeddable":true,"href":"https:\/\/intervius.com\/index.html\/wp-json\/wp\/v2\/tags?post=4483"}],"curies":[{"name":"wp","href":"https:\/\/api.w.org\/{rel}","templated":true}]}}