{"id":4445,"date":"2008-06-05T00:00:00","date_gmt":"2006-11-06T00:00:00","guid":{"rendered":"https:\/\/intervius.com\/index.html\/?p=4445"},"modified":"2006-11-06T00:00:00","modified_gmt":"2006-11-06T00:00:00","slug":"Pacho_Gonzalez4445","status":"publish","type":"post","link":"https:\/\/intervius.com\/index.html\/Pacho_Gonzalez4445\/","title":{"rendered":"Pacho Gonz\u00e1lez"},"content":{"rendered":"<p>Pregunta.- Hace a\u00f1os vi un documental en tele 5 sobre su caso y alucin\u00e9. Es incre\u00edble que a\u00f1os despu\u00e9s siga sin haberse hecho justicia. \u00bfCu\u00e1les cree que son las razones? \u00bfC\u00f3mo es posible que esto ocurra en un Estado de Derecho?<\/p>\n<p>Respuesta.- Antes de nada, perm\u00edtame saludar a todos las personas que han enviado sus preguntas interes\u00e1ndose por la mayor tragedia del ej\u00e9rcito espa\u00f1ol en tiempos de paz. En realidad, desconozco cu\u00e1les son las razones \u00faltimas por las que, cinco a\u00f1os despu\u00e9s del accidente del Yak 42, a\u00fan no se ha hecho justicia. Pero estoy convencido de que si se hubiera tratado del accidente de un avi\u00f3n civil, ya se habr\u00edan depurado todas las responsabilidades. Igualmente, comparto su extra\u00f1eza al plantearme c\u00f3mo es posible que esto ocurre en un Estado de Derecho, c\u00f3mo es posible que no se articulen todos los mecanismos -y no s\u00f3lo judiciales- para que se llegue a esclarecer todo este asunto.<\/p>\n<p>P.- Hola. Lo primero, darles las enhorabuena por su lucha y desearles lo mejor. Adem\u00e1s, me gustar\u00eda saber su opini\u00f3n sobre la utilizaci\u00f3n pol\u00edtica del Yak 4\u00bfSe han sentido apoyados por la clase pol\u00edtica o usados para fines diversos?<\/p>\n<p>R.- Much\u00edsimas gracias por su apoyo. Siempre nos ha sorprendido por qu\u00e9 se ha querido utilizar pol\u00edticamente esta tragedia, porque si una cuesti\u00f3n tenemos clara es que los 62 militares fueron a realizar su misi\u00f3n humanitaria cuando estaba en el gobierno un partido de un signo pol\u00edtico determinado, pero, sin duda, habr\u00eda ido de haber estado otro partido de signo distinto. Imagino que quien ha intentado utilizar pol\u00edticamente este asunto es porque tiene algo que ocultar, o porque ha primado sus propios intereses por encima de otros valores m\u00e1s universales. En cuanto al apoyo de la clase pol\u00edtica, me gustar\u00eda destacar que nos ha costado hacer entender que esta lucha -como usted dice- no tiene que ser s\u00f3lo de familiares. Porque no murieron en Turqu\u00eda por ser familiares nuestros, sino porque eran miembros del ej\u00e9rcito espa\u00f1ol, representaban a nuestro pa\u00eds. Y creemos que a\u00fan todos, toda la sociedad espa\u00f1ola, tenemos una deuda pendiente con ellos.<\/p>\n<p>P.- Sr. Gonz\u00e1lez, le dir\u00eda aquello de v\u00e1yase Sr. Gonz\u00e1lez, pero quiero aprovechar la oportunidad que me ofrece Elmundo.es de realizarle la siguiente pregunta: \u00bfconsidera que la justicia subsidiaria de la tragedia del Yak debe ser una especie de caza de brujas al Gobierno Aznar? Me explico. El caso del Yak ha sido archivado reabierto unas 2 \u00f3 3 veces, e incluso se ha sentenciado a altos mandos militares, pero eso no es suficiente. \u00bfAcaso buscan Uds. que el Presidente Aznar se siente en el banquillo, sea como sea? Gracias. Suerte. Miguel P.<\/p>\n<p>R.- Muchas gracias por su pregunta. Me gustar\u00eda aclararle que es verdad que por dos veces los distintos jueces de instrucci\u00f3n de la Audiencia Nacional han arquivado las causas sobre la contrataci\u00f3n del Yak42 y la identificaci\u00f3n de los cad\u00e1veres. Pero tambi\u00e9n por dos veces la Sala de lo Penal de la Audiencia Nacional les ha obligado a investigar. Tambi\u00e9n decirle que a\u00fan no se ha dictado sentencia, sino que s\u00f3lo hay 8 imputados en las dos causas abiertas. En cuento a la caza de brujas a la que se refiere, s\u00f3lo queremos que se investigue a fondo este asunto. Y que comparezca como testigo quien tenga que comparecer. Adem\u00e1s, considero que todos debemos colaborar con la justicia para aclarar todo lo sucedido. Ese homenaje de la verdad se le debemos a los 62 militares que dieron su vida representando a nuestro pa\u00eds.<\/p>\n<p>P.- \u00bfCree que, llegar\u00e1 el d\u00eda en que se dicte sentencia, respecto a la falsa identificaci\u00f3n de los militares, y sobre la imprudencia para no evitar el acidente del Yak?<\/p>\n<p>R.- Sin duda llegar\u00e1. Estoy, estamos convencidos de ello. Reconozco que en alguna ocasi\u00f3n hemos llegado a pensar que no se iba a rendir ese homenaje de la verdad a los 62 militares. Pero, por suerte, la justicia, m\u00e1s tarde o temprano, llega.<\/p>\n<p>P.- Hola. Mi pregunta es: \u00bfC\u00f3mo definir\u00eda la actuaci\u00f3n del juez Grande-Marlaska? Espero que conteste con sinceridad. Gracias<\/p>\n<p>R.- No considero que sea la persona m\u00e1s adecuada para contestar a su pregunta. Pero, si me permite, me gustar\u00eda referirme a diferentes jueces que se han pronunciado sobre las sentencias y los autos de Grande Marlaska. Y quiero recordar tan s\u00f3lo dos hechos. hace un par de d\u00edas, el Tribunal Supremo le record\u00f3 a Grande Marlaska que ten\u00eda que actuar de forma legal. Y hace unos meses, la Sala de lo Penal dijo que el archivo de la causa sobre la contrataci\u00f3n, que realiz\u00f3 Grande Marlaska, quebraba el derecho a una tutela judial efectiva. Usted puede entender que un juez no act\u00fae de forma legal o pueda quebrar el derecho a una tutela judicial efectiva?<\/p>\n<p>P.- Hola Pacho \u00bfcu\u00e1les son las principales reivindicaciones a las que todav\u00eda no os han hecho caso a los familiares de los perdidos en esta tragedia?<\/p>\n<p>R.- La principal reivindicaci\u00f3n creo que la podr\u00eda compartir cualquier persona que se encontrase en una situaci\u00f3n parecida a la nuestra. Y es que se investigue a fondo el accidente (la contrataci\u00f3n de un avi\u00f3n que nunca ten\u00eda que haber volado) y la identificaci\u00f3n de los cuerpos (30 cad\u00e1veres estaban mal identificados). Es la misma reivindicaci\u00f3n de hace cinco a\u00f1os&#8230;<\/p>\n<p>P.- \u00bfQu\u00e9 esperan del juicio? \u00bfSaben ya la fecha? Despu\u00e9s de cinco a\u00f1os debe ser duro revivir todo de nuevo. Mucho \u00e1nimo<\/p>\n<p>R.- Estamos a\u00fan a la espera de que se fije la fecha del juicio oral sobre los errores de identificaci\u00f3n de los cad\u00e1veres (yo dir\u00eda m\u00e1s bien fraude, porque ni se preocuparon por identificarlos). En la causa sobre las contrataciones, a\u00fan estamos en la fase de intrucci\u00f3n&#8230; cinco a\u00f1os despu\u00e9s!!!!Lo que esperamos de los juicios es, simplemente, que se sepa toda la verdad de lo ocurrido. Much\u00edsimas gracias por su apoyo.<\/p>\n<p>P.- De todos estos a\u00f1os \u00bfqu\u00e9 ha sido lo m\u00e1s duro? Todo mi cari\u00f1o desde Valencia.<\/p>\n<p>R.- Muchas gracias por su cari\u00f1o. No es f\u00e1cil asimilar la p\u00e9rdida de un familiar en unas circunstancias tan tr\u00e1gicas. Pero perm\u00edtame que esta contestaci\u00f3n sea m\u00e1s personal, y no como presidente de la asociaci\u00f3n de familiares. Para m\u00ed, y para mi familia, lo m\u00e1s duro ha sido comprobar c\u00f3mo los compa\u00f1eros militares de mi padre no le acompa\u00f1aron cuando m\u00e1s lo necesitaba.<\/p>\n<p>P.- Buenos d\u00edas Sr. Gonz\u00e1lez. Creo que nadie es capaz de hacerlo todo mal&#8230; aunque alguna veces la clase pol\u00edtica que tenemos se empe\u00f1a en lo contrario. Es obvio que el Yak 42 se ha utilizado pol\u00edticamente e igualmente obvia la postura del PP. Mi pregunta es: \u00bfha habido alguna persona del PP que les haya manifestado su apoyo incondicional? Me gustar\u00eda pensar que s\u00ed&#8230;<\/p>\n<p>R.- Ignoro si alguna persona del Partido Popular ha hecho alguna manifestaci\u00f3n p\u00fablica o privada manifestando su apoyo. como presidente de la asociaci\u00f3n de familiares no he recibido ning\u00fan mensaje en este sentido.<\/p>\n<p>P.- Entiendo dos cosas y muy diferenciadas. Por un lado la contratacion y accidente del avi\u00f3n, que si hubo alg\u00fan tipo de negligencia deber\u00edan de juzgarse y por otro lado el tema que mas me molesta e irrita: Si se cae un avi\u00f3n y se matan TODOS los ocupantes, que mas dar\u00e1 de quien es una pierna o unos restos&#8230; Hay alguna difrerencia entre ellos? Dejad a los muertos en paz!!! Y a las familias que saben SEGURO que muri\u00f3 su ser querido. lo asuman. sin querer profundizar en la morbosidad. El ADN solo sirve para saber si ha muerto o no, en caso que haya superviviente so dudas, para nada en este caso.<\/p>\n<p>R.- Entiendo que cada persona gestiona su dolor de la forma que considera m\u00e1s oportuna, o de la forma que mejor pueda. Y, desde luego, lo \u00fanico que nos queda, por desgracia, de nuestros seres querido es su recuerdo. Y creo que es m\u00e1s que l\u00edcito que alguien reclame que si va a rezar a la tumba de su hijo, su marido, su hermano&#8230; lo que encuentre en esa tumba sean los restos de ellos.<\/p>\n<p>P.- \u00bfPorqu\u00e9 creen que Aznar y trillo se precipitaron en celebrar los funerales? \u00bfNo cree que si hab\u00eda una identificaci\u00f3n oficial no pod\u00edan hacer otra cosa \u00bfO es que hubo una petici\u00f3n para retrasarlos y se la saltaron a la torera?<\/p>\n<p>R.- Precisamente es lo que queremos aclarar cit\u00e1ndoles como testigos en la Audiencia Nacional. Todos, expertos y no expertos, coinciden en afirmar que es imposible identificar 62 cuerpos en tan poco tiempo, teniendo en cuenta las circunstancias que suponen fallecer en un accidente de avi\u00f3n. Y pese a ello, al d\u00eda siguiente del accidente ya se fij\u00f3 un funeral de estado.<\/p>\n<p>P.- Hola Pacho. \u00bfC\u00f3mo podemos colaborar los no familiares en vuestra lucha? \u00bfHabeis pensando en iniciar una campa\u00f1a de recogida de firmas como la del padre de Mari Luz? \u00bfQu\u00e9 sientes (como familiar) al ver al se\u00f1or Trillo desenvolvi\u00e9ndose en el espacio p\u00fablico como si nada hubiera pasado?<\/p>\n<p>R.- Creo que la mejor forma de colaborar en nuestra lucha es conseguir, como he comentado antes, que sea una lucha de toda la sociedad, y no s\u00f3lo de unos familiares. Y para eso, mi opini\u00f3n es que deber\u00edamos fijarnos mucho m\u00e1s en la labor del ej\u00e9rcito. En cuanto a su pregunta sobre el se\u00f1or Trillo, simplemente me gustar\u00eda que nos pidiera perd\u00f3n. Personalmente con eso a m\u00ed me basta. En una ocasi\u00f3n le tuve frente a frente y, desgraciadamente, no nos pidi\u00f3 perd\u00f3n. Me gustar\u00eda, eso s\u00ed, aclarar que el perd\u00f3n no es s\u00f3lo por todo lo que se ten\u00eda que haber hecho para evitar esta cat\u00e1strofe, sino tambi\u00e9n por la gesti\u00f3n posterior, porque,por ejemplo en ning\u00fan momento el ministerio que el dirig\u00eda quiso investigar esta tragedia, y hasta nos echaron a los familiares del edificio del Ministerio&#8230; El se\u00f1or Trillo y sus colaboradores nos han acusado injustamente de muchas cosas. Por desgracia, esas ofensas y otras m\u00e1s nunca se juzgar\u00e1n.<\/p>\n<p>P.- Hola, ser\u00e9 directo. \u00bfCu\u00e1ndo se dar\u00e1n ustedes por satisfechos? Siento desconfiar de su labor, pero me parece curioso que sepamos lo mismo del 11-M y de \u00e9ste, como pol\u00edticamente podr\u00eda perjudicar al PSOE no haya m\u00e1s movimiento civil, y de un caso que podr\u00eda usarse contra el PP, se vuelva una y otra vez. Un abrazo, y les acompa\u00f1o en el sentimiento, porque la labor de los militares espa\u00f1oles es encomiable (cuando les dejan).<\/p>\n<p>R.- Muchas gracias por su apoyo. Pero perm\u00edtame antes una aclaraci\u00f3n. como bien sabr\u00e1, ya se celebr\u00f3 un juicio del 11M, que ocurri\u00f3 hace 4 a\u00f1os, pero no se ha celebrado juicio del Yak, ocurrido hace Para m\u00ed es bastante significativo. Por otra parte, siento que desconf\u00ede de nuestra labor porque estoy convencido de que si usted se encontrara en la misma situaci\u00f3n, pelear\u00eda por lo mismo por lo que estamos peleando nosotros: una investigaci\u00f3n judicial lo m\u00e1s amplia y objetiva posible.<\/p>\n<p>P.- Hola. Querr\u00eda saber cu\u00e1l ha sido la actitud del ej\u00e9rcito con ustedes. Graci\u00e1s y mucho \u00e1nimo a todas las familias. Los espa\u00f1oles de buen coraz\u00f3n estamos con ustedes y con la memoria de los militares<\/p>\n<p>R.- Muchas gracias por su apoyo. El ej\u00e9rcito ha estado cerca de nosotros, pero s\u00f3lo lo ha manifestado a t\u00edtulo individual. Personalmente creo que tendr\u00edan que pronunciarse p\u00fablicamente sobre este asunto y sacar a la luz todas las quejas e informes previos que alertaban sobre las condiciones en las que volaban los militares espa\u00f1oles, porque si no lo hacen creo que se corre el riesgo de que vuelva a ocurrir un accidente como \u00e9ste. Esperemos que no sea as\u00ed.<\/p>\n","protected":false},"excerpt":{"rendered":"<p>Han pasado cinco a\u00f1os desde que el Yak-42 se estrellase y las causas que rodean el accidente a\u00fan no se han aclarado. Pacho Gonz\u00e1lez, hermano de un fallecido y portavoz de los familiares, acaba de pedir en la Audiencia Nacional que declaren Aznar, Trillo y Bono en el juicio que se celebrar\u00e1 por la identificaci\u00f3n err\u00f3nea de los cad\u00e1veres.<br \/>\nEspecial: Tragedia en el Ej\u00e9rcito<\/p>\n","protected":false},"author":1,"featured_media":0,"comment_status":"open","ping_status":"open","sticky":false,"template":"","format":"standard","meta":{"footnotes":""},"categories":[],"tags":[],"class_list":["post-4445","post","type-post","status-publish","format-standard","hentry"],"_links":{"self":[{"href":"https:\/\/intervius.com\/index.html\/wp-json\/wp\/v2\/posts\/4445","targetHints":{"allow":["GET"]}}],"collection":[{"href":"https:\/\/intervius.com\/index.html\/wp-json\/wp\/v2\/posts"}],"about":[{"href":"https:\/\/intervius.com\/index.html\/wp-json\/wp\/v2\/types\/post"}],"author":[{"embeddable":true,"href":"https:\/\/intervius.com\/index.html\/wp-json\/wp\/v2\/users\/1"}],"replies":[{"embeddable":true,"href":"https:\/\/intervius.com\/index.html\/wp-json\/wp\/v2\/comments?post=4445"}],"version-history":[{"count":0,"href":"https:\/\/intervius.com\/index.html\/wp-json\/wp\/v2\/posts\/4445\/revisions"}],"wp:attachment":[{"href":"https:\/\/intervius.com\/index.html\/wp-json\/wp\/v2\/media?parent=4445"}],"wp:term":[{"taxonomy":"category","embeddable":true,"href":"https:\/\/intervius.com\/index.html\/wp-json\/wp\/v2\/categories?post=4445"},{"taxonomy":"post_tag","embeddable":true,"href":"https:\/\/intervius.com\/index.html\/wp-json\/wp\/v2\/tags?post=4445"}],"curies":[{"name":"wp","href":"https:\/\/api.w.org\/{rel}","templated":true}]}}