{"id":4438,"date":"2008-06-11T00:00:00","date_gmt":"2006-11-06T00:00:00","guid":{"rendered":"https:\/\/intervius.com\/index.html\/?p=4438"},"modified":"2006-11-06T00:00:00","modified_gmt":"2006-11-06T00:00:00","slug":"Aldo_Olcese4438","status":"publish","type":"post","link":"https:\/\/intervius.com\/index.html\/Aldo_Olcese4438\/","title":{"rendered":"Aldo Olcese"},"content":{"rendered":"<p>Pregunta.- \u00bfEs para usted esta crisis coyuntural o por el contrario cree que se trata de una crisis de estructura que esta tocando la misma base del capitalismo, el petroleo y las finanzas?<\/p>\n<p>Respuesta.- Yo creo que es una crisis de coyuntura que espero no pase a crisis estructural. Una de las facetas fundamentales para que una crisis de coyuntura no pase a estructural es que no se perjudique la confianza, precisamente dando se\u00f1ales de m\u00e1s crisis de la que realmente hay. El origen de la crisis, que fue financiero y de liquidez, ha empezado a remitir. El efecto petr\u00f3leo e inflaci\u00f3n siguen siendo preocupantes, pero creo que la tensi\u00f3n ser\u00e1 coyuntural y que los tipos de inter\u00e9s de la eurozona van a empezar a bajar para las vacaciones.<\/p>\n<p>P.- \u00bf Piensa que hay un modelo econ\u00f3mico de crecimiento sostenible que pueda sustituir al de la construcci\u00f3n? Son los servicios los que deben tirar de la econom\u00eda ?<\/p>\n<p>R.- En primer lugar, no creo que se trate de sustituir a la construcci\u00f3n porque, a pesar de que el sector inmobiliario est\u00e9 en crisis -y aqu\u00ed s\u00ed que se puede hablar de crisis-, va a seguir creciendo en infraestructuras, que tambi\u00e9n son construcci\u00f3n. La cartera de obras en infraestructuras sigue siendo muy importante, entre otras cosas, gracias al plan del Gobierno.<\/p>\n<p>P.- \u00bfCu\u00e1l es su valoraci\u00f3n sobre el suceso que protagoniz\u00f3 Jerome Kerviel en SocGen? \u00bfCree que bajo la supervisi\u00f3n de Banco de Espa\u00f1a y otros organismos reguladores de mercados podr\u00eda llegar a ocurrir un suceso parecido en Espa\u00f1a? Muchas gracias,<\/p>\n<p>R.- Alguien que quiere cometer un fraude puede cometer un delito en cualquier sitio. Es como el que tiene la voluntad de matar. Es dif\u00edcil impedirlo. En cualquier caso, los mecanismos de supervisi\u00f3n que hubieran impedido este fraude no tienen tanto que ver con los supervisores y reguladores oficiales, como con los sistemas internos de control de las instituciones financieras. El sistema de control de las instituciones financieras espa\u00f1olas es fiable como lo demuestra la baja tasa de siniestralidad por fraude interno.<\/p>\n<p>P.- Se\u00f1or Olcese.\u00bfCree que la propuesta de aumentar la jornada laboral hasta un m\u00e1ximo de 65 horas por semana es una medida que reactivar\u00e1 la econom\u00eda?<\/p>\n<p>R.- Todo lo que sea aumentar la jornada de trabajo tiene que redundar en una reactivaci\u00f3n econ\u00f3mica. Ello, siempre que no sea abusiva y lesiva para los trabajadores.<\/p>\n<p>P.- Cree usted que las empresas espa\u00f1olas cumplen con el buen gobierno corporativo?<\/p>\n<p>R.- En t\u00e9rminos generales, se ha producido un avance razonable. Este es un proceso de aproximaciones sucesivas y con el \u00faltimo c\u00f3digo unificado de buen gobierno el progreso est\u00e1 siendo m\u00e1s acelerado. Todav\u00eda quedan cuestiones pendientes en las que hay que mejorar como la independencia de los consejeros y la evitaci\u00f3n de los conflictos de intereses con los accionistas de control.<\/p>\n<p>P.- Hola. \u00bfel mercado inmobiliario no ha sido muy irresponsable estos a\u00f1os? \u00bfQu\u00e9 opini\u00f3n le merece el estado del sector? \u00bfse lo merece?<\/p>\n<p>R.- Muchos empresarios del sector inmobiliario han sido muy irresponsables y han demostrado no ser merecedores del nombre de empresarios. Hemos visto c\u00f3mo muchos, despu\u00e9s de enriquecerse de manera desproporcionada, a la &#8220;primera curva&#8221;, al primer problema, han abandonado los consejos de administraci\u00f3n haciendo dejaci\u00f3n de sus responsabilidades en un ejemplo lamentable de mal gobierno corporativo, han dejado suspensiones de pagos directamente a los bancos, sin reinvertir sus enormes ganancias anteriores en capitalizar sus empresas y aguantar la crisis, han pedido subvenciones oficiales para sus empresas a las que no han estado dispuestos a apoyar como empresarios. El sector se va a depurar, afortunadamente, de estos irresponsables. Con eso y la bajada de los precios (que, por cierto, beneficiar\u00e1 a los ciudadanos espa\u00f1oles que tengan que comprar una vivienda, sobre todo los j\u00f3venes) el mercado volver\u00e1 a reactivarse de una manera sana y sostenible.<\/p>\n<p>P.- con la econom\u00eda en crisis, que papel van a tener los inmigrantes en su mejora?<\/p>\n<p>R.- Los inmigrantes representan una fuerza de trabajo dedicada y entregada muy eficaz y necesaria para la econom\u00eda espa\u00f1ola, por tanto los que tengan trabajo seguir\u00e1n contribuyendo de manera notable y los que no lo tengan tendr\u00e1n que optar por regresar a sus pa\u00edses una vez concluido el periodo de paro.<\/p>\n<p>P.- \u00bfEs cierta esta imagen que da el mundo econ\u00f3mico-financiero de despiste generalizado ante hechos como la subida del petroleo, escarecimiento de los alimentos, crisis financiera ?,\u00bf o realmente se pod\u00eda preveer pero ciertos intereses lo impiden ?. Gracias<\/p>\n<p>R.- El mundo financiero suele ser cauto al hablar de crisis porque sabe bien que sus opiniones sirven para acrecentarla, minando el componente de confianza. De forma que es bastante natural que en ese mundo se trate la crisis de manera conservadora, lo que no quiere decir que se desconozca. La transparencia no est\u00e1 re\u00f1ida con una cierta dosis de prudencia, lo mismo que se le exige a un gobierno responsable.<\/p>\n<p>P.- Buenos d\u00edas: \u00bfestamos actualmente en el punto algido de la crisis? y si es as\u00ed , \u00bfcu\u00e1ndo estima que podremos ir remontando?. Muchas gracias y un saludo<\/p>\n<p>R.- Creo que todav\u00eda veremos en Espa\u00f1a un punto m\u00e1s \u00e1lgido de la crisis, cuando empiecen a aparecer las reducciones de cuentas de resultados de algunas instituciones financieras que ahora afloran las importantes provisiones que han tenido que dotar por los fallidos inmobiliarios. Esto lo veremos en este tercer trimestre que entra, y va a representar una cierta quiebra de confianza adicional. Pero mi impresi\u00f3n es que a partir del primer trimestre de 2009 las cosas tender\u00e1n a cambiar realmente, inici\u00e1ndose una suave recuperaci\u00f3n. Adem\u00e1s, quiero dejar claro que la salud del sistema financiero espa\u00f1ol es muy elevada y podr\u00e1 absorber sin grandes dificultades la crisis inmobiliaria.<\/p>\n<p>P.- \u00bfQu\u00e9 medidas se pueden tomar para aliviar a los transportistas? \u00bfse puede rebajar el IVA del 16 al 7?. Muchas gracias.<\/p>\n<p>R.- Se pueden bajar los impuestos que gravan la actividad y, tambi\u00e9n, el precio de la gasolina. Tambi\u00e9n se pueden arbitrar subvenciones transitorias que ayuden a sortear esta situaci\u00f3n que esperamos sea coyuntural.<\/p>\n<p>P.- \u00bfCree que el euribor seguir\u00e0 subiendo,si es as\u00ec hasta cuando?<\/p>\n<p>R.- Creo que el Euribor deber\u00eda bajar para el verano, como he dicho antes, y, adem\u00e1s, creo sinceramente en que los monetaristas que imperan en los bancos centrales, adem\u00e1s, de velar por la estabilidad financiera deber\u00edan pensar tambi\u00e9n en el impulso de la econom\u00eda y en la mejora de su productividad.<\/p>\n<p>P.- Buenos d\u00edas Sr. Olcese. \u00bfCree que la decisi\u00f3n de los consumidores, de no repostar gasolina en Repsol y Cepsa puede repercutir en el precio, cu\u00e1ndo el problema es de mercados de futuros y especulaci\u00f3n?<\/p>\n<p>R.- No creo que no repostar en las gasolineras de Repsol y Cepsa, suponiendo que esa sea una hip\u00f3tesis veros\u00edmil, sirva para bajar los precios de las gasolinas. Lo que m\u00e1s tiene que ver con ello es el precio del petr\u00f3leo y los impuestos que gravan los gobiernos sobre la gasolina, en lo que poco tienen que ver los distribuidores.<\/p>\n<p>P.- Sr Olcese: Cree uds que la especulaci\u00f3n en el mercado del crudo y el cereal, podr\u00e1 paliarse para frenar la subida del precio del barril o, xlo contrario nos enfrentaremos a precios superiores a los 200 euros y, por otra parte, hay posibilidades dq el BCE baje los tipos en el 2\u00ba semestre&#8230; Gracias.<\/p>\n<p>R.- Los mercados de crudo y de cereales, como otros, pueden ser objeto de especulaci\u00f3n transitoria, pero no conviene olvidar que la especulaci\u00f3n tiende a equilibrarse con la de signo contrario que, inevitablemente aparece para contrarestar a la otra. M\u00e1s bien me preocupa la posici\u00f3n de los pa\u00edses productores de petr\u00f3leo en relaci\u00f3n con la producci\u00f3n. Ellos son los que verdaderamente pueden incidir en una bajada de los precios, aumentando la producci\u00f3n.<\/p>\n<p>P.- Estimado se\u00f1or D. Aldo Olcese, Tengo una pregunta para usted y me gustar\u00eda que me diera una respuesta razonada y fundamentada por favor. \u00bf Cree usted que estamos ante una crisis, no s\u00f3lo c\u00edclica que es end\u00f3gena de nuestra econ\u00f3mico, que derivar\u00e1 en un deterioro del poder adquisitivo y por tanto del bienestar de la sociedad en su conjunto de manera permanente?<\/p>\n<p>R.- Esta crisis, como ninguna otra, ser\u00e1 permanente y por lo tanto no creo que estemos ante un deterioro del poder adquisitivo y del bienestar que vaya a ser definitivo. Ya he dicho anteriormente que en mi opini\u00f3n en 2009 las cosas mejorar\u00e1n.<\/p>\n<p>P.- \u00bfQu\u00e9 opina acerca de que los Presidentes y Consejeros de las empresas se aferren a sus cargos hasta bastante m\u00e1s all\u00e1 de la edad de jubilaci\u00f3n y sin embargo prescindan de empleados y directivos en cuanto se acercan a los 50 a\u00f1os? \u00bfExiste mercado laboral para los parados a partir de esta edad?<\/p>\n<p>R.- Yo desligar\u00eda las dos cuestiones. En primer lugar, me parece muy lamentable la descapitalizaci\u00f3n humana que representan las prejubilaciones en edades en las que los profesionales y trabajadores pueden lo mejor de s\u00ed mismos. Creo sinceramente que en Espa\u00f1a y, especialmente, en el sector financiero se ha abusado demasiado de ello. Respecto de la edad de presidentes y consejeros delegados creo que las recomendaciones del c\u00f3digo unificado de buen gobierno son razonables. Tampoco conviene olvidar que podemos encontrar gente joven en los consejos que sea incapaz o que no est\u00e9 bien preparada y gente mayor que est\u00e9 en forma tanto intelectualmente como f\u00edsicamente. No hago un dogma de fe en relaci\u00f3n con la edad de los consejeros, aunque creo que para ser primer ejecutivo a partir de los 65 a\u00f1os se hace muy cuesta arriba.<\/p>\n<p>P.- buenos d\u00edas, sr olcese, mi caso particular radica en que tengo un piso en la playa en venta desde hace 2 a\u00f1os y no encuentro comprador, \u00bfcree que tendr\u00e9 que bajar el precio de venta por la crisis o es algo puntual? gracias.<\/p>\n<p>R.- Creo que sinceramente que tendr\u00e1 que bajar el precio, si de verdad quiere venderlo. Y, adem\u00e1s, lamento decirle que tendr\u00e1 que bajarlo significativamente.<\/p>\n<p>P.- \u00bfCuanto dura un ciclo econ\u00f3mico de esta embergadura?.Un Saludo.Conchi<\/p>\n<p>R.- Gracias a la globalizaci\u00f3n los ciclos econ\u00f3micos son cada vez m\u00e1s cortos. Aunque en este caso no creo que estemos ante un cambio de ciclo si no ante un cambio de tendencia transitorio, que no durar\u00e1 m\u00e1s de un a\u00f1o.<\/p>\n<p>P.- \u00bf por qu\u00e9 la econom\u00eda espa\u00f1ola se encuentra en crisis?<\/p>\n<p>R.- La econom\u00eda espa\u00f1ola se encuentra en una fase de crisis transitoria fundamentalmente por razones inducidas externas, como la crisis financiera y de liquidez, los precios del petr\u00f3leo y de los alimentos b\u00e1sicos y la inflaci\u00f3n y el coste del dinero. Adem\u00e1s hay un factor interno importante que es la crisis inmobiliaria.<\/p>\n<p>P.- Buenos d\u00edas, \u00bfqu\u00e9 capacidad de maniobra le queda a este Gobierno sin poder monetario real y con falta de ideas fiscales?<\/p>\n<p>R.- Al Gobierno le queda la pol\u00edtica fiscal (una reducci\u00f3n de impuestos es siempre reactivadora de la econom\u00eda), la pol\u00edtica laboral (la flexibilizaci\u00f3n de la contrataci\u00f3n y del despido es siempre una medida reactivadora de la econom\u00eda), la pol\u00edtica industrial (la innovaci\u00f3n tecnol\u00f3gica y el incremento de la productividad que de ella se deriva), la pol\u00edtica urban\u00edstica (la liberalizaci\u00f3n del suelo tambi\u00e9n ser\u00e1 una medida reactivadora de la econom\u00eda), la pol\u00edtica social (los sectores vinculados a los servicios, a las personas, derivados de las leyes de dependencia, conciliaci\u00f3n de la vida laboral y familiar e igualdad, son generadores de riqueza y empleo), la pol\u00edtica educativa (la reforma de la ense\u00f1anza es fundamental para generar talento v\u00e1lido que garantice una mejora de la eficiencia y de la productividad de nuestra econom\u00eda) y la pol\u00edtica de desregulaci\u00f3n y liberalizaci\u00f3n del sector energ\u00e9tico (que producir\u00e1 a medio plazo una mejora de los servicios y un descenso de los precios). As\u00ed que ya ve todo lo que le queda por hacer a un Gobierno.<\/p>\n<p>P.- La culpa del precio del petr\u00f3leo, \u00bfla tiene la especulaci\u00f3n o China? creo que la especulaci\u00f3n no puede por si sola subir tanto los precios&#8230;<\/p>\n<p>R.- En efecto, un problema importante es el incremento de consumo petrol\u00edfero de los nuevos grandes pa\u00edses, como China, la India, Brasil y otros que antes no consum\u00edan tanto, as\u00ed como la resistencia de los pa\u00edses productores de petr\u00f3leo a aumentar la producci\u00f3n. No conviene olvidar que a precios m\u00e1s elevados del petr\u00f3leo empiezan a ser rentables las explotaciones de determinados campos petrol\u00edferos, cuya producci\u00f3n adicional tendr\u00e1 un efecto neutralizador en la escalada del crudo.<\/p>\n<p>P.- hola. recomendar\u00eda su manual de responsabilidad a los banqueros, visto lo visto con la crisis subprime?<\/p>\n<p>R.- Por supuesto que s\u00ed, de hecho ya se lo he enviado.<\/p>\n<p>P.- \u00bfporque no se pone un gasoleo bonificado a los transportistas como tienen los agricultores?. Gracias<\/p>\n<p>R.- Es una vieja medida que cobra actualidad en el presente. Podr\u00eda ser una de las soluciones.<\/p>\n<p>P.- Por qu\u00e9 en las \u00faltimas previsiones macroecon\u00f3micas de organismo internacionales, Espa\u00f1a sufre el mayor recorte mientras otras grandes econom\u00edas europeas est\u00e1n viendo mejorar sus perspectivas de PIB. Qu\u00e9 nos hace diferentes?<\/p>\n<p>R.- Porque el crecimiento espa\u00f1ol de la \u00faltima d\u00e9cada ha sido espectacular y el de los dem\u00e1s pa\u00edses no. Y porque a nosotros nos toca ahora, en esta fase de desaceleraci\u00f3n, tomar las medidas que otros pa\u00edses han venido tomando hace dos a\u00f1os para reactivar sus deterioradas econom\u00edas, casos de Alemania y Francia. Por ejemplo, en Francia se ha producido un incrementeo del 1,3% del PIB derivado de las leyes de servicios a las personas vinculadas a las leyes de dependencia y de conciliaci\u00f3n.<\/p>\n","protected":false},"excerpt":{"rendered":"<p>El presidente del consejo asesor en Espa\u00f1a de Soci\u00e9t\u00e9 Gen\u00e9rale y T-Systems, miembro de la Racef y de los consejos de administraci\u00f3n de Ericsson Espa\u00f1a, AC Hoteles y Leche Pascual y coautor de El manual de la empresa responsable participa en el ciclo de encuentros sobre el impacto de la crisis financiera en la econom\u00eda espa\u00f1ola.<\/p>\n","protected":false},"author":1,"featured_media":0,"comment_status":"open","ping_status":"open","sticky":false,"template":"","format":"standard","meta":{"footnotes":""},"categories":[],"tags":[],"class_list":["post-4438","post","type-post","status-publish","format-standard","hentry"],"_links":{"self":[{"href":"https:\/\/intervius.com\/index.html\/wp-json\/wp\/v2\/posts\/4438","targetHints":{"allow":["GET"]}}],"collection":[{"href":"https:\/\/intervius.com\/index.html\/wp-json\/wp\/v2\/posts"}],"about":[{"href":"https:\/\/intervius.com\/index.html\/wp-json\/wp\/v2\/types\/post"}],"author":[{"embeddable":true,"href":"https:\/\/intervius.com\/index.html\/wp-json\/wp\/v2\/users\/1"}],"replies":[{"embeddable":true,"href":"https:\/\/intervius.com\/index.html\/wp-json\/wp\/v2\/comments?post=4438"}],"version-history":[{"count":0,"href":"https:\/\/intervius.com\/index.html\/wp-json\/wp\/v2\/posts\/4438\/revisions"}],"wp:attachment":[{"href":"https:\/\/intervius.com\/index.html\/wp-json\/wp\/v2\/media?parent=4438"}],"wp:term":[{"taxonomy":"category","embeddable":true,"href":"https:\/\/intervius.com\/index.html\/wp-json\/wp\/v2\/categories?post=4438"},{"taxonomy":"post_tag","embeddable":true,"href":"https:\/\/intervius.com\/index.html\/wp-json\/wp\/v2\/tags?post=4438"}],"curies":[{"name":"wp","href":"https:\/\/api.w.org\/{rel}","templated":true}]}}