{"id":4437,"date":"2008-06-11T00:00:00","date_gmt":"2006-11-06T00:00:00","guid":{"rendered":"https:\/\/intervius.com\/index.html\/?p=4437"},"modified":"2006-11-06T00:00:00","modified_gmt":"2006-11-06T00:00:00","slug":"Benito_Floro4437","status":"publish","type":"post","link":"https:\/\/intervius.com\/index.html\/Benito_Floro4437\/","title":{"rendered":"Benito Floro"},"content":{"rendered":"<p>Pregunta.- Hola, mi pregunta es; despu\u00e9s de la gran eficacia goleadora de Villa con su n\u00famero 7 en el partido de ayer, \u00bf se acabar\u00e1 aqu\u00ed el debate de los medios de informaci\u00f3n, si Ra\u00fal es imprescindible en la selecci\u00f3n espa\u00f1ola?. Gracias. Lucentum<\/p>\n<p>Respuesta.- Yo no creo que el debate se haya producido por el hecho de ser imprescindible, sino por el hecho de ser un gran futbolista, hist\u00f3rico y ejemplar. Depender\u00e1 del resultado final y lo que acontezca el a\u00f1o pr\u00f3ximo con el nuevo seleccionador el fin del debate.<\/p>\n<p>P.- \u00bfQu\u00e9 equipo puede ser la revelaci\u00f3n de esta Eurocopa? Gracias. Un saludo.<\/p>\n<p>R.- Para ser revelaci\u00f3n tiene que ser un equipo que no est\u00e9 entre los favoritos y no veo ninguno, salvando Espa\u00f1a, que tenga posibilidades de serlo.<\/p>\n<p>P.- Hola, buenos d\u00edas. \u00bfCree que Cesc har\u00e1 un buen papel en esta Eurocopa o seguir\u00e1 sin encontrar su sitio en la selecci\u00f3n? \u00bfCu\u00e1l cree que pueda ser la causa de que no sea el mismo que el del Arsenal? Miriam<\/p>\n<p>R.- Cesc puede hacer un buen papel en la Eurocopa porque Luis le ubicar\u00e1 siempre en el sitio m\u00e1s id\u00f3neo. La causa es que Espa\u00f1a, cuando tiene el bal\u00f3n, domina al rival y el Arsenal tira m\u00e1s al contragolpe y \u00e9l ah\u00ed se mueve mejor con muchos m\u00e1s espacios.<\/p>\n<p>P.- me gustaria saber si cree que el Albacete se salvar\u00e1 del descenso en la ultima jornada, y que se ha hecho mal para que estemos en esta situaci\u00f3n. Gracias<\/p>\n<p>R.- Creo que se salvar\u00e1, al menos eso deseo. Lo que se ha hecho mal viene de temporadas anteriores, y es vivir por encima del presupuesto, como la mayor\u00eda de los equipos en Primera y Segunda divisi\u00f3n.<\/p>\n<p>P.- Hola Benito. Se habla mucho y con raz\u00f3n de Villa, pero tras lo visto ayer. \u00bfPuede ser la Eurocopa de Xavi? Un saludo, desde Madrid.<\/p>\n<p>R.- El finalizar siempre es m\u00e1s llamativo, y sobre todo si hace tres goles, pero yo creo que Torres, Iniesta, Xavi y Villa son cuatro jugadores que van a dar mucho que hablar en esta Eurocopa.<\/p>\n<p>P.- Est\u00e1 claro que Espa\u00f1a sufre demasiado sin el bal\u00f3n, pero es imposible tenerlo siempre. \u00bfQu\u00e9 podemos hacer?<\/p>\n<p>R.- A corto plazo, lo que est\u00e1 haciendo, replegarse cuando no lo tiene. A largo plazo, ir preparando al futbolista espa\u00f1ol para que pueda luchar por la posesi\u00f3n del bal\u00f3n en cualquier zona del campo.<\/p>\n<p>P.- \u00bfTiene derecho un jugador como Torres a enfadarse despu\u00e9s de un cambio? \u00bfNo cree que esas cosas ayudan poco al grupo?<\/p>\n<p>R.- S\u00ed, tiene derecho. Primero, estaba jugando bien; segundo, para \u00e9l es muy importante la continuidad, por eso tiene derecho al malestar, pero dentro de un orden, como lo tuvo, sin declaraciones negativas. \u00c9l es un jugador que necesita sentir que el t\u00e9cnico conf\u00eda plenamente en \u00e9l. Si no se sale del contexto \u00fanico de sentirse mal porque estaba agusto en el campo, no tiene por qu\u00e9 sentar mal al grupo si hay respeto.<\/p>\n<p>P.- \u00bfC\u00f3mo vive los partidos de Espa\u00f1a en los grandes torneos, se\u00f1or Floro? \u00bfQueda con los amigos o es de los que prefiere verlo solo? \u00bfToma notas? Gracias, un saludo<\/p>\n<p>R.- No, prefiero verlos en familia e incluso mejor solo. As\u00ed, tomo notas y analizo cada jugador y cada equipo. Me fijo fundamentalmente en la formaci\u00f3n que emplean y en el desarrollo de la lucha por el bal\u00f3n.<\/p>\n<p>P.- \u00bfTiene Luis profundidad de banquillo como otras selecciones? \u00bfO andamos un tanto escasos como parece?<\/p>\n<p>R.- Luis ha conformado una plantilla muy muy compensada y adecuada con la idea de juego. A m\u00ed no me parece que no tengamos banquillo, todo lo contrario, creo que tenemos un muy buen equipo.<\/p>\n<p>P.- Suponiendo que pasamos a cuartos. \u00bfA qui\u00e9n prefieres del grupo de la muerte: Holanda, Francia o Italia (vamos a descartar a Ruman\u00eda)? \u00bfQuiz\u00e1 Francia para vengarnos del Mundial?<\/p>\n<p>R.- Yo prefiero a Francia, pero no por venganza del Mundial, sino porque juega menos que los otros.<\/p>\n<p>P.- Hola Benito. Ya que todos ven virtudes en el partido de ayer \u00bfQu\u00e9 defectos pudiste ver ayer? Por cierto, mi madre te vio en la tele el otro d\u00eda y dijo \u00a1Sigue tan elegante como siempre! Un abrazo. Miguel.<\/p>\n<p>R.- Defectos siempre hay, pero no son cosas que se puedan solucionar a corto plazo. No son defectos ni de planteamiento ni de alineaci\u00f3n, es una situaci\u00f3n que viene de atr\u00e1s en el f\u00fatbol espa\u00f1ol, y es el no tener una idea general de juego nacional, donde el futbolista llega a la selecci\u00f3n con la lecci\u00f3n clara de lo que hay que hacer. Lo que ha hecho Luis de adecuar el sistema a los jugadores es algo muy positivo.<\/p>\n<p>P.- En qu\u00e9 circunstancia introducir\u00edas a Cesc en el 11 titular? Quiz\u00e1 por Iniesta, que parece que a\u00fan no est\u00e1 f\u00edsicamente a tope?<\/p>\n<p>R.- Yo creo que la ubicaci\u00f3n de Cesc en este planteamiento nuestro es siempre detr\u00e1s del delantero, o un poquito m\u00e1s atr\u00e1s, pero siempre que Espa\u00f1a juegue con un solo delantero, nunca en la banda, aunque algo tirado a la izquierda m\u00e1s que a la derecha.<\/p>\n<p>P.- Buenos d\u00edas Benito. \u00bfCree Usted que fu\u00e9 acertado el cambio de Torres, cuando se estaba entendiendo a la perfecci\u00f3n con Villa?<\/p>\n<p>R.- Fue acertado pero no porque Torres lo estuviera haciendo mal, todo lo contrario. Fue acertado porque la alternativa era buena, y m\u00e1s cuando Espa\u00f1a ganaba por 2-0.<\/p>\n<p>P.- \u00bfQue opina de la aparente debilidad que ha mostrado hoy Espa\u00f1a en la presi\u00f3n antes la salida de Rusia? \u00bfy de la relajaci\u00f3n en defensa? Saludos desde Albacete, siempre le recordaremos, mas a\u00fan en momentos dif\u00edciles.<\/p>\n<p>R.- Lo que he comentado antes, que Espa\u00f1a para defender bien tiene que replegarse, y esa respuesta inmediata al tratar de recuperar el bal\u00f3n cuando se pierde es una cultura futbol\u00edstica que no est\u00e1 dentro todav\u00eda en nuestra forma de jugar. No creo que hubiera relajaci\u00f3n en defensa, sino que hubo momentos en los que perdi\u00f3 el bal\u00f3n, y ese fue el punto m\u00e1s preocupante de la selecci\u00f3n.<\/p>\n<p>P.- Hola Se\u00f1or Floro,mi pregunta es: \u00bfcree que el mal partido de Sergio Ramos puede deberse a \u00f3rdenes expresas del seleccionador para que este jugador no vaya tan a la torera al ataque o puede ser debido a otros factores? gracias de antemano; un saludo<\/p>\n<p>R.- Mi opini\u00f3n de Sergio es muy sencilla. Yo creo que es un excelente mediocampista, no tiene el uno contra uno para ser un buen lateral. Puede sobrevivir como central, pero tanto el Real Madrid como la selecci\u00f3n est\u00e1 perdiendo una gran oportunidad. De lateral, sube bien y tiene calidad pero falla en el uno contra uno.<\/p>\n<p>P.- Cree usted que ha benificiado a la selecci\u00f3n espa\u00f1ola el hecho de ser exportadora de jugadores a otras ligas europeas o no es un hecho tan significativo?.<\/p>\n<p>R.- El caso m\u00e1s importante es el de Torres, y tambi\u00e9n el de Cesc, pero por lo general, Espa\u00f1a es importadora, y eso perjudica mucho los intereses de la selecci\u00f3n.<\/p>\n<p>P.- Cree que la liga espa\u00f1ola tiene demasiados equipos en primera y en segunda divisi\u00f3n y por eso hay demasiados partidos? y que opina de crear un liga de filiales?<\/p>\n<p>R.- No, la cifra de 20 equipos est\u00e1 bien. Por el nivel que hay en las capitales de provincia, est\u00e1 bien. 22 en Segunda s\u00ed es demasiado. La cantidad de partidos es elevada por los partidos internacionales y las competiciones europeas. La idea de la Liga de filiales es extraordinaria, es m\u00e1s, deber\u00eda ser una condici\u00f3n para entrar en el c\u00edrculo profesional: un equipo juvenil y otro filial en dos ligas paralelas.<\/p>\n<p>P.- \u00bfNo cree que precisamente a la seleccion lo peor que le puede pasar es ganar con autoridad el primer partido, como ayer? En cuanto ganamos haciendo buen futboll nos volvemos locos, aficionados, prensa&#8230; y luego cuando nos eliminan la desilusion es muchisimo mayor.MIGUEL<\/p>\n<p>R.- Pues s\u00ed, muy a menudo ocurren estas cosas. Los futbolistas leen mucha prensa y escuchan muchos comentarios, y estos o te mandan al cielo o al infierno. Para frenar la euforia est\u00e1 al seleccionador, que debe bajar de la nube a los jugadores.<\/p>\n<p>P.- \u00bfQue opini\u00f3n le merece Silva?\u00bfPudiera ser el jugador revelaci\u00f3n?<\/p>\n<p>R.- Eso de ser jugador revelaci\u00f3n es m\u00e1s un tema period\u00edstico. Silva es un excelente futboista. Tiene todo: velocidad, potencia, clase, calidad, visi\u00f3n de juego&#8230; Se asocia muy bien con Iniesta y Xavi y claro que puede ser determinante.<\/p>\n<p>P.- Benito, \u00bfc\u00f3mo calificar\u00eda la actitud de Marcelino, march\u00e1ndose de un club modesto como el Racing, al que le ha llevado a un hito hist\u00f3rico, para irse a un equipo presionante como el Zaragoza\u00bf<\/p>\n<p>R.- No puedo calificar ni enjuiciar ese cambio. Habr\u00eda sido bonito que se quedara por el cari\u00f1o con el que le han tratado all\u00ed. Marcharse a Zaragoza demuestra un saber lo que quiere en cada momento. El Zaragoza va a ser un equipo obligado a ascender y luego a hacer una buena campa\u00f1a, y \u00e9l sabe que tiene muchas opciones de \u00e9xito porque tiene m\u00e9todo y poder.<\/p>\n<p>P.- Benito.me ha parecido curioso que Hiddink haya vestido de traje y Luis de chandal de Domingo paellero \u00bfcrees que el seleccionador de un pais como ESPA\u00d1A deber\u00eda de vestir con traje cuando se disputa la Eurocopa o otra competici\u00f3n oficial?.<\/p>\n<p>R.- S\u00ed, yo creo que deber\u00eda vestir de traje, pero tambi\u00e9n es cierto que la imagen de Luis va siempre asociada al chandal en el banquillo, porque va as\u00ed desde que era jugador. Quiz\u00e1, vi\u00e9ndole de traje se nos har\u00eda extra\u00f1o.<\/p>\n<p>P.- Buenos d\u00edas se\u00f1or Floro. \u00bfNo cree que el partido de ayer de Espa\u00f1a fue una vuelta a los origenes de Luis Aragon\u00e9s con el contraataque y la velocidad como armas principales? A m\u00ed por lo menos me pareci\u00f3 ver en Innsbruck al At. Madrid que gan\u00f3 la Copa del Rey del a\u00f1o 92 al Madrid en el Bernab\u00e9u, con Senna haciendo de Vizca\u00edno, Xavi de Schuster, Villa de Manolo y Torres de Futre. Y por su puesto Luis haciendo de Luis. Saludos.<\/p>\n<p>R.- No creo que el planteamiento de Luis sea jugar al contraataque. Fueron jugadas puntuales que se hicieron bien y acabaron en gol. Esa es una cualidad de la selecci\u00f3n, triangular r\u00e1pido y salir, siempre apoy\u00e1ndonos en la capacidad de nuestros futbolistas.<\/p>\n<p>P.- SOY JAVI DE CIUDAD REAL; creo que en el partido de ayer tuvimos algo algo de suerte en la primera parte pues fue equilibrado , no asi la segunda que con la entrada de cesc se ha controlado mas el campo salvo 5 minutos. \u00bf cree que se puede optar por un 4 -5-1 poniendo a cesc de de enlace con villa en punta?<\/p>\n<p>R.- El f\u00fatbol es un juego, con un fin que es ganar, para eso se necesita suerte y una idea de c\u00f3mo disputar el partido. Esa idea clara te ayuda a tener m\u00e1s suerte. Espa\u00f1a tiene una idea clara de lo que debe hacer, 4-4-2 y una variante 4-5-Luis ha acertado en el criterio con el que jugar y ha llevado jugadores id\u00f3neos para no alterar la idea de juego.<\/p>\n","protected":false},"excerpt":{"rendered":"<p>El d\u00eda despu\u00e9s del estreno de la selecci\u00f3n espa\u00f1ola en la Eurocopa frente a la selecci\u00f3n rusa, Benito Floro, ex entrenador del Real Madrid y analista de elmundo.es, charla con los lectores sobre el partido y sus consecuencias. Conozca sus impresiones.<br \/>\nEspecial: Eurocopa 2008<\/p>\n","protected":false},"author":1,"featured_media":0,"comment_status":"open","ping_status":"open","sticky":false,"template":"","format":"standard","meta":{"footnotes":""},"categories":[],"tags":[],"class_list":["post-4437","post","type-post","status-publish","format-standard","hentry"],"_links":{"self":[{"href":"https:\/\/intervius.com\/index.html\/wp-json\/wp\/v2\/posts\/4437","targetHints":{"allow":["GET"]}}],"collection":[{"href":"https:\/\/intervius.com\/index.html\/wp-json\/wp\/v2\/posts"}],"about":[{"href":"https:\/\/intervius.com\/index.html\/wp-json\/wp\/v2\/types\/post"}],"author":[{"embeddable":true,"href":"https:\/\/intervius.com\/index.html\/wp-json\/wp\/v2\/users\/1"}],"replies":[{"embeddable":true,"href":"https:\/\/intervius.com\/index.html\/wp-json\/wp\/v2\/comments?post=4437"}],"version-history":[{"count":0,"href":"https:\/\/intervius.com\/index.html\/wp-json\/wp\/v2\/posts\/4437\/revisions"}],"wp:attachment":[{"href":"https:\/\/intervius.com\/index.html\/wp-json\/wp\/v2\/media?parent=4437"}],"wp:term":[{"taxonomy":"category","embeddable":true,"href":"https:\/\/intervius.com\/index.html\/wp-json\/wp\/v2\/categories?post=4437"},{"taxonomy":"post_tag","embeddable":true,"href":"https:\/\/intervius.com\/index.html\/wp-json\/wp\/v2\/tags?post=4437"}],"curies":[{"name":"wp","href":"https:\/\/api.w.org\/{rel}","templated":true}]}}