{"id":4418,"date":"2008-06-23T00:00:00","date_gmt":"2006-11-06T00:00:00","guid":{"rendered":"https:\/\/intervius.com\/index.html\/?p=4418"},"modified":"2006-11-06T00:00:00","modified_gmt":"2006-11-06T00:00:00","slug":"Pedro_J-_Ramirez4418","status":"publish","type":"post","link":"https:\/\/intervius.com\/index.html\/Pedro_J-_Ramirez4418\/","title":{"rendered":"Pedro J. Ram\u00edrez"},"content":{"rendered":"<p>Pregunta.- Estimado Sr. Ram\u00edrez: \u00bfse atrever\u00eda a aventurar el tiempo que le queda de reinado a Ricardo II de Pontevedra?<\/p>\n<p>Respuesta.- Buenos d\u00edas. Me alegro que aluda a mi art\u00edculo de ayer. El paralelismo con Ricardo II es grande porque Rajoy es un l\u00edder d\u00e9bil y desconfiado que no es capaz de integrar en su proyecto a sus adversarios. Pero tiene a su gran rival en casa (Bolingbroke-Gallard\u00f3n). El alcalde no puede mover ficha hasta el oto\u00f1o de 2009 cuando se haya decidido el desenlace del Madrid ol\u00edmpico. Si Rajoy ha perdido las europeas de esa primavera, entonces Arenas y Camps apoyar\u00e1n a Gallard\u00f3n para seguir controlando el partido desde las bambalinas.<\/p>\n<p>P.- Buenos D\u00edas Pedro. \u00bfQu\u00e9 le parece la composici\u00f3n del nuevo equipo de Rajoy y la elecci\u00f3n de Cospedal como secretaria general y las medidas econ\u00f3micas que va a ofrecer a Zapatero?<\/p>\n<p>R.- Cospedal es de lo mejor que hay en el PP. Pero es un error que trate de compatibilizar la Secretar\u00eda General con la candidatura por Castilla La Mancha pues eso va a quitarle margen de maniobra y credibilidad. Adem\u00e1s allienta la idea de que el verdadero Secretario General va a ser Arenas con su fiel Ana Mato al lado. Sobre las medidadas econ\u00f3micas habr\u00e1 que verlas.<\/p>\n<p>P.- \u00bfDir\u00eda que se ha cerrado en falso el congreso del PP?<\/p>\n<p>R.- Desde luego. Rajoy tiene derecho a un margen de confianza y ser\u00e1 por sus hechos por los que le juzgaremos, pero su liderazgo no sale reforzado. Primero porque sus dos discursos fueron muy ins\u00edpidos, segundo porque Aznar dej\u00f3 claro que ya s\u00f3lo le respalda formalmente por sentido de la responsabilidad y tercero porque ha dejado fuera de los \u00f3rganos del partido a los que osaron criticarle. Nadie puede decir que del Congreso de Valencia haya salido un proyecto ilusionante.<\/p>\n<p>P.- Buenos d\u00edas Pedro J., creo que Rajoy nunca llegar\u00e1 a buen puerto. Creo que usted piensa lo mismo que yo. Mi pregunta es la siguiente: \u00bfCree usted que \u00e9l en el fondo lo sabe?. Un saludo desde Asturias.<\/p>\n<p>R.- A mi me dej\u00f3 muy perplejo cuando antes de la campa\u00f1a le vi con aquel ataque de egotrip diciendo que por fin empezaba a ser \u00e9l mismo y que fuera cual fuera el resultado seguir\u00eda al frente del PP. Pens\u00e9 que era pura t\u00e1ctica electoral. Es obvio que luego se ha aferrado al cargo como una lapa y que la alusi\u00f3n de Aznar a que el PP &#8220;no debe ser el proyecto personal de nadie&#8221; se refer\u00eda a eso. Como Ricardo II est\u00e1 rodeado de aduladores que le dicen que con &#8220;sentido com\u00fan&#8221; y comentarios sobre f\u00fatbol puede ganarle a Zapatero. Este tipo de situaciones suele terminar en la escena del Rey destronado ech\u00e1ndole la culpa al espejo.<\/p>\n<p>P.- Estimado Director, \u00bfApoyar\u00e1 ahora a Rajoy? \u00bfNo cree que en tiempos de crisis hay que unir voluntades? Saludos, Javier.<\/p>\n<p>R.- Espa\u00f1a necesita una alternativa al mal gobierno de Zapatero y en algunos asuntos clave como el modelo territorial y la coherencia en la pol\u00edtica econ\u00f3mica el programa del PP es m\u00e1s acertado que el del PSOE. Si Rajoy sigue defendiendo esas ideas le apoyaremos aunque no genere entusiasmo. Para bien y para mal, la pol\u00edtica no puede ser siempre un concurso de belleza.<\/p>\n<p>P.- \u00bfTe gusta la idea de Ruiz-Gallard\u00f3n presidente del Gobierno en el 2012?<\/p>\n<p>R.- Si se lo gana democr\u00e1ticamente a trav\u00e9s de unas primarias desde luego. Gallard\u00f3n es un gran personaje tanto en sus virtudes como en sus defectos. Ser\u00eda un extraordinario candidato. Otra cuesti\u00f3n es c\u00f3mo actuar\u00eda si llegara al poder. Pero ya lo he dicho prefiero al favorito de mis adversarios elegido por las bases que al m\u00edo propio designado a dedo. Lo que ser\u00eda desastroso, claro, es que fueran los barones los que pusieran a Gallard\u00f3n. Pero en este Congreso ha pasado una cosa bastante buena que es la introducci\u00f3n del nuevo sistema de primarias que no es el ideal pero s\u00ed permite elegir al lider de otra manera.<\/p>\n<p>P.- Buenos d\u00edas. \u00bfCree que ha perdido fuerza La Lideresa Esperanza Aguirre tras este congreso?<\/p>\n<p>R.- La perdi\u00f3 el d\u00eda en que no aprovech\u00f3 el prime time de 59&#8243; para definir su postura y lanzar un mensaje parecido al del discurso de Aznar. Su &#8220;no me resigno&#8221; no ha ternido desarrollo, pero la vida es larga y no se termina en el Congreso de Valencia. Uno de los mayores errores de Rajoy ha sido el humillarla con algunos nombramientos.<\/p>\n<p>P.- \u00bfPorque cree usted que Rajoy actu\u00f3 con esa tremenda desconsideraci\u00f3n ante una persona que da su vida,por el partido, como es el caso de Maria San Gil?<\/p>\n<p>R.- Como Ricardo II estaba convirtiendo en crimen de lesa patria el que Mar\u00eda hubiera osado expresar p\u00fablicamente su falta de confianza en \u00e9l. Cuanto m\u00e1s fuerte es alguien, antes olvida las ofensas o discrepancias, s\u00f3lo los muy d\u00e9biles se aferran al rencor y el ajuste de cuentas<\/p>\n<p>P.- Buenos d\u00edas Sr. Ram\u00edrez. En el reciente congreso del PP se ha aprobado la realizaci\u00f3n de primarias para elegir al candidato a presidente. \u00bfCree que se dar\u00e1 ese proceso antes de las pr\u00f3ximas elecciones generales del, presumiblemente, 2012? \u00bfNo puede resultar peligroso para este partido que dicho proceso se celebre en v\u00edsperas de la cita electoral, con el desgaste que ello supone?. Muchas gracias.<\/p>\n<p>R.- Como digo las primarias son lo \u00fanico bueno -junto con los nombramientos de Cospedal y Gonz\u00e1lez Pons- que ha salido de Valencia. Entre las bases del PP va a cundir el ansia de querer probar cuantro antes el juguete. Si Rajoy sufre una o varias derrotas electorales el a\u00f1o pr\u00f3ximo va a haber una creciente presi\u00f3n para adelantar el Congreso de 2011 de forma que el ganador tenga m\u00e1s tiempo para preparar las elecciones. Ese puede ser el momento de la gran confrontaci\u00f3n entre Aguirre y Gallard\u00f3n. O de la vuelta de Rato que es con diferencia el preferido por los usuarios de elmundo.es.<\/p>\n<p>P.- Buenos d\u00edas. \u00bfNo piensa que su peri\u00f3dico deber\u00eda centrarse m\u00e1s en valorar y censurar cuando sea necesario la actuaci\u00f3n del gobierno actual en lugar de volcarse en el partido de la oposici\u00f3n? Un saludo y muchas gracias. Carlos Garc\u00eda, Madrid.<\/p>\n<p>R.- Ojala el propio PP mantuviera el nivel de seguimiento cr\u00edotico de la labor del Gobierno que desarrolla nuestro peri\u00f3dico. F\u00edjese en quien ha llevado la iniciativa en relaci\u00f3n con la huelga de camioneros, la insuficiencia de las medidas econ\u00f3micas o las tonter\u00edas de la ministra de igualdad. \u00bfCu\u00e1l ha sido la reacci\u00f3n del PP al ascenso a general de Felix Hernando? Ninguna. En todo caso, tiene usted raz\u00f3n en que se puede hacer mucho m\u00e1s da\u00f1o desde el poder que desde la oposici\u00f3n y que una vez zanjado -aunque sea de forma provisional y en falso- el debate del PP, debemos intensificar el escrutinio y control de los actos del Gobierno.<\/p>\n<p>P.- Sr. un placer poderle preguntar : no considera ustd que sale un pp reforzado, no considera las palabras y gestos del Sr. aznar llenas de rencor, no cree que como ocurrio en el 96 el pp ha de centrarse y poderse entender con la periferia ? cree que el partido ha cerrado una ventana al pasado y abierto otra al futuro?<\/p>\n<p>R.- El tiempo dir\u00e1 si usted tiene raz\u00f3n. Al margen de sus motivaciones, Aznar hizo un gran discurso, tanto en la forma como en el contenido, y las intervenciones de Rajoy fueron de parvulario. Aznar cometi\u00f3 la descomunal equivocaci\u00f3n de Irak pero en conjunto fue un buen gobernante porque construy\u00f3 una mayor\u00eda social entorno a un proyecto ideol\u00f3gico bien definido. En el 96 tuvo que pactar con los nacionalistas, pero como \u00e9l record\u00f3 fue despu\u00e9s de haber ganado las elecciones no antes para hacerse simkp\u00e1tico a quienes eran sus adversarios. Adem\u00e1s entonces ni estaba sobre la mesa el Plan Ibarretxe ni se hab\u00eda aprobado el nefasto Estatuto Catal\u00e1n. Si la ventana al futuro pasa por restar importancia a todo esto, entonces m\u00e1s que al futuro se la estar\u00e1 abriendo a Rosa D\u00edez.<\/p>\n<p>P.- Buenod dias Pedro J, ya que en las primarias del PP en el mundo.es gan\u00f3 Rato, mi pregunta es muy simple :seg\u00fan usted \u00bfen qu\u00e9 posici\u00f3n queda y d\u00f3nde est\u00e1 Rato? Saludos, Antonio J. &#8211; La L\u00ednea (C\u00e1diz).<\/p>\n<p>R.- Su gesto de acudir a Valencia por propia iniciativa fue una manera de dejar la tarjeta de visita. Si todo se pone feo, si la econom\u00eda sigue empeorando, la unidad de Espa\u00f1a se resquebraja d\u00eda a d\u00eda, el Gobierno sigue entretenido en tonter\u00edas y Rajoy sigue sin movilizar al personal, ya saben donde estoy. Ah\u00ed tienen mi tel\u00e9fono. Llegar\u00e1 un d\u00eda en el que Rato se canse de ganar dinero. Si tuviera la humildad suficiente como para ponerse a pedir el apoyo de las bases, Rajoy le durar\u00eda diez minutos. Su problema es su elegante y displicente sosberbia. Si el otro d\u00eda le cokmparaba con Sim\u00f3n Bocanegra que s\u00f3lo se dej\u00f3 querer cuando le dieron todo el poder, hoy tiene sentido compararle con Coriolano que no quiso hacer campa\u00f1a mostrnado sus m\u00e9ritos y heridas porque le parec\u00eda rebajarse al nivel del populacho. No veo a Rato enredado en unas primarias y \u00f3jala me equivoque.<\/p>\n<p>P.- Buenos d\u00edas, \u00bfc\u00f3mo interpreta la inclusi\u00f3n en la nueva ejecutiva de Ana Botella? gracias.<\/p>\n<p>R.- Bien mirado, como un deseo de mantener alg\u00fan puente con Aznar. Mal mirado, como un acto de hipocres\u00eda. Y a mitad de camino de ambas actitudes como una manera de ayudar a Gallard\u00f3n a promocionarla como alcaldesa en el caso de que Ricardo muera y Bolingbroke suba al trono.<\/p>\n<p>P.- Estimado Sr. PJ. Ayer termine de leer, Tinta en la venas&#8230;me gusto y le retrata de una manera muy interesante. Quien seria la persona indicada dentro de las filas del l PP que tendria la personalidad y el hacer politico para quitar al partido el aroma &#8221; rancio, pijos,e incluso..opus&#8221; que tan mal les hace, es que nadie se da cuenta que si pudieran cambiar esto, muchos de nosotros les votariamos ma\u00f1ana mismo!!!!! existe gente capaz de cambiar esto desde las filas internas? quie podria ser? Un abrazo desde Buenos AIres<\/p>\n<p>R.- La imagen del PP ha mejorado mucho desde esa perspectiva tras este congreso. Cospedal o Gonz\u00e1lez Pons no son ni pijos, ni rancios, ni del Opus. Tampoco Rajoy pero parece que en vez de 53 a\u00f1os tenga 7Tanto Rato, como Aguirre, como Gallard\u00f3n encarnar\u00edan una alternativa mucho m\u00e1s moderna.<\/p>\n<p>P.- \u00bfQue piensa del nombramiento personal y directo de Rajoy sobre Maria del Mar Blanco? \u00bfQuitar a una hero\u00edna para poner a otra? Esto cada d\u00eda se parece m\u00e1s a la pol\u00edtica del gesto de Zapatero. Mucho gesto, poco fondo. A\u00fan as\u00ed, me parece un acierto.<\/p>\n<p>R.- Me ha parecido ofensivo tanto para la una como para la otra porque aunque ambas simbolizan lo mismo la capacidad pol\u00edtica de Mari Mar Blanco es una absoluta inc\u00f3gnita. A lo mejor cuaja como una gran dirigente, pero de momento Rajoy la ha utilizado para diluir el recuerdo de San Gil.<\/p>\n<p>P.- Sr. Ramirez, No se ha convertido el PP en Partido Perdedor con Rajoy (perdedor de 2 generales), Cospedal (perdedora en Castilla la mancha) y Arenas el perdedor eterno en Andaluc\u00eda. Con estas mimbres pocos cestos construiremos. Saludos<\/p>\n<p>R.- Hay muchas formas de perder y la de Cospedal no se parece en nada a la de Rajoy y Arenas.<\/p>\n<p>P.- \u00bfNo cree que lejos de deponer y luego asesinar a Ricardo II, hay un acuerdo t\u00e1cito de sucesi\u00f3n, poco antes de las pr\u00f3ximas elecciones, en el cual Bolingbroke, sin recurrir al magnicidio y con la anuencia del rey, llegue al poder?<\/p>\n<p>R.- Por eso dije ayer que a este Ricardo primero &#8220;lo asesinar\u00e1n&#8221; -pol\u00edticamente claro- y luego &#8220;lo abdicar\u00e1n&#8221; de forma que \u00e9l mismo sea quien transmita la corona al &#8220;l\u00edder natural&#8221;. Esta expresi\u00f3n es la que utiliz\u00f3 Gallard\u00f3n en sus revladoras declaraciones de hace unas semanas en EL MUNDO. No hay que olvidar que Ricardo II tampoco pudo ni siquiera defender el trono porque a la hora de la verdad todos los barones que le hab\u00edan adulado desertaron y se subieron al carro del vencedor.<\/p>\n","protected":false},"excerpt":{"rendered":"<p>Despu\u00e9s de cuatro meses de crisis interna, el Partido Popular se ha reunido en Valencia para celebrar su XVI Congreso. El director de EL MUNDO intercambia impresiones con los lectores sobre el momento actual de la formaci\u00f3n que sigue presidiendo Mariano Rajoy.<\/p>\n","protected":false},"author":1,"featured_media":0,"comment_status":"open","ping_status":"open","sticky":false,"template":"","format":"standard","meta":{"footnotes":""},"categories":[],"tags":[],"class_list":["post-4418","post","type-post","status-publish","format-standard","hentry"],"_links":{"self":[{"href":"https:\/\/intervius.com\/index.html\/wp-json\/wp\/v2\/posts\/4418","targetHints":{"allow":["GET"]}}],"collection":[{"href":"https:\/\/intervius.com\/index.html\/wp-json\/wp\/v2\/posts"}],"about":[{"href":"https:\/\/intervius.com\/index.html\/wp-json\/wp\/v2\/types\/post"}],"author":[{"embeddable":true,"href":"https:\/\/intervius.com\/index.html\/wp-json\/wp\/v2\/users\/1"}],"replies":[{"embeddable":true,"href":"https:\/\/intervius.com\/index.html\/wp-json\/wp\/v2\/comments?post=4418"}],"version-history":[{"count":0,"href":"https:\/\/intervius.com\/index.html\/wp-json\/wp\/v2\/posts\/4418\/revisions"}],"wp:attachment":[{"href":"https:\/\/intervius.com\/index.html\/wp-json\/wp\/v2\/media?parent=4418"}],"wp:term":[{"taxonomy":"category","embeddable":true,"href":"https:\/\/intervius.com\/index.html\/wp-json\/wp\/v2\/categories?post=4418"},{"taxonomy":"post_tag","embeddable":true,"href":"https:\/\/intervius.com\/index.html\/wp-json\/wp\/v2\/tags?post=4418"}],"curies":[{"name":"wp","href":"https:\/\/api.w.org\/{rel}","templated":true}]}}