{"id":4415,"date":"2008-06-24T00:00:00","date_gmt":"2006-11-06T00:00:00","guid":{"rendered":"https:\/\/intervius.com\/index.html\/?p=4415"},"modified":"2006-11-06T00:00:00","modified_gmt":"2006-11-06T00:00:00","slug":"Alberto_Ruiz-Gallardon4415","status":"publish","type":"post","link":"https:\/\/intervius.com\/index.html\/Alberto_Ruiz-Gallardon4415\/","title":{"rendered":"Alberto Ruiz-Gallard\u00f3n"},"content":{"rendered":"<p>Pregunta.- \u00bfSr. Ruiz-Gallard\u00f3n, a su juicio qu\u00e9 3 objetivos b\u00e1sicos debe marcarse un presidente de gobierno?<\/p>\n<p>Respuesta.- El primero: actuar en inter\u00e9s de la naci\u00f3n, que es lo mismo que decir actuar en defensa de los intereses mayoritarios de los espa\u00f1oles. El segundo: hacer del ejercicio del poder no un elemento de divisi\u00f3n de la sociedad espa\u00f1ola sino de convocotaria de todos, incluso de aquellos que tengan un punto de partida desde la discrepancia. Y el tercero: fortalecer la realidad de Espa\u00f1a tanto interiormente como de cara al exterior.<\/p>\n<p>P.- \u00bfNo cree que es un exceso gastarse tantos miles de millones de pesetas en un nuevo ayuntamiento cuando ya ten\u00ed uno en perfecto estado? La plaza de la Villa se encuentra ahora abandonada y vac\u00eda, \u00a1Qu\u00e9 despilfarro!<\/p>\n<p>R.- Hicimos una permuta por edificios que ya ten\u00eda el Ayuntamiento porque necesit\u00e1bamos una ampliaci\u00f3n. La plaza de la Villa se convertir\u00e1 en el Museo y Centro de Interpretaci\u00f3n Hist\u00f3rica de la Ciudad de Madrid y nuestra ciudad tiene, como ya ten\u00edan el resto de las capitales europeas, una sede municipal que identifica plenamente la suma de tradici\u00f3n y modernidad que significa el Ayuntamiento. No s\u00f3lo no me parece un despilfarro sino que me parece una decisi\u00f3n favorable para el trabajo de los funcionarios del Ayuntamiento y beneficiosa para la imagen de Madrid.<\/p>\n<p>P.- \u00bfPorqu\u00e9 los funcionarios municipales de Madrid tienen prohibido dirigirle la palabra a no ser que usted se dirija a ellos? Y no me diga que no es verdad porque mi mujer, es funcionaria de alto nivel y lo ha experimentado varias veces en recepciones, inauguraciones y otros actos.<\/p>\n<p>R.- Eso es de las cosas m\u00e1s absurdas que he o\u00eddo en mi vida. No solamente es falso sino que adem\u00e1s es incre\u00edble.<\/p>\n<p>P.- Sr. Gallard\u00f3n, vaya por delante mi enhorabuena por su destacado nombramiento en la nueva ejecutiva del PP; se lo merece. \u00bfCree que alg\u00fan d\u00eda cambiar\u00e1 la postura del partido en lo relativo al matrimonio gay, del que usted es partidario, pero que muchos de sus compa\u00f1eros rechazan, como lo han hecho este fin de semana en Valencia? Somos muchos los que nos identificamos con el PP en general, pero no con este rechazo en concreto. Muchas gracias, y mucha suerte.<\/p>\n<p>R.- Creo que en este momento debemos estar todos a lo que decida el Tribunal Constitucional. A \u00e9l le corresponde determinar si la f\u00f3rmula jur\u00eddica contenida en la Ley es la adecuada a nuestra Constituci\u00f3n. No puedo comprometerlo, pero estoy seguro que si la sentencia declara la constitucionalidad de la Ley el Partido Popular no la modificar\u00e1 cuando llegue el Gobierno.<\/p>\n<p>P.- Piensa presentarse a la Presidencia del PP de Madrid o a\u00fan no se atreve? Aunque tal vez la pregunta ser\u00eda si le interesa optar a este cargo o aspira directamente a la Presidencia del PP en el 2011.<\/p>\n<p>R.- Ni lo uno ni lo otro. Creo que la presidencia del PP de Madrid es un magn\u00edfico puesto para Esperanza Aguirre y he apoyado y seguir\u00e9 apoyando a Mariano Rajoy como presidente nacional del partido y como candidato a la presidencia del Gobierno.<\/p>\n<p>P.- No cree que Esperanza Aguirre se ha equivocado calific\u00e1ndose de perdedora? Al fin y al cabo, en el equipo de Rajoy est\u00e1n Luc\u00eda Figar (Consejera de Educaci\u00f3n), Juan Jos\u00e9 G\u00fcemes (Consejero de Sanidad), Alfredo Prada (Consejero de Justicia), Manuel Lamela (Consejero de Transportes) y Elvira Rodriguez (Pta. Asamblea Madrid). Es perdedora por la ausencia de Nacho Gonz\u00e1lez o por la presencia de Cobo?<\/p>\n<p>R.- No creo que Esperanza Aguirre haya sido perdedora en este Congreso. Y sobre todo lo importante es que al margen de cu\u00e1les fueron las tensiones previas al mismo estemos despu\u00e9s todos unidos en el apoyo a la decisi\u00f3n democr\u00e1tica y mayoritaria de los compromisarios, es decir, en el apoyo a Mariano Rajoy. Esperanza es necesaria para construir la mayor\u00eda que nos llevar\u00e1 al Gobierno de Espa\u00f1a.<\/p>\n<p>P.- Siento decirle que soy votante de PP y no me siento identificado con usted, con sus ideas y con sus formas. \u00bfque opina de que muchos votantes del PP ( m\u00e1s de los que usted cree) estan en su contra?<\/p>\n<p>R.- A un pol\u00edtico se le debe juzgar por sus resultados electorales. No solamente respeto su discrepancia sino que adem\u00e1s agradezco su confianza por transmit\u00edrmela, pero desde hace muchos a\u00f1os he sostenido que ampliar hacia el centro pol\u00edtico nuestro espacio electoral no significar\u00eda perder votos. Y las sucesivas elecciones en Madrid han confirmado esta teor\u00eda.<\/p>\n<p>P.- Estimado Alcalde: Me pude informar cuando finalizar\u00e1n las obras definitivamente de la M-30 que desgracidadamente despu\u00e9s de ganar Vd las elecciones lo cual me parece correcto las obras se han ralentizado a un nivel considerable. Asimismo solamente le comento que para gestionar una alcald\u00eda en Madrid habr\u00eda que buscar otras soluciones econ\u00f3micas en vez de llenarnos de radares a los madrile\u00f1os. Le considero muy capacitado para poder conseguir otros ingresos.<\/p>\n<p>R.- La finalizaci\u00f3n del proyecto Madrid R\u00edo es un compromiso de legislatura y, por tanto, estar\u00e1 finalizado antes de que \u00e9sta concluya, es decir, en mayo de 20Ninguno de los radares de la ciudad de Madrid tiene prop\u00f3sito recaudatorio sino de garant\u00eda de la seguridad de los automovilistas. Prueba de ello es que, a diferencia de otras administraciones, todos los radares de la M-30 est\u00e1n se\u00f1alizados. No buscamos sorprender al infractor sino evitar el exceso de velocidad para garantizar la seguridad.<\/p>\n<p>P.- Alcalde: \u00bfC\u00f3mo valora la actitud del diario El Mundo hacia usted?, la cual considero es NO AMISTOSA. \u00bfCree que la ha enturbiado su denmanda a Jimenez Losantos? o por el contrario \u00bfconsidera que es por que tienen preferencia este periodico a hacia Esperanza Aguirre?. Por cierto, muchas felicidades por su gesti\u00f3n, y saber hacer<\/p>\n<p>R.- Llevo muchos a\u00f1os en pol\u00edtica y siempre he sabido que la relaci\u00f3n de pol\u00edticos y periodistas debe ser de respeto y de autenticidad. Las amistades personales, o las distancias si las hubiera, nunca deben influir en la objetividad con la que unos y otros nos debemos relacionar. EL MUNDO ha discrepado mucho de m\u00ed y me ha criticado mucho. Tambi\u00e9n en momentos muy importantes, como en las v\u00edsperas electorales, ha hecho un balance positivo de mi gesti\u00f3n y ha pedido el apoyo electoral a mi candidatura. Y nunca, en la m\u00e1s dura de las cr\u00edticas, EL MUNDO me ha insultado ni me ha ofendido personalmente. Puedo decir que con todas las discrepancias que conocen los lectores mi voz no se ha silenciado nunca en esta casa.<\/p>\n<p>P.- \u00bfDon Alberto me va a demandar por escuchar por las ma\u00f1anas a Jimenez Losantos?<\/p>\n<p>R.- Ser\u00eda contradictorio con la persona a la que usted escucha que demanda ante los tribunales a quien entiende que ha ofendido su honor. Exactamente igual que en una democracia puede hacer cualquier ciudadano, inclu\u00eddo el alcalde de Madrid.<\/p>\n<p>P.- \u00bfEst\u00e1 decepcionado por no tener un cargo m\u00e1s importante en la nueva direcci\u00f3n del PP?<\/p>\n<p>R.- En absoluto. Creo que he recibido una muestra de confianza muy importante por parte del presidente del Partido, que me permite seguir trabajando por la candidatura de Madrid 2016 desde el Ayuntamiento de Madrid.<\/p>\n<p>P.- \u00bfQu\u00e9 valoraci\u00f3n extrae del Congreso del fin de semana? Hay &#8220;vencedores y vencidos&#8221;? Gracias.<\/p>\n<p>R.- S\u00ed, hay vencedores: todos los militantes del Partido Popular. Y sus simpatizantes y sus votantes. No hay derrotados.<\/p>\n<p>P.- Buenas tardes, alcalde. \u00bfCon qui\u00e9n se ir\u00eda antes a una isla desierta con Federico Jim\u00e9nez o con Esperanza Aguirre?<\/p>\n<p>R.- No descarte que me fuera con usted si tiene un buen tema de conversaci\u00f3n y generosidad para escuchar la m\u00eda.<\/p>\n<p>P.- Buenas tardes. Usted ha afirmado que las declaraciones de Jim\u00e9nez Losantos que han motivado la querella son lo m\u00e1s grave que ha tenido que escuchar en su vida pol\u00edtica \u00bfLas considera m\u00e1s graves que aquellas en las que se les acusaba a usted y a su partido de \u201casesinos\u201d por la intervenci\u00f3n en Irak?. Muchas gracias.<\/p>\n<p>R.- En un Estado de Derecho no nos corresponde a los pol\u00edticos juzgar. Es tarea de los tribunales de Justicia. Ellos han juzgado y ya han calificado esa conducta.<\/p>\n<p>P.- \u00bfqu\u00e9 le parece que los funcionarios hayan organizado una manifestaci\u00f3n por su convenio y contra la pol\u00edtica laboral del Ayuntamiento?<\/p>\n<p>R.- Forma parte del paisaje democr\u00e1tico ejercer el derecho de manifestaci\u00f3n. Hemos iniciado el di\u00e1logo con la representaci\u00f3n sindical y tengo toda mi confianza en que, al igual que ha ocurrido en los \u00faltimos meses en todos los conflictos que se han producido en Madrid, lleguemos a un acuerdo.<\/p>\n<p>P.- No cree que para hacer otra vez de Madrid una ciudad m\u00e1s segura habr\u00eda que poner leyes como en Londres o Paris?<\/p>\n<p>R.- No. S\u00ed creo que es necesario incrementar la presencia de la Polic\u00eda en la calle y atajar las razones profundas que generan la inseguridad en la ciudad. La delincuencia no se combate tanto con leyes como con medidas sociales y con pol\u00edticas preventivas que eviten que el delito llegue a ser cometido.<\/p>\n<p>P.- \u00bfLe preocupa que tanto el PSOE como todos los medios de comunicaci\u00f3n que le apoyan est\u00e9n encantados con el resultado del Congreso del PP?<\/p>\n<p>R.- Creo que el PSOE tiene motivos para estar electoralmente muy preocupado con el resultado del Congreso del Partido Popular. Llevo cuatro elecciones consecutivas ganando por mayor\u00eda absoluta al PSOE en Madrid y consiguiendo en cada una de ellas m\u00e1s apoyo electoral que en la anterior. Le aseguro que el PSOE no puede estar contento con alguien que sucesivamente les derrota electoralmente.<\/p>\n<p>P.- Buenos d\u00edas, \u00bfexiste alguna posibilidad de que se presente otra vez a alcalde por madrid?<\/p>\n<p>R.- Siempre he pensado que ocho a\u00f1os, es decir dos legislaturas, al frente de una administraci\u00f3n es el tiempo adecuado para desarrollar con la intensidad que requiere un proyecto pol\u00edtico de transformaci\u00f3n de la realidad. Puede haber circunstancias que aconsejen un tercer mandato, pero con toda sinceridad a d\u00eda de hoy yo no las contemplo.<\/p>\n<p>P.- \u00bfQu\u00e9 opina de la programaci\u00f3n de hoy de TeleMadrid?<\/p>\n<p>R.- Mal d\u00eda para opinar hoy. Pantalla negra.<\/p>\n<p>P.- \u00bfNo le parece que el trato que desde algunos medios supuestamente afines al PP se le ha dado y se le da a la persona de D. Manuel Fraga ha sido cuando menos poco elegante<\/p>\n<p>R.- Creo que la deuda con Manuel Fraga no la tenemos solo los militantes del partido que \u00e9l fund\u00f3, el Partido Popular, sino todos los democr\u00e1tas espa\u00f1oles. Fraga es uno de los grandes responsables de que hoy vivamos en democracia y de que el Partido Popular sea un referente de moderaci\u00f3n y de principios.<\/p>\n<p>P.- Se\u00f1or Gallard\u00f3n: \u00bfSe ha adherido al &#8220;Manifiesto por la Lengua Com\u00fan&#8221;?<\/p>\n<p>R.- No tenido ocasi\u00f3n de firmarlo, pero lo suscribo y lo respaldo \u00edntegramente. Lo firmar\u00e9 esta misma tarde.<\/p>\n<p>P.- Sr. Gallard\u00f3n: si fuera Presidente del Gobierno, \u00bfreabrir\u00eda la investigaci\u00f3n del 11-M, por ejemplo, para saber qui\u00e9n fue el autor intelectual de la masacre o por qu\u00e9 no se conservaron los trenes en lugar de desguazarlos, o cree que ya es suficiente con lo que se sabe? Gracias, Diego de Asturias.<\/p>\n<p>R.- En un Estado de Derecho es a los jueces y tribunales a quienes corresponde juzgar y hacer ejecutar lo juzgado. El Partido Popular durante sus \u00faltimos d\u00edas de Gobierno puso a disposici\u00f3n de los jueces todos los elementos de investigaci\u00f3n que permitieron llegar a la sentencia del 11-M. Funcion\u00f3 la Justicia y se conden\u00f3 a los culpables.<\/p>\n<p>P.- Si usted fuera seleccionador nacional y los miembros del PP fueran los jugadores, con qui\u00e9nes contar\u00eda para su once titular? CarlosPalomo<\/p>\n<p>R.- No soy un experto en f\u00fatbol, ni me atrever\u00eda a decir tampoco que lo soy en pol\u00edtica. \u00c9ste es un oficio en el que siempre se est\u00e1 aprendiendo. Pero tengo claro una cosa, y as\u00ed lo he manifestado en el Congreso de mi partido: al frente del equipo debe estar Mariano Rajoy.<\/p>\n<p>P.- \u00bfQu\u00e9 opini\u00f3n sincera le merece Rosa D\u00edez, y de su propuesta pol\u00edtica tan alejada de los rigidismos que dominan a los grandes partidos?<\/p>\n<p>R.- La presencia pol\u00edtica de Rosa D\u00edez desde su escisi\u00f3n del PSOE demuestra que una parte significativa del electorado socialista no est\u00e1 conforme con los planteamientos del Gobierno de Zapatero. Para que \u00e9sa inquietud pol\u00edtica sea efectiva el voto deber\u00eda dirigirse al Partido Popular, que es la \u00fanica alternativa posible.<\/p>\n<p>P.- \u00bfQu\u00e9 es para usted un verso suelto?<\/p>\n<p>R.- Al margen de lo que significa en la m\u00e9trica de los poemas, creo que fue una expresi\u00f3n que acu\u00f1\u00e9 hace algunos a\u00f1os y que ha hecho fortuna. Dije antes y digo ahora que lo importante del verso suelto es que no est\u00e1 fuera sino dentro del poema.<\/p>\n<p>P.- Buenos D\u00edas. S\u00e9 que es un mel\u00f3mano, \u00bfcu\u00e1l es su compositor favorito?<\/p>\n<p>R.- Si me lo hubiese preguntado hace unos a\u00f1os, le dar\u00eda una respuesta distinta a la de hoy. Y probablemente dentro de diez a\u00f1os habr\u00e9 vuelto a cambiar de opini\u00f3n. La m\u00fasica es as\u00ed, te acompa\u00f1a siempre pero tu estado de \u00e1nimo y tu madurez reflexiva, te hace ir variando en tus preferencias. En los \u00faltimos a\u00f1os prefiero la m\u00fasica de c\u00e1mara a la sinf\u00f3nica, el cuarteto a la orquesta, y el lied a la \u00f3pera. Quiz\u00e1 porque \u00e9sas formas de m\u00fasica te vinculan m\u00e1s \u00edntimamente al compositor a trav\u00e9s del int\u00e9rprete.<\/p>\n<p>P.- Qu\u00e9 opina el Sr. Alcande en cuanto al sistema de privatizaciones que est\u00e1 realizando el Ayto. de Madrid? Qu\u00e9 opina sobre los recortes, derechos adquiridos de los funcionarios p\u00fablicos de Ayto, que quiere llevar a cabo anulando el convenio vigente?.<\/p>\n<p>R.- Somos de todas las administraciones p\u00fablicas una de las que menos servicios hemos externalizado, desde la ayuda de domicilio, teleasistencia o centros de d\u00eda que en Zaragoza, Getafe o Fuenlabrada se prestan por empresas, hasta las infraestructuras deportivas en Barcelona o C\u00f3rdoba, pasando por el tranv\u00eda de Parla, por ponerle s\u00f3lo algunos ejemplos de gesti\u00f3n socialista. Lo importante de un servicio p\u00fablico es que funcione con eficacia para el ciudadano. A lo que yo me comprometo es a no reducir los puestos de trabajo p\u00fablicos en el Ayuntamiento de Madrid.<\/p>\n<p>P.- Sr. Gallard\u00f3n. En el libro de Yasmina Reza, Sarkozy dice que sin los votos de Le Pen no ganan. Cuando en un programa le preguntan por ello contesta: \u00bfqu\u00e9 tiene de malo que me voten los de Le Pen?, \u00bfqui\u00e9n prefiere vd que gobierne, Le Pen o yo?. Y ahora va mi pregunta: \u00bfpor qu\u00e9 no pueden ustedes, el PP, resolver con la misma facilidad que Sarkozy el tema de la extrema derecha?. El PSOE ha crecido a costa de la extrema izquierda. No todos van a ser votantes modelo, lo importante es que ustedes sean un partido modelo.<\/p>\n<p>R.- La extrema derecha se ha venido presentando sucesivamente en todas las convocatorias electorales que ha habido en Espa\u00f1a en los \u00faltimos 30 a\u00f1os. Su escasa representaci\u00f3n demuestra que no existe una demanda de posiciones radicales a la derecha del Partido Popular entre el electorado. Creo que esto es una buena noticia para la democracia espa\u00f1ola, de la misma forma que si alg\u00fan d\u00eda disminuye el peso electoral de los nacionalismos radicales de izquierda, aunque esos votos se fueran al PSOE, ser\u00eda una buena noticia tambi\u00e9n.<\/p>\n<p>P.- Se\u00f1or Gallard\u00f3n, tengo dos preguntas: &#8211; \u00bfA donde van a parar todos los impuestos que pagamos los ciudadanos? &#8211; \u00bfComo puede un joven de 33 a\u00f1os independizarse en Madrid? Gracias.<\/p>\n<p>R.- Una parte de ellos van dirigidos a construir viviendas p\u00fablicas, en propiedad o en alquiler, para que los j\u00f3venes de 33 a\u00f1os puedan independizarse. Somos de las grandes capitales de Europa la que m\u00e1s baja presi\u00f3n fiscal tenemos. Dicho esto, soy plenamente consciente, tengo cuatro hijos j\u00f3venes, de la enorme dificultad que tienen los madrile\u00f1os para independizarse. Una idea, adem\u00e1s de las ayudas p\u00fablicas en materia de vivienda, cuantos m\u00e1s puestos de trabajo contribuyamos a crear, m\u00e1s ayudaremos a este objetivo.<\/p>\n<p>P.- Desde Alicante: \u00bfQu\u00e9 puedo hacer por Vd.?<\/p>\n<p>R.- Seguir teniendo la generosidad de leer los chats en los que intervengo.<\/p>\n<p>P.- A usted, le pone Madrid, \u00bfno?<\/p>\n<p>R.- Mucho m\u00e1s que mucho. No es mi afici\u00f3n, es mi pasi\u00f3n. Pero no porque mi padre, mi abuelo, mi bisabuelo y&#8230; fueran de Madrid. Es porque de Madrid son mis hijos.<\/p>\n<p>P.- \u00bfQu\u00e9 duele m\u00e1s, votar a Esperanza o no ser diputado (por culpa de Esperanza)?<\/p>\n<p>R.- Siempre que se ha presentado Esperanza a unas elecciones he votado por ella. Con respecto a lo otro, recib\u00ed de Manolo Cobo un consejo: &#8220;Cuando un partido se ha jugado, piensa en el siguiente&#8221;.<\/p>\n<p>P.- Sr. Gallard\u00f3n, buenas tardes. \u00bfEs usted una pantera agazapada dispuesto a lanzar el zarpazo para ser candidato a la presidencia del Gobierno en 2012? No lo digo yo. Lo dice un compa\u00f1ero suyo. Gracias<\/p>\n<p>R.- Siempre me han gustado m\u00e1s los perros que los gatos. Claro que no soy una pantera. Y sobre todo jam\u00e1s he estado agazapado en mi vida. Cuando he querido una cosa, la he dicho. Y ahora digo que lo que quiero es que el pr\u00f3ximo presidente del Gobierno de Espa\u00f1a sea Mariano Rajoy.<\/p>\n<p>P.- Que musica me aconsejarias para un momento de pena? y otro de alegr\u00eda?? Gracias<\/p>\n<p>R.- Para el momento triste: uno de los primeros cuartetos de Beethoven. La luz y el color de su m\u00fasica cambiar\u00e1 tu \u00e1nimo. Y para el momento alegre: las variaciones Goldberg de Bach. Para recordar que toda felicidad es una v\u00edspera de la tristeza como toda tristeza te convoca a la felicidad.<\/p>\n","protected":false},"excerpt":{"rendered":"<p>Tras apoyar reiteradamente a Mariano Rajoy durante la crisis de su formaci\u00f3n, ha entrado a formar parte del Comit\u00e9 Ejecutivo del Partido Popular. Alberto Ruiz-Gallard\u00f3n charla con los lectores de elmundo.es sobre los movimientos dentro de la organizaci\u00f3n as\u00ed como de los asuntos de su agenda como alcalde de Madrid.<\/p>\n","protected":false},"author":1,"featured_media":0,"comment_status":"open","ping_status":"open","sticky":false,"template":"","format":"standard","meta":{"footnotes":""},"categories":[],"tags":[],"class_list":["post-4415","post","type-post","status-publish","format-standard","hentry"],"_links":{"self":[{"href":"https:\/\/intervius.com\/index.html\/wp-json\/wp\/v2\/posts\/4415","targetHints":{"allow":["GET"]}}],"collection":[{"href":"https:\/\/intervius.com\/index.html\/wp-json\/wp\/v2\/posts"}],"about":[{"href":"https:\/\/intervius.com\/index.html\/wp-json\/wp\/v2\/types\/post"}],"author":[{"embeddable":true,"href":"https:\/\/intervius.com\/index.html\/wp-json\/wp\/v2\/users\/1"}],"replies":[{"embeddable":true,"href":"https:\/\/intervius.com\/index.html\/wp-json\/wp\/v2\/comments?post=4415"}],"version-history":[{"count":0,"href":"https:\/\/intervius.com\/index.html\/wp-json\/wp\/v2\/posts\/4415\/revisions"}],"wp:attachment":[{"href":"https:\/\/intervius.com\/index.html\/wp-json\/wp\/v2\/media?parent=4415"}],"wp:term":[{"taxonomy":"category","embeddable":true,"href":"https:\/\/intervius.com\/index.html\/wp-json\/wp\/v2\/categories?post=4415"},{"taxonomy":"post_tag","embeddable":true,"href":"https:\/\/intervius.com\/index.html\/wp-json\/wp\/v2\/tags?post=4415"}],"curies":[{"name":"wp","href":"https:\/\/api.w.org\/{rel}","templated":true}]}}