{"id":4412,"date":"2008-06-25T00:00:00","date_gmt":"2006-11-06T00:00:00","guid":{"rendered":"https:\/\/intervius.com\/index.html\/?p=4412"},"modified":"2006-11-06T00:00:00","modified_gmt":"2006-11-06T00:00:00","slug":"Fran_Gonzalez4412","status":"publish","type":"post","link":"https:\/\/intervius.com\/index.html\/Fran_Gonzalez4412\/","title":{"rendered":"Fran Gonz\u00e1lez"},"content":{"rendered":"<p>Pregunta.- Eyy, Fran, qu\u00e9 grande fuiste. \u00bfA qu\u00e9 te dedicas ahora? \u00bfPor qu\u00e9 no se te ve entrenando a alg\u00fan equipo de Primera Divisi\u00f3n? Un saludo desde Madrid.<\/p>\n<p>Respuesta.- De momento no estoy haciendo nada, en \u00e9poca de reflexi\u00f3n todav\u00eda. S\u00ed puedo decir es que no tengo muchas ganas de entrenar. HE tenido ofertas, pero es algo que todav\u00eda no me llama.<\/p>\n<p>P.- \u00bfmarcos senna tiene similitudes con mauro silva?<\/p>\n<p>R.- M\u00e1s que sean brasile\u00f1os&#8230; poco m\u00e1s. Mauro robaba much\u00edsimos balones, ten\u00eda m\u00e1s contenci\u00f3n en el campo. Defensivamente era espectacular. Senna participa mucho m\u00e1s del juego.<\/p>\n<p>P.- \u00bfVer\u00eda hueco para usted en la actual selecci\u00f3n?<\/p>\n<p>R.- No soy quien para decir si hay un hueco o no. Me toc\u00f3 vivir una \u00e9poca buena en el D\u00e9por y ya me fue dif\u00edcil llegar a la Selecci\u00f3n. Este a\u00f1o, respecto a anteriores veces, Madrid y Bar\u00e7a no aportan tantos jugadores como antes por lo que seguramente ser\u00eda m\u00e1s f\u00e1cil.<\/p>\n<p>P.- \u00bfcual o cuales son las armas que hay que utilizar para ganar a Rusia? \u00bfSon tan buenos como dicen o es un poco de &#8220;miedo a la victoria&#8221; o curarse en salud? Gracias!!<\/p>\n<p>R.- Ellos tienen que estar mucho m\u00e1s preocupados, s\u00f3lo que con las dos \u00faltimas victorias se han crecido. Es una pasada la euforia que tienen. Eso puede ser bueno y malo. Espa\u00f1a, haciendo su f\u00fatbol, gana a los rusos.<\/p>\n<p>P.- Hola Fran, me llamo Julio y he tenido el privilegio de haber disfrutado de tu futbol durante m\u00e1s de una d\u00e9cada. Yo como deportivista y como gallego me he sentido ampliamente identificado contigo, pero siempre he pensado que los seleccionadores nacionales que coincidieron en tu periodo como futbolista profesional nunca te valoraron suficientemente. \u00bfConsideras que tu aportaci\u00f3n a la selecci\u00f3n espa\u00f1ola absoluta fu\u00e9 insuficiente debido al potencial que ten\u00edas como interior izquierdo? \u00bfAcaso ha habido alg\u00fan interior zurdo mejor que t\u00fa entre 1995-2005? S\u00f3lo me queda darte las gracias por haberme hecho disfrutado con tu fulbol y felicitarte, porque el talento no entiende de territorios.<\/p>\n<p>R.- Mi aportaci\u00f3n en la Selecci\u00f3n tampoco fue demasiado buena, quiz\u00e1s porque iba pocas veces y no ten\u00eda la confianza suficiente. Tampoco quiero darle mayor importancia. Me sent\u00eda mucho m\u00e1s a gusto jugando en el D\u00e9por que en la selecci\u00f3n.<\/p>\n<p>P.- Hola. \u00bfTe parece justo que Ra\u00fal no haya ido a la Eurocopa? \u00bfCrees que pasar a semifinales ha apaciguado el debate? Un saludo.<\/p>\n<p>R.- Hay un seleccionador que considera a quien debe de llevar. Le ha salido no llevar a Ra\u00fal y poco m\u00e1s se puede decir. Ahora, habr\u00e1 gente que se apuntar\u00e1 a decir que Luis ten\u00eda raz\u00f3n.<\/p>\n<p>P.- A quien ves mejor en tu puesto en la Roja?&#8230; saludos figura!<\/p>\n<p>R.- Juegan muy distinto ahora. La Selecci\u00f3n intercambia mucho los jugadores, Iniesta juega por la izquierda, luego aparece Silva&#8230; No hay un jugador de banda, banda. Cada jugador tiene sus caracter\u00edsticas. No veo un doble, todos somos muy distintos.<\/p>\n<p>P.- Hola capit\u00e1n: Antes de nada, agradecerte las grandes tardes que nos has hecho pasar a los aficionados del Deportivo y tu fidelidad a unos colores. Mi pregunta es la siguiente: \u00bfqu\u00e9 sucedi\u00f3 en la Eurocopa realmente entre Molina y Camacho para que \u00e9ste \u00faltimo decidiese arrebatarle la titularidad y no convocarlo nunca m\u00e1s? Y si este hecho afecto negativamente al ambiente del equipo? Muchas gracias y un saludo<\/p>\n<p>R.- No pas\u00f3 nada. Son cosas que pasan. Ese partido contra Noruega, quiz\u00e1s tuvo mucha culpa de ello, pero no vi nada raro en ello.<\/p>\n<p>P.- Hola Fran \u00bfCu\u00e1l es tu mejor y peor recuerdo de la Eurocopa que jugaste?<\/p>\n<p>R.- El mejor haber debutado en una Eurocopa, participar en una fase final, estando all\u00ed. El peor, cuando quedas eliminado, es un golpe muy duro.<\/p>\n<p>P.- Fran&#8230;una de periodismo deportivo \u00bfcon qu\u00e9 periodista deportivo te sentias m\u00e1s c\u00f3modo cuando te hacia una entrevista?\u00bf imponia m\u00e1s Garcia o De La Morena?. 0_=<\/p>\n<p>R.- A mi Garc\u00eda me pill\u00f3 en una \u00e9poca muy joven y me faltan m\u00e1s tablas. Con De la Morena me sent\u00eda m\u00e1s c\u00f3modo, era m\u00e1s f\u00e1cil.<\/p>\n<p>P.- \u00bfQu\u00e9 tal Fran?\u00bfC\u00f3mo ves el nivel de la actua eurocopa?si bien equipos como Francia o Italia, parecen no estar al mismo nivel que cuando tu competias en la absoluta&#8230;much\u00edsimas gracias,forza Depor!!!<\/p>\n<p>R.- Me est\u00e1 encantando la Eurocopa. Para mi\u00b4, uno de los partidos m\u00e1s sosos, t\u00e1ctico, fue el de Espa\u00f1a-Italia, pero los dem\u00e1s fueron espectaculares. Una de las Eurocopas m\u00e1s divertidas desde el punto de vista del espectador. Los finales son espectaculares.<\/p>\n<p>P.- \u00bfQui\u00e9n es para tu gusto el mejor jugador de la seleccion?<\/p>\n<p>R.- Estoy viendo una Selecci\u00f3n que no tiene un jugador que destaque sobre los dem\u00e1s. Veo un nivel medio-alto en los jugadores, y si realmente hay un \u00e9xito es por el equipo. En un partido, es Casillas, en otro son Xavi y Torres, en otro Villa&#8230; Ves a Rusia y es Arshavin, pero en la Selecci\u00f3n no ocurre eso. Todos tienen una calidad fenomenal.<\/p>\n<p>P.- Crees, que si hubieses jugado en el madrid,\u00bf habrias sido m\u00e1s veces internacional?<\/p>\n<p>R.- Es mucho m\u00e1s f\u00e1cil, est\u00e1s siempre en boca de todos. Madrid y Bar\u00e7a tienen m\u00e1s experiencia internacional, te curten m\u00e1s, est\u00e1s en la prensa&#8230;<\/p>\n<p>P.- Teniendo tanta calidad, \u00bfporqu\u00e9 no has intentado m\u00e1s el disparo a puerta?<\/p>\n<p>R.- De peque\u00f1o tienes algo innato, como es el pase, y lo buscas. Aunque tienes raz\u00f3n, deb\u00ed haber buscado m\u00e1s el tiro. Lo intent\u00e9 poco.<\/p>\n<p>P.- Buenos d\u00edas, Fran. \u00bf Cree que el desgaste f\u00edsico de Espa\u00f1a, unido a que los rusos est\u00e1n en su liga a mitad de temporada puede ser determinante en esta semifinal si no marcamos pronto?. Muchas gracias<\/p>\n<p>R.- Esa es la ventaja de los rusos. Por eso van creciendo partido a partido, van como motos. Me qued\u00e9 impresionado de la fortaleza f\u00edsica ante Holanda. Es determinante, contra una liga espa\u00f1ola tan larga.<\/p>\n<p>P.- \u00bfMARCHENA SERIA UN GRAN FICHAJE PARA EL DEPORTIVO, SI SE VA COLOCCINI?<\/p>\n<p>R.- Supongo, aunque no creo que el Valencia lo deje ir.<\/p>\n<p>P.- Hola Fran, a qu\u00e9 te dedicas ahora? qu\u00e9 crees que es m\u00e1s importante para ti en la selecci\u00f3n: la veteran\u00eda o el esp\u00edritu de un reci\u00e9n llegado a la selecci\u00f3n? Un saludo<\/p>\n<p>R.- Todo lo que sume es lo mejor que hay. Las dos cosas son importantes por igual.<\/p>\n<p>P.- Fran,Luis Enrique y Guardiola han entrenado al filial del Barcelona,Claudio Barrag\u00e1n segundo entrenador del Elche,Ribera est\u00e1 de segundo de Lotina&#8230;etc&#8230;\u00bftienes el titulo de entrenador o vas a sac\u00e1rtelo alg\u00fan a\u00f1o de estos?&#8230;.creo que tendrias sitio en el Fabril para ense\u00f1ar a los chavales la clase que atesoras y seguro que con Tito Ramallo harias buena dupla y por fin conseguiriamos el ascenso a la segunda divisi\u00f3n que otro a\u00f1o m\u00e1s se ha quedado en el limbo&#8230;\u00bfhas visto jugar alguna vez al Fabril? \u00bfhay alg\u00fan jugador de la cantera que te recuerde a ti?.<\/p>\n<p>R.- S\u00ed, tengo el t\u00edtulo de entrenador, pero como ya dije, por ahora no me planteo nada.<\/p>\n<p>P.- Fran \u00bf qui\u00e9n ha sido el defensor que m\u00e1s a disgusto te tenia cuando eras profesional? \u00bf y el que m\u00e1s te gustaba porque siempre le hacias de todo?<\/p>\n<p>R.- Jejeje&#8230;. tengo mala memoria como para recordar esas cosas. No tengo ninguno en especial, ni para bien ni para mal.<\/p>\n<p>P.- \u00bfNo crees que se ha desatado demasiada euforia por haber ganado a Italia en la loter\u00eda de los penaltis? La gente ya se ve campeona, pero quedan dos partidos, a cada cual m\u00e1s dif\u00edcil. Por \u00faltimo, \u00bfes verdad que en tu etapa de jugador te llamaban Forrest Fran? Un saludo, y PODEMOS!<\/p>\n<p>R.- \u00a1Pues corr\u00eda m\u00e1s bien poco! Basaba mi juego en lo t\u00e9cnico. Respecto a la primera pregunta, es normal la euforia por el malestar de no pasar nunca de cuartos. Los jugadores son conscientes de guardar la calma que todav\u00eda no hemos ganado nada.<\/p>\n<p>P.- Fran \u00bf con qu\u00e9 delanteros del Depor te entendias mejor? Manjarin,Bebeto,Kostadinov,Julio Salinas,Claudio,Luizao,Renaldo,Abreu,otros&#8230;..etc. \u00bf Se entrena la compenetraci\u00f3n con los delanteros o es cosa de complicidad y entendimiento en el campo por los movimientos?.<\/p>\n<p>R.- Los entrenamientos son fundamentales. A medida que entrenas, conoces sus movimientos. Quiz\u00e1s, dos de los jugadores m\u00e1s f\u00e1ciles para entenderse eran Bebeto y Makaay.<\/p>\n<p>P.- \u00bfCrees que a Espa\u00f1a le har\u00eda un jugador de banda como eras t\u00fa para abrir los partido en caso de que fuera necesario? Personalmente creo que Cazorla es un buen jugador pero no un extremo y S. Garc\u00eda esta muy falto de forma f\u00edsica.<\/p>\n<p>R.- Espa\u00f1a tiene jugadores de banda, pero tiene otra forma de jugar. No tiene que cambiar nada. El siguietne partido, ante Rusia, har\u00e1 da\u00f1o. Es un equipo muy inc\u00f3modo porque no deja tocar la pelota. Y es fundamental la consistencia atr\u00e1s, pro muchos jugones que se dice tener.<\/p>\n<p>P.- Fran, m\u00e1s que una pregunta, un deseo&#8230; que en un futuro seas entrenador del depor.. saludos y gracias<\/p>\n<p>R.- En el momento en el que tenga hambre por entrenar, estar\u00eda encantado ser entrenador de f\u00fatbol y m\u00e1s del Deportivo, es el club que llevo en el coraz\u00f3n.<\/p>\n","protected":false},"excerpt":{"rendered":"<p>El ex futbolista del Deportivo de La Coru\u00f1a, 16 veces internacional, responder\u00e1 a las preguntas de los lectores sobre la Eurocopa. Fran, presente en la Eurocopa de Holanda y B\u00e9lgica, sigue jugando con la selecci\u00f3n espa\u00f1ola de veteranos.<\/p>\n","protected":false},"author":1,"featured_media":0,"comment_status":"open","ping_status":"open","sticky":false,"template":"","format":"standard","meta":{"footnotes":""},"categories":[],"tags":[],"class_list":["post-4412","post","type-post","status-publish","format-standard","hentry"],"_links":{"self":[{"href":"https:\/\/intervius.com\/index.html\/wp-json\/wp\/v2\/posts\/4412","targetHints":{"allow":["GET"]}}],"collection":[{"href":"https:\/\/intervius.com\/index.html\/wp-json\/wp\/v2\/posts"}],"about":[{"href":"https:\/\/intervius.com\/index.html\/wp-json\/wp\/v2\/types\/post"}],"author":[{"embeddable":true,"href":"https:\/\/intervius.com\/index.html\/wp-json\/wp\/v2\/users\/1"}],"replies":[{"embeddable":true,"href":"https:\/\/intervius.com\/index.html\/wp-json\/wp\/v2\/comments?post=4412"}],"version-history":[{"count":0,"href":"https:\/\/intervius.com\/index.html\/wp-json\/wp\/v2\/posts\/4412\/revisions"}],"wp:attachment":[{"href":"https:\/\/intervius.com\/index.html\/wp-json\/wp\/v2\/media?parent=4412"}],"wp:term":[{"taxonomy":"category","embeddable":true,"href":"https:\/\/intervius.com\/index.html\/wp-json\/wp\/v2\/categories?post=4412"},{"taxonomy":"post_tag","embeddable":true,"href":"https:\/\/intervius.com\/index.html\/wp-json\/wp\/v2\/tags?post=4412"}],"curies":[{"name":"wp","href":"https:\/\/api.w.org\/{rel}","templated":true}]}}