{"id":4405,"date":"2008-07-01T00:00:00","date_gmt":"2006-11-06T00:00:00","guid":{"rendered":"https:\/\/intervius.com\/index.html\/?p=4405"},"modified":"2006-11-06T00:00:00","modified_gmt":"2006-11-06T00:00:00","slug":"Jose_Blanco4405","status":"publish","type":"post","link":"https:\/\/intervius.com\/index.html\/Jose_Blanco4405\/","title":{"rendered":"Jos\u00e9 Blanco"},"content":{"rendered":"<p>Pregunta.- Buenos d\u00edas. Despu\u00e9s de la anterior campa\u00f1a electoral, donde qued\u00f3 demostrada la eficacia y el alcance de las nuevas tecnologias al servicio de la labor politica, me parece una idea excelente dar mayor relevancia a la figura del cibermilitante o simplemente al internaura comprometido( dicho de un modo mas po\u00e9tico)..dado que esta figura y su posible perfil es uno de los epigrafes de la ponencia marco \u00bfQue importancia cree que tendra en el debate del congreso federal? Muchas gracias. Mariaje.<\/p>\n<p>Respuesta.- La importancia de incorporar una nueva forma de compromiso a nuestra pr\u00e1ctica pol\u00edtica. Desconozco que ning\u00fan partido lo haya hecho. En esto tambi\u00e9n el PSOE se sit\u00faa a la vanguardia.<\/p>\n<p>P.- He podido leer que el PSOE tiene intenci\u00f3n de dinamizar las agrupaciones para hacerlas m\u00e1s participativas, transparentes y m\u00e1s cercanas a los problemas de los ciudadanos \u00bfes cierto? \u00bfc\u00f3mo se va a hacer esto? \u00bf Por fin van a ser m\u00e1s importantes las ideas que las personas?. paco.<\/p>\n<p>R.- Como pone de manifiesto las m\u00e1s de 6000 enmiendas que se presentan en nuestro Congreso, el debate en el PSOE es un debate vivo e intenso fruto de las ideas que emergen en el conjunto de la organizaci\u00f3n. \u00c9ste ser\u00e1 un Congreso de ideas y de participaci\u00f3n y esto lo vamos a extender al conjunto de la organizaci\u00f3n para estar cada d\u00eda m\u00e1s cerca del conjunto de los ciudadanos.<\/p>\n<p>P.- Se\u00f1or Blanco, \u00bfqu\u00e9 opina usted del manifiesto en defensa del Castellano como lengua com\u00fan? \u00bfpiensa adherirse a \u00e9l?<\/p>\n<p>R.- La Constituci\u00f3n reconoce en Espa\u00f1a una lengua com\u00fan y oficial que es el castellano. Y otras lenguas cooficiales en algunas comunidades aut\u00f3nomas, entre ellas la m\u00eda, Galicia. Es la propia COnstituci\u00f3n la que defiende todas y cada una de esas lenguas. El Gobierno central y los auton\u00f3micos lo que deben hacer es garantizar la ense\u00f1anza de todas ellas y trabajar para conservar y mejorar la inmensa riqueza ling\u00fc\u00edstica e hist\u00f3rica que supone este patrimonio com\u00fan de todos. Por ejemplo, mi lengua materna es el gallego y no quiero renunciar a hablarla porque puede convivir perfectamente con el castellano. Respecto al Manifiesto por la Lengua Com\u00fan, ayer lo dec\u00eda Gamoneda en un art\u00edculo muy interesante que hoy reproduce EL MUNDO: &#8220;El manifiesto ya no es razonable&#8221;, asegura Gamoneda, uno de los firmantes, sencillamente porque se ha visto una utilizaci\u00f3n pol\u00edticamente interesada de una supuesta defensa del idioma com\u00fan que, insisto, tiene garantizada su defensa en la propia Constituci\u00f3n. Yo estoy de acuerdo con Gamoneda: el Manifiesto ya no es razonable.<\/p>\n<p>P.- \u00bfPor qu\u00e9 cree que Joaqu\u00edn Leguina, como antes otros relevantes socialistas, prefieren la cr\u00edtica externa y p\u00fablica a hacer o\u00edr su voz en los Congresos de su partido?<\/p>\n<p>R.- Respeto profundamente todas las expresiones que contribuyan a enriquecer el debate pol\u00edtico y detesto aquellas que s\u00f3lo buscan la descalificaci\u00f3n fruto, en alguna ocasi\u00f3n, del rencor.<\/p>\n<p>P.- Sr. Blanco, los espa\u00f1oles necesitamos que nos arreglen la vida, sin embargo en el Congreso que el Psoe va a celebrar ya, parece que nos van a arreglar la muerte, \u00bfacaso el aborto libre, la eutanasia, el laicismo militante y agresivo, cree vd. que es lo que preocupa a los espa\u00f1oles de hoy?<\/p>\n<p>R.- Hay muchos espa\u00f1oles que quieren hacer uso de su libertad plenamente: que nadie les imponga ni su moral ni sus ideas. Eso es lo que defiende el Partido Socialista cuando anuncia una Ley de Libertad Religiosa o abre una reflexi\u00f3n sobre el derecho a morir dignamente o a revisar una Ley del Aborto que lleva 23 a\u00f1os en funcionamiento. Lo que no es soportable es la hipocres\u00eda ni la falsa moral. Y es muy insoportable que algunas comunidades aut\u00f3nomas en raz\u00f3n de esa moral no expliquen Educaci\u00f3n para la Ciudadan\u00eda que, entre otras cosas, llevar\u00eda a que muchos j\u00f3venes pudiesen tener mayor informaci\u00f3n sobre los m\u00e9todos anticonceptivos para evitar embarazos no deseados y de esta forma se habr\u00eda reducido la cifra de \u00e9stos.<\/p>\n<p>P.- Con motivo del congreso habr\u00e1 cambios de personas y responsabilidades en la ejecutiva federal??<\/p>\n<p>R.- \u00c9ste ser\u00e1 un Congreso de cambio y renovaci\u00f3n. Renovaci\u00f3n de proyecto pol\u00edtico, actualizaci\u00f3n de nuestro pensamiento, respuesta a los nuevos desaf\u00edos y cambios que se producen de forma vertiginosa en la sociedad y tambi\u00e9n lo ser\u00e1 en las personas que encarnen este nuevo momento pol\u00edtico en la direcci\u00f3n del PSOE.<\/p>\n<p>P.- \u00bfPara cuando la elecci\u00f3n directa en votaci\u00f3n libre y secreta del Secretario General de su Partido? y \u00bfla elecci\u00f3n de delegados a los Congresos en listas abiertas?<\/p>\n<p>R.- Nuestro Congreso, como se ha demostrado en los prolegomenos del Congreso del PP en donde muchos reclamaban mirar el modelo de democracia interna del PSOE, es profundamente democr\u00e1tico y participativo. Y en este Congreso reflexionaremos todav\u00eda m\u00e1s en c\u00f3mo ampliamos y profundizamos en nuestra democracia interna y sobre todo, lo que es m\u00e1s importante, en nuestra relaci\u00f3n permanente con la sociedad, creando la figura del responsable de distrito electoral.<\/p>\n<p>P.- Buenos d\u00edas, Sr. Blanco. Hoy se ha anunciado que Espa\u00f1a es el pa\u00eds de la Uni\u00f3n Europea donde m\u00e1s aumenta el desempleo. Aunque el Gobierno se empe\u00f1e en evitar la palabra &#8220;crisis&#8221;, est\u00e1 claro que estamos viviendo una dura etapa que no se sobrelleva con la ayuda de los 400 euros. \u00bfQu\u00e9 previsi\u00f3n tienen para los pr\u00f3ximos meses al respecto? \u00bfC\u00f3mo va a hacer frente el Gobierno a este desgaste econ\u00f3mico? Gracias.<\/p>\n<p>R.- En efecto, tenemos dificultades. Y los ciudadanos nos han elegido para tratar de resolver problemas. En un momento de dificultad las respuestas pueden venir dadas garantizando derechos o recort\u00e1ndolos. \u00c9sa es la diferencia entre la izquierda y la derecha. Por eso frente al recorte del gasto que defiende el PP que significar\u00eda congelar el salario de los funcionarios, congelar la subida de pensiones, congelar el n\u00famero de becas y su cuant\u00eda, retrasar las infraestructuras por ejemplo del AVE a Galicia o a Valencia, nosotros no vamos a hacerlo. Garantizaremos la subida de las pensiones, sobre todo las m\u00e1s bajas. Incrementaremos el salario m\u00ednimo interprofesional. No habr\u00e1 decretazos que recorten derechos, al contrario, mejoraremos la cobertura por desempleo a aquellas personas que temporalemtne incrementen la lista de desempleados y seguiremos apostando por las infraestructuras y la investigaci\u00f3n para modernizar el pa\u00eds y prepararnos para ser m\u00e1s competitivos en el momento en que se supere \u00e9sta situaci\u00f3n de dificultad.<\/p>\n<p>P.- Hola Se\u00f1or Blanco. Usted dijo que se alegra de que siga Rajoy. \u00bfa que politico del pp le tiene m\u00e1s miedo para las proximas elecciones generales, a Esperanza o a Gallard\u00f3n?<\/p>\n<p>R.- Esperanza y Gallard\u00f3n ten\u00edan un objetivo en la antesala del Congreso del Partido Popular: los dos quer\u00edan sustituir a Rajoy. Acab\u00f3 el Congreso y los dos siguen queriendo sustituir a Rajoy. En \u00e9se contexto de pelea soterrada lo mejor es lo que ha hecho el Congreso del Partido Popular: poner al frente del mismo a una joven promesa, a un nuevo dirigente en la figura de Mariano Rajoy.<\/p>\n<p>P.- \u00bfLa fuerza del cambio? \u00bfEl cambio qui\u00e9n es? \u00bfRubalcaba que era ministro hace 20 a\u00f1os? \u00bfC\u00f3mo se puede criticar la renovaci\u00f3n en el PP cuando Rubalcaba est\u00e1 en las del PSOE?<\/p>\n<p>R.- Hablar de cambios no solamente se refiere a las personas. El PSOE a lo largo de \u00e9stos \u00faltimos 30 a\u00f1os ha sido el motor de los grandes cambios que se han producido en nuestro pa\u00eds, de los grandes avances sociales, de los mejores momentos del progreso de Espa\u00f1a. Tenemos que seguir si\u00e9ndolo. Y para eso tenemos que dar respuestas a los nuevos cambios y desaf\u00edos que tenemos por delante: el cambio clim\u00e1tico, la innovaci\u00f3n tecnol\u00f3gica, la inmigraci\u00f3n, etc. En el PSOE lo m\u00e1s importante son las respuestas a los desaf\u00edos y, desde luego, Alfredo P\u00e9rez Rubalcaba tiene todas las virtudes de una persona que sabe entender la sociedad espa\u00f1ola. Es un gran ministro y un gran compa\u00f1ero.<\/p>\n<p>P.- Sr. Blanco: \u00bfQu\u00e9 opina de esa supuesta subida porcentual del PP en intenci\u00f3n de voto tras su congreso, hasta el 41%, a un punto del PSOE? \u00bfC\u00f3mo es posible que pueda ocurrir esto si, como dicen, varios miles de militantes y decenas de miles de votantes del PP afirman categ\u00f3ricamente cambiar de partido a partir de su supuesto giro al centro y el protagonismo recobrado parcialmente por Gallard\u00f3n?<\/p>\n<p>R.- \u00c9stas encuestas que se conocen en estos momentos son encuestas que yo llamo de coyuntura. Es dif\u00edcil predecir un resultado electoral cerca de cuatro a\u00f1os de unas elecciones. A m\u00ed me gusta ver al Partido Popular en forma. Es un est\u00edmulo. F\u00edjese: en las elecciones del 2004 estaba varios puntos por delante nuestra y al final ganamos. En todo caso, los retos que tenemos m\u00e1s cercanos son las elecciones de Galicia y de Euskadi y yo hoy me atrevo a hacer un pron\u00f3stico, estas citas electorales est\u00e1n ya muy cercanas, el Partido Popular bajar\u00e1 en Euskadi y bajar\u00e1 en Galicia. Y el Partido Socialista subir\u00e1.<\/p>\n<p>P.- Hola Sr. Blanco. \u00bfCree que habr\u00e1 alg\u00fan cambio significativo en cuanto a la posici\u00f3n del PSOE en temas como la inmigraci\u00f3n? En los \u00faltimos d\u00edas ya hemos podido apreciar algun cambio de postura en el gobierno en este tema. Gracias y un saludo.<\/p>\n<p>R.- No hay ning\u00fan cambio de postura. Desde que llegamos al Gobierno en el a\u00f1o 2004 trabajamos por una inmigraci\u00f3n ordenada. La inmigraci\u00f3n ordenada consiste en que nadie pueda entrar en nuestro pa\u00eds que no tenga una perspectiva de trabajo y el que entre regularmente tendr\u00e1 que regresar a su pa\u00eds de origen. A su vez, los que legalmente est\u00e1n en nuestro pa\u00eds tienen que estar sujetos a nuestras leyes, es decir, con derechos y obligaciones.<\/p>\n<p>P.- Sinceramente, creo que el PSM deber\u00eda ser capaz de abrirse a la democracia interna sin miedo. Quiz\u00e1 as\u00ed surgiera un l\u00edder con peso pol\u00edtico e intelectual para dirigir una organizaci\u00f3n de esta importancia. Pareciera que no hay gente preparada en Madrid, o que desde las altas instancias del partido no hay inter\u00e9s estrat\u00e9gico en luchar por MAdrid. \u00bfME equivoco? Gracias y \u00e1nimo<\/p>\n<p>R.- Tenemos claro que tenemos una deuda con los ciudadanos madrile\u00f1os que quieren vernos en forma con proyectos e ideas claras, con equipos solventes, para ganar de nuevo su confianza. Tom\u00e1s G\u00f3mez acaba de llegar, pero representa una apuesta de futuro con experiencia y solvencia para hacer frente a los desaf\u00edos que tiene la sociedad madrile\u00f1a. Tiene el apoyo y reconocimiento de la Direcci\u00f3n Federal del Partido y el compromiso de trabajar juntos en \u00e9se proyecto ganador al que me refer\u00eda antes.<\/p>\n<p>P.- Buenas tardes.\u00bfNo se siente responsable en parte del grado de crispaci\u00f3n pol\u00edtica que se vivi\u00f3 en Espa\u00f1a durante la legislatura anterior?\u00bfSe termin\u00f3 de veras el hablar con el terrorismo, o seguir\u00e1 Eguiguren con sus contactos? Gracias y buenas tardes.<\/p>\n<p>R.- En absoluto me siento responsable. Al rev\u00e9s, igual que una inmensa mayor\u00eda de los ciudadanos espa\u00f1oles me siento un poco v\u00edctima. Es absolutamente imprescindible la serenidad en la vida pol\u00edtica y s\u00f3lo desde la serenidad se puede ganar la confianza de los ciudadanos. En este sentido si el Partido Popular decidi\u00f3 en su Congreso abandonar la crispaci\u00f3n y buscar el di\u00e1logo y los acuerdos con el Gobierno en aquellos temas de inter\u00e9s general, bienvenido sea. Es lo que buscamos y no encontramos a lo largo de la legislatura pasada.<\/p>\n<p>P.- Buenos d\u00edas Sr. Blanco, El Fiscal del 11-M ha vuelto a comentar lo que es ya obvio: no hay autores intelectuales del 11-M. \u00bfNo va su partido a hacer nada, a impulsar la investigaci\u00f3n, plantearse que el caso seguir\u00e1 abierto hasta que se halle la autor\u00eda intelectual de esta masacre?<\/p>\n<p>R.- En un Estado de Derecho hay que respetar las decisiones judiciales. Con ellas qued\u00f3 probado qui\u00e9nes fueron los responsables de ese atentado. Por eso he de lamentar que en su estreno la Secretaria General del Partido Popular vuelva a insistir en lo que yo cre\u00eda que era una vieja historia: la teor\u00eda de la conspiraci\u00f3n.<\/p>\n<p>P.- \u00bfcual van a ser las directrices sobre politica antiterrorista?intento de negociacion \u00bfo ese camino esta absolutamente cerrado?<\/p>\n<p>R.- La banda terrorista ETA con sus atentados enterr\u00f3 el di\u00e1logo. S\u00f3lo tiene una salida que es el abandono de las armas. Aprovecho para felicitar a los Cuerpos y Fuerzas de Seguridad del Estado por su eficaz labor para detener y poner a disposici\u00f3n de la Justicia a los miembros de la organizaci\u00f3n terrorista.<\/p>\n<p>P.- Buenos d\u00edas. Se\u00f1or Blanco, \u00bfson en el PSOE conscientes del creciente desencanto con su partido entre el electorado de izquierdas? La sensaci\u00f3n de que se est\u00e1n centrando aumenta y se arriesgan a que de nuevo muchos votantes que dejen de ver como una amenaza ultra al PP se queden en casa en las pr\u00f3ximas elecciones. Por favor, recuerden sus ra\u00edces y su obligaci\u00f3n para con la izquierda.<\/p>\n<p>R.- No reconozco ninguna decisi\u00f3n que haya adoptado el Gobierno desde que los ciudadanos se expresaran en las urnas distinta al compromiso que adquirimos con los mismos a trav\u00e9s de nuestro programa electoral. Algunos comentarios forman parte de estereotipos que no son ciertos y, desde luego, al que menos credibilidad le doy es al nuevo viaje al centro del Partido Popular. Si repasamos la hemeroteca en cada congreso, y llevan 16, siempre nos han dicho que viajaban al centro. Es, por lo tanto, la decimosexta vez que emprenden este viaje. Espero que en esta ocasi\u00f3n no vuelvan a su lugar de origen, aunque tengo poca confianza porque quien pivota la nave es el mismo que particip\u00f3 de todas las estrategias del PP al lado de Aznar durante varios a\u00f1os y que lider\u00f3 estos \u00faltimos cuatro a\u00f1os del PP.<\/p>\n<p>P.- \u00bfQu\u00e9 est\u00e1 haciendo su partido para seleccionar a los y las mejores para los puestos de direcci\u00f3n del partido? \u00bfno piensa que los j\u00f3venes mejor preparados no est\u00e1n ocupando el lugar que les corresponde? \u00bfQu\u00e9 pas\u00f3 con la iniciativa de los cuadros j\u00f3venes de la Jaime Vera?<\/p>\n<p>R.- Pues que sigue. Es m\u00e1s, ma\u00f1ana mismo inauguro una nueva edici\u00f3n de los cuadros j\u00f3venes, que tendr\u00e1 otra edici\u00f3n en septiembre. Si precisamente he hecho algo desde que estoy en mi responsabilidad es tratar de incorporar a j\u00f3venes de forma permanente. S\u00f3lo hay que observar el equipo que siempre me ha rodeado.<\/p>\n<p>P.- \u00bfPara cu\u00e1ndo pactos nacionales a largo plazo en temas clave como Educaci\u00f3n y Sanidad para evitar que cada 4 a\u00f1os se quiere inventar la rueda de nuevo?<\/p>\n<p>R.- Nosotros cuando abordamos las reformas educativas intentamos acordar con el PP para darle mayor estabilidad al sistema educativo y que no estuviera sujeto a los avatares electorales. El ministro de Sanidad ha hecho lo mismo recientemente en esta materia. Sin renunciar a nuestras ideas, siempre estamos dispuestos a buscar acuerdos que mejoren la calidad de nuestro sistema educativo y sanitario.<\/p>\n<p>P.- El PP le ha tendido la mano al PSOE para buscar acuerdos en encontrar soluciones a la CRISIS ECON\u00d3MICA que estamos sufriendo. \u00bfQu\u00e9 opini\u00f3n le merece ese ofrecimiento?<\/p>\n<p>R.- Todos los espacios para el di\u00e1logo son positivos, pero tenemos discrepancias de fondo, no compartimos la idea de reducir el gasto p\u00fablico si eso trae consigo paralizar inversiones, congelar salarios, frenar la subida de las pensiones, etc.<\/p>\n<p>P.- Buenos dias Sr. Blanco. Despues del congreso del PP \u00bftiene ya el PSOE la oposicion que le interesa?<\/p>\n<p>R.- Tenemos la oposici\u00f3n que ha decidido el Congreso del Partido Popular. Con ella buscaremos acuerdos y dicreparemos.<\/p>\n<p>P.- Se\u00f1or Blanco \u00bfNO est\u00e1 harto del papel de malo que le han adjudicado en este Gobierno ? \u00bfPara cu\u00e1ndo un ministerio? \u00bfCu\u00e1l le gustar\u00eda?<\/p>\n<p>R.- En el PSOE, querr\u00e1 decir. No tengo la sensaci\u00f3n de ser el malo sino de expresar con claridad lo que pienso y siento. Formo parte de un proyecto pol\u00edtico que dirige Rodr\u00edguez Zapatero en el Partido y en el Gobierno. Y \u00e9l y s\u00f3lo \u00e9l es el que distribuye el juego.<\/p>\n<p>P.- \u00bfCu\u00e1ndo, Sr. Blanco, va a admitir comentarios en su blog &#8220;elcuadernodepepeb lanco&#8221; que no sean de alabanza y de su agrado? Demuestre que lo del &#8220;talante socialista&#8221; es real y no pura ficci\u00f3n. Muchas gracias de antemano.<\/p>\n<p>R.- En mi blog se aceptan todos los comentarios, excepto aquellos que insulten o descalifiquen. Y no me gusta que la gente se oculte en un anonimato para hacer eso.<\/p>\n<p>P.- \u00bfNos deparar\u00e1 alguna sorpresa el 37\u00ba Congreso?<\/p>\n<p>R.- Un Congreso del PSOE siempre tiene alguna sorpresa.<\/p>\n<p>P.- Jornada laboral ampliada, m\u00e1s barreras para los inmigrantes, y los partidos te\u00f3ricamente progresistas (como el PSOE) no hacen nada, o incluso aplauden las medidas. As\u00ed, no me extra\u00f1a que Irlanda rechace el Tratado de Lisboa&#8230;. y porque no se ha preguntado en otros pa\u00edses. \u00bfQu\u00e9 opina? Saludos.<\/p>\n<p>R.- El PSOE va a liderar en el seno del Parlamento Europeo una ofensiva en contra de la ampliaci\u00f3n de jornada de trabajo que nos parece una brutalidad promovida por la derecha europea, que recorta derechos. En este sentido emprenderemos a partir de septiembre un trabajo de concienciaci\u00f3n en el \u00e1mbito europeo para intentar paralizar esta directiva en el debate parlamentario. En cuanto a la directiva en relaci\u00f3n con la inmigraci\u00f3n lo \u00fanico que hace es garantizar derechos all\u00ed donde no existen. Y eso me parece que es progresista.<\/p>\n<p>P.- Se\u00f1or Blanco: \u00bfNo cree que son ustedes responsables de que el PCTV haya apoyado la propuesta de referendum en el Pais Vasco, y que aunque dicha propuesta sea ilegal, ustedes nos han puesto sobre la mesa un problema que no deber\u00eda haberse producido?<\/p>\n<p>R.- El problema lo pone encima de la mesa quien lo promueve, a nuestro juicio en contra de la previsi\u00f3n de nuestra Constituci\u00f3n. En todo caso, ser\u00e1 el Tribunal Constitucional quien determine si \u00e9sta iniciativa es o no constitucional, a partir del recurso que presentar\u00e1 el Gobierno. Y \u00e9stas y solo \u00e9stas son las reglas de juego en democracia: cumplir con las leyes.<\/p>\n<p>P.- En el pasado congreso del PP hubo una iniciativa para, imitando lo que sucede en Estados Unidos, limitar los mandatos en cargos p\u00fablicos, como por ejemplo solo dos legislaturas como alcalde, presidente auton\u00f3mico o de Espa\u00f1a. \u00bfQu\u00e9 opini\u00f3n le merece tal propuesta? Aunque pueda ser un poco pronto, \u00bfaspira el presidente Rodr\u00edguez a un tercer mandato?<\/p>\n<p>R.- La limitaci\u00f3n de mandatos en nuestro pa\u00eds la determinan los ciudadanos con su voto.<\/p>\n<p>P.- Buenos d\u00edas Sr. Blanco. La igualdad de oportunidades es uno de los puntales de la pol\u00edtica de este Gobierno. Sin embargo, la creaci\u00f3n del nuevo Ministerio, parece haber tenido el efecto contrario al esperado. Durante la anterior legislatura, los temas de igualdad se llevaron al centro de la agenda pol\u00edtica, mientras que, en la actual, parece que hemos vuelto a una cierta &#8220;banalizaci\u00f3n&#8221; (lo de las &#8220;miembras&#8221;, el tema del velo, la biblioteca de mujeres, el tel\u00e9fono para hombres&#8230;). \u00bfComparte esta opini\u00f3n?<\/p>\n<p>R.- La apuesta por la Igualdad es una firme apuesta del Gobierno de Rodr\u00edguez Zapatero. Se ha avanzado mucho, pero no lo suficiente. Hay que trabajar m\u00e1s para poder conciliar y para poder garantizar derechos b\u00e1sicos, como por ejemplo que una mujer cobre lo mismo que un hombre realizando el mismo trabajo. Muchos no pueden soportar que una mujer joven y preparada desempe\u00f1e la responsabilidad de ser ministra del Gobierno de Espa\u00f1a.<\/p>\n","protected":false},"excerpt":{"rendered":"<p>El secretario de Organizaci\u00f3n del PSOE charla con los lectores de elmundo.es sobre la situaci\u00f3n actual en Espa\u00f1a y en su partido, que los d\u00edas 4, 5 y 6 de julio celebra en Madrid su 37 Congreso bajo el lema La fuerza del cambio. Jos\u00e9 Blanco responde.<\/p>\n","protected":false},"author":1,"featured_media":0,"comment_status":"open","ping_status":"open","sticky":false,"template":"","format":"standard","meta":{"footnotes":""},"categories":[],"tags":[],"class_list":["post-4405","post","type-post","status-publish","format-standard","hentry"],"_links":{"self":[{"href":"https:\/\/intervius.com\/index.html\/wp-json\/wp\/v2\/posts\/4405","targetHints":{"allow":["GET"]}}],"collection":[{"href":"https:\/\/intervius.com\/index.html\/wp-json\/wp\/v2\/posts"}],"about":[{"href":"https:\/\/intervius.com\/index.html\/wp-json\/wp\/v2\/types\/post"}],"author":[{"embeddable":true,"href":"https:\/\/intervius.com\/index.html\/wp-json\/wp\/v2\/users\/1"}],"replies":[{"embeddable":true,"href":"https:\/\/intervius.com\/index.html\/wp-json\/wp\/v2\/comments?post=4405"}],"version-history":[{"count":0,"href":"https:\/\/intervius.com\/index.html\/wp-json\/wp\/v2\/posts\/4405\/revisions"}],"wp:attachment":[{"href":"https:\/\/intervius.com\/index.html\/wp-json\/wp\/v2\/media?parent=4405"}],"wp:term":[{"taxonomy":"category","embeddable":true,"href":"https:\/\/intervius.com\/index.html\/wp-json\/wp\/v2\/categories?post=4405"},{"taxonomy":"post_tag","embeddable":true,"href":"https:\/\/intervius.com\/index.html\/wp-json\/wp\/v2\/tags?post=4405"}],"curies":[{"name":"wp","href":"https:\/\/api.w.org\/{rel}","templated":true}]}}