{"id":4400,"date":"2008-07-03T00:00:00","date_gmt":"2006-11-06T00:00:00","guid":{"rendered":"https:\/\/intervius.com\/index.html\/?p=4400"},"modified":"2006-11-06T00:00:00","modified_gmt":"2006-11-06T00:00:00","slug":"Carlos_Delgado4400","status":"publish","type":"post","link":"https:\/\/intervius.com\/index.html\/Carlos_Delgado4400\/","title":{"rendered":"Carlos Delgado"},"content":{"rendered":"<p>Pregunta.- Buenos d\u00edas Carlos. Voy a ser directo. \u00bfQu\u00e9 opina sobre el giro al fascismo nacionalista catal\u00e1n en Baleares? \u00bfQu\u00e9 medidas va a tomar de verdad el Partido Popular de cara a evitar la imposici\u00f3n del catal\u00e1n en todos los \u00e1mbitos de la vida en Baleares? \u00bfVa a actuar el Partido Popular de una vez por todas sin tibieza, complejos, verg\u00fcenza y coherencia? Me gustar\u00edan respuestas claras y concisas. Muchas gracias y suerte en la elecciones.<\/p>\n<p>Respuesta.- Me parece triste y lamentable la situaci\u00f3n, sobre todo porque considero que mi partido es co-responsable de la situaci\u00f3n actual al haber sido el autor de las normas que la han permitido. En cuanto a su segunda pregunta, ello depende de qui\u00e9n presida el PP. Si lo presido yo, derogar\u00e9 el decreto de m\u00ednimos y la Ley de Normalizaci\u00f3n Ling\u00fc\u00edstica y permitir\u00e9 que los padres puedan elegir la lengua en la que van a ser educados sus hijos. Lo har\u00e9 en base a cuatro modelos: s\u00f3lo castellano, s\u00f3lo mallorqu\u00edn, biling\u00fce y triling\u00fce. Mucho me temo que si Rosa Estar\u00e1s preside el partido vamos a tener m\u00e1s de lo mismo y seremos de nuevo un saco de complejos.<\/p>\n<p>P.- Todo este &#8220;follon&#8221; que ha organizado es para desvincularse publicamente de la Organizaci\u00f3n del PP, de cuya Organizaci\u00f3n Ud. a DEDO, tuvo un cargo PRIVILEGIADO en el Gobierno de Jaime Matas?<\/p>\n<p>R.- Yo entr\u00e9 en pol\u00edtica en el a\u00f1o 97 cuando Rosa Estar\u00e1s me propuso el cargo de Director General de Patrimonio, cargo que ocup\u00e9 hasta en 1999, a\u00f1o en que empez\u00f3 en Pacte de Progr\u00e9s. Ese a\u00f1o volv\u00ed a mi despacho profesional de abogado y estuve viviendo de mi profesi\u00f3n, como hab\u00eda hecho hasta el a\u00f1o 97, mientras hac\u00eda a la vez oposici\u00f3n a N\u00e1jera. En 2003 gan\u00e9 las elecciones y las volv\u00ed a ganar en 200En cambio, otros, desde el 99 al 2003, segu\u00edan cobrando sueldos p\u00fablicos, lo siguen haciendo y pretenden seguir haci\u00e9ndolo durante toda su vida porque son incapaces de vivir al margen de la pol\u00edtica. Por otra parte, no pienso dejar nunca el partido, aunque seguro que les gustar\u00eda a muchos de otros partidos y del m\u00edo propio.<\/p>\n<p>P.- \u00bfCREE USTED QUE ASI COMO ESTAN LAS COSAS EN EL PARTIDO TIENE ALGUNA POSIBILIDAD DE HACER ALGUN CANVIO?<\/p>\n<p>R.- Si gano el Congreso, prep\u00e1rese para los cambios que va usted a ver.<\/p>\n<p>P.- exactamente, porque ya me he perdido, si usted dice que la otra candidatura ha aceptado sus postulados, que le hace falta para integrarse en la candidatura mayoritaria?<\/p>\n<p>R.- En primer lugar, la que ha aceptado mis postulados ha sido la otra candidatura, por lo que ser\u00eda ella quien se deber\u00eda integrar en mi candidatura. Y en segundo lugar, el s\u00e1bado se ver\u00e1 cu\u00e1l es la candidatura mayoritaria.<\/p>\n<p>P.- en que se diferencia su programa linguistico de la ponencia que se aprobo en el congreso de valencia? es posible aprobar algo diferente a lo que el partido popular aprobo en valencia permaneciendo dentro de la organizacion del partido popular?<\/p>\n<p>R.- Mi programa ling\u00fc\u00edstico defiende cuatro modelos: s\u00f3lo castellano, s\u00f3lo mallorqu\u00edn, biling\u00fce y triling\u00fce. La ponencia nacional defiende el primero de ellos en los puntos 59 y 112.El segundo y tercero est\u00e1n recogidos en el punto 112.Por ello est\u00e1 clar\u00edsimo que mi postura sobre la lengua en la educaci\u00f3n ha sido refrendada por el Congreso nacional del PP.<\/p>\n<p>P.- No cree que despues de llevar a sus compa\u00f1eros a los tribunales, y que estos no le hayan dado la razon, muchos afiliados del patido popular le recibiran el sabado &#8220;a cara de perro&#8221;?<\/p>\n<p>R.- No. He explicado en varias ocasiones cu\u00e1les han sido los motivos por los cuales me han obligado a acudir a los tribunales. Los que hayan recibido dicha informaci\u00f3n, estoy seguro que comprender\u00e1n mis razones y entender\u00e1n que lo hice por defender la democracia interna del partido y la igualdad de oportunidades entre los distintos candidatos. En cualquier caso, debo decir que no es que no me hayan dado la raz\u00f3n los tribunales, simplemente no han estimado la medida cautelar en relaci\u00f3n a la suspensi\u00f3n.<\/p>\n<p>P.- A ver si sabe diferenciar en qu\u00e8 idiomas estan escritas estas frases: a) Vost\u00e9 no sap parlar catal\u00e0 b) Vost\u00e9 no sap parlar mallorqu\u00ed c) Vost\u00e9 no sap parlar menorqu\u00ed<\/p>\n<p>R.- Yo s\u00e9 xerrar mallorqu\u00ed millor que tu, per\u00f2 per damunt de tot est\u00e0 sa llibertat de ses persones per expresar-se en sa seva llengo materna.<\/p>\n<p>P.- \u00bfSe atrever\u00eda a ir usted a Euskadi a decirles que ellos no hablan euskera, sino otro idioma, sin que usted lo haya hablado nunca? \u00bfPor qu\u00e9 si se atreve a hacerlo en las Baleares?<\/p>\n<p>R.- Por encima de todo defiendo la libertad de cada uno a expresarse en cualquiera de las lenguas oficiales de las Comunidades Aut\u00f3nomas de nuestro pa\u00eds. Mi lengua materna es el castellano y de la libertad de expresarme en ella no me va a privar nadie. Por otro lado, te recomiendo que estudies un poco de historia de Mallorca y averiguar\u00e1s cu\u00e1l era nuestra lengua antes de que se impusiera la denominaci\u00f3n de catal\u00e1n en nuestro Estatuto de Autonom\u00eda del a\u00f1o 1983.<\/p>\n<p>P.- Si triunfan sus tesis ling\u00fc\u00edsticas, \u00bfcuantas carreras de filolog\u00eda tendr\u00e1 la UIB? Mallorqu\u00edn, Catal\u00e1n, Formenterenc, Cabrerenc, Menorqu\u00edn, Solleric, Pollenc\u00ed, &#8230;.<\/p>\n<p>R.- Se estudiar\u00e1 el balear como lengua que englobe las diferentes modalidades de mallorqu\u00edn, menorqu\u00edn, ibicenco y pag\u00e9s de Formentera o formenterense. F\u00edjense que en 1982 los valencianos denominaron valenciano a su lengua y no catal\u00e1n.<\/p>\n<p>P.- \u00bfEn Argentina hablan el argentino o el espa\u00f1ol?<\/p>\n<p>R.- En espa\u00f1ol.<\/p>\n<p>P.- Visto como tratan a tus popuestas en el PP porque no lo abandonas y fundas un partido regional, apoyos para ser fuerte en las Baleares no te faltar\u00e1n y asi podr\u00edas ser fuerte y conseguir tus propuestas y al mismo tiempo los que votabamos al PP tendr\u00edamos un partido para depositarles nuestro voto?<\/p>\n<p>R.- Por que yo creo que quienm defiende los verdaderos principios del PP soy yo y otros que se vanaglorian de ser los patas negras del PP cuadrar\u00edan mejor ideol\u00f3gicamente en el PSM.<\/p>\n<p>P.- \u00bfQui\u00e9nes son las 21 personas que le acompa\u00f1an finalmente en su candidatura?<\/p>\n<p>R.- En estos momentos no dispongo de tiempo para escribirle toda la lista. Le digo algunos nombres: Juan Pol, Juan Ferrer, Ram\u00f3n Oliver, Joan Font, Gari Dur\u00e1n y Bego\u00f1a Moragues.<\/p>\n<p>P.- Despu\u00e9s de anunciar por activa y por pasiva &#8220;que usted morir\u00e1 siendo del Partido Popular&#8221;, \u00bfPasa su jugada por abandonar temporalmente el PP, argumentando el empuje de un sector de la poblaci\u00f3n ante una deriva ling\u00fc\u00edstica, anunciando que volver\u00e1 cuando se recupere la cordura?<\/p>\n<p>R.- No.<\/p>\n<p>P.- Aunque usted ha defendido varias veces la idea de que &#8220;una persona, un sueldo&#8221; (que en el caso del Ayuntamiento de Calvi\u00e1 es l\u00f3gico, porque los asesores llegan a los 75.000 euros al a\u00f1o), un miembro destacado de su candidatura (Antoni Rami) tiene dos remuneraciones p\u00fablicas. \u00bfQu\u00e9 puede decir al respecto?<\/p>\n<p>R.- A mi no me conste que Toni Ramis tenga dos remuneraciones, pero s\u00ed me consta que muchos de la candidatura de Estar\u00e1s tienen dobles remuneraciones ellos y tambi\u00e9n sus parejas. Los nombres los dejar\u00e9 para m\u00e1s adelante.<\/p>\n<p>P.- \u00bf Qu\u00e9 explicaci\u00f3n puede dar usted al hecho de que la otra candidata, Rosa Estar\u00e1s, haya ido cambiando continuamente de postura en sus planteamientos durante este per\u00edodo precongresual?<\/p>\n<p>R.- Primero, el p\u00e1nico a hacer el rid\u00edculo en el Congreso de este s\u00e1bado despu\u00e9s de toda la artiller\u00eda desplegada desde G\u00e9nova. Y segundo, la falta total de ideolog\u00eda de esa candidatura.<\/p>\n<p>P.- \u00bfNo falt\u00f3 usted a su palabra al presentar su candidatura despu\u00e9s de haberle dicho a Rosa Estar\u00e1s que no se presentar\u00eda? En el mismo sentido, \u00bfpodr\u00edan pensar sus compa\u00f1eros que puede formar parte de candidaturas electorales ajenas al Partido Popular aunque haya dicho var\u00edas veces que no va a hacerlo?<\/p>\n<p>R.- Si repasa mi entrevista en EL MUNDO del 16 de marzo ver\u00e1 que condiciono mi apoyo a Estar\u00e1s al cumplimiento de determinados principios. Si pide la entrevista en COPE con Gabi Torrens del 17 de marzo, podr\u00e1 comprobar c\u00f3mo contesto que apoyar\u00e9 cualquier candidatura que defienda mis principios, cosa que no hac\u00eda Rosa Estar\u00e1s.<\/p>\n<p>P.- Hola Sr. Delgado, he seguido de cerca su trayectoria pol\u00edtica y siempre me ha inquietado lo que le voy a preguntar \u00bf Por qu\u00e9 casi siempre tiene usted en contra a todos los medios de comunicaci\u00f3n cada vez que usted es noticia?<\/p>\n<p>R.- Los medios del Grupo Serra est\u00e1n en mi contra porque Pedro Serra no pudo sacar adelante la operaci\u00f3n urban\u00edstica de Son Massot en Calvi\u00e0. Desde entonces, a\u00f1o 2005, no ha cesado la persecuci\u00f3n de sus medios contra m\u00ed en un enfermizo deseo de venganza personal. En cuanto al otro medio escrito, Diario de Mallorca, pese a estar a a\u00f1os luz de los medios de Grupo Serra, creo que sus cr\u00edticas hacia m\u00ed tienen su base en motivos ideol\u00f3gicos y de l\u00ednea editorial.<\/p>\n<p>P.- \u00bfQui\u00e9n ha financiado sus campa\u00f1as y los costosos anuncios que ha insertado en prensa?<\/p>\n<p>R.- Por ley de bases de r\u00e9gimen local, los grupos municipales. Es decir, los partidos tienen derechos a una asignaci\u00f3n municipal anual que se calcula en base al presupuesto del ayuntamiento y al n\u00famero de concejales obtenido en las elecciones. En Calvi\u00e0, nuestra asignaci\u00f3n municipal, debido al alto presupuesto y al gran n\u00famero de concejales que tengo, es muy alta. Ello nos ha permitido sufragar los gastos de mi campa\u00f1a \u00bfQui\u00e9n ha sufragado los de las otra candidata que no est\u00e1 gobernando?<\/p>\n<p>P.- \u00bfQu\u00e9 contactos ha tenido hasta ahora con Rosa D\u00edez u otros miembros de UPyD?<\/p>\n<p>R.- Conoc\u00ed a Rosa D\u00edez en una entrega de premios y me pareci\u00f3 una mujer de principios, cosa que valoro. No ha existido ning\u00fan otro contacto puesto que mi partido es el PP y siempre estar\u00e9 y defender\u00e9 sus principios.<\/p>\n<p>P.- Con tantos &#8220;asesores&#8221; como tiene usted en Calvi\u00e0, \u00bfComo es posible que no le hayan podido decir que lo m\u00e1s razonable era no demandar a su propio partido?<\/p>\n<p>R.- Tengo un 38% menos de asesores de los que hab\u00eda en la \u00e9poca socialista. Lo que ocurre es que muchos de los antiguos estaban contratados por medio de empresas interpuestas, por lo que pod\u00eda parecer una sola empresa pero realmente aportaba muchos asesores. Nosotros hemos acabado con este sistema porque l\u00f3gicamente la empresa sacaba un beneficio a costa del Ayuntamiento de Calvi\u00e0. Hemos retirado las empresas interpuestas y contratado directamente a las personas que trabajan para el consistorio. Se ha hecho mucha demagogia por los medios de comunicaci\u00f3n hostiles, por la oposici\u00f3n pol\u00edtica y, lo que es m\u00e1s triste, por gente como t\u00fa.<\/p>\n<p>P.- Le pondr\u00e9 en un compromiso: Rajoy o Esperanza Aguirre? M\u00e1s Constituci\u00f3n o m\u00e1s Estatuto?<\/p>\n<p>R.- Me gusta m\u00e1s el estilo de Esperanza Aguirre, pero mi presidente es Mariano Rajoy y me tendr\u00e1 siempre a su lado. Abogo por una reforma constitucional pactada entre los dos partidos mayoritarios para defender los principios que inspiraron la transici\u00f3n y evitar que caigamos en una divisi\u00f3n de nuestra patria. Ese es el camino al que nos quiere llevar Zapatero.<\/p>\n<p>P.- De verdad es posible dar gusto a todo el mundo? No se convertir\u00e1n los colegios en un guiri-gay de distintos modelos ling\u00fc\u00edsticos?<\/p>\n<p>R.- De ninguna manera. Cada colegio tendr\u00eda un solo modelo, s\u00f3lo que este, en lugar de ser elegido por los profesores, ser\u00eda elegido por los padres.<\/p>\n<p>P.- Si usted fuera Rajoy, habr\u00eda entrado en el proceso de reformas estatutarias (andaluc\u00eda, baleares, valencia&#8230;..)? Y otra suposici\u00f3n. Si hubiese ocupado el cargo de Presidente de Baleares, habr\u00eda reformado su estatuto, como hizo Jaume Matas?<\/p>\n<p>R.- Si fuera Rajoy, intentar\u00eda llegar a un acuerdo con el PSOE para la reforma constitucional que he comentado anteriormente y evitar\u00eda hacer una reforma encubierta de la Constituci\u00f3n en base a reformas estatutarias. Si fuera el presidente del Govern balear, covocar\u00eda una consulta popular para que los ciudadanos de Baleares decidan si quieren que su lengua se denomine catal\u00e1n o balear, con las modalidades de las distintas islas.<\/p>\n<p>P.- Jaume Matas dice desde su retiro dorado que en Baleares no hay un problema ling\u00fc\u00edstico. Lo hay o no lo hay? Cu\u00e1l es su experiencia en Calvi\u00e1 y en la relaci\u00f3n con los ciudadanos normales?<\/p>\n<p>R.- Jaume Matas sabe desde su retiro que el problema ling\u00fc\u00edstico y de identidad ha provocado que ahora est\u00e9 en Washington y no en el consulado. Yo mismo se lo demostr\u00e9 en una visita que le hicieron las APAS de Calvi\u00e0. Ni \u00e9l ni el conseller de educaci\u00f3n tuvieron valor ni principios para hacer lo que sus bases les ped\u00edan, y ahora est\u00e1n en la oposici\u00f3n.<\/p>\n<p>P.- Cree que la televisi\u00f3n auton\u00f3mica est\u00e1 haciendo una funci\u00f3n p\u00fablica, o est\u00e1 al servicio del catalanismo invasor? Pondr\u00eda usted cuotas ling\u00fc\u00edsticas, dejar\u00eda libertad a los periodistas para que se expresasen libremente en espa\u00f1ol o mallorqu\u00edn? O simplemente la cerrar\u00eda para ahorrar gastos?<\/p>\n<p>R.- Creo que la IB3 se deber\u00eda cerrar y que mientras est\u00e9 abierta deber\u00eda dejar de ser un instrumento al servicio del catalanismo y dar libertad para que cada uno emplee la lengua oficial que quiera.<\/p>\n<p>P.- En su partido piensan que el tema ling\u00fc\u00edstico &#8220;est\u00e1 superado y no toca&#8221;. A m\u00ed me resulta tambi\u00e9n raro que despu\u00e9s de 20 a\u00f1os de inmersi\u00f3n ling\u00fc\u00edstica, todav\u00eda haya alguien que pida la posibilidad de estudiar en castellano, excepto los que venga de fuera y se encuentren con el &#8220;pastel&#8221;. Se han cansado los baleares de tanta imposici\u00f3n catalanista, y quieren recuperar para sus hijos las raices espa\u00f1olas?<\/p>\n<p>R.- Eso s\u00f3lo lo piensan los que llevan toda su vida en la c\u00fapula del partido. Las bases est\u00e1n cansadas de la imposici\u00f3n catalanista. Yo le present\u00e9 a Estar\u00e1s una encuesta que demuestra que el 92,5% de los simpatizantes del PP quiere la libertad de la lengua y la educaci\u00f3n y el 80% de los mismos quieren modificar el Estatuto para eliminar el catal\u00e1n y poner el mallorqu\u00edn, menorqu\u00edn, ibicenco y formenterense como lengua oficial de Baleares.<\/p>\n<p>P.- No soy balear, pero como espa\u00f1ol me siento identificado con su mensaje de regeneraci\u00f3n democr\u00e1tica en el PP, igualdad de oportunidades para todos los espa\u00f1oles y libertad ling\u00fc\u00edstica. Por qu\u00e9 ese mensaje no cala en todo los sectores del PP, y hablo de Feijo\u00f3 en Galicia, Camps en Valencia o Estar\u00e1s en Baleares.<\/p>\n<p>R.- No ha calado en Galicia, Baleares y Catalu\u00f1a, y f\u00edjese que en ninguno de estos sitios gobernamos.<\/p>\n<p>P.- Soy un maestro andaluz, y actualmente es imposible acceder a una oposici\u00f3n en comunidades como Galicia, Valencia, Baleares o Catalu\u00f1a porque exigen conocer el idioma regional. Sin embargo, un espa\u00f1ol de estas comunidades tiene las mismas oportunidades que yo para hacerlo en Andaluc\u00eda. Har\u00e1 usted algo para que el idioma regional no sea una barrera insalvable para el acceso a oposiciones p\u00fablicas en Baleares?<\/p>\n<p>R.- Por supuesto que lo har\u00e9. Me parece impresentable que se valore m\u00e1s el idioma que la capacidad profesional de las personas. Todo eso va a cambiar si yo presido el PP.<\/p>\n<p>P.- Qu\u00e9 hay de cierto en los 5.000 votos nulos tachando el nombre de Mari Pau Jan\u00e9, que ocasion\u00f3 un duro golpe a las aspiraciones del PP para repetir mayor\u00eda absoluta?.<\/p>\n<p>R.- En Calvi\u00e0 hubo cientos de papeletas con ese nombre tachado y por primera vez en la historia la candidatura local tuvo m\u00e1s votos que la auton\u00f3mica. Por algo ser\u00e1.<\/p>\n<p>P.- Creo que compa\u00f1eros suyos del PP balear le critican por hablar siempre en castellano, como si eso fuese una especia de &#8220;tara&#8221; que le impidiese ocupar el cargo de Presidente de Baleares en un futuro. Es eso verdad?<\/p>\n<p>R.- Creo que Cati Soler, alcaldesa de Felanitx, dijo algo parecido. Sin comentarios.<\/p>\n<p>P.- Cree que si fuera presidente del PP podria encontrar la forma de trabajar para modificar nuestra ley electoral, de hacerla mas europea y evitar la situaci\u00f3n actual en la que unos pocos fan\u00e1ticos amargan la vida a la mayoria de ciudadanos ? Podria garantizarnos a todos los ciudadanos el respeto a nuestros derechos constitucionales de una forma REAL? a elegir la educaci\u00f3n de nuestros hijos, o la lengua oficial que quiera un empresario sin sufrir discriminaci\u00f3n?<\/p>\n<p>R.- Ya he contestado en respuestas anteriores el tema de la lengua y la educaci\u00f3n, y ahora le dir\u00e9 qeu yo defiendo en mi programa una reforma legal para que gobierne el partido m\u00e1s votado. De hecho, con un grupo de compa\u00f1eros, present\u00e9 unas enmiendas a nivel nacional para hacer un pacto de Estado tendente a acabar de una vez por todas con la tiran\u00eda de las minor\u00edas.<\/p>\n<p>P.- Siendo uno de los puntos principales de su candidatura la lucha contra la corrupci\u00f3n, \u00bfc\u00f3mo es posible que el municipio de Calvia carezca de habilitados nacionales para cubrir las plazas de intervenci\u00f3n y tesorer\u00eda?, figuras claves en la fiscalizaci\u00f3n y que han demostrado ser eficaces en la b\u00fasqueda de la legalidad<\/p>\n<p>R.- Por que no los hemos conseguido mediante las oportunas convocatorias. Ahora vamos a sacar una nueva y esperamos que se cubra. En cualquier caso, le aseguro que el secretario que tenemos, el mismo que estaba en la \u00e9poca socialista, es una persona honrada y preparad\u00edsima que ha hecho siempre muy bien su trabajo. Lo mismo digo del interventor.<\/p>\n<p>P.- En un nivel estrictamente personal \u00bfcu\u00e1les considera que son sus tres puntos fuertes y sus tres puntos d\u00e9biles? y\u00bflos de su contricante?<\/p>\n<p>R.- Puntos fuertes: sinceridad, principios y fuerza. Punt\u00f3s d\u00e9biles: vehemencia, impulsividad, cabezoner\u00eda. Puntos fuertes de mi contrincante: el aparato, su talante y su capacidad de adaptaci\u00f3n. Puntos d\u00e9biles de Estar\u00e1s: no haber trabajado fuera de la pol\u00edtica (con lo cual lleva demasiado tiempo en ella), falta de ideolog\u00eda y falta de credibilidad.<\/p>\n","protected":false},"excerpt":{"rendered":"<p>El alcalde y presidente del PP del municipio mallorqu\u00edn de Calvi\u00e0 es candidato a la presidencia del PP de Baleares en el Congreso Regional que tiene se celebrar\u00e1 el pr\u00f3ximo s\u00e1bado 5 julio. Carlos Delgado es un f\u00e9rreo defensor de reformar el Estatut de Autonomia, la Ley de Normalizaci\u00f3n Ling\u00fc\u00edstica y del resto de la normativa para que los padres puedan elegir la lengua en la que estudian sus hijos.<\/p>\n","protected":false},"author":1,"featured_media":0,"comment_status":"open","ping_status":"open","sticky":false,"template":"","format":"standard","meta":{"footnotes":""},"categories":[],"tags":[],"class_list":["post-4400","post","type-post","status-publish","format-standard","hentry"],"_links":{"self":[{"href":"https:\/\/intervius.com\/index.html\/wp-json\/wp\/v2\/posts\/4400","targetHints":{"allow":["GET"]}}],"collection":[{"href":"https:\/\/intervius.com\/index.html\/wp-json\/wp\/v2\/posts"}],"about":[{"href":"https:\/\/intervius.com\/index.html\/wp-json\/wp\/v2\/types\/post"}],"author":[{"embeddable":true,"href":"https:\/\/intervius.com\/index.html\/wp-json\/wp\/v2\/users\/1"}],"replies":[{"embeddable":true,"href":"https:\/\/intervius.com\/index.html\/wp-json\/wp\/v2\/comments?post=4400"}],"version-history":[{"count":0,"href":"https:\/\/intervius.com\/index.html\/wp-json\/wp\/v2\/posts\/4400\/revisions"}],"wp:attachment":[{"href":"https:\/\/intervius.com\/index.html\/wp-json\/wp\/v2\/media?parent=4400"}],"wp:term":[{"taxonomy":"category","embeddable":true,"href":"https:\/\/intervius.com\/index.html\/wp-json\/wp\/v2\/categories?post=4400"},{"taxonomy":"post_tag","embeddable":true,"href":"https:\/\/intervius.com\/index.html\/wp-json\/wp\/v2\/tags?post=4400"}],"curies":[{"name":"wp","href":"https:\/\/api.w.org\/{rel}","templated":true}]}}