{"id":4391,"date":"2008-07-09T00:00:00","date_gmt":"2006-11-06T00:00:00","guid":{"rendered":"https:\/\/intervius.com\/index.html\/?p=4391"},"modified":"2006-11-06T00:00:00","modified_gmt":"2006-11-06T00:00:00","slug":"Anna_Rosa_Martinez4391","status":"publish","type":"post","link":"https:\/\/intervius.com\/index.html\/Anna_Rosa_Martinez4391\/","title":{"rendered":"Anna Rosa Mart\u00ednez"},"content":{"rendered":"<p>Pregunta.- \u00bfQu\u00e9 pa\u00eds est\u00e1 m\u00e1s avanzado en la lucha contra el cambio clim\u00e1tico?<\/p>\n<p>Respuesta.- Aleman\u00eda, Suecia y, en alg\u00fan sentido, Jap\u00f3n es muy eficiente en eficiencia energ\u00e9tica, depende del par\u00e1metro al que se mire.<\/p>\n<p>P.- Cree en las teor\u00edas conspirativas que hablan de intereses empresariales tan grandes que los pa\u00edses no pueden luchar como deber\u00eda cotnra vertidos, etc&#8230;<\/p>\n<p>R.- Creo que las grandes empresas tienen un gran poder de influencia sobre los gobiernos de los pa\u00edses m\u00e1s ricos como Estados Unidos, y a\u00fan m\u00e1s en los pa\u00edses m\u00e1s pobres. Recomiendo leer a Naomi Klain para ver hasta qu\u00e9 punto la administraci\u00f3n norteamericana actual ha sido penetrada por el sector corporativo. Dicho esto, no hay que caer en el fatalismo y, como hacemos desde Greenpeace y otras m\u00faltiples asociaciones, debemos reclamar que la administraci\u00f3n y los gobiernos trabajen por el bien com\u00fan<\/p>\n<p>P.- Tengo la cocina llena de bolsas de basura para intentar reciclar&#8230;. \u00bfAlguna recomendaci\u00f3n para actuar localmente sin tener que morir envuelta entre desperdicios?<\/p>\n<p>R.- Bajar las bolsas cada d\u00eda e intentar comprar menos envases.<\/p>\n<p>P.- \u00bfCu\u00e1l es el principal problema ecol\u00f3gico de Catalunya?<\/p>\n<p>R.- Un sistema energ\u00e9tico muy sucio y una industria qu\u00edmica que todav\u00eda emite grandes cantidades de contaminaci\u00f3n.<\/p>\n<p>P.- \u00bfCree que estamos en peligro realmente por culpa de las centrales nucleares?<\/p>\n<p>R.- Creo que s\u00ed y que el peligro va a m\u00e1s, a medida que envejecen las centrales y que su gesti\u00f3n est\u00e1 en manos de empresas que han perdido toda cultura de la seguridad. Las centrales nucleares catalanas son coches viejos en manos de conductores temerarios.<\/p>\n<p>P.- \u00bfPor qu\u00e9 en Espa\u00f1a, con tantas horas de sol, no hay tantas placas solares como en otros pa\u00edses del norte de Europa? Antonio<\/p>\n<p>R.- Me gustar\u00eda saber la respuesta. Lo cierto es que es una cuesti\u00f3n de la cultura de las grandes empresas el\u00e9ctricas y de la mentalidad continuista de los principales responsables de las pol\u00edticas energ\u00e9ticas en el sector p\u00fablico y en el privado. Tambi\u00e9n se debe a los ingentes subsidios que han recibido las energ\u00edas sucias, que act\u00faan como barrera para la competitividad de las fuentes renovables. Estos subsidios son tanto monetarios como de externalizaci\u00f3n de costes -por ejemplo, asumir los gastos del cambio clim\u00e1tico, de la contaminaci\u00f3n de \u00f3xidos de nitr\u00f3geno, de lluvia \u00e1cida o la radioactividad que emite de forma rutinaria una central en el medio ambiente; en Catalu\u00f1a anualmente son m\u00e1s de 700 curios-.<\/p>\n<p>P.- \u00bfNo cree usted que a veces el ecolog\u00edsmo peca de alarmista y que sus exagerados y equivocados, en muchas ocasiones, vaticinios (p.ejem. las veces que han anunciado que se acabar\u00eda el petr\u00f3leo) son contraproducentes para la causa?<\/p>\n<p>R.- Lo cierto es que, por ejemplo, no existen estudios revisados por pares de los efectos y las interacciones de los miles de sustancias qu\u00edmicas de nueva s\u00edntesis que la industria vierte en el medio ambiente de forma casi continuada. Los mares est\u00e1n cada vez m\u00e1s vacios de comunidades complejas, y su eficiencia en fijar la energ\u00eda del sol es cada vez menor. Se han dedicado muy pocos recursos a la investigaci\u00f3n de los efectos de la radioactividad sobre la salud y el medio ambiente. El cambio clim\u00e1tico est\u00e1 causando ya la p\u00e9rdida de glaciares y est\u00e1 afectando a los arrecifes de coral(como la sobrepesca, la construcci\u00f3n, etc.). Las presiones son m\u00faltiples; si carecemos de las herrameitnas anal\u00edticas suficientes, lo m\u00e1s sabio es aplicar el principio de precauci\u00f3n. Lo catastr\u00f3fico ser\u00eda asumir que estas presiones no van a tener efectos importantes sobre el medio ambiente y la salud.<\/p>\n<p>P.- \u00bfC\u00f3mo considera el proyecto de la industria qu\u00edmica de Tarragona de construir un \u00fanico emisario submarino con el que seguir contaminando el Mediterr\u00e1neo?<\/p>\n<p>R.- Una manera de diluir las responsabilidades de los que emiten vertidos. Un desastre, una hu\u00edda hacia delante y una estrategia para proseguir con el status quo de la contaminaci\u00f3n.<\/p>\n<p>P.- \u00bfQu\u00e9 opina del zoo de Barcelona y de la pol\u00e9mica por la ampliaci\u00f3n en el mar?<\/p>\n<p>R.- Es un caso paradigm\u00e1tico de c\u00f3mo las administraciones, amparadas por la ley, han utilizado los mecanismosd e aplicaic\u00f3n de las leyes para pasarse por el forro su esp\u00edritu y su letra. Constituye un atentado contra la ley de costas, que dice claramente que en el dominio p\u00fablico mar\u00edtimo-terrestre solo hay que instalar infraestructuras que, por su propia naturaleza, no puedan ubicarse en otros espacios. Adem\u00e1s, ahora se ha visto que el proyecto constitu\u00eda un intento de privatizaci\u00f3n encubierta de la l\u00ednea de la costa.<\/p>\n<p>P.- \u00bfCu\u00e1l e la situaci\u00f3n de las playas catalanas? \u00bfQu\u00e9 deber\u00eda hacer la Generalitat para mejorarlo?<\/p>\n<p>R.- Es sobreconstru\u00edda, con un exceso de barreras, con demasiadas embarcaciones. La Generalitat deber\u00eda impedir que se construya ni un s\u00f3lo metro m\u00e1s de la l\u00ednea de costa, empezando por Els Muntanyans II. Adem\u00e1s, debe impedir que se construya un paseo mar\u00edtimo en la Pltja Llarga de Tarragona y no debe autorizar nuevas urbanizaciones en la zona costera del Delta del Ebre, que est\u00e1 amenazado por el cambio clim\u00e1tico. Adem\u00e1s, deber\u00eda eliminar barreras en la costa y detener su plan de puertos, y, como m\u00ednimo, recuperar la moratoria sobre puertos deportivos que un gobierno conservador como CiU decret\u00f3 y que el tripartito ha hecho pasar a la Historia, aunque las razones que llevaron a esa moratoria no hayan cambiado.<\/p>\n<p>P.- \u00bfPodemos hacer frente a la demanda energ\u00e9rtica s\u00f3lo con renovables? \u00bfY no sale m\u00e1s caro que seguir como hasta ahora?<\/p>\n<p>R.- Greenpeace ha demostrado que podemos. Adem\u00e1s, en el futuro, nosotros, nuestros hijos y nuestros nietos, pagaremos una factura mucho menor si ahora optamos por las renovables que si decidimos seguir con los combustibles f\u00f3siles y la energ\u00eda nuclear. Hemos calculado que en el a\u00f1o 2050 un sistema 100% renovable costar\u00eda unos 18.000 millones de d\u00f3lares, equivalente a lo que hoy costar\u00edan tres de las prometidas &#8220;nuevas&#8221; centrales nucleares.<\/p>\n<p>P.- \u00bfQu\u00e9 le parece que la cat\u00e1strofe de Chernobyl se utilice para ambientar videojuegos o pel\u00edculas futuristas?<\/p>\n<p>R.- Depende de si su objetivo es concienciar al p\u00fablico de las consecuencias catastr\u00f3ficas que puede conllevar un accidente nuclear.<\/p>\n<p>P.- \u00bfEsta Espa\u00f1a preparada para una hipot\u00e9tica cat\u00e1strofe nuclear?<\/p>\n<p>R.- Nadie lo est\u00e1.<\/p>\n<p>P.- \u00bfSab\u00edan los encofradores de la central de Chernobyl el peligro al que estaban exponi\u00e9ndose?<\/p>\n<p>R.- A algunos se les ofreci\u00f3 escoger entre Chernobyl y Afganist\u00e1n. La humanidad jam\u00e1s rendir\u00e1 suficiente homenaje a su sacrificio (fuera voluntario o no). Por cierto, es vergonzoso que la comundiad internacional no haya conseguido todav\u00eda reemplazar el sarc\u00f3fago que sigue constituyendo un enorme peligro para una buena parte del hemisferio norte.<\/p>\n<p>P.- \u00bfRealmente reciclar es \u00fatil?<\/p>\n<p>R.- Por supuesto que lo es. Los consumidores podemos escoger productos sin envases o con pocos, y reciclar los materiales que utilicemos. Como ciudadanos, podemos adem\u00e1s presionar a las administraciones para que legislen de modo que se eviten los t\u00f3xicos y se minimicen los envases. Los dos tipos de acciones son imprescindibles.<\/p>\n<p>P.- Desde hace bastante tiempo me huelen mal las &#8220;listas de empresas contaminantes&#8221; y similares que hacen ONGs como la suya. Siempre suelen coincidir con lo que est\u00e1 de moda. Si la Wii tiene exito&#8230; \u00a1que antieco es nintendo! si sale el iphone el malo es Apple y etc..etc. No veo suficientes garantias de que sus informes no est\u00e9n manipulados hacia unicamente la autopromoci\u00f3n&#8230;(no voy a ser tan malo de pensar que las empresas de la competencia los paguen)<\/p>\n<p>R.- Si eso fuera cierto c\u00f3mo conseguir\u00edamos que Apple nos pagara por criticar a microsoft. Bromas aparte, nos fijamos en las grandes marcas por tres factores: en primer lugar producen m\u00e1s, por tanto los efectos medioambientales de sus accividades son mayores, en el buen sentido y en el malo. En segundo lugar, porque est\u00e1n m\u00e1s expuestas a la opini\u00f3n p\u00fablica, y en tercer lugar, porque sus decisiones pueden resultar en cambios de pol\u00edticas en todo el sector. Comprendo que desde nuestra comodidad, ante nuestra consola o nuestro ordenador, es dif\u00edcil darse a la idea de los t\u00f3xicos que ponemos en contacto con nuestra piel o de las monta\u00f1as de residuos que terminan procesando mujeres y ni\u00f1os en localidades chinas, o el impacto de las minas de colt\u00e1n en el Zaire, que algunos consideran peor que su explotaci\u00f3n salvaje por el rey Leopoldo de B\u00e9lgica.<\/p>\n<p>P.- \u00bfHa estado alguna vez en &#8220;La zona&#8221; de Chernobyl?<\/p>\n<p>R.- No. Ser\u00eda peligroso. Compa\u00f1eros nuestros estuvieron all\u00ed hace dos a\u00f1os, documentando la radioactividad que persiste en las zonas accesibles y que serguir\u00e1 all\u00ed durante cientos de a\u00f1os. Precisamente, siempre me ha llamado la atenci\u00f3n que el accidente dejara inutilizadas precisamente tierras negras de Ucrania, que se encuentran entre las m\u00e1s f\u00e9rtiles del mundo.<\/p>\n<p>P.- Si tuviera que elegir entre la central de Almaraz o de Asc\u00f3, \u00bfcon c\u00faal se queda?<\/p>\n<p>R.- A la isla desierta me ir\u00eda con un libro. Las centrales espa\u00f1olas deben cerrarse de un modo ordenado pero urgente, no podemos perder m\u00e1s tiempo en la transici\u00f3n a un sistema energ\u00e9tico renovable, cuyo principal obst\u00e1culo son las obsoletas centrales nucleares.<\/p>\n<p>P.- \u00bfC\u00f3mo ve la creciente ola a favor de la proliferaci\u00f3n de la energ\u00eda nuclear en Europa?<\/p>\n<p>R.- Toda campa\u00f1a publicitaria a la que se han dedicado miles de millones al final dan alg\u00fan resultado, aunque, como en este caso, vendan humo. La energ\u00eda nuclear sigue siendo enormemente cara (cada vez m\u00e1s) y tecnol\u00f3gicamente ha avanzado muy poco, dejando aparte los componentes microelectr\u00f3nicos. La prueba es que en Estados Unidos las enormes garant\u00edas e icentivos fiscales para construir nuevas centrales no han desembocado todav\u00eda en ning\u00fan nuevo proyecto, e incluso Buffet se ha negado a meter dinero en tan salvajemente loca aventura econ\u00f3mica. La energ\u00eda nuclear no es competitiva, es un enorme elefante blanco incapaz de competir con las energ\u00edas renovables, la eficiencia energ\u00e9tica y la cogeneraci\u00f3n. Menos intensos en capital, m\u00e1s peque\u00f1itos pero much\u00edsimo m\u00e1s eficientes y flexibles y adaptables al mercado.<\/p>\n<p>P.- \u00bfQu\u00e9 opini\u00f3n le merece Al Gore y su trabajo pseudo-cient\u00edfico?<\/p>\n<p>R.- El trabajo de Al Gore ha puesto en la agenda de gobiernos y opini\u00f3n p\u00fablica el cambio clim\u00e1tico, una contribuci\u00f3n de primera categor\u00eda ante el inmenso reto y la amenaza que supone.<\/p>\n<p>P.- \u00bfQue hace Vd. para la mejora del Medio Ambiente? Dir\u00e1 que recicla, pero tiene coche o usa transporte p\u00fablico, consume mucha electricidad en casa, cuantas tv tiene? no me fio de los ecologistas. Gracias<\/p>\n<p>R.- Me muevo en la ciudad con transporte p\u00fablico o a pie, minimizo el uso de bolsas de pl\u00e1stico (si me dejan), reciclo, tengo bombillas eficientes, utilizo ventilador m\u00e1s que aire acondicionado, tengo calefacci\u00f3n de gas natural, no el\u00e9ctrica, cocino con gas natural, uso toldos para evitar el calo, y procuro subir los cuatro pisos andando y no en ascensor. Tengo una tele y un ordenador. Tengo un coche que utilizo cuando salimos en familia de Barcelona, pero en mi trabajo doy prioridad al transporte p\u00fablico. Tengo reductores de consumo de agua y cisternas de doble bot\u00f3n y de mecanismo de paro. Desafortunadamente, como en mi barrio de Barcelona no hay recogida selectiva de materia org\u00e1nica no puedo separar la materia org\u00e1nica, lo que me tiene muy enojada. Examino las etiquetas de lo que compro y me aseguro de que no tengan transg\u00e9nicos y, cuando puedo, consumo ecol\u00f3gico (los huevos siempre).<\/p>\n<p>P.- Tienen pensado algun tipo de proteccion para los pueblos de castilla y leon que estan llenos de personas mayores que viven en casas antiguas sin apenas comodidades, en ocasiones viviendo solos, donde apenas llegan el panadero un par de veces por semana y de vez en cuando la furgoneta que les acerca el pescado y la carne que pagan con sus pensiones m\u00ednimas. No le parecen especie a proteger? No cree que la energia solar y e\u00f3lica se quedan cortas para calentar a esos pobres abuelos en los crudos inviernos de la meseta castellana? O son mas importantes los colibris?<\/p>\n<p>R.- Andamos demasiado ocupados denunciando fugas radiactivas, vertidos t\u00f3xicos, marcas de coches que nos venden el verde pero que presionan para que no sea obligatorio reducir las emisiones de sus autom\u00f3viles, etcetc, como para proteger a s\u00f3lo los colibr\u00eds. Adem\u00e1s, la solar y la e\u00f3lica, lejos de quedarse cortas, pueden contribuir a dinamizar la econom\u00eda de estos pueblos de Castilla y Le\u00f3n.<\/p>\n<p>P.- Sabemos que las energ\u00edas alternativas no son suficientes para mantener la demanda energ\u00e9tica ya que el desequilibrio de balance es muy grande. Por tanto, \u00bfcree Vd. que podr\u00edamos prescindir de las energ\u00edas tradicionales tal y como esta la situaci\u00f3n actual? Un saludo.<\/p>\n<p>R.- No de hoy para ma\u00f1ana, pero si hoy no apostamos por ellas, pasado ma\u00f1ana estaremos ligados a unas energ\u00edas muy caras, los f\u00f3siles y la nuclear, y muy contaminantes. Pagaremos por la electricidad much\u00edsimo m\u00e1s dinero pasado ma\u00f1ana si seguimos as\u00ed que si apostamos desde ya por un sistema renovable.<\/p>\n<p>P.- El informe anual sobre destrucci\u00f3n en las cosas espa\u00f1olas de Greenpeace me parece muy bien pero un d\u00eda me tom\u00e9 la molestia de consultar las fuentes del estudio y todo eran articulos publicados en peri\u00f3dicos, los cuales no siempre son rigurosos. \u00bfutilizan fuentes informativas veraces para estos informes?<\/p>\n<p>R.- Si bien muchas de nuestras fuentes son period\u00edsticas, tambi\u00e9n utilizamos informes de la agencia europea de medio ambiente, del programa de las Naciones Unidas para el medio ambiente, publicaciones oficiales, etc. En algunos casos, la informaci\u00f3n nos llega gracias a la actividad de grupos locales que protegen sus costas.<\/p>\n<p>P.- \u00bfCu\u00e1l es la realidad de los 4 a\u00f1os de Gobierno Zapatero respecto a los compromisos del protocolo de Kioto sobre reducci\u00f3n de emisiones de CO2? porque lo que yo tengo entendido es que lo ha hecho peor a\u00fan que el PP y sin embargo Zapatero habla siempre de su compromiso en este campo<\/p>\n<p>R.- El PP sencillamente ignor\u00f3 Kyoto y soslay\u00f3 el cambio clim\u00e1tico -lo que quiz\u00e1s no sea independiente de la consabida buena relaci\u00f3n entre Bush y Aznar. Al permitir que aumentaran als emisiones sin control, el PP lo puso todav\u00eda m\u00e1s dificil para los gobiernos siguientes. Sin embargo, es cierto que el PSOE no ha tenido la capacidad de presionar a las el\u00e9ctricas y ha cedido regalando derechos de emisi\u00f3n que al final no repercuten en las cuentas de las el\u00e9ctricas. El descenso de emisiones del a\u00f1o 2006 fue una buena se\u00f1al pero, desgraciadamente, la tendencia ahora ha vuelto a subir.<\/p>\n<p>P.- \u00bfRealmente Greenpeace logra algo?<\/p>\n<p>R.- No hay minas en la Ant\u00e1rtida, no se pueden verter residuos radioactivos en el mar, est\u00e1 prohibido incinerar t\u00f3xicos en el mar, la central nuclear de Zorita est\u00e1 cerrada, Cabrera es un parque nacional, no se vierten las basuras directamente en el mar, ha existido una moratoria sobre la caza de ballenas, se han prohibido las pruebas nucleares terrestes&#8230; Greenpeace es la expresi\u00f3n de la voluntad de sus millones de socios de dar apoyo a una organizaci\u00f3n independiente pol\u00edtica y econ\u00f3micamente, y nos tomamos este privilegio con una inmensa responsabilidad.<\/p>\n<p>P.- Se supone que la ley de costas prohib\u00eda las construcciones a pie de playa, pero cada vez m\u00e1s hay hoteles en primer l\u00ednea de mar. \u00bfAd\u00f3nde llegaremos?<\/p>\n<p>R.- El PP, mediante modificaci\u00f3n de la ley de presupuestos, permiti\u00f3 que se puedan privatizar parte de los puertos y disminuir el \u00e1rea de influencia. Adem\u00e1s, las administraciones se pueden saltar la ley al aplicarla. La ley de costas es una gran ley, tenemos que trabajar y exigir que se cumpla.<\/p>\n","protected":false},"excerpt":{"rendered":"<p>Es desde 2004 la delegada de Greenpeace en Catalu\u00f1a, aunque su militancia se remonta a hace m\u00e1s de una d\u00e9cada. En los \u00faltimos meses se ha convertido en la acusaci\u00f3n popular de los responsables de la fuga de Asc\u00f3. Anna Rosa Mart\u00ednez charla sobre este tema y otros de inter\u00e9s.<\/p>\n","protected":false},"author":1,"featured_media":0,"comment_status":"open","ping_status":"open","sticky":false,"template":"","format":"standard","meta":{"footnotes":""},"categories":[],"tags":[],"class_list":["post-4391","post","type-post","status-publish","format-standard","hentry"],"_links":{"self":[{"href":"https:\/\/intervius.com\/index.html\/wp-json\/wp\/v2\/posts\/4391","targetHints":{"allow":["GET"]}}],"collection":[{"href":"https:\/\/intervius.com\/index.html\/wp-json\/wp\/v2\/posts"}],"about":[{"href":"https:\/\/intervius.com\/index.html\/wp-json\/wp\/v2\/types\/post"}],"author":[{"embeddable":true,"href":"https:\/\/intervius.com\/index.html\/wp-json\/wp\/v2\/users\/1"}],"replies":[{"embeddable":true,"href":"https:\/\/intervius.com\/index.html\/wp-json\/wp\/v2\/comments?post=4391"}],"version-history":[{"count":0,"href":"https:\/\/intervius.com\/index.html\/wp-json\/wp\/v2\/posts\/4391\/revisions"}],"wp:attachment":[{"href":"https:\/\/intervius.com\/index.html\/wp-json\/wp\/v2\/media?parent=4391"}],"wp:term":[{"taxonomy":"category","embeddable":true,"href":"https:\/\/intervius.com\/index.html\/wp-json\/wp\/v2\/categories?post=4391"},{"taxonomy":"post_tag","embeddable":true,"href":"https:\/\/intervius.com\/index.html\/wp-json\/wp\/v2\/tags?post=4391"}],"curies":[{"name":"wp","href":"https:\/\/api.w.org\/{rel}","templated":true}]}}