{"id":4366,"date":"2008-08-14T00:00:00","date_gmt":"2006-11-06T00:00:00","guid":{"rendered":"https:\/\/intervius.com\/index.html\/?p=4366"},"modified":"2006-11-06T00:00:00","modified_gmt":"2006-11-06T00:00:00","slug":"Vicente_Soriano4366","status":"publish","type":"post","link":"https:\/\/intervius.com\/index.html\/Vicente_Soriano4366\/","title":{"rendered":"Vicente Soriano"},"content":{"rendered":"<p>Pregunta.- \u00bfEs consciente de que la afici\u00f3n s\u00f3lo se contentar\u00e1 con un equipo que vuelva a luchar por ganar Liga y Champions? \u00bfCu\u00e1nto tiempo cree que le costar\u00e1 al Valencia tener una deuda cero? Enhorabuena por el cargo y mucha suerte desde El Puig.<\/p>\n<p>Respuesta.- S\u00ed, soy consciente de ello, y adem\u00e1s pienso de la misma forma. Intentaremos conseguirlo a la mayor brevedad posible. En cuanto al equilibrio patrimonial, es decir, anular la deuda, espero conseguirlo antes de final de a\u00f1o a m\u00e1s tardar. Muchas gracias.<\/p>\n<p>P.- \u00bfSi tuviera una chequera en blanco, a qu\u00e9 jugador fichar\u00eda?<\/p>\n<p>R.- A Silva y a Villa.<\/p>\n<p>P.- Adem\u00e1s de los asuntos inmobiliarios, \u00bfc\u00f3mo espera aumentar los ingresos fijos sin vender jugadores?<\/p>\n<p>R.- La entidad tiene un fondo de comercio muy importante que nos va a dar para ello y para m\u00e1s.<\/p>\n<p>P.- \u00bfHa hablado personalmente con Albelda para convencerle de que se quedara en el club? El d\u00eda de la presentaci\u00f3n se escucharon silbidos. \u00bfQu\u00e9 le dir\u00eda a los aficionados que est\u00e1n en contra de David?<\/p>\n<p>R.- He hablado personalmente con Albelda y le he pedido que fuera inteligente, aunque s\u00e9 que lo es. En cuanto a las posibles recriminaciones el d\u00eda de la presentaci\u00f3n, creo que no son convenientes en estos momentos y le pedir\u00eda a los aficionados un poco de paciencia para que Albelda demuestre su valencianismo.<\/p>\n<p>P.- \u00bfPuede garantizar que no habr\u00e1 una ampliaci\u00f3n de capital como pretend\u00eda Villalonga?<\/p>\n<p>R.- Puedo garantizarlo.<\/p>\n<p>P.- \u00bfCu\u00e1nto esperan ingresar por la venta de las parcelas de Mestalla? \u00bfDar\u00e1 para acabar con la deuda hist\u00f3rica del club?<\/p>\n<p>R.- Espero ingresar lo suficiente para que, junto con el fondo de comercio del nuevo estadio, podamos anular toda la deuda de la sociedad y conseguir el equilibrio patrimonial.<\/p>\n<p>P.- Si el problema del club son las fichas elevadas, \u00bfc\u00f3mo vamos a pagar las mejoras de contrato de Silva y Villa?<\/p>\n<p>R.- Las vamos a pagar con mucho ingenio y explotando los recursos que la entidad tiene en su poder.<\/p>\n<p>P.- \u00bfC\u00f3mo ha podido alcanzar un acuerdo con Juan Soler despu\u00e9s de la batalla dial\u00e9ctica que ha mantenido en los \u00faltimos a\u00f1os?<\/p>\n<p>R.- Porque somos personas y, por tanto, inteligentes.<\/p>\n<p>P.- \u00bf Cree usted que Juan Villalonga era una buena solucion de futuro para el Valencia ?<\/p>\n<p>R.- No tengo comentarios a cerca del se\u00f1or Villalonga.<\/p>\n<p>P.- Sr. Soriano, \u00bfpodr\u00eda aclaranos exactamente cual es el acuerdo que estbleci\u00f3 con Juan Soler para la compra de sus acciones? Se especula mucho alrededor de este asunto.<\/p>\n<p>R.- Yo entiendo las especulaciones, pero los acuerdos comerciales personales quedan en poder de las partes contractuales. Nada m\u00e1s.<\/p>\n<p>P.- \u00bfC\u00f3mo puede explicarse que haya habido un mismo Consejo de Administraci\u00f3n a lo largo de tres presidentes distintos? \u00bfCada uno no tiene su proyecto independiente?<\/p>\n<p>R.- Mi consejo de administraci\u00f3n nada tiene que ver con el anterior, es diferente. A\u00fan admitiendo todos mis respetos por el anterior consejo.<\/p>\n<p>P.- Dada la grave situaci\u00f3n econ\u00f3mica del Valencia, \u00bfno cree que las empresas que quieran construir all\u00ed querr\u00e1n y adem\u00e1s, sacar\u00e1n provecho de las malas circunstancias?<\/p>\n<p>R.- Puede que lo intenten, pero es dif\u00edcil conseguirlo conmigo.<\/p>\n<p>P.- Se cumplir\u00e1 el compromiso de tener el estadio nuevo para la tempaorada 2009-2010? Juan Soler sigue siendo due\u00f1o de 1% parte de la primera torre de Mestalla?. Muchas Gracias.<\/p>\n<p>R.- Intentaremos cumplir el compromiso, pero en este momento no puedo garantizarlo. En todo caso, tendremos un peque\u00f1o retraso en las obras. En cuanto a la torre, don Juan Soler tiene un documento de compra en su poder por esta parcela edificable.<\/p>\n<p>P.- \u00bfVa a derribar el muro de la Ciudad Deportiva de Paterna que construy\u00f3 Koeman?<\/p>\n<p>R.- Estamos viendo la conveniencia de hacerlo.<\/p>\n<p>P.- \u00bfEs cierto que hay tres empresas interesadas en la compra de las torres de Mestalla? \u00bfNos puede adelantar algo?<\/p>\n<p>R.- Todo cuanto puedo adelantar es que es cierto que hay varios interesados en la compra de las parcelas.<\/p>\n<p>P.- \u00bfC\u00f3mo puede explicarse la presencia en el Consejo de Administraci\u00f3n del club de gente que ha estado con distintos presidentes?<\/p>\n<p>R.- Que yo conozca, s\u00f3lo est\u00e1 don Vicente Silla, que tiene todo mi aprecio y consideraci\u00f3n.<\/p>\n<p>P.- Si se ten\u00eda plena disposici\u00f3n de las parcelas del club, \u00bfpor qu\u00e9 no las han vendido antes? Tal vez se hubiera evitado llegar a estos extremos&#8230;<\/p>\n<p>R.- Desconozco porqu\u00e9 no se han podido vender antes, s\u00ed conozco las gestiones que me han llevado a poder conseguir algunos compradores.<\/p>\n<p>P.- El Mallorca ha puesto muchas trabas al traspaso de Moy\u00e0, ahora el Valencia le va a ceder a David Navarro, para cu\u00e1ndo un poco de mano dura con estos equipos?<\/p>\n<p>R.- El Mallorca defiende sus intereses y nosotros los nuestros. No se trata de ser duros, sino de intentar ser buenos gestores.<\/p>\n<p>P.- Anunci\u00f3 que si acced\u00eda al club fichar\u00eda a tres craks, lo va a cumplir?<\/p>\n<p>R.- No recuerdo haber prometido nunca fichar a tres cracks.<\/p>\n<p>P.- \u00bfQu\u00e9 relaci\u00f3n tiene con Agust\u00edn Morera?<\/p>\n<p>R.- La de ex consejero y ex presidente de la entidad.<\/p>\n<p>P.- Buenas tardes D. Vicente: \u00bfNo cree usted que el proyecto del se\u00f1or Villalonga era mucho m\u00e1s agresivo y apasionante que el usted propone? El se\u00f1or Villalonga ha comentado en los medios de comunicacion que ustedes querian vender a Silva y Villa \u00bfes cierto? \u00bfvan a venderlos? Espero que le vaya bien en esta etapa.<\/p>\n<p>R.- Se ha visto que no vamos a vender a Silva y Villa. En cuanto a lo apasionante del proyecto de otra persona, no opino. Yo s\u00f3lo quiero ser pragm\u00e1tico, realista y con todo el rigor para mi trabajo. Lo dem\u00e1s me parece demag\u00f3gico.<\/p>\n<p>P.- Hola, dada la salida de Arizmendi, y la m\u00e1s que probable de Zigic, \u00bfse plantea hacer m\u00e1s fichajes? \u00bfhan pensado ya en alguien? Gracias<\/p>\n<p>R.- Estamos pensando en cerrar la plantilla hacia final de mes, debido al corto espacio de tiempo del que vamos a disponer para conseguirlo.<\/p>\n<p>P.- \u00bfTeme que el Real Madrid maree a Villa con ofertas y que lo perdamos en el \u00faltimo minuto? Si va tr\u00e1igase a Etoo. Vicente, Alzira.<\/p>\n<p>R.- S\u00f3lo puedo decir que Villa va a continuar con nosotros.<\/p>\n<p>P.- Estoy preocupado por las informaciones que dicen que se pueden parar las obras del estadio. \u00bfEs cierto?<\/p>\n<p>R.- No, las obras del estadio pueden ralentizarse o no por cuestiones t\u00e9cnicas, pero nunca por una decisi\u00f3n de pararlas por parte de la constructora.<\/p>\n<p>P.- \u00bfQu\u00e9 opina de la importante presencia y papel espectacular que hicieron los jugadores del Valencia durante la pasada Eurocopa? \u00bfCree que habr\u00e1 alguna baja en la lista de Del Bosque?<\/p>\n<p>R.- Creo que el papel de nuestros jugadores, m\u00e1s que importante, fue decisivo, y entiendo que Vicente del Bosque ser\u00e1 lo suficientemente inteligente para continuar contando con ellos.<\/p>\n<p>P.- \u00bfSabr\u00eda decirme a qu\u00e9 se debi\u00f3 el baj\u00f3n tan brusco que sufri\u00f3 el Valencia CF la temporada pasada? Amunt Valencia.<\/p>\n<p>R.- M\u00e1s all\u00e1 de la convulsi\u00f3n que sufri\u00f3 nuestra plantilla durante la temporada pasada, pocas explicaciones m\u00e1s puedo dar.<\/p>\n<p>P.- \u00bfQu\u00e9 le impulsa a volver ahora al club valenciano si en junio de 2007 usted dej\u00f3 su puesto como consejero?<\/p>\n<p>R.- Me impulsa ayudar y sumar mi voluntad y deseo de ayuda a una entidad a la que pertenezco como accionista, abonado y aficionado desde que nac\u00ed.<\/p>\n<p>P.- Pese a haber delegado la parcela deportiva, \u00bfNo considera, desde su punto de vista, que el equipo debe renovar su centro del campo que ha sido el mismo durante 5 a\u00f1os y que rebasa los 30 a\u00f1os?<\/p>\n<p>R.- Yo tengo mi opini\u00f3n como aficionado, pero por compromiso y deber tengo que delegar esta parcela enteramente a los t\u00e9cnicos de la entidad.<\/p>\n<p>P.- Arri\u00e9sguese y haga una quiniela, \u00bfqui\u00e9n va a ganar la Supercopa? \u00bfy la liga 08\/09? Saludos.<\/p>\n<p>R.- No soy futur\u00f3logo, pero s\u00ed deseo que sea nuestro equipo, en cuanto a la Supercopa. Respecto de la Liga, a\u00fan puedo ser menos futur\u00f3logo. Ojal\u00e1 sea el Valencia.<\/p>\n<p>P.- Yo s\u00ed lo recuerdo, en una entrevista en el diario AS prometi\u00f3 3 craks. Se la hizo su jefe de prensa, Dami\u00e0 Vidagany<\/p>\n<p>R.- Lo siento, pero no lo recuerdo. Saque usted la hemeroteca y tire de ella.<\/p>\n<p>P.- \u00bfCu\u00e1ntos a\u00f1os tiene el carn\u00e9 de socio del Valencia? \u00bfY su jugador favorito en la historia del club?<\/p>\n<p>R.- He sido socio del Valencia desde siempre. Lo tendr\u00e9 unos 45 a\u00f1os. En cuanto al jugador, Piojo L\u00f3pez.<\/p>\n<p>P.- Algunos medios han puesto en duda su capacidad econ\u00f3mica para comprar las acciones de Soler. \u00bfA qu\u00e9 se dedica profesionalmente?<\/p>\n<p>R.- Sin comentarios.<\/p>\n<p>P.- \u00bfTenemos presidente para rato, o quiere usted &#8220;resucitar&#8221; al Valencia e irse como un h\u00e9roe?<\/p>\n<p>R.- Quiero ayudar a que el Valencia salga adelante. Despu\u00e9s, Dios dir\u00e1&#8230;<\/p>\n<p>P.- Tendremos alguna &#8220;guinda&#8221; en forma de fichaje? Suerte con su proyecto. Berni<\/p>\n<p>R.- Queremos hacer algo importante, aunque desconocemos si de aqu\u00ed a final de mes tendremos el tiempo suficiente.<\/p>\n<p>P.- Buenas tardes, Sr. Soriano. Yo como valenciano me gustar\u00eda saber, \u00bfcuanto dinero nos va a costar a todos, la reflotaci\u00f3n del Valencia C.F. S.A.D.? Porque a\u00fan siendo una entidad privada como su nombre indica, ha recibido flujos de dinero p\u00fablico a mansalva y a\u00fan asi esta como se dice aqui, como la &#8220;Chata&#8221;.<\/p>\n<p>R.- A los valencianos no nos va a costar ni un euro reflotar la entidad. Y que yo sepa, y de ello algo entiendo, el Valencia CF no ha recibido dinero p\u00fablico.<\/p>\n<p>P.- \u00bfHa habido alg\u00fan tipo de presi\u00f3n pol\u00edtica para hacerse cargo del club?<\/p>\n<p>R.- No.<\/p>\n<p>P.- \u00bfsi al final de todo no compras, tendras la dignidad de vender tus acciones a la aficion a 48 Euros?<\/p>\n<p>R.- Yo siempre tengo dignidad.<\/p>\n<p>P.- \u00bfQu\u00e9 le parece que a equipos como al R. Madrid o al FCB se les dedique tantos minutos en televisi\u00f3n, y a equipos como Valencia o Racing se les margina?<\/p>\n<p>R.- Es la ley de la oferta y la demanda.<\/p>\n<p>P.- \u00bfLe parece que la actitud de Villar es correcta con todos los clubes?<\/p>\n<p>R.- Desde fuera entiendo que s\u00ed. Desde dentro lo espero.<\/p>\n<p>P.- Juan Manolo: \u00bfTu nuevo equipo se ha propuesto valencianizar la comunicaci\u00f3n del club?<\/p>\n<p>R.- Nosotros utilizaremos el valenciano siempre que sea conveniente hacerlo, porque de cualquier forma, yo siempre he hablado valenciano.<\/p>\n","protected":false},"excerpt":{"rendered":"<p>El nuevo presidente del Valencia CF, Vicente Soriano, desgrana su proyecto deportivo tras la crisis social en la que se ha visto inmersa la entidad y a s\u00f3lo unos d\u00edas de disputar el primer t\u00edtulo en liza, la Supercopa de Espa\u00f1a, ante el Real Madrid.<\/p>\n","protected":false},"author":1,"featured_media":0,"comment_status":"open","ping_status":"open","sticky":false,"template":"","format":"standard","meta":{"footnotes":""},"categories":[],"tags":[],"class_list":["post-4366","post","type-post","status-publish","format-standard","hentry"],"_links":{"self":[{"href":"https:\/\/intervius.com\/index.html\/wp-json\/wp\/v2\/posts\/4366","targetHints":{"allow":["GET"]}}],"collection":[{"href":"https:\/\/intervius.com\/index.html\/wp-json\/wp\/v2\/posts"}],"about":[{"href":"https:\/\/intervius.com\/index.html\/wp-json\/wp\/v2\/types\/post"}],"author":[{"embeddable":true,"href":"https:\/\/intervius.com\/index.html\/wp-json\/wp\/v2\/users\/1"}],"replies":[{"embeddable":true,"href":"https:\/\/intervius.com\/index.html\/wp-json\/wp\/v2\/comments?post=4366"}],"version-history":[{"count":0,"href":"https:\/\/intervius.com\/index.html\/wp-json\/wp\/v2\/posts\/4366\/revisions"}],"wp:attachment":[{"href":"https:\/\/intervius.com\/index.html\/wp-json\/wp\/v2\/media?parent=4366"}],"wp:term":[{"taxonomy":"category","embeddable":true,"href":"https:\/\/intervius.com\/index.html\/wp-json\/wp\/v2\/categories?post=4366"},{"taxonomy":"post_tag","embeddable":true,"href":"https:\/\/intervius.com\/index.html\/wp-json\/wp\/v2\/tags?post=4366"}],"curies":[{"name":"wp","href":"https:\/\/api.w.org\/{rel}","templated":true}]}}