{"id":4347,"date":"2008-09-15T00:00:00","date_gmt":"2006-11-06T00:00:00","guid":{"rendered":"https:\/\/intervius.com\/index.html\/?p=4347"},"modified":"2006-11-06T00:00:00","modified_gmt":"2006-11-06T00:00:00","slug":"Jose_Antonio_Camacho4347","status":"publish","type":"post","link":"https:\/\/intervius.com\/index.html\/Jose_Antonio_Camacho4347\/","title":{"rendered":"Jos\u00e9 Antonio Camacho"},"content":{"rendered":"<p>Pregunta.- Hola Jos\u00e9, suena extra\u00f1o pero Higuain merece dejar en el banquillo a Ra\u00fal.. cuando un entrenador tiene que &#8220;negociar&#8221; el final de un mito \u00bfcu\u00e1les son los pasos a dar con un jugador tan emblem\u00e1tico? \u00bfalguna vez te has visto en una situaci\u00f3n similar? Un abrazo!!<\/p>\n<p>Respuesta.- Me he visto muchas veces en situaciones parecidas. Lo que pasa es que de Ra\u00fal se est\u00e1 hablando demasiado. Lleva tanto tiempo en el equipo y es tan importante&#8230; Creo que Ra\u00fal tiene cuerda y est\u00e1 haciendo un gran trabajo. El entrenador tiene que ir dando paso a los que llegan, pero siempre que demuestren que son mejor que los que est\u00e1n.<\/p>\n<p>P.- Que opini\u00f3n le merece Ram\u00f3n Calder\u00f3n? Le parece que est\u00e1 capacitado y que representa con se\u00f1or\u00edo a nuestro club o piensa m\u00e1s bien que es un okupa en la presidencia gracias a una sentencia judicial que a los efectos anul\u00f3 una important\u00edsima cantidad de votos y a la incumplida promesa de fichar a Cesc, Robben y Kak\u00e1?<\/p>\n<p>R.- Ya lo dije en su momento. Creo que el presidente del Real Madrid ten\u00eda que haber sido elegido por los socios y no por una sentencia, como en este caso. A partir de ah\u00ed, \u00e9l vive para el Madrid y s\u00f3lo quiere que triunfe. Est\u00e1 claro que quiere hacer lo mejor posible para el Madrid. Y eso para m\u00ed, como madridista, es muy importante.<\/p>\n<p>P.- Hola Jos\u00e9 Antonio. \u00bfQu\u00e9 es lo que m\u00e1s detestas y lo que m\u00e1s te gusta de la actualidad del mundo del f\u00fatbol? \u00bfCu\u00e1l es la principal diferencia con respecto a tu \u00e9poca de jugador? Muchas gracias. Un saludo<\/p>\n<p>R.- Ahora hay muchos intereses creados alrededor del f\u00fatbol. Hay gente que, indirectamente, manda en el f\u00fatbol. Lo que menos me gusta es que va todo demasiado deprisa, no hay paciencia con el entrenador. Cada vez tienen menos peso. Lo que m\u00e1s me gusta es que el f\u00fatbol tiene una dimensi\u00f3n mundial mucho mayor.<\/p>\n<p>P.- Como conocedor del equipo \u00bfQue consejo le dar\u00edas al actual entrenador del Bemfica, Quique Flores?<\/p>\n<p>R.- Que tenta mucha paciencia y que no se deje influir. Del Benfica habla mucha gente que no conoce los problemas, y hay mucha opini\u00f3n externa que deteriora al equipo.<\/p>\n<p>P.- Respecto al R. Madrid, tanto hablar de que faltan delanteros y parece que lo que flojea es la defensa. \u00bfSon fallos propios de principio de temporada o hay algo mas?<\/p>\n<p>R.- Lo que creo es que se habla de ese tema porque en defensa hay m\u00e1s alternativas y en la delantera hay menos. Apenas est\u00e1 Van Nistelrooy como goleador nato. Ahora se est\u00e1n recibiendo muchos goles, pero todo es cuesti\u00f3n de trabajarlo t\u00e1cticamente. Con la defensa se puede conseguir.<\/p>\n<p>P.- Hola!!Por Que se tiene tan poca paciencia con los entrenadores en Espa\u00f1a que en la jornada 3 ya se piensa en sustituirlo.<\/p>\n<p>R.- Es un problema de que se ha perdido la fe en el entrenador. El entrenador tiene poco peso en el vestuario. La culpa es del mismo t\u00e9cnico que se deja manejar demasiado por los directivos y por todo lo que rodea al equipo.<\/p>\n<p>P.- no tienes mono de banquillo??? cu\u00e1ndo volveremos a verte entrenar de nuevo??? qu\u00e9 equipo es el que m\u00e1s te seduce de la Liga? guardas un buen recuerdo del Espanyol? Un perico que echa de menos tu fiereza<\/p>\n<p>R.- Siempre he tenido al Espanyol como un equipo propio. Pas\u00e9 una \u00e9poca bonita en dos etapas. Una dif\u00edcil, cuando tiraron Sarri\u00e1. Por supuesto que tengo mono de banquillo, pero soy un entrenador un poco dif\u00edcil, porque no me dejo manejar demasiado. Y eso no le gusta demasiado a los directivos.<\/p>\n<p>P.- Buenos d\u00edas. Observo en el Barcelona una preocupante falta de gol. Cuando Ronaldo jugaba en el Madrid, Etoo ten\u00eda que chutar 5 veces m\u00e1s que el brasile\u00f1o para marcar gol. Henry est\u00e1 dimitido y los dem\u00e1s no ven puerta con facilidad. \u00bfNo le parece que deber\u00edan haber reforzado la delantera? Gracias.<\/p>\n<p>R.- El Barcelona tiene una delantera importante. Tiene a Messi, Etoo, Henry (aunque no sea el mismo), Bojan&#8230; Los resultados que ha cosechado no corresponden al juego que ha hecho. Para m\u00ed, como entrenador, lo importante es hacer las ocasiones de gol.<\/p>\n<p>P.- Hola Jos\u00e9 Antonio. C\u00f3mo ves al Atleti este a\u00f1o? Piensas que Maniche sabr\u00e1 dirigir al equipo?<\/p>\n<p>R.- Tiene una buena plantilla. Es una alternativa clara, con el Villarreal y el Sevilla, al Madrid y al Barcelona. Maniche es un gran centrocampista, de llegada, fuerza y movimiento, pero no le veo dirigiendo al equipo.<\/p>\n<p>P.- Si volviera Florentino y le pidiera que fuera su entrenador, \u00bftendr\u00eda alg\u00fan problema? Creo que \u00e9l sigue teniendo una gran admiraci\u00f3n por usted.<\/p>\n<p>R.- Siempre he dicho que Florentino fue un hombre que marc\u00f3 una \u00e9poca muy importante en el Real Madrid. Le dio una dimensi\u00f3n mundial que no ten\u00eda. Su gesti\u00f3n econ\u00f3mica fue fenomenal. Pero creo que se equivoc\u00f3 en el tema deportivo. Tengo dif\u00edcil volver como entrenador al Madrid, otra cosa ser\u00eda en alg\u00fan otro cargo. Volver a intentarlo una tercera vez ser\u00eda dif\u00edcil.<\/p>\n<p>P.- \u00bfCree que Keita merece ser titular en el Barcelona? \u00bfNo es un futbolista sobrevalorado? Por ahora no ha demostrado absolutamente nada, y encima ha dejado a jugadores como Tour\u00e9 e Iniesta en el banquillo&#8230;<\/p>\n<p>R.- Keita tiene unas condiciones, de futbolista moderno por delante de la defensa. Es m\u00e1s parecido a Tour\u00e9 que a Iniesta. A\u00fan es pronto para juzgarle. En teor\u00eda, tiene que dar m\u00e1s rendimiento del que est\u00e1 dando ahora.<\/p>\n<p>P.- \u00bfEst\u00e1 usted a favor de las Selecciones Nacionales de Euskadi y Catalunya?<\/p>\n<p>R.- La FIFA lo dice claramente: en un pa\u00eds s\u00f3lo puede haber una selecci\u00f3n. No es cuesti\u00f3n de que est\u00e9 yo a favor o en contra. En Espa\u00f1a s\u00f3lo puede haber una selecci\u00f3n.<\/p>\n<p>P.- Buenos d\u00edas m\u00edster. La temporada pasada ocupaba ese asiento Don Vicente Del Bosque, y precisamente aqu\u00ed fue d\u00f3nde conocimos su tremenda admiraci\u00f3n por Jos\u00e9 Luis Mend\u00edlibar, del que dec\u00eda era el mejor entrenador de Espa\u00f1a. \u00bfUsted que opin\u00e1 de Mend\u00edlibar? Gracias m\u00edster.<\/p>\n<p>R.- He conocido a Mendilibar en algunos cursos. Est\u00e1 sacando un rendimiento enorme a un equipo con un presupuesto muy bajo. Lo est\u00e1 haciendo muy bien. Su equipo siempre sale a ganar y eso es digno de admirar.<\/p>\n<p>P.- Saludos Sr. Camacho, un honor poder hablar con usted. Mi pregunta es la siguiente. \u00bfNo cree que err\u00f3 Aguirre al reservar jugadores importantes para la Champions? Esa no es nuestra lucha y dej\u00f3 escapar 3 puntos valios\u00edsimos en un campo en teor\u00eda asequible. Soy colchonero y me veo en abril sin Copa, sin Champions y luchando por entrar en la UEFA como sigamos as\u00ed. Un Saludo!<\/p>\n<p>R.- Cuando se viene de jugar los partidos con las selecciones, de pa\u00edses lejanos, los jugadores vienen cansados y lo mejor es su recuperaci\u00f3n. Es dif\u00edcil que salgan al 100%. Por eso los entrenadores los reservan. Tambi\u00e9n existe el riesgo de lesiones. Aguirre conoc\u00eda el estado de sus jugadores y por eso los ha sacado cuando cre\u00eda que pod\u00edan rendir. Muchas veces lloramos demasiado por un jugador o dos. Para eso est\u00e1 la plantilla.<\/p>\n<p>P.- Hola Jos\u00e9, \u00bfel rayito sigue teniendo un hueco en tu coraz\u00f3n? \u00bfqu\u00e9 te parece como est\u00e1 jugando? tiene una pinta tremenda&#8230;<\/p>\n<p>R.- S\u00ed que lo tiene. L\u00f3gicamente. Fue el primer equipo profesional que tuve. Le vi contra el Murcia en la primera jornada y me gust\u00f3 mucho. Pepe Mel est\u00e1 d\u00e1ndole lo que necestica. Si el Rayo sigue as\u00ed&#8230; Tiene un entrenador que les va a mantener los pies en el suelo y eso es buen\u00edsimo para el Rayo.<\/p>\n<p>P.- Buenos d\u00edas. Jose Ant., \u00bfcrees que Clemente subir\u00e1 al R. Murcia a 1\u00aa divisi\u00f3n antes de que sus pol\u00e9micos comentarios acaben creando un mal rollo en el vestuario, perjudic\u00e1ndolo a \u00e9l y al equipo? Un saludo desde Cieza.<\/p>\n<p>R.- A mi paisano le digo que me gustar\u00eda que el Murcia subiera. Pero cuando se llevan dos o tres jornadas sin puntos es dif\u00edcil remontar, aunque a\u00fan hay mucho tiempo. Pero hay equipos que han empezado fuerte y va a ser dif\u00edcil.<\/p>\n<p>P.- Me sorprendi\u00f3 en su d\u00eda que el Barca no fichara a Capdevila como lateral izquierdo, cuando el Atl\u00e9tico de Madrid baj\u00f3 a Segunda y el Depor se aprovech\u00f3 fichando tambi\u00e9n a Molina y Valer\u00f3n. Este verano, el Villarreal se hizo con \u00e9l, mientras los clubes parecen mirar al extranjero para fichar laterales. Usted que en su d\u00eda fue un lateral izquierdo fant\u00e1stico, \u00bfa qui\u00e9n ve en Espa\u00f1a con proyecci\u00f3n para llegar a figura en esa posici\u00f3n?. \u00bfY quien ser\u00eda el mejor en Europa, el alem\u00e1n Lahm, quiz\u00e1s?. Un saludo, Carlos.<\/p>\n<p>R.- Muchas veces los puestos son dif\u00edciles de conseguir, porque hay a\u00f1os que salen muchos laterales izquierdos (en mi \u00e9poca est\u00e1bamos Julio Alberto, Gordillo y yo para la selecci\u00f3n). Ahora hay dificultades en ese puesto. Capdevila lo est\u00e1 haciendo muy bien. Lahm es muy competitivo y puede jugar en los dos lados. Pero no hay mucho donde elegir. No hay como es su \u00e9poca Maldini, etc&#8230;<\/p>\n<p>P.- Hola Camacho, aunque han pasado 6 a\u00f1os todav\u00eca recuerdo lo que nuestro amigo El Gandul nos hizo en Corea y Jap\u00f3n y las imagenes de Helgera de impotenc\u00eda y rabia. \u00bfRecuerdas lo que le dijiste al arbitro cuando acabo el partido? \u00bf y los chicos en el vestuario?. un saludo Fran Alonso.<\/p>\n<p>R.- En ese momento hay que tener la sangre fr\u00eda y estar tranquilo. Cuando el \u00e1rbitro pita no hay nada que hacer. Helguera hab\u00eda perdido los papeles y le pod\u00eda caer una sanci\u00f3n grande. En el vestuario les dije que estaba con ellos y que hab\u00edamos perdido una gran oportunidad. Pero, en esos momentos, por mucho que les digas, nadie escucha. Fue la primera vez que la FIFA reconoci\u00f3 un error arbitral en un partido.<\/p>\n<p>P.- \u00bfpor qu\u00e9 te parece que Murcia nunca ha conseguido consolidar un equipo en la primera divisi\u00f3n?<\/p>\n<p>R.- Murcia tiene todo lo necesario para tener un equipo consoldiaddo en Primera. Tiene estadio, afici\u00f3n&#8230; Pero no se ha dado con el quid de la cuesti\u00f3n. Lo primero que hay que hacer cuando se sube es pensar en asentarse en Primera, no en otros objetivos. Murcia se merece que su equipo est\u00e9 en Primera permanentemente.<\/p>\n<p>P.- a m\u00ed me gustaba m\u00e1s la selecci\u00f3n que &#8220;perdi\u00f3&#8221; con Corea. Y a ti tambi\u00e9n, pero no lo puedes decir. Casillas, Puyol, Xabi, Iniesta y Villa est\u00e1n al primer nivel mundial. Tu manejaste otra cosa. Mi pregunta es: \u00bfes Casillas el mejor jugador del mundo? no digo portero, digo jugador. Para m\u00ed no hay duda. Otra cosa es el marketing y otros dimes y diretes.<\/p>\n<p>R.- Casillas est\u00e1 en esa l\u00ednea. Si no le dan el Bal\u00f3n de Oro le va a faltar poco. Espa\u00f1a, ahora mismo, est\u00e1 a primer nivel mundial. En los campeonatos, el mejor equipo es el que gana y no hay mucho que hablar. Y la que gan\u00f3 fue la de Austria y Suiza.<\/p>\n<p>P.- Realmente los directivos se meten tanto en el trabajo de los tecnicos como para haberse tenido que marchar al menos dos veces por esta razon? No sera demasiado rigido? Un atletico desde su querida Ibiza.<\/p>\n<p>R.- Creo que no, que no soy r\u00edgido. Siempre doy m\u00e1s tiempo del necesario. Pero hay veces que no puedes desarrollar tu trabajo y que no pintas nada. Y cuando es as\u00ed, me marcho. Si menosprecian al entrenador y no lo quieren, pues que busquen a otro.<\/p>\n<p>P.- Hola D. Jos\u00e9 Antonio, \u00bfecha de menos defensas de marcaje individual? o eso es demasiado obsoleto&#8230;<\/p>\n<p>R.- Ahora mismo no se trabaja ya individual. Hay veces que puedes hacerlo, pero ahora el f\u00fatbol es por zonas. Y el marcaje al hombre ha pasado a la Historia.<\/p>\n<p>P.- Hola Jos\u00e9, cuando Juande Ramos entrenaba a equipos &#8220;peque\u00f1os&#8221; los pon\u00eda a tope fisicamente los primeros meses del campeonato para sorprender a clubes menos rodados y hacer acopio de puntos \u00bfcrees que es una buena idea? \u00bfequipos como el Numancia est\u00e1n siguiendo este planteamiento?<\/p>\n<p>R.- Los equipos peque\u00f1os tienen una ventaja y es que no juegan dos partidos a la semana. Juegan uno, de Liga, y se pueden poner m\u00e1s en forma. Trabajan de diferente manera. No pierden el nivel f\u00edsico, pierden la mentalidad cuando se dejan llevar porque no tienen nada que hacer.<\/p>\n<p>P.- Hola buenos d\u00edas, enhorabuena por lo que usted hizo con Espa\u00f1a. Mi pregunta es: \u00bfCu\u00e1l es su opini\u00f3n de Gonzalo Higua\u00edn? Un saludo,<\/p>\n<p>R.- Es un futbolista que vino con la liga empezada y le cost\u00f3 empezar. Pero me gusta mucho porque tiene buenos movimientos. Tal vez le falta gol, pero creo que triunfar\u00e1 en el Madrid.<\/p>\n<p>P.- Estas genial en los anuncios de Polaris World. \u00bfGanas m\u00e1s con el futbol o con la publicidad?<\/p>\n<p>R.- Cuando trabajo gano m\u00e1s con el f\u00fatbol, l\u00f3gicamente. La publicidad es cuando me requieren, pero no soy un hombre de publicidad, soy un hombre de f\u00fatbol.<\/p>\n","protected":false},"excerpt":{"rendered":"<p>Analizar\u00e1 todos los lunes la actualidad de la Liga espa\u00f1ola y lo m\u00e1s destacado de la jornada en el f\u00fatbol europeo. Un consultorio futbol\u00edstico con Jos\u00e9 Antonio Camacho para seguir la actualidad del mundo del bal\u00f3n.<\/p>\n","protected":false},"author":1,"featured_media":0,"comment_status":"open","ping_status":"open","sticky":false,"template":"","format":"standard","meta":{"footnotes":""},"categories":[],"tags":[],"class_list":["post-4347","post","type-post","status-publish","format-standard","hentry"],"_links":{"self":[{"href":"https:\/\/intervius.com\/index.html\/wp-json\/wp\/v2\/posts\/4347","targetHints":{"allow":["GET"]}}],"collection":[{"href":"https:\/\/intervius.com\/index.html\/wp-json\/wp\/v2\/posts"}],"about":[{"href":"https:\/\/intervius.com\/index.html\/wp-json\/wp\/v2\/types\/post"}],"author":[{"embeddable":true,"href":"https:\/\/intervius.com\/index.html\/wp-json\/wp\/v2\/users\/1"}],"replies":[{"embeddable":true,"href":"https:\/\/intervius.com\/index.html\/wp-json\/wp\/v2\/comments?post=4347"}],"version-history":[{"count":0,"href":"https:\/\/intervius.com\/index.html\/wp-json\/wp\/v2\/posts\/4347\/revisions"}],"wp:attachment":[{"href":"https:\/\/intervius.com\/index.html\/wp-json\/wp\/v2\/media?parent=4347"}],"wp:term":[{"taxonomy":"category","embeddable":true,"href":"https:\/\/intervius.com\/index.html\/wp-json\/wp\/v2\/categories?post=4347"},{"taxonomy":"post_tag","embeddable":true,"href":"https:\/\/intervius.com\/index.html\/wp-json\/wp\/v2\/tags?post=4347"}],"curies":[{"name":"wp","href":"https:\/\/api.w.org\/{rel}","templated":true}]}}