{"id":405,"date":"2005-11-15T00:00:00","date_gmt":"2006-11-06T00:00:00","guid":{"rendered":"https:\/\/intervius.com\/index.html\/?p=405"},"modified":"2006-11-06T00:00:00","modified_gmt":"2006-11-06T00:00:00","slug":"Chema_Lapuente405","status":"publish","type":"post","link":"https:\/\/intervius.com\/index.html\/Chema_Lapuente405\/","title":{"rendered":"Chema Lapuente"},"content":{"rendered":"<p>Pregunta.- Hola chema, hablando de consolas portatiles tuve que escuchar en tu programa la consabida cantinela propia de principiantes de que las consolas de nintendo eran infantiles. A la vista de los resultados de ventas de la ultima portatil de nintendo y sobretodo el exito que esta teniendo entre el publico adulto y la incorporacion masiva de usuarias femeninas&#8230;\u00bfsigues pensando que es una consola para ni\u00f1os?<\/p>\n<p>Respuesta.- Yo nunca afirm\u00e9 como algo propio que la consola de Nintendo fuera infantil. eso lo dijo el invitado&#8230; de hecho, en el resumen de la entrevista, me limit\u00e9 a reptir sus palabras de cualquier modo, pienso que las Game Boy siempre han cautivado a un p\u00fablico m\u00e1s infantil, aunque, el tiempo dir\u00e1 si la DS cambia esa percepci\u00f3n en la gente <\/p>\n<p>P.- \u00bfc\u00faal es el mayor actrativo de vuestro programa?<\/p>\n<p>R.- sobre todo, explicamos la tecnolog\u00eda como algo entretenido, comprensible y nada complicado. Nuestro lema es la tecnologia f\u00e1cil. adenm\u00e1s, tratamos de dar siempre todos los puntos de vista. incluso con los que no comulgamos&#8230; por \u00faltimo cuando nos equivocamos (somos humanos) pedimos disculpas por ello en fin. en definitiva no paramos de trabajar<\/p>\n<p>P.- \u00bfLa radio no parece anacr\u00f3nica con el mundo cibern\u00e9tico?<\/p>\n<p>R.- La radio es un medio de comunicaci\u00f3n incre\u00edble. Hoy la radio en Espa\u00f1a tiene m\u00e1s audiencia que muchos otros medios de comunicaci\u00f3n. \u00bfes anacr\u00f3nico el peri\u00f3dico despu\u00e9s de que han pasado 500 a\u00f1os desde la invenci\u00f3n de la imprenta? la radio es c\u00e1lida, acompa\u00f1a, informa y entretiene <\/p>\n<p>P.- \u00bflas lineas adsl o el cable llegaran en algun momento a ser tan competitivas en espa\u00f1a como en otros paises y a unos precios adsequibles?<\/p>\n<p>R.- Vamos muy atrasados. nos cobran 300 veces m\u00e1s que en Jap\u00f3n y 20 o 30 veces m\u00e1s que en otros pa\u00edses de Europa es lamentable adem\u00e1s que, siendo tan extraordinariamente caro el ADSL en Espa\u00f1a, los servicios de atenci\u00f3n al cliente sean tan malos Y lo digo porque los sufro en propia carne desde hace 4 o 5 a\u00f1os<\/p>\n<p>P.- Las camaras de fotos digitales van a morir con los m\u00f3viles con c\u00e1mara? Me compro una c\u00e1mara o me compro un m\u00f3vil? Gracias Chema, me encanta tu programa&#8230;<\/p>\n<p>R.- Primero, muchas gracias por interesarte por el programa creo que las camaras de fotos muy pronto dejar\u00e1n de tener sentido para el aficionado medio hoy puedes encontrar modelos como el sony ericsson w800i, el toshiba 803 o el sharp de 2 megapixeles que permiten hacer fotos con suficiente calidad para imprimirlas en tama\u00f1o 10&#215;15 cm. eso si todav\u00eda queda un poco de camino para que aumenten m\u00e1s la resoluci\u00f3n (las camaras normales van por los 5 como media) ademas, los moviles con camara buena tienen que bajar mas de precio si tienes que comprar una inmediatamente, sopesa entre modelos de movil como los que te he puesto y camaras ultradelgadas de 5 megapix <\/p>\n<p>P.- Los programas que se dedican a difundir los nuevos productos tecnol\u00f3gicos, como el suyo, \u00bfhasta qu\u00e9 punto son un canal de publicidad para los fabricantes de esos productos?<\/p>\n<p>R.- S\u00f3lo son interesantes para poner publicidad si tienen audiencia y s\u00f3lo pueden tener audiencia si son imparciales, entretenidos y dan todos los puntos de vista nosotros tratamos de hacer eso. de hecho, cuando analizamos un producto SIEMPRE damos los pros y los contras de ese producto (eso es algo que hay que mirar en otros medios especializados de radio o TV) En ese sentido tratamos de ser interesantes primero a la audiencia. De esa forma, tambi\u00e9n tendremos el inter\u00e9s de los anunciantes y pondr\u00e1n cu\u00f1as publicitarias (que es algo completamente distinto a la informaci\u00f3n que dan los locutores en el programa)<\/p>\n<p>P.- En esto de la tecnolog\u00eda hay mucho cuento. \u00bfQu\u00e9 le parece a usted que a que se est\u00e9n lanzando reproductores de mp3 con una capacidad de 40 gigas? \u00bfEs que alguien es capaz de grabar y escuchar tanta m\u00fasica?<\/p>\n<p>R.- Creo que s\u00ed por muchas razones, primero porque de esta manera podr\u00e1s llevar toda tu discrograf\u00eda encima. Tambi\u00e9n es importante que no olvides que ese tipo de productos te sirven para transportar cualquier tipo de fichero inform\u00e1tico, como si fuera un l\u00e1piz USB &#8220;grande&#8221;.<\/p>\n<p>P.- Yo tengo lo que se dice &#8220;una edad&#8221; y tengo dificultades para entender el funcionamiento de algunos aparatos. \u00bfpor qu\u00e9 lo fabricantes no hacen unas instrucciones que est\u00e9n al alcance de todos y no solo de los &#8220;enterados&#8221;?<\/p>\n<p>R.- completamente de acuerdo contigo estamos en la prehistoria de la tecnologia y lamentablemente todav\u00eda tenemos que adaptarnos nosotros a la tecnolog\u00eda de todas formas cada vez hay m\u00e1s iniciativas para hacer facil todo esto<\/p>\n<p>P.- Desde aqu\u00ed abogo por que no solo tenga\u00eds media hora de programa en Ser digital, que al menos sean dos horas con las que podamos recrearnos, a\u00fan que s\u00f3lo se emitan 30 minutos y el resto tengamos que descargarlo, por favor, ampliad el tiempo de emisi\u00f3n de este tan maravilloso programa. Mi pregunta para el SIMO, ser\u00e1, \u00bfpara c\u00faando ferias especiales por sectores, ya que SIMO se ha convertido en un escaparate para grandes multinacionales sin estar representados los peque\u00f1os?<\/p>\n<p>R.- muchas gracias y que conste que estoy de acuerdo contigo&#8230; lo mejor es que tanto t\u00fa como aquellos que est\u00e9is de acuerdo se lo hag\u00e1is saber a nuestros jefes a ver si animan<\/p>\n<p>P.- \u00bfque opina de las redes wifi &#8220;gratuitas&#8221; en las grandes ciudades?<\/p>\n<p>R.- hay pocas y tendr\u00edan que haber muchas m\u00e1s hay un problrma legal co todo esto&#8230; este es otro punto en el que tendr\u00edamso que incidir los ciudadanos de a pie para conseguir que los poderes p\u00fablicos usen el dinero de los impuestos para apostar por esta v\u00eda, Por apostar por reducir la brecha digital de verdad <\/p>\n<p>P.- Hola Chema, \u00bfNo crees que el mercado de las nuevas tecnolog\u00edas es un enga\u00f1abobos para consumistas? \u00bfPodr\u00eda ser el opio del pueblo del siglo XXI? Salu2<\/p>\n<p>R.- en algunos casos si es una eleccion personal yo, trato de que la tecnolog\u00eda se convierta en algo \u00fatil para m\u00ed y para los que me rodean<\/p>\n<p>P.- \u00bfNo crees que el nivel de vuestro programa no es un poco &#8220;b\u00e1sico&#8221;? \u00bfNo deber\u00edais subir un poco el list\u00f3n?<\/p>\n<p>R.- Desde luego que no, la misi\u00f3n del programa es hacer popular la tecnolog\u00eda. Por ello, aunque a veces expliquemos mucho las cosas, piensa que eso no es m\u00e1s que hacer llegar la esencia de la tecnolog\u00eda a los menos eruditos. Esa es la tarea principal del programa. Usar la tecnolog\u00eda de la manera f\u00e1cil ya hay demasiada gente que la hace complicada <\/p>\n<p>P.- \u00bfD\u00f3nde est\u00e1 el l\u00edmite del futuro de la inform\u00e1tica? Ya somos totalmente dependientes de los ordenadores&#8230; \u00bfHasta d\u00f3nde va a llegar? Ya lo predijo Orwell&#8230; Gracias Chema<\/p>\n<p>R.- hay que luchar por mantener la privacidad. el derecho a la intimnidad. el dercho a hacer lo que queramos (siempre que respetemos a los dem\u00e1s) sin que nadie nos vigile ni nos fiscalice tenemos que exigir cada d\u00eda todo esto a nuestros gobernantes sean del color que sean tenemos que exigirlo en las urnas y en la calle si es necesario dicho esto, la inform\u00e1tica debe ser una herramienta de trabajo que nos haga la vida m\u00e1s f\u00e1cil cuando la tecnolog\u00eda se desv\u00eda de este objetivo hay que ver que pasa<\/p>\n<p>P.- \u00bfQu\u00e9 piensas de Bill Gates?<\/p>\n<p>R.- me gusta cuando emplea el dinero en apostar por la vacuna contra la malaria lo que no entiendo es como consigue tanto dinero si no existen ni est\u00e1n permitidos los monopolios en Estados Unidos ni en Europa Me gustar\u00eda que el sistema operativo que ponemos todos en nuestros ordenadores fuera de dominio p\u00fablico y se pagara con nuestros impuestos eso dejar\u00eda de poner en una sola mano privada el futuro de nuestros ordenadores y en definitiva la herramienta de trabajo de casi todos <\/p>\n<p>P.- \u00bfSe puede vivir hoy sin tecnolog\u00eda? Me refiero al nivel m\u00e1s primario. En mi casa no hay m\u00e1s que aparatejos, la mayor\u00eda de los casos inservibles o que quedan obsoletos en menos de tres meses&#8230; Gracias<\/p>\n<p>R.- si son inservibles no interesan hay que tirarlos los que se quedan obsoletos pronto interesan poco es complicado elegir&#8230;<\/p>\n<p>P.- Hola Chema, pido consejo. Por todas partes me est\u00e1n ya vendiendo los descodificadores para TDT, y empiezo a mosquearme. \u00bfNo crees que es demasiado pronto, dado que el famoso apag\u00f3n se producir\u00e1 en 2007? Para m\u00ed es otro sacapastas, porque probablemente dentro de 2 a\u00f1os nos vender\u00e1n los mismos aparatos, o mejores, por cuatro perras. Gracias.<\/p>\n<p>R.- ya cuestan poco los decodificadores (se pueden encontrar por 60 o 70 euros) es verdad que todo es un l\u00edo&#8230; hay algunos canales m\u00e1s, pero \u00bfinteresan? cada uno debe decidir lo que quiere. en noviembre llegar\u00e1n m\u00e1s canales a\u00fan y tendremos cerca de 20 en digital algunos piensan que es un poco m\u00e1s de lo mismo&#8230;<\/p>\n<p>P.- HOLA Chema, \u00bfqu\u00e9 supone SIMO para el mundo de las nuevas tecnolog\u00edas?<\/p>\n<p>R.- es un escaparate que lleva muchos a\u00f1os acudiendo a su cita Creo que deber\u00eda ampliar horizontes ahora que la convergencia digital ha reunido de facto a todos los sectores de la electr\u00f3nica en un s\u00f3lo equipo de momento, en esto ultimo est\u00e1n suspendiendo ya veremos si rectifican. Lo deseo de verdad<\/p>\n<p>P.- \u00bfQu\u00e9 recomendar\u00edas a las administraciones (estatal y auton\u00f3micas) que hicieran para el potenciamiento del uso de internet y nuevas tecnolog\u00edas?<\/p>\n<p>R.- Bajar el precio del ADSL y aumentar la velocidad. Aumentar el numero de ordenadores en los colegios y subvencionar su compra Promover la bajada real del precio de los servicios moviles (de voz y datos) son solo algunas reflexiones, pero, despacio, podemos encontrar muchas m\u00e1s<\/p>\n<p>P.- \u00bfCrees que el nivel del SIMO decrece cada a\u00f1o?\u00bfC\u00f3mo lo est\u00e1s viendo t\u00fa particularmente?<\/p>\n<p>R.- he visto poco poir tengo la impresi\u00f3n de que la ca\u00edda del SIMO este a\u00f1o la han maquillado bien aunque no se puede ocultar que faltan desde hace muchos a\u00f1os todas las firmas de videjuegos y que este a\u00f1o se han ido todas las de electr\u00f3nica de consumo esperaba que s\u00f3lo estuvieran abiertos cuatro pabellones, pero parece que a han abierto ocho&#8230; espero que los pr\u00f3ximos a\u00f1os la direccion del SIMo rectifique m\u00e1s todav\u00eda y que incentive la vuelta de grandes sectores de la tecnolog\u00eda como estos que ha indicado<\/p>\n<p>P.- Hola, buenos dias. Sinceramente, eschucho el programa algunas veces y tiene un nivel muy b\u00e1sico (no le culpo, se que el objetivo es llegar al mayor n\u00famero de gente posible). Los conocimientos de los que usted hace gala son en numerosos casos erroneos o inexactos. \u00bfCree usted que posee el conocimiento (o la autoridad) para contestar las preguntas que le estan haciendo?\u00bfNo existe el peligro de que Vd confunda a la gente? Por favor, conteste a mi pregunta que es muy sencilla. Gracias.<\/p>\n<p>R.- Trato de responder humildemente a lo que me preguntan, pero entiendo que cada persona tiene una opini\u00f3n. Lo que usted formula en su pregunta es una opini\u00f3n. Las 200.000 personas que nos escuchan piensan de otra forma Le respeto y le animo a que usted trate de llevar un programa de este tipo<\/p>\n","protected":false},"excerpt":{"rendered":"<p>Arranca SIMO 2005, la Feria Internacional de la Inform\u00e1tica, Multimedia y Comunicaciones. El programa radiof\u00f3nico SER digital, que acerca a los oyentes el mundo de las nuevas tecnolog\u00edas, emitir\u00e1 en directo desde el espacio que la cadena SER ha habilitado en el recinto ferial madrile\u00f1o. Su director, Chema Lapuente, ha charlado con los lectores.<br \/>\n(Foto: PEDRO MEN\u00c9NDEZ)<\/p>\n","protected":false},"author":1,"featured_media":0,"comment_status":"open","ping_status":"open","sticky":false,"template":"","format":"standard","meta":{"footnotes":""},"categories":[],"tags":[],"class_list":["post-405","post","type-post","status-publish","format-standard","hentry"],"_links":{"self":[{"href":"https:\/\/intervius.com\/index.html\/wp-json\/wp\/v2\/posts\/405","targetHints":{"allow":["GET"]}}],"collection":[{"href":"https:\/\/intervius.com\/index.html\/wp-json\/wp\/v2\/posts"}],"about":[{"href":"https:\/\/intervius.com\/index.html\/wp-json\/wp\/v2\/types\/post"}],"author":[{"embeddable":true,"href":"https:\/\/intervius.com\/index.html\/wp-json\/wp\/v2\/users\/1"}],"replies":[{"embeddable":true,"href":"https:\/\/intervius.com\/index.html\/wp-json\/wp\/v2\/comments?post=405"}],"version-history":[{"count":0,"href":"https:\/\/intervius.com\/index.html\/wp-json\/wp\/v2\/posts\/405\/revisions"}],"wp:attachment":[{"href":"https:\/\/intervius.com\/index.html\/wp-json\/wp\/v2\/media?parent=405"}],"wp:term":[{"taxonomy":"category","embeddable":true,"href":"https:\/\/intervius.com\/index.html\/wp-json\/wp\/v2\/categories?post=405"},{"taxonomy":"post_tag","embeddable":true,"href":"https:\/\/intervius.com\/index.html\/wp-json\/wp\/v2\/tags?post=405"}],"curies":[{"name":"wp","href":"https:\/\/api.w.org\/{rel}","templated":true}]}}