{"id":4016,"date":"2009-05-20T00:00:00","date_gmt":"2006-11-06T00:00:00","guid":{"rendered":"https:\/\/intervius.com\/index.html\/?p=4016"},"modified":"2006-11-06T00:00:00","modified_gmt":"2006-11-06T00:00:00","slug":"Angeles_Blanco_y_Josto_Maffeo4016","status":"publish","type":"post","link":"https:\/\/intervius.com\/index.html\/Angeles_Blanco_y_Josto_Maffeo4016\/","title":{"rendered":"\u00c1ngeles Blanco y Josto Maffeo"},"content":{"rendered":"<p>Pregunta.- Hola Josto y \u00c1ngeles, os veo muchas ma\u00f1anas en la tele. Enhorabuena por vuestro trabajo. Yo he estado en el s\u00e1hara en su parte tunecina. \u00bfQu\u00e9 paises habeis visitado vosotros en esta aventura? Si puedo, prometo leerme el libro. Muchas gracias.<\/p>\n<p>Respuesta.- De &#8220;prometo leerlo&#8221; nada!!! tienes que hacerlo con foto como prueba&#8230;El libro se refiere a todo el Sahara geogr\u00e1fico. Pero como es una invitaci\u00f3n a que os atrev\u00e1is, os proponemos el desierto m\u00e1s cercano, por ejemplo, una gran franja del desierto marroqu\u00ed<\/p>\n<p>P.- \u00bf C\u00f3mo veis el desierto?\u00bf Qu\u00e9 hay de parecido entre escribir un libro sobre el Sahara y presentar un informativo?<\/p>\n<p>R.- \u00c1ngeles: Cielos&#8230;me preguntas la diferencia entre un peque\u00f1o plat\u00f3 y el desierto!!!! El primero es trabajo, maravilloso, pero al fin y al cabo trabajo.El segundo es placer, libertad&#8230;Es el mejor lugar del mundo para perderse, desconectar y aprender cosas muy diferentes a las que nos rodean cada d\u00eda. Josto: No te lo vas a creer, pero en el informativo matinal a mi espalda hay un desierto verde! se llama &#8220;chroma&#8221;. Lo que ves detr\u00e1s es solo producto de tu fantas\u00eda&#8230;<\/p>\n<p>P.- Hola. \u00bfQu\u00e9 opinais del conflicto saharaui?<\/p>\n<p>R.- El libro de ocupa del desierto geogr\u00e1fico y de las personas que lo habitan&#8230;no entra en ning\u00fan tipo de conflicto pol\u00edtico. Eso quiz\u00e1 ser\u00e1 en otro momento<\/p>\n<p>P.- \u00bfCual seria la mejor epoca para viajar a este destino?Gracias a los dos por la profesionalidad de tantos a\u00f1os.Myryan.Madrid.<\/p>\n<p>R.- Hola Myriam&#8230;sin duda el momento m\u00e1s duro es el verano aunque tambi\u00e9n es una experiencia vivir a 55 grados y volver vivo!!! Sin duda la mejor \u00e9poca es la primavera o el oto\u00f1o<\/p>\n<p>P.- Para Josto. Por qu\u00e9 ser\u00e1 que me encanta tanto el programa matutino de Mar\u00eda Teresa Campos en general, y su secci\u00f3n en particular! Nunca deje de enriquecernos con sus comentarios! Covadonga Ariste &#8211; Alicante.<\/p>\n<p>R.- Porque sin duda compartes la misma opini\u00f3n que yo tengo de m\u00ed mismo: soy \u00fanico. Bromas a parte, gracias por estar ah\u00ed<\/p>\n<p>P.- \u00c1ngeles, me encanta la dulzura y presencia que posees presentando las noticias, no entiendo c\u00f3mo la cadena no te pone en un informativo de alta audiencia. Sigue as\u00ed guapa.<\/p>\n<p>R.- Muchas gracias por tu comentario&#8230;por qu\u00e9 no se lo dices a los m\u00e1ximos responsables de Telecinco? \ud83d\ude09<\/p>\n<p>P.- Veo a los dos casi a diario en la tele. Y a Josto Maffeo le escucho desde tiempo inmemorial en Radio Nacional. Por eso mi pregunta, porque al Sr. Maffeo siempre le he escuchado hablar del desierto con pasi\u00f3n. \u00bfEs para tanto? Y Ud., \u00c1ngeles, \u00bfha comprobado que es tan fascinante? Si me dicen que s\u00ed, no tengo m\u00e1s remedio que bajar por all\u00ed a sudar. Por cierto, estoy acabando el libro. Es como si me lo contara un amigo. Gracias y sigan con esa espontaneidad. Gerardo R. Laje<\/p>\n<p>R.- Josto: Si no te llamaras Gerardo y fueses, por ejemplo, Amaya, te llevar\u00eda a una de mis aventuras y comprobar\u00edas como esos garbeos pueden tener todos los ingredientes: fascinaci\u00f3n por el entorno, encuentros con personas \u00fanicas y, sobre todo, la sorpresa a la vuelta de cada duna. \u00c1ngeles: Gracias por leer &#8220;SAHARA&#8221;.Es toda una satisfacci\u00f3n y s\u00ed, el desierto es realmente fascinante. El desierto en s\u00ed y sobre todo la gente que habita all\u00ed. Gente noble y maravillosa. Te animo, por supuesto, a que vayas a sudar!!<\/p>\n<p>P.- Me recuerda a la pel\u00edcula &#8220;Sahara&#8221; de Pen\u00e9lope Cruz y Matthew McConaughey, aunque Angeles no tiene nada que envidiar a Pen\u00e9lope, \u00bfno se si usted Josto envidia en algo a Matthew?<\/p>\n<p>R.- \u00c1ngeles: me has dejado sin palabras y es dif\u00edcil. Gracias&#8230;te animo a que leas, o acabes de leer el libro, y me cuentas&#8230; quiz\u00e1 podamos grabar los 4 una segunda parte de la pel\u00edcula&#8230; Josto: no tengo el placer de conocer al se\u00f1or &#8220;Mateo&#8221;. La diferencia reside en que nosotros hablamos de un real &#8220;viaje a la sabidur\u00eda de las gentes del desierto&#8221;, no de algunos vuelos en helic\u00f3ptero para rodar unos planos.<\/p>\n<p>P.- Estoy preparando las vacaciones por el norte de Africa y soy primerizo. \u00bfQu\u00e9 destinos imprescindibles me recomend\u00e1is?<\/p>\n<p>R.- Las cuatro ciudades imperiales de Marruecos: Fez, Meknes, Rabat y Marrakech. Pero te aconsejamos una visita a la ciudad romana donde arranca &#8220;Sahara&#8221;, nuestro libro. Te ayudar\u00e1 a comprender muchas cosas.Ah!! y por supuesto, si puedes pisa algo de desierto. Lo m\u00e1s facil, recorrer el Valle del Draa<\/p>\n<p>P.- cuando haceis la presentacion del libro? queremos ir a daros nuestro apoyo, me han hablado del lunes a las 12, donde es?christian quaglia<\/p>\n<p>R.- \u00c1ngeles: Hola Christian! La cita es, efectivamente, el lunes 25 a las 12:00. Para m\u00e1s detalles, en la Casa del Libro de Gran V\u00eda<\/p>\n<p>P.- \u00bfAlguna vez Angeles se ha quedado en blanco en el plat\u00f3 o fuera de \u00e9l?<\/p>\n<p>R.- Josto: en blanco, no. Tronch\u00e1ndose de la risa, muchas veces&#8230; \u00c1ngeles: el chiste es f\u00e1cil, pero llevo en blanco desde que nac\u00ed&#8230;vale, vale, en serio: todos hemos tenido alg\u00fan despiste pero no recuerdo ninguno dram\u00e1tico<\/p>\n<p>P.- Hola \u00c1ngeles&#8230; Nos conocemos desde que tu prima Letizia te invit\u00f3 a una de mis clases en Segovia. Desde entonces he seguido tu trayectoria profesional atentamente. Me gustar\u00eda saber c\u00f3mo viv\u00eds en Telecinco lo de las fusiones de las cadenas de telvisi\u00f3n&#8230; \u00bfComo un &#8220;desierto&#8221; o como un &#8220;oasis&#8221;? Un beso y un fuerte abrazo a Josto, al que admiro.<\/p>\n<p>R.- Siento no poder identificarte porque no pones tu nombre pero creo que s\u00e9 quien eres&#8230;Gracias por estar ah\u00ed. En cuanto a la pregunta, desierto u oasis&#8230; solo en el Sahara. Adem\u00e1s es muy dif\u00edcil hablar de algo de lo que apenas se sabe nada. Un abrazo!!<\/p>\n<p>P.- \u00bfC\u00f3mo de acogedores fueron esas personas que conocieron durante su aventura saharaui?<\/p>\n<p>R.- Podemos decirte muchas cosas, pero aqu\u00ed no hay espacio. Sin duda nuestro libro te ayudar\u00e1 a conocerles mucho mejor. De todas formas ya te decimos que merecen y mucho la pena. &#8220;SAHARA&#8221; se subtitula &#8220;un viaje a la sabidur\u00eda de la gente del desierto&#8221;, pero otro posible subt\u00edtulo podr\u00eda ser &#8220;inmersi\u00f3n en la humanidad y la hospitalidad de las gentes del desierto&#8221;<\/p>\n<p>P.- \u00bfAlg\u00fan nuevo proyecto como este del Sahara a la vista?<\/p>\n<p>R.- Como contraste, est\u00e1bamos pensando en el Polo Norte, m\u00e1s que nada para refrescar las ideas&#8230;Bueno, de momento queremos invitaros a leer este&#8230;Pero&#8230; todo se andar\u00e1!!!!<\/p>\n<p>P.- \u00bfC\u00f3mo surgi\u00f3 el libro? \u00bfqu\u00e9 tal va de ventas?<\/p>\n<p>R.- Lo contamos todo en el libro, pero podemos decirte que naci\u00f3 enun pasillo y acab\u00f3 en un puerto.Respecto a la segunda pregunta creemos que bien.<\/p>\n<p>P.- \u00bfQu\u00e9 fue lo m\u00e1s complicado a la hora de escribir el libro? \u00bfcuanto tiempo invirtieron?<\/p>\n<p>R.- Lo m\u00e1s complicado es siempre encontrar el tiempo&#8230;y \u00bfcu\u00e1nto invertimos? el final de un verano y parte de un invierno.<\/p>\n<p>P.- Josto, me encanta tu forma de hablar y tu acento, \u00bfd\u00f3nde naciste?<\/p>\n<p>R.- En Italia, soy turin\u00e9s, pero creo muy poco en las patrias.<\/p>\n<p>P.- Hola pareja. \u00bfFirmar\u00e9is en la feria del libro?<\/p>\n<p>R.- S\u00ed. Apunta: estaremos tres s\u00e1bados. El 30 de mayo, el 6 y el 13 de junio de 12 a 14..All\u00ed te esperamos, si puedes, los tres s\u00e1bados!!!!<\/p>\n<p>P.- Don Josto, s\u00e9 que lo ideal es leer varios peri\u00f3dicos, alternar, en definitiva. Pero, si s\u00f3lo pudiera comprar un peri\u00f3dico semanal, \u00bfCu\u00e1l diario espa\u00f1ol tendr\u00eda que adquirir para hacerme la idea m\u00e1s imparcial y acertada de la realidad? Siento hacerle esta pregunta en ELMUNDO.ES<\/p>\n<p>R.- Suelo decir que lo aconsejable es comprar muchas cabeceras para que al final cada uno pueda pensar con su propia cabeza. Si se trata de elegir, no puedo decantarme. Compra uno y que te presten los dem\u00e1s.Pero lee.<\/p>\n<p>P.- va para los dos, pero en especial para \u00c1ngeles Blanco, ya que edita y presenta un informativo. \u00bfCree que sigue habiendo cabida para la dignidad period\u00edstica en televisi\u00f3n? \u00bfSe considera una profesional digna aunque su espacio informativo repita contenidos caducos de la ma\u00f1ana anterior y llegue a omitir otros por carecer de im\u00e1genes? Estudio Periodismo y sigo habitualmente los informativos de la ma\u00f1ana antes de ir a clase y me llama especialmente la atenci\u00f3n este tratamiento de la actualidad cada vez m\u00e1s superficial de su cadena. Enhorabuena a los dos por el libro. Muchas gracias por contestar<\/p>\n<p>R.- Los informativos matinales se nutren sobre todo de las im\u00e1genes que llegan de internacional. El cambio horario hace que la actualidad est\u00e9 viva a muchos kil\u00f3metros de aqu\u00ed. Todo eso llega por agencia y se recoge en todos los informativos. Est\u00e1 claro que la actualidad en Espa\u00f1a durante la madrugada se para, salvo excepciones. Por eso recogemos mucho de lo que ha pasado en las horas anteriores.\u00c1nimo con la carrera!!<\/p>\n","protected":false},"excerpt":{"rendered":"<p>Pregunta.- Hola Josto y \u00c1ngeles, os veo muchas ma\u00f1anas en la tele. Enhorabuena por vuestro trabajo. Yo he estado en el s\u00e1hara en su parte tunecina. \u00bfQu\u00e9 paises habeis visitado vosotros en esta aventura? Si<span class=\"theme-excerpt-more\"> [&#8230;] <a href=\"https:\/\/intervius.com\/index.html\/Angeles_Blanco_y_Josto_Maffeo4016\/\" title=\"\u00c1ngeles Blanco y Josto Maffeo\">Read More<\/a><\/span><\/p>\n","protected":false},"author":1,"featured_media":0,"comment_status":"open","ping_status":"open","sticky":false,"template":"","format":"standard","meta":{"footnotes":""},"categories":[],"tags":[],"class_list":["post-4016","post","type-post","status-publish","format-standard","hentry"],"_links":{"self":[{"href":"https:\/\/intervius.com\/index.html\/wp-json\/wp\/v2\/posts\/4016","targetHints":{"allow":["GET"]}}],"collection":[{"href":"https:\/\/intervius.com\/index.html\/wp-json\/wp\/v2\/posts"}],"about":[{"href":"https:\/\/intervius.com\/index.html\/wp-json\/wp\/v2\/types\/post"}],"author":[{"embeddable":true,"href":"https:\/\/intervius.com\/index.html\/wp-json\/wp\/v2\/users\/1"}],"replies":[{"embeddable":true,"href":"https:\/\/intervius.com\/index.html\/wp-json\/wp\/v2\/comments?post=4016"}],"version-history":[{"count":0,"href":"https:\/\/intervius.com\/index.html\/wp-json\/wp\/v2\/posts\/4016\/revisions"}],"wp:attachment":[{"href":"https:\/\/intervius.com\/index.html\/wp-json\/wp\/v2\/media?parent=4016"}],"wp:term":[{"taxonomy":"category","embeddable":true,"href":"https:\/\/intervius.com\/index.html\/wp-json\/wp\/v2\/categories?post=4016"},{"taxonomy":"post_tag","embeddable":true,"href":"https:\/\/intervius.com\/index.html\/wp-json\/wp\/v2\/tags?post=4016"}],"curies":[{"name":"wp","href":"https:\/\/api.w.org\/{rel}","templated":true}]}}