{"id":4010,"date":"2009-05-25T00:00:00","date_gmt":"2006-11-06T00:00:00","guid":{"rendered":"https:\/\/intervius.com\/index.html\/?p=4010"},"modified":"2006-11-06T00:00:00","modified_gmt":"2006-11-06T00:00:00","slug":"El_Sueno_de_Morfeo4010","status":"publish","type":"post","link":"https:\/\/intervius.com\/index.html\/El_Sueno_de_Morfeo4010\/","title":{"rendered":"El Sue\u00f1o de Morfeo"},"content":{"rendered":"<p>Pregunta.- \u00bfQue cositas os hacen sentir bien cuando estais fuera del escenario? Saludos Myryan de Madrid.<\/p>\n<p>Respuesta.- Creo que las cosas m\u00e1s cotidianas, como estar en casa con los tuyos, salir a pasear, tomar un caf\u00e9. Las cosas m\u00e1s sencillas las valoramos m\u00e1s (Raquel). Estar con la familia, con los amigos, disfrutar de la tierrina (Juan). Estar con la gente que quieres y si hace buen d\u00eda y se puede salir a dar una vuelta en avioneta, perfecto (David).<\/p>\n<p>P.- Hola chicos! Que diferencias hay entre este ultimo disco y los dos anteriores? Para mi suena mas guitarrero, me da nostalgia del primero. Un beso desde Barcelona.<\/p>\n<p>R.- S\u00ed que es m\u00e1s rockero, tambi\u00e9n tiene unas letras m\u00e1s directas y m\u00e1s elaboradas, pero no olvidamos el sello celta que sigue estando presente.<\/p>\n<p>P.- Hola chicos! Con que grupo o cantante os gustaria tocar alguna canci\u00f3n? Os deseo lo mejor. Anabel Barcelona<\/p>\n<p>R.- Estamos abiertos a hacer colaboraciones con cualquier grupo, tanto nacional como internacional, es algo que nos encanta.<\/p>\n<p>P.- Esta pregunta es para Juan, \u00bfcuantas camisetas tienes de ewan en tu armario?<\/p>\n<p>R.- La verdad es que muchas. Es una marca que me encanta. Muchos abrazos a la familia de Ewan.<\/p>\n<p>P.- \u00bfComo fue la experiencia de grabar el disco en los Angeles?<\/p>\n<p>R.- Muy chula. Aprendimos mucho. Rafa Sardina, el productor, es una persona muy did\u00e1ctica, nos ense\u00f1a de todo. La verdad es que lo pasamos muy bien por all\u00ed. Acabamos de llegar y tenemos ganas de volver. Algunas m\u00e1s que otras, que hay muchas tienditas por ah\u00ed&#8230;<\/p>\n<p>P.- \u00bfCual es vuestra canci\u00f3n preferida de este nuevo disco Cosas que nos hacen sentir bien?<\/p>\n<p>R.- Es imposible elegir una porque todas son especiales.<\/p>\n<p>P.- \u00bf Qu\u00e9 significa para vosotros Antonio Vega, musicalmente hablando? Os gustar\u00eda ser un referente claro musical como \u00e9l y para toda una generaci\u00f3n? qu\u00e9 me voy a encontrar en este disco que no haya en los anteriores? Raquel, te queda muy bien el pelo corto. Laura desde Madrid<\/p>\n<p>R.- Antonio Vega es un referente para cualquier m\u00fasico, sobre todo para nosotros ya que ha marcado nuestra adolescencia. Lo vamos a echar mucho de menos. Este disco es m\u00e1s optimista y m\u00e1s rebelde. Me alegro que te guste el corte de pelo.<\/p>\n<p>P.- hola a todos desde asturias! \u00bfen que os ispirais para escribir estas canciones que tanto nos gustan? un beso<\/p>\n<p>R.- Tenemos influencias muy dispares en el grupo, aunque en los \u00faltimos a\u00f1os se ha unificado un poco m\u00e1s. Escuchamos pop-rock nacional e ingl\u00e9s y americano.<\/p>\n<p>P.- Holaa!! cada vez que sac\u00e1is un nuevo trabajo viene m\u00e1s respaldado por la discogr\u00e1fica, la promoci\u00f3n&#8230; \u00bfperd\u00e9is espontaneidad al tener el apoyo de la industria?<\/p>\n<p>R.- No. Creemos que no tiene nada que ver. Cada vez que hacemos un disco lo hacemos con la mayor ilusi\u00f3n, con ganas de que guste. Tener una discogr\u00e1fica detr\u00e1s que apoye el lanzamiento es un lujo del que somos conscientes. Somos unos privilegiados.<\/p>\n<p>P.- Hola chicos? \u00bfMe podr\u00edan confesar alguno de sus libros favoritos?<\/p>\n<p>R.- La princesa que cre\u00eda en los cuentos de hadas (Raquel). Estoy esperando el debut de Fernando Camino, creo que va a ser uno de los mejores escritores nacionales de los pr\u00f3ximos a\u00f1os (Juan). El secreto (David).<\/p>\n<p>P.- Siempre me pregunto lo mismo cuando tengo la oportunidad de preguntarle a una persona de \u00e9xito (en este caso tres). \u00bfC\u00f3mo se puede distinguir entre una persona que se acerca a vosotros por inter\u00e9s y una que est\u00e1 ah\u00ed porque realmente os aprecia y quiere que las cosas vayan bien?Tiene que ser dur\u00edsimo, porque las decepciones pueden llegar cuando menos te lo esperas.Yo, por ejemplo, no podr\u00eda estar en esa situaci\u00f3n, me f\u00edo de todo el mundo. Os mando toda la energ\u00eda positiva y a Raquel el beso m\u00e1s grande que se pueda mandar por aqu\u00ed. David.<\/p>\n<p>R.- A m\u00ed personalmente la fama me ha vuelto un poco desconfiada, pero las personas especiales al final sabes quienes son. Un beso igual de grande (Raquel). Pensamos igual (Juan y David)<\/p>\n<p>P.- \u00bfQu\u00e9 m\u00fasica llevais en vuestro MP3?<\/p>\n<p>R.- Muy muy variada. De distintas \u00e9pocas. De distintos estilos. Desde la BSO de La Sirenita hasta Sigur Ros.<\/p>\n<p>P.- Buenas tardes chicos! \u00bfQu\u00e9 podr\u00edan decirles a aquellos que tachan su m\u00fasica de poco original o arriesgada? \u00bfSon conscientes de las cr\u00edticas hacia un panorama actual demasiado comercial y repetitivo? Gracias! Mar\u00eda, Ja\u00e9n.<\/p>\n<p>R.- El gusto es libre. A nosotros nos gusta estar abiertos a escuchar todo tipo de m\u00fasica, tanto pop como m\u00e1s indie, que puede parecer que nos pilla m\u00e1s lejos a nosotros. Es fundamental empaparse de todo.<\/p>\n<p>P.- \u00bfQu\u00e9 canci\u00f3n de todas las que hab\u00e9is grabado, cantado &#8230; guardais con un mayor cari\u00f1o? Ya s\u00e9 que es como elegir entre un hijo u otro, pero por ejemplo a mi me encanta \u201c Para toda la vida\u201d. No he encontrado canci\u00f3n m\u00e1s vitalista. Gracias por vuestra m\u00fasica, chicos. Un beso. Fernando.<\/p>\n<p>R.- Que nunca volver\u00e1 porque fue la que nos dio a conocer y no ten\u00edamos muy claro si nuestro estilo iba a gustar o no.<\/p>\n<p>P.- Hola chicos! &#8220;Cosas que nos hacen sentir bien&#8221; \u00bfa qui\u00e9n se le ocurri\u00f3? \u00bftiene alguna explicaci\u00f3n? Suerte!!!<\/p>\n<p>R.- Se nos ocurri\u00f3 por un tema que dejamos fuera del repertorio del disco que se llama Me haces sentir bien y quer\u00edamos reflejar esa idea de lo felices que estamos de volver a llevar nuestras canciones a la gente en un nuevo disco. Eso es lo que nos hace sentir bien.<\/p>\n<p>P.- Hola Raquel, creo que tienes una cara preciosa.. pero me encantaba la imagen que ten\u00edas con el piercing del labio \u00bf\u00bfPor qu\u00e9 te lo quitaste?? Un beso y much\u00edsima suerte con el disco!!<\/p>\n<p>R.- En realidad me lo quit\u00e9 porque me da\u00f1aba la enc\u00eda. Un beso.<\/p>\n<p>P.- Cuando empieza vuestra gira?vendreis a Asturias,no?un saludo de Kike desde Salinas.<\/p>\n<p>R.- Empezamos el 6 de junio en Paracuellos del Jarama y estaremos hasta octubre, m\u00e1s o menos. El 5 de julio tocamos al lado de Salinas, en Piedrasblancas, esperamos verte all\u00ed. Un abrazo grande.<\/p>\n<p>P.- Hola!!!! Esta para pregunta es para Juan: \u00bfCuanto te animaras a cantar una canci\u00f3n? Un beso!!! Cris de Valencia<\/p>\n<p>R.- Creo que va a ser dif\u00edcil que ocurra eso porque canto muy mal. Un beso muy fuerte.<\/p>\n<p>P.- \u00bfQu\u00e9 opin\u00e1is de concursos como OT?\u00bfTiene el mercado cabida para tanta gente?<\/p>\n<p>R.- Est\u00e1 bien que se de a conocer a gente joven con talento. Al final los que se quedan son los que valen.<\/p>\n<p>P.- \u00bfVolver\u00e9is a tocar alguna canci\u00f3n sentados al borde del escenario? Todos dicen que es un momento muy especial. Tania desde Lugo.<\/p>\n<p>R.- Si nos lo pide Tania&#8230;<\/p>\n<p>P.- Holaa! \u00bfTen\u00e9is el primer videoclip ya preparado? \u00bfqu\u00e9 tal fue el rodaje? Besos!!<\/p>\n<p>R.- Lo grabamos en Los \u00c1ngeles y es uno de nuestros favoritos porque est\u00e1 grabado en cine y es algo que siempre quisimos.<\/p>\n<p>P.- \u00bfAlg\u00fan sue\u00f1o por cumplir?<\/p>\n<p>R.- Profesionalmente pedir m\u00e1s ser\u00eda ego\u00edsta. Todo nos ha ido muy bien.<\/p>\n<p>P.- Raquel, te lo tengo que decir que si no reviento. Tu nueva imagen es espectacular. Me encanta. Das una imagen de sofisticaci\u00f3n. \u00bfPor qu\u00e9 te has decantado por este nuevo look?\u00bfTe apetec\u00eda cambiar? Me recuerdas mucho a Victoria Beckham (salvando las distancias, claro):Alex.<\/p>\n<p>R.- Hola Alex. Desde hace tiempo me apetec\u00eda dar un cambio radical a mi imagen y este es el resultado. Me alegro que te guste.<\/p>\n<p>P.- \u00bfTen\u00e9is alguna man\u00eda a la hora de subir al escenario?<\/p>\n<p>R.- Antes sol\u00edamos hacer alguna tonter\u00eda, pero \u00faltimamente no. Nos abrazamos, nos damos \u00e1nimos y para arriba.<\/p>\n<p>P.- Pregunta para Raquel. \u00bfPor qu\u00e9 se te ocurri\u00f3 cortarte el pelo? \u00bfQu\u00e9 sientes ahora sin tu melena? Gracias. PD: Est\u00e1s mucho m\u00e1s wapa.<\/p>\n<p>R.- Sin mi melena me siento m\u00e1s segura. Como Casillas.<\/p>\n<p>P.- \u00a1Hola! \u00bfQu\u00e9 se os pasa por la cabeza cuando alguien os dice que gracias a vuestra m\u00fasica ha podido con una depresi\u00f3n, que con vuestra canci\u00f3n se enamor\u00f3 o que simplemente se siente feliz al escucharla? Guau, \u00bfNo? Tiene que ser incre\u00edble sentirte tan \u00fatil y ver que con s\u00f3lo una canci\u00f3n se hace tanto. Raquel, me inspiras una ternura tremenda. No s\u00e9 por qu\u00e9, pero es as\u00ed. Gracias de coraz\u00f3n por vuestra m\u00fasica y os mando la mayor de las felicitaciones \u00a1!! David desde Paredes de Nava.<\/p>\n<p>R.- La verdad es que es muy reconfortante que tus canciones toquen el coraz\u00f3n de la gente y es una de las causas que nos hacen seguir. Un beso.<\/p>\n<p>P.- Raquel, sinceramente (te hago la pregunta a ti porque eres de la que m\u00e1s se habla), \u00bfLees lo que se habla sobre ti o ya ha llegado un momento en el que pasas de todo y te dedicas a hacer tu vida? Muchas gracias y bueno, espero no haberte molestado con la pregunta. Lo hago con la mejor intenci\u00f3n. Un beso. Chicos, enhorabuena por el discoooo \u00a1!!! Carlos<\/p>\n<p>R.- Intento no leer los comentarios, pero es inevitable que te lleguen. Cuando est\u00e1s aqu\u00ed tienes que aprender a aceptar lo bueno y lo malo. Lo llevo bien.<\/p>\n<p>P.- \u00bfEchais de menos vuestra \u201cvida anterior\u201d en la que os pod\u00edais ir al cine o a dar una vuelta sin sentiros observados?\u00bfQu\u00e9 ventaja le veis a la fama?<\/p>\n<p>R.- Sigo yendo al cine y no me siento muy observado. Siempre que se acerca alguien es para felicitarte por tu trabajo por lo que lo m\u00ednimo que puedes ser es amable y sonriente (David). La verdad es que sigo haciendo la misma vida. Vivo en un pueblo muy peque\u00f1ito, nos conocemos todos (Juan). La gente conmigo es muy educada y la p\u00e9rdida de anonimato es un precio que hay que pagar, pero compensa (Raquel).<\/p>\n<p>P.- Holaa!!! muchisimas felicidades por el disco!!! desde el foro de raquel del rosario y mundomorfeo estamos encantados. mi pregunta es; como seran estas giras\u00bfSubireis a gente al escenarios? cristineta_FAN1<\/p>\n<p>R.- Cristineta, habr\u00e1 sorpresas, pero no te las vamos a contar a\u00fan, jeje.<\/p>\n<p>P.- \u00bfQu\u00e9 tal os manejais con las nuevas tecnolog\u00edas?\u00bfUtilizais Internet?\u00bfConoc\u00e9is las redes sociales (tuenti, facebook&#8230;)?\u00bfLas utilizais?<\/p>\n<p>R.- Creo que soy el m\u00e1s internauta de los tres. Convivimos todo el d\u00eda con la tecnolog\u00eda y personalmente a m\u00ed me encantan los botones (David). No tengo Facebook ni Tuenti, pero lo veo muy bien para relacionarse la gente y para todo. Soy m\u00e1s de MySpace (Juan).<\/p>\n<p>P.- Ahora todo es \u00e9xito, buena cr\u00edtica, apoyo y muchos fans ah\u00ed, siempre ah\u00ed, pero&#8230;\u00bfAlguna vez pensast\u00e9is en tirar la toalla en esto de la m\u00fasica y dedicaros a otra cosa? Carmen<\/p>\n<p>R.- Al principio cost\u00f3 much\u00edsimo. Fueron muchos a\u00f1os juntos David y Raquel y yo por separado en otra formaci\u00f3n m\u00e1s rockera. Conocemos las dos caras: picar muchas puertas y escuchar muchos noes. Fuimos muy insistentes y constantes. La mezcla de la suerte y el trabajo tuvo su recompensa.<\/p>\n<p>P.- Hola chicos y chica. \u00bfCu\u00e1ndo os veremos denuevo de gira por el norte? Ten\u00e9is que venir a Portugalete, a ver si \u00e9sta vez no tenemos problemas de luces. Gracias por vuesta m\u00fasica.<\/p>\n<p>R.- Fue un concierto divertido, aunque pensamos incluso a la cuarta vez que se fue la luz en pararlo o seguir en ac\u00fastico, que tambi\u00e9n hubiera sido una experiencia inolvidable. Ojal\u00e1 nos lleven prontito por all\u00ed.<\/p>\n<p>P.- Me encanta la portada del nuevo disco, sencilla y cada uno con su look y personalidad&#8230; \u00bfcost\u00f3 mucho decidirlo?<\/p>\n<p>R.- No, no fue una cosa premeditada aunque pueda parecerlo. Fue f\u00e1cil, ten\u00edamos muy claro que quer\u00edamos algo muy sencillo y que nos representase como eramos.<\/p>\n<p>P.- \u00bfTeneis alg\u00fan hobby aparte de la m\u00fasica? Ya s\u00e9 que Juan es un buen fot\u00f3grafo pero el resto, \u00bfRaquel y David? Un abrazo, nos vemos pronto<\/p>\n<p>R.- M\u00e1s que buen fot\u00f3grafo, normalito, del mont\u00f3n. (Juan). Ahora yo me dedico a andar por los aires. Cuando aterrizo en Asturias lo primero que hago es pilotar&#8230; Si alguien se atreve&#8230; (David). Estoy aprendiendo corte y confecci\u00f3n y me hago alg\u00fan trapito. Me encanta la moda (Raquel del Rosario).<\/p>\n<p>P.- Ola! En vuestras actuaciones en directo, \u00bfllevais a alg\u00fan grupo de telonero?, \u00bfcual es?, muchas gracias y mucha suerte con este nuevo proyecto.<\/p>\n<p>R.- No llevamos teloneros. Es una cosa que no depende de nosotros, pero siempre nos gusta contar con grupos locales si nos lo permiten.<\/p>\n<p>P.- &#8220;Si no Estas&#8221; y &#8221; Amor de Sal&#8221; dos formas distintas de contar una historia de desamor? Muchos palos sentimentales? Ana<\/p>\n<p>R.- Muchos menos de los que contamos, lo que pasa es que uno da para mucho. En el fondo es la misma historia contada de maneras diferentes.<\/p>\n<p>P.- \u00bfA que es debido esta evoluci\u00f3n a m\u00e1s rockeros?<\/p>\n<p>R.- Sali\u00f3 el esp\u00edritu de Juan, aunque los tres escuchamos m\u00e1s m\u00fasica rockera \u00faltimamente y nos da mucho juego en los directos.<\/p>\n<p>P.- Hola Raquel, \u00bfqui\u00e9n crees que ganar\u00e1 el Mundial de F1? Muchos \u00e1nimos a Fernando<\/p>\n<p>R.- Creo que lo ganar\u00e1 Button y adem\u00e1s muy pronto. (Raquel) Si no Nakajima jajaja (David)<\/p>\n<p>P.- Mi pregunta es para David y Juan \u00bfalguna vez se os ha metido el pelo en los ojos mientras tocabais en directo? \u00bfNo pensais que podr\u00edais aprender de Raquel y pasar por su peluquero?Gracias<\/p>\n<p>R.- En los ojos y en la boca. En breve nos tenemos que pasar por el barbero.<\/p>\n<p>P.- Somos un grupo de amigos gays y nos encanta tu look, cada vez somos m\u00e1s adeptos a tu estilo duro y a la vez a\u00f1i\u00f1ado. \u00bfcomo llevarias lo de ser icono gay? \u00bfte atreverias a ser portada de alguna revista gay tipo Zero o Shangai? Sabemos que eres hetero pero nos encantas. Besos guapet\u00f3n y tambien a Raquel y David, que tambien sois muy guapos, pero Juan Luis es total.<\/p>\n<p>R.- Muchas gracias, amigos. Soy muy t\u00edmido para una portada. Un abrazo grande.<\/p>\n","protected":false},"excerpt":{"rendered":"<p>Pregunta.- \u00bfQue cositas os hacen sentir bien cuando estais fuera del escenario? Saludos Myryan de Madrid. Respuesta.- Creo que las cosas m\u00e1s cotidianas, como estar en casa con los tuyos, salir a pasear, tomar un<span class=\"theme-excerpt-more\"> [&#8230;] <a href=\"https:\/\/intervius.com\/index.html\/El_Sueno_de_Morfeo4010\/\" title=\"El Sue\u00f1o de Morfeo\">Read More<\/a><\/span><\/p>\n","protected":false},"author":1,"featured_media":0,"comment_status":"open","ping_status":"open","sticky":false,"template":"","format":"standard","meta":{"footnotes":""},"categories":[],"tags":[],"class_list":["post-4010","post","type-post","status-publish","format-standard","hentry"],"_links":{"self":[{"href":"https:\/\/intervius.com\/index.html\/wp-json\/wp\/v2\/posts\/4010","targetHints":{"allow":["GET"]}}],"collection":[{"href":"https:\/\/intervius.com\/index.html\/wp-json\/wp\/v2\/posts"}],"about":[{"href":"https:\/\/intervius.com\/index.html\/wp-json\/wp\/v2\/types\/post"}],"author":[{"embeddable":true,"href":"https:\/\/intervius.com\/index.html\/wp-json\/wp\/v2\/users\/1"}],"replies":[{"embeddable":true,"href":"https:\/\/intervius.com\/index.html\/wp-json\/wp\/v2\/comments?post=4010"}],"version-history":[{"count":0,"href":"https:\/\/intervius.com\/index.html\/wp-json\/wp\/v2\/posts\/4010\/revisions"}],"wp:attachment":[{"href":"https:\/\/intervius.com\/index.html\/wp-json\/wp\/v2\/media?parent=4010"}],"wp:term":[{"taxonomy":"category","embeddable":true,"href":"https:\/\/intervius.com\/index.html\/wp-json\/wp\/v2\/categories?post=4010"},{"taxonomy":"post_tag","embeddable":true,"href":"https:\/\/intervius.com\/index.html\/wp-json\/wp\/v2\/tags?post=4010"}],"curies":[{"name":"wp","href":"https:\/\/api.w.org\/{rel}","templated":true}]}}