{"id":4007,"date":"2009-05-26T00:00:00","date_gmt":"2006-11-06T00:00:00","guid":{"rendered":"https:\/\/intervius.com\/index.html\/?p=4007"},"modified":"2006-11-06T00:00:00","modified_gmt":"2006-11-06T00:00:00","slug":"Josu_Erkoreka4007","status":"publish","type":"post","link":"https:\/\/intervius.com\/index.html\/Josu_Erkoreka4007\/","title":{"rendered":"Josu Erkoreka"},"content":{"rendered":"<p>Pregunta.- Se\u00f1or Erkoreka, \u00bfuna derrota de Zapatero en las pr\u00f3ximas elecciones europeas abrir\u00eda la puerta a una moci\u00f3n de censura en el Congreso de los Diputados? Si as\u00ed fuese, \u00bfque votar\u00eda su grupo? Gracias.<\/p>\n<p>Respuesta.- La primera pregunta habr\u00eda de formul\u00e1rsela al PP, que es, creo yo, el \u00fanico grupo en condiciones de poder presentar una moci\u00f3n de censura. Acierta usted, por lo dem\u00e1s, cuando sugiere que la decisi\u00f3n de presentarla o no pueda depender del resultado de las elecciones europeas. Si hubiese moci\u00f3n, yo le aseguro que nuestro grupo la estudiar\u00eda. Y no le digo m\u00e1s, porque la decisi\u00f3n habr\u00eda de depender, necesariamente, de los t\u00e9rminos en los que se presentase. No puedo comprometer de antemano una posici\u00f3n frente a algo que, si finalmente se presenta, nadie sabe en qu\u00e9 concretos t\u00e9rminos se presentar\u00e1.<\/p>\n<p>P.- Buenas tardes se\u00f1or Erkoreka, \u00bfest\u00e1 el PNV dispuesto a repetir la experiencia de 1996 y pactar en el Congreso de los Diputados con el Partido Popular?<\/p>\n<p>R.- El PNV es, por definici\u00f3n y convicci\u00f3n, un partido pactista. En Euskadi ha pactado con casi todas las formaciones del arco parlamentario. Tambi\u00e9n con el PP, junto a quienes gobernamos el Ayuntamiento de Bilbao entre 1995 y 199En el momento actual, no me parece f\u00e1cil la reedici\u00f3n de aquel acuerdo que, como usted recordar\u00e1, concluy\u00f3 como el rosario de la Aurora. Pero no mantenemos posiciones de principio contrarias a un acuerdo como el que usted cita. Nada se puede descartar en pol\u00edtica.<\/p>\n<p>P.- Se\u00f1or Erkoreka. \u00bfQu\u00e9 reflexiones ha hecho el PNV sobre s\u00ed mismo tras la p\u00e9rdida del gobierno en Euskadi? \u00bfhabr\u00e1 cambio de l\u00ednea para que algunos vascos nos planteemos volver a votarles? \u00bfo siguen ustedes pensando en el ya famoso &#8220;golpe institucional&#8221;? Gracias y espero que hagan un buen papel como oposici\u00f3n. Eskerrik asko.<\/p>\n<p>R.- Descuide, amigo, que haremos un excelente papel en la oposici\u00f3n. Yo, de hecho, no s\u00e9 hacer otra cosa. Mi experiencia parlamentaria se ha desarrollado, siempre, como partido de oposici\u00f3n en el Congreso de los Diputados. La reflexi\u00f3n m\u00e1s clara que hemos hecho sobre nosostros mismos es la de que, cuando se ganan las elecciones, como es el caso, no conviene hacer demasiados cambios. Es posible que usted haya dejado de votarnos, cosa que lamento, pero tenga la certeza de que otros muchos lo han hecho, y de que incluso hemos ganado nuevos votantes, porque hac\u00eda tiempo que no teniamos 30 esca\u00f1os en el Parlamento vasco. Desde 1984 no obten\u00edamos un resultado tan bueno. Sobre el golpe institucional nada tengo que decir. Yo creo que lo que han hecho el PSOE y el PP es legal y leg\u00edtimo, aunque sea a costa de manipular el panorama electoral, instrumentalizar la justicia, mentir y comerse sus propios compromisos.<\/p>\n<p>P.- \u00bfNo cree que si el enfoque del PNV hubiese sido m\u00e1s en la l\u00ednea de Josu Jon Imaz, la mayor capacidad de articulaci\u00f3n con otros partidos del PNV hubiese sido determinante para mantener el poder en Euskadi?<\/p>\n<p>R.- No. El PSOE y el PP hubiesen hecho exactamente lo mismo. De hecho, hace cuatro a\u00f1os lo intentaron sin \u00e9xito -Mar\u00eda San Gil apoy\u00f3 la investidura de L\u00f3pez gratis et amore- y el presidente del EBB era Josu Jon Imaz. Adem\u00e1s, lo confirm\u00f3 Egiguren cuando afirm\u00f3 que su planteamiento no iba contra Ibarretxe. Que quer\u00edan el poder y punto. M\u00e1s claro, agua.<\/p>\n<p>P.- Sr.Erkokera: En pol\u00edtica siempre se vende que la eliminaci\u00f3n de ETA est\u00e1 entre los objetivos prioritarios del partido&#8230;\u00bfQu\u00e9 parte hay de realidad considerando que operan desde hace m\u00e1s de cincuenta a\u00f1os? \u00bfA qui\u00e9n interesa su existencia?<\/p>\n<p>R.- Le puedo asegurar que a m\u00ed no me interesa en absoluto su existencia. Tengo mi pesebre en otro lado. La pregunta que debe hacerse para responder a su inter\u00e9s es la cl\u00e1sica: Qui prodest?<\/p>\n<p>P.- \u00bfQu\u00e9 tal se vive despose\u00eddo por el Parlamento de un poder casi omn\u00edmodo, ejercido arbitrariamente durante unos 30 a\u00f1os?.- \u00bfCree que ETA lo va a pasar peor con el actual Gobierno, menos complaciente que el de Ibarretxe?.-\u00bfD\u00f3nde est\u00e1n los \u00e9xitos antiterroristas del PNV durante su mandato?<\/p>\n<p>R.- No son tres preguntas, sino tres. A ver si los emolumentos se multiplican tambi\u00e9n en la misma proporci\u00f3n: 1.- Falla usted en lo del poder &#8220;casi omn\u00edmodo&#8221;. Desde 1986, los gobiernos de Euskadi han sido de coalici\u00f3n. Y, por cierto, durante m\u00e1s de 13 a\u00f1os, de coalici\u00f3n con el PSOE. Omnimodo es el poder que el PSOE ejerce en Andaluc\u00eda, Extremadura y Castilla La Mancha, con gobiernos monocolor controlados exclusivamente por un s\u00f3lo Partido. 2.- Lo va a pasar igual porque, desde hace ya muchos a\u00f1os, la clave de la persecuci\u00f3n a ETA est\u00e1 en el sur de Francia -todas las detenciones se hacen con informaci\u00f3n captada all\u00ed- y el Gobierno espa\u00f1ol no permite a la Ertzaintza mantener relaciones directas con la polic\u00eda francesa. 3.- Recuerdo que cuando la Ertzaintza detuvo al \u00faltimo etarra, en Alava, se le ech\u00f3 encima la opini\u00f3n p\u00fablica hispana porque acababa de arrancar aquella farsa que vino en denominarse proceso de paz y no parec\u00eda &#8220;oportuno&#8221; hacer detenciones de ese tipo. Desde entonces, todos los \u00e9xitos vienen de Francia. Y en Francia, la Ertzaintza tiene prohibida la entrada. Hasta ahora, al menos.<\/p>\n<p>P.- Sr, Erkoreka \u00bf cree usted que es de &#8221; fiar &#8221; el actual presidente del gobierno de Espa\u00f1a ? y en caso de ruptura con el actual Gobierno Vasco por parte del PP \u00bf el PNV volveria ha apoyar a Zapatero ? Gracias<\/p>\n<p>R.- A la primera pregunta respondo rotundamente que no. A la segunda me cuesta responder porque me plantea una hip\u00f3tesis que me resulta dif\u00edcil de asumir. El PP no romper\u00e1 el Gobierno vasco de L\u00f3pez.<\/p>\n<p>P.- \u00bfQui\u00e9n ser\u00eda para usted una buen candidato a Lehendakari? De su partido o de cualquier otro, me refiero a la persona que a su juicio ser\u00eda un buen profesional en ese puesto.<\/p>\n<p>R.- \u00daltimamente parece que est\u00e1 de moda proponer para Lehendakari a gente sin formaci\u00f3n, sin estudios y sin titulaci\u00f3n acad\u00e9mica, que nunca ha destacado en el ejercicio de ninguna profesi\u00f3n. Yo, francamente, conozco cada vez menos de este tipo de gente -vivimos con la generaci\u00f3n mejor formada de la historia- pero todav\u00eda quedan por ah\u00ed algunos, que deber\u00edan mantener intactas sus expectativas y negarse en redondo a ponerse a estudiar o a reemprender los estudios que eventualmente hubiesen abandonado.<\/p>\n<p>P.- Enhorabuena por cantar tan bien!!! Me sorprendi\u00f3 mucho cuando le vi hace tiempo en un programa de TV de karaoke. Desde aquel momento me parece una persona mucho m\u00e1s simp\u00e1tica y cercana. \u00bfNo cree que nuestros pol\u00edticos deber\u00edan prodigarse m\u00e1s en situaciones como la que usted vivi\u00f3?<\/p>\n<p>R.- Gracias por el elogio. Me sent\u00ed a gusto en aquella ocasi\u00f3n, pero le confieso siempre supone un cierto riesgo aceptar propuestas para participar en ese tipo de programas. Nunca se sabe el tratamiento que pueden dar a las im\u00e1genes, y la frontera que separa lo sublime de lo rid\u00edculo es una l\u00ednea muy endeble y casi siempre imperceptible. Cuando quiera quedamos en un entorno m\u00e1s discreto y le doy un recital completo.<\/p>\n<p>P.- Estimado sr. Erkoreka. \u00bfCree que, despu\u00e9s de las \u00faltimas detenciones, ETA est\u00e1 derrotada y sin capacidad de actuar? \u00bfNo ser\u00eda este un buen momento para retomar las negociaciones con ellos y acabar de una vez por todas con este anacr\u00f3nico conflicto? Muchas gracias por su respuesta.<\/p>\n<p>R.- No lo s\u00e9. Parece que est\u00e1 m\u00e1s d\u00e9bil e infiltrada que nunca, pero nunca se sabe. Lo sabr\u00e1n -supongo- Rubalcaba y compa\u00f1\u00eda, que a m\u00ed hace tiempo que no me cuentan nada. Si de verdad est\u00e1 derrotada, no habr\u00eda lugar a &#8220;negociaciones&#8221;, si con ello se refiere usted a transacciones de contenido pol\u00edtico. Eso, al menos, pienso yo. Todo lo m\u00e1s, cabr\u00eda un di\u00e1logo orientado a certificar conjuntamente el cierre de la persiana.<\/p>\n<p>P.- Hola Josu, soy de Orihuela, un pueblo de Alicante. Y desde aqu\u00ed, muchas veces se me hace a\u00fan m\u00e1s incomprensible la situaci\u00f3n de violencia en el Pais Vasco, pa\u00eds que me encanta y quiero como si fuese m\u00eda. Dicho esto, \u00bfNo podemos vivir en paz y tranquilidad los que nos consideramos espa\u00f1oles,con los que se consideran m\u00e1s vascos, dentro de un mismo espacio jur\u00eddico y social? Un saludo.<\/p>\n<p>R.- No se puede imaginar hasta qu\u00e9 punto me parece incomprensible, tambi\u00e9n a m\u00ed, la actuaci\u00f3n violenta de unos fan\u00e1ticos que parecen fuera de tiempo y de lugar. Yo creo que la convivencia pac\u00edfica entre gentes con diferentes sentimientos de identidad nacional, no s\u00f3lo es posible, sino que es obligada en los tiempos que corren. \u00bfC\u00f3mo no hab\u00eda de serlo? Por supuesto que lo es. Pero la convivencia pac\u00edfica descansa sobre bases consensuadas, no sobre marcos forzados. Y ah\u00ed, me temo que todav\u00eda tenemos bastante camino por recorrer. Pero todo se andar\u00e1.<\/p>\n<p>P.- \u00bfPor qu\u00e9 no es posible en el Pa\u00eds Vasco un gobierno de coalicci\u00f3n entre el PNV y el PP cuando son dos partidos con similares posturas en aspectos economicos y sociales, mucho m\u00e1s serios y fiables que el PSE, y que seguro solucionar\u00edan mejor los problemas de los vascos?<\/p>\n<p>R.- Por de pronto, porque el PP del Pa\u00eds Vasco ha preferido echarse en brazos del PSOE que entenderse con el PNV en torno a un programa de estabilidad econ\u00f3mica y pluralismo social. En la ronda de conversaciones que iniciamos tras las elecciones del 1-M, nuestra primera propuesta fue para el PSOE -la segunda fuerza en votos y esca\u00f1os- que declin\u00f3 la invitaci\u00f3n. La segunda fue el PP. Su respuesta fue la misma. Ambos quer\u00edan a L\u00f3pez como Lehendakari.<\/p>\n<p>P.- Soy un vasco no residente en euskadi, \u00bfconsidera justo que en la &#8220;hipot\u00e9tica&#8221; celebraci\u00f3n de su consulta- refer\u00e9ndum quede fuera el censo de vascos no residentes? \u00bfconsidera justo que los vascos residentes y no vascos residentes en euskadi decidan temas tan trascendentales como mi nacionalidad?<\/p>\n<p>R.- Como usted mismo reconoce, el supuesto sobre el que formula la pregunta es &#8220;hipot\u00e9tico&#8221;. Tan &#8220;Hipot\u00e9tico&#8221; que nadie piensa, realmente, que pueda producirse durante una buena temporada. Por tanto, \u00bfpara qu\u00e9 consumir esfuerzos en el terreno especulativo cuando hay tantas necesidades reales que demandan nuestra atenci\u00f3n? En cualquier caso, le prevengo que, hoy, la nacionalidad de los vascos se decide con arreglo a una legislaci\u00f3n aprobada en Madrid -y en Par\u00eds, porque tambi\u00e9n hay vascos al otro lado del Bidasoa- con la participaci\u00f3n decisiva de muchos diputados que ni son vascos ni tienen nada que ver con lo vasco. No s\u00e9 si eso es justo, pero es as\u00ed.<\/p>\n<p>P.- Sr Elkoreka; admiro su verbo, su pausada entonaci\u00f3n, su modulada palabra, sus s\u00edmiles, en fin, y la capacidad argumental para defender sus posiciones . Es usted un buen representante de los arcontes instruidos que desean lo mejor para un Estado. Sin embargo, existe un algo que no llego a entender del PNV; el menosprecio secular a esos otros pueblos del sur, \u201cmarca hisp\u00e1nica\u201d de por medio, tachados de \u201cespa\u00f1olazos\u201d peyorativamente, por carecer de esa suerte de oportunidades o lucir la escarapela del absoluto-distinto de mi respetado Pa\u00eds Vasco. Un saludo. C gonz\u00e1lez.<\/p>\n<p>R.- Soy del PNV desde hace muchos a\u00f1os y, francamente, no me reconozco en la descripci\u00f3n que usted hace del arquetipo nacionalista que menosprecia lo ajeno y lo trata peyorativamente. Es posible que, en Euskadi, en el debate identitario interno, se utilicen algunas expresiones como las que usted menciona, pero le puedo asegurar que en el seno de mi partido, s\u00f3lo he encontrado respeto y reconocimiento para lo que usted califica como los pueblos del sur.<\/p>\n<p>P.- El PNV presume de ser un partido con profundas raices democraticas. Pero no renuncia a su or\u00edgen ni reniega de su fundador, Sabino Arana, un racista, retr\u00f3grado, xen\u00f3fo, totalitario y planfetario, o sea, alguien que hoy en d\u00eda estar\u00eda apresado y denostado p\u00fablicamente por incitar a la viloencia y al racismo. Un peligro social. \u00bfAlguien as\u00ed tiene derecho al homenaje p\u00fablico y a que se le nominen avenidas? : Es una verguenza para ustedes y un bochorno para la sociedad vasca.<\/p>\n<p>R.- \u00bfCree usted que porque Espa\u00f1a tiene su acta fundacional en un acto xen\u00f3fobo como el de la expulsi\u00f3n de los jud\u00edos -seguida poco despu\u00e9s de la de los moriscos- puede afirmarse hoy que sentirse espa\u00f1ol es vergonzoso y bochornoso? \u00bfNo, verdad? Yo tampoco. Pues ahora, a ser consecuentes. Cuando muchos espa\u00f1oles aplud\u00edan Hitler, cientos de militantes del PNV estaban en el campo de concentraci\u00f3n de Gurs. Y cuando en Espa\u00f1a imperaba Franco, el PNV estaba en el exilio o en la clandestinidad. No es que presumamos en tener ra\u00edces democr\u00e1ticas. Es que siempre nos hemos puesto al lado de la democracia.<\/p>\n<p>P.- Cual es su posici\u00f3n sobre la nueva ley del aborto que plantea el Gobierno. Va a apoyarla en su totalidad?, con enmiendas? o va a rechazarla? Me gustar\u00eda tambien conocer si su partido va a hacer un planteamiento global o dejar libertad de voto a los paralmentarios de su partido<\/p>\n<p>R.- Cuando el proyecto de ley venga al parlamento y la mesa del Congreso determine c\u00f3mo se ha de tramitar, se lo responder\u00e9. Hasta entonces, especular sobre este asunto equivale a hacerle el caldo gordo a Zapatero que quiere ocultar la crisis con este tipo de debates.<\/p>\n<p>P.- Buenas tardes se\u00f1or Erkoreka,ante todo decirle que me parece usted un gran parlamentario.Y a continuaci\u00f3n esta es mi pregunta : En un hipot\u00e9tico referendum en el que se votara por la autodeterminaci\u00f3n de Euskadi se alinear\u00eda usted por posturas m\u00e1s moderadas como las de D.I\u00f1aki Azkuna o por las m\u00e1s separatistas como las el Sr.Eguibar.Por favor conteste con pocos matices. Reciba un cordial saludo y siga dando ejemplo de educaci\u00f3n en el congreso.<\/p>\n<p>R.- Le responder\u00e9 con la precisi\u00f3n que me pide. No me pregunta lo que har\u00eda en un referendum sobre la independencia, sino en un referendum sobre la autodeterminaci\u00f3n. Votar\u00eda que s\u00ed. No encontrar\u00e1 usted un nacionalista vasco que no sea partidario del reconocimiento del derecho de autodeterminaci\u00f3n. Otra cosa es su ejercicio. Pero como eso no me lo pregunta&#8230;<\/p>\n<p>P.- SR Erkoreka, le dire que quiero y adoro al pais vasco, he pasado muchas vacaciones alli, tengo amigos de trabajo, clientes ,amigos y compa\u00f1eros de estudios,de la mili , alguna amiga-novia de anta\u00f1o ya casada y muy a\u00f1orada, veraneo en Zaraut, Getaria y me deleito con el rodaballo de El Cano, las angulas de aguinaga etc&#8230;, y me entusiasma sentirme bien allo ,de gozar de esa gente y ese estilo de vida, es decir me encanta ir alli. PREGUNTA..\u00bf merece la pena el que alguien piense que no se encuentra en Espa\u00f1a y entre espa\u00f1oles y que dada la crispacion politica existente mi mujer y mis 3 hijos prefieran no volver a veranear alli?<\/p>\n<p>R.- No merece la pena. Lo que me extra\u00f1a es que su familia haya detectado crispaci\u00f3n pol\u00ectica en lugares como Getaria o Zarautz, que son muy acogedores para el visitante. Es posible que hayan detectado que se piensa diferente. Pero eso es algo que tambi\u00e9n yo detecto a veces en Madrid, sin que por ello me sienta a disgusto ni prometa no regresar. Un cordial saludo, y no deje de visitar esos excelentes lugares.<\/p>\n<p>P.- Sr. Josu; fui refugiados politico durante 37 a\u00f1os en Francia y de mis salarios se mandaban, poco pero algo; a esta Espa\u00f1a que hoy dia no reconozco. Cree usted que este partido Psoe es el de anta\u00f1o?. Gracias. V, Marttinkainen<\/p>\n<p>R.- Hay una m\u00e1xima popular que dice: &#8220;Partido de izquierdas que llega al poder, de izquierdas deja de ser&#8221;. Pues eso.<\/p>\n<p>P.- Kaixo Josu, se puede estar mas o menos en desacuerdo con lo que el PNV defiende en las Cortes pero algo que parece que nadie pone en duda es que es Usted un excelente parlamentario.Enhorabuena! Ahora que estan en la oposicion en Euskadi sin Ibarretxe en que variara el discurso politico de PNV en Madrid? Gracias<\/p>\n<p>R.- Hombre! creo que nos toca acentuar el tono cr\u00edtico contra un Gobierno que no est\u00e1 destacando precisamente por su claridad de ideas y su fuerza para combatir la crisis, \u00bfno?<\/p>\n<p>P.- Se dice por ah\u00ed que tiene intenci\u00f3n de retirarse de la politica en cuanto acabe la legislatura, es verdad?<\/p>\n<p>R.- No haga usted caso de las habladur\u00edas. Todav\u00eda faltan tres a\u00f1os para que acabe la legislatura y tengo muchas batallas que dar.<\/p>\n<p>P.- Se\u00f1or Erkoreka, conozco el Pa\u00eds Vasco y debo decirle que es uno de los lugares m\u00e1s bonitos de Espa\u00f1a y de Europa. Dado que por sus responsabilidades pol\u00edticas pasa mucho tiempo en Madrid, quisiera preguntarle qu\u00e9 es lo que m\u00e1s le gusta de esta ciudad. Gracias.<\/p>\n<p>R.- Me gusta el bullicio de la gran ciudad aunque, desafortunadamente, cada vez me resulta m\u00e1s dif\u00edcil acogerme al anonimato. Y, cuando coincido en alg\u00fan bar con madrile\u00f1os de casta, me encanta escuchar sus conversaciones. El Madrid de los Autrias, me encanta. Me gusta m\u00e1s que el decimon\u00f3nico. Lo veo m\u00e1s entra\u00f1able.<\/p>\n<p>P.- Aupa Josu! \u00bfpit\u00f3 usted el himno de Espa\u00f1a desde casa en la final de Copa? \u00bfqu\u00e9 sentido tiene que Vizcaya se movilice con la final del trofeo del monarca y luego falten al resto a todos sus s\u00edmbolos asociados y a los aficionados del Athletic no nacionalistas o de fuera de Euskadi? \u00bfno ser\u00eda m\u00e1s coherente no jugar la competici\u00f3n? \u00bfo val\u00eda m\u00e1s aprovechar el momento medi\u00e1tico para una manifestaci\u00f3n sentida por la minor\u00eda de la sociedad vasca seg\u00fan las \u00faltimas elecciones auton\u00f3micas?<\/p>\n<p>R.- No estuve en Mestalla. Ten\u00eda trabajo en Madrid y vi el partido en televisi\u00f3n espa\u00f1ola. Por tanto, tampoco tuve conocimiento de la pitada, porque la censuraron. Yo respeto todos los s\u00edmbolos -el Congreso de los Diputados est\u00e1 repleto de ellos- pero respeto tambi\u00e9n la libertad de expresi\u00f3n de los ciudadanos. Y sobre las elecciones auton\u00f3micas, le vendr\u00eda bien un repaso de lo ocurrido. Tras la candidatura de Ibarretxe hab\u00eda m\u00e1s votos que tras la de de L\u00f3pez. Sin contar, claro est\u00e1, los 100.000 anulados, que tambi\u00e9n son parte de la &#8220;sociedad vasca&#8221;.<\/p>\n<p>P.- Se\u00f1or Erkoreka Tras las elecciones en Euskadi el pasado Marzo y la subida a la presidencia del Se\u00f1or L\u00f3pez gracias al apoyo del PP, el electorado vasco tiene la sensaci\u00f3n de que su voto no se tiene en cuenta, y de que al final las reglas del juego se manipulan de tal forma que se benefia a unos partidos de forma evidente en detrimento de otros, siempre argumentando que se hace &#8220;en favor de la ciudadania vasca&#8221; y &#8221; del cambio en Euskadi&#8221;. \u00bfEn el Parlamento de Madrid tienen en cuenta este malestar? \u00bf se dan cuenta de que esto est\u00e1 provocando una apat\u00eda de la ciudadania vasca cada vez mayor hacia el hecho de que decidan por ellos desde Madrid?<\/p>\n<p>R.- Yo s\u00ed me doy cuenta, evidentemente. Pero los que apoyaron en Madrid las leyes que han hecho posible lo que usted denuncia -yo no lo hice- miran hacia otro lado, como si el asunto no fuera con ellos. Y el problema es que, en el Congreso de los Diputados, son la inmensa mayor\u00eda.<\/p>\n","protected":false},"excerpt":{"rendered":"<p>El portavoz del PNV en el Congreso de los Diputados se somete al tercer grado de los lectores de elmundo.es. Josu Erkoreka charla sobre la situaci\u00f3n parlamentaria y otros temas de actualidad.<br \/>\n\u00danase al grupo de los encuentros<br \/>\nde elmundo.es en Facebook<\/p>\n","protected":false},"author":1,"featured_media":0,"comment_status":"open","ping_status":"open","sticky":false,"template":"","format":"standard","meta":{"footnotes":""},"categories":[],"tags":[],"class_list":["post-4007","post","type-post","status-publish","format-standard","hentry"],"_links":{"self":[{"href":"https:\/\/intervius.com\/index.html\/wp-json\/wp\/v2\/posts\/4007","targetHints":{"allow":["GET"]}}],"collection":[{"href":"https:\/\/intervius.com\/index.html\/wp-json\/wp\/v2\/posts"}],"about":[{"href":"https:\/\/intervius.com\/index.html\/wp-json\/wp\/v2\/types\/post"}],"author":[{"embeddable":true,"href":"https:\/\/intervius.com\/index.html\/wp-json\/wp\/v2\/users\/1"}],"replies":[{"embeddable":true,"href":"https:\/\/intervius.com\/index.html\/wp-json\/wp\/v2\/comments?post=4007"}],"version-history":[{"count":0,"href":"https:\/\/intervius.com\/index.html\/wp-json\/wp\/v2\/posts\/4007\/revisions"}],"wp:attachment":[{"href":"https:\/\/intervius.com\/index.html\/wp-json\/wp\/v2\/media?parent=4007"}],"wp:term":[{"taxonomy":"category","embeddable":true,"href":"https:\/\/intervius.com\/index.html\/wp-json\/wp\/v2\/categories?post=4007"},{"taxonomy":"post_tag","embeddable":true,"href":"https:\/\/intervius.com\/index.html\/wp-json\/wp\/v2\/tags?post=4007"}],"curies":[{"name":"wp","href":"https:\/\/api.w.org\/{rel}","templated":true}]}}