{"id":3998,"date":"2009-05-29T00:00:00","date_gmt":"2006-11-06T00:00:00","guid":{"rendered":"https:\/\/intervius.com\/index.html\/?p=3998"},"modified":"2006-11-06T00:00:00","modified_gmt":"2006-11-06T00:00:00","slug":"Francisco_Sosa_Wagner3998","status":"publish","type":"post","link":"https:\/\/intervius.com\/index.html\/Francisco_Sosa_Wagner3998\/","title":{"rendered":"Francisco Sosa Wagner"},"content":{"rendered":"<p>Pregunta.- Hola Francisco, buenos d\u00edas. Seguro que consegu\u00eds representaci\u00f3n, vuestros votantes estamos igual de ilusionados que el primer d\u00eda. Una vez en el Parlamenteo Europeo, \u00bfUPyD se unir\u00e1 a alg\u00fan macrogrupo (algo as\u00ed como un equivalente al PPE) o ir\u00e9is por vuestra cuenta?. \u00bfHay partidos similares a UPyD entre nuestros vecinos?. Suerte y a por todas. David (Alcal\u00e1 de Henares)<\/p>\n<p>Respuesta.- lo de los grupos habr\u00e1 que decidirlo despu\u00e9s de las elecciones porque pueden ser diferentes a los existentes. En concreto, por lo que a nosotros se refiere, estamos en contacto, a trav\u00e9s de Fernado Savater, con un nuevo partido belga llamada l\u00b4Europe des Valeurs dirigido por una se\u00f1ora diplom\u00e1tica que tiene su correspondencia en Italia con otro similar que dirige un magistrado de manos limpias. \u00bfNo ser\u00eda bueno unirnos a ellos en la Euroc\u00e1mara? Depender\u00e1 de lo que unos y otros obtengamos. Saludos y gracias por el apoyo,<\/p>\n<p>P.- Vd. fue profesor de Derecho de Zapatero y le aprob\u00f3. A juzgar por las cosas que est\u00e1 haciendo como presidente \u00bfNo empieza a sospechar ahora que pudo haber copiado en los ex\u00e1menes?<\/p>\n<p>R.- No, no lo creo, era un alumno aplicado e interesado, un saludo cordial,<\/p>\n<p>P.- Como profesor de Universidad \u00bfest\u00e1 de acuerdo con Bolonia?<\/p>\n<p>R.- estoy de acuerdo con la creaci\u00f3n de un espacio universitario europeo pero no con la chapuza que ha puesto en marcha el Gobierno espa\u00f1ol ayudado por los de las Comunidades aut\u00f3nomas y los rectores de las Universidades. Saldr\u00e1 un disparate, muchos lo hemos anunciado hace tiempo pero nadie nos hace caso. Un saludo cordial<\/p>\n<p>P.- Usted es un admirador del sistema pol\u00edtico alem\u00e1n y le he oido en alguna ocasi\u00f3n decir que al federalismo alem\u00e1n ser\u00eda a donde tendr\u00eda que ir Espa\u00f1a, pero \u00bfcree usted sinceramente que los espa\u00f1oles y nuestro sistema pol\u00edtico permitir\u00edan algo as\u00ed? \u00bfNo cree que a nuestra democracia, y sobre todo a nuestros pol\u00edticos, le queda mucho camino por recorrer para estar a la altura de la pol\u00edtica que se hace en Alemania?<\/p>\n<p>R.- pues eso me temo pero desde ciertas tribunas hay que insistir en ello porque, si no miramos hacia un pa\u00eds serio con mucho recorrido en la descentralizaci\u00f3n pol\u00edtica, corremos el riesgo de deshacer poco a poco nuestro Estado. Un saludo cordial<\/p>\n<p>P.- Soy un peque\u00f1o agricultor y socio de una cooperativa agr\u00edcola de vinos y aceites. Si votamos &#8220;s\u00ed&#8221; a usted, \u00bfCu\u00e1les son sus planteamientos respecto a la pol\u00edtica agraria com\u00fan?<\/p>\n<p>R.- yo creo en la importancia del agricultor y el ganadero para defenderles como trabajadores y al mismo tiempo defender los ecosistemas, no puede ser que sean las ciudades las \u00fanicas beneficiarias del progreso y de la riqueza. Por eso hay que defender una pol\u00edtica agraria que mantenga subvenciones y ayudas siempre que se otorguen con transparencia y beneficien realmente a los trabajadores y empresas familiares. Todo esto es de suma importancia pues en ello nos va la conservaci\u00f3n de una Espa\u00f1a equilibrada y porque precisamente los sectores del vino y del aceite -como ocurre con la leche- Espa\u00f1a tiene mucho que ense\u00f1ar en el mundo porque son productos de extraordinaria calidad. Un saludo muy cordial<\/p>\n<p>P.- Estimado Francisco, simplemente decirle que ya he enviado mi voto por correo a UPyD, pues resido en Suecia. Espero que obtengan un buen resultado. Mi pregunta es: \u00bfcu\u00e1l es la postura y la pol\u00edtica de UPyD con respecto a potenciar la investigaci\u00f3n, el desarrollo y la innovaci\u00f3n? Y en relaci\u00f3n con ella: \u00bfqu\u00e9 medidas proponen para favorecer la transferencia de conocimiento entre las universidades y las empresas? Un cordial saludo de un joven investigador granadino en el \u00e1rea de la Geoinform\u00e1tica en la universidad de Link\u00f6ping. Francisco Rivas.<\/p>\n<p>R.- Soy muy sensible a este problema porque mis dos hijos viven en el extranjero en condiciones parecidas a las suyas. Todo lo que haga en esa direcci\u00f3n ser\u00e1 poco y yo desde luego me ocupar\u00e9 en la medida de mis fuerzas de este asunto. Ya sabe que el Gobierno espa\u00f1ol acaba de recortar el presupuesto del ministerio competente en investigaci\u00f3n. Un disparate que pagaremos caro. Gracias por su voto y un saludo muy cordial,<\/p>\n<p>P.- MI pregunta es,qu\u00e9 tiene planteado upd en Europa ante la inseguridad de los espa\u00f1oles con algunos productos de china qu\u00e9 no pasan controles de calidad como en jugetes ,textil,etc,y tambi\u00e9n pregunto si no se cumplen los Derechos Humanos en China y hay ni\u00f1os haciendo jugetes ropas,etc existen muchas leyes europeas,pero no ve la hipocres\u00eda y la falsedad al ser uno de nuestros grandes vendedores<\/p>\n<p>R.- los europeos tenemos que defender los derechos humanos porque esta es nuestra se\u00f1a de identidad, la marca con la que estamos en la civilizaci\u00f3n contempor\u00e1nea desde finales del siglo XVIII. De manera que todo lo que sea trabajo esclavo obtendr\u00e1 nuestra repulsa m\u00e1s firme. Queda mucho recorrido para educar a la ciudadan\u00eda y explicar qu\u00e9 es el comercio justo. Un saludo muy cordial,<\/p>\n<p>P.- \u00bfcu\u00e1l es su posici\u00f3n personal respecto al matrimonio homosexual? Le ruego que sea claro. alf<\/p>\n<p>R.- soy absolutamente tolerante con las distintas opciones que cada uno elija libremente. un saludo cordial<\/p>\n<p>P.- Buenos dias: Porque deberia de votarle a su formacion el proximo dia 7 y no al PP? por ejemplo? Gracias<\/p>\n<p>R.- nosotros tratamos de ser m\u00e1s coherentes como se demuestra en nuestro discurso nacional respecto al proceso auton\u00f3mico. El PP ha avalado el Estatuto de Andaluc\u00eda -igual que el catal\u00e1n-, ha promovido el Estatuto de Valencia, ahora en Castilla y Le\u00f3n se quieren quedar con el Duero etc. De otro lado, le se\u00f1alo que -seg\u00fan han publicado los peri\u00f3dicos franceses estos d\u00edas- el partido popular europeo y el partido socialdem\u00f3crata han votado juntos el 80% de los proyectos. El enfrentamiento aqu\u00ed en casa es puro artificio. Un saludo cordial,<\/p>\n<p>P.- Sr. Sosa, \u00bfconsidera usted, a pesar de las predicciones de CIS, que UPYD conseguira colarse en el parlamento europeo? \u00bfCon cuantos diputados cree que lo haria? Un saludo. Gracias.<\/p>\n<p>R.- nosotros no tenemos encuestas porque cuestan mucho dinero. Pero nos fiamos de los resultados electorales en Galicia y en el Pa\u00eds vasco. En el Pa\u00eds vasco duplicamos los votos, en Galicia los triplicamos respecto de marzo de 200Creo sinceramente que tendremos unos \u00f3ptimos resultados. Pero necesitamos los votos, por ejemplo el suyo. Un saludo muy cordial,<\/p>\n<p>P.- Estimado se\u00f1or Sosa, como votante de su partido en las \u00faltimas elecciones, y espa\u00f1ol residente en Espa\u00f1a, el tema que m\u00e1s me preocupa en estos momentos, como a todos, es la famosa crisis. \u00bfPodr\u00eda usted resumirme qu\u00e9 medidas propondr\u00e1 su partido a nivel europeo para superarla? \u00bfQu\u00e9 medidas est\u00e1n proponen en estos momentos a nivel nacional?<\/p>\n<p>R.- lo importante es que las medidas referidas a la crisis se tomen conjuntamente por todos los Estados, lo que hasta ahora no siempre se ha hecho y, con relaci\u00f3n a las medidas que propone UPyD, en la p\u00e1gina web del partido (UPyD.es) tiene adecuada informaci\u00f3n al respecto. Preciso es dotar a las ayudas de transparencia, controlar a nivel europeo los bancos y empresas de seguros, fomentar el empleo y no centrarse en la subvenci\u00f3n del desempleo, coordinar las pol\u00edticas presupuestarias que ahora van a su aire, ayudar a los empresarios a quienes las Administraciones deben grandes cantidades de dinero &#8230; Un saludo cordial,<\/p>\n<p>P.- Sea sincero. \u00bfLos votos de UPyD llegan de simpatizantes del PP o de simpatizantes del PSOE? \u00bfa qu\u00e9 partido cree que le roban m\u00e1s votos?<\/p>\n<p>R.- nosotros no robamos nada. Los votos, que yo sepa, son de los ciudadanos, no de los partidos. Nuestro lema es &#8220;t\u00fa eliges&#8221;. Nosotros no queremos votos de castigo, queremos votos de premio de aquellos ciudadanos que coincidan con nuestras razonadas propuestas pol\u00edticas. Un saludo cordial<\/p>\n<p>P.- \u00bfEs UPyD liberal en lo econ\u00f3mico?<\/p>\n<p>R.- yo creo que estos r\u00f3tulos de liberal, de derechas, de izquierdas, est\u00e1n un poco superados. Ante las circunstancias nuevas las afirmaciones tajantes resultan rid\u00edculas. Yo me he definido muchas veces como socialdem\u00f3crata pero acepto igualmente postulados liberales. La conjunci\u00f3n de ambos ha dado mucha prosperidad a Europa durante mucho tiempo. Un saludo cordial<\/p>\n<p>P.- Se\u00f1or Sosa, \u00bfqu\u00e9 opini\u00f3n le merece la presencia en estas elecciones de un partido, a todas luces ilegal, como Iniciativa Internacionalista, a la vista de videos de campa\u00f1a como los dos que nos han &#8220;regalado&#8221; de momento? un saludo.<\/p>\n<p>R.- me parece muy mal y espero que los ciudadanos no lo voten, un saludo cordial,<\/p>\n<p>P.- Buenos dias, se\u00f1or Sosa Wagner. En primer lugar felicitar a usted y su partido, por haber devuelto la ilusion a muchos que no encontrabamos otra alternativa politica. Mi pregunta es la siguiente: \u00bfVe un compromiso nulo por parte de la ciudadania en el ambito europeo?\u00bfCree que las instituciones tienen culpa en ello? Muchas gracias y mucha suerte.<\/p>\n<p>R.- es una desgracia pero los partidos mayoritarios tienen mucha culpa en ello. Ya ve c\u00f3mo se desarrolla la campa\u00f1a en la que nos hablan del Yak 42, de Franco, menos de Europa cualquier cosa, especialmente no se pone de relieve lo mucho que nos beneficiamos de Europa, por ejemplo, a trav\u00e9s de las ayudas y fondos europeos. Nosotros hacemos m\u00edtines en la calle y los ciudadanos nos preguntan muy interesados y tratamos de responderles lo mejor que sabemos. Este es el camino correcto. Un cordial saludo,<\/p>\n<p>P.- \u00bfQu\u00e9 tal se siente en un partido personalista?<\/p>\n<p>R.- los partidos cuando nacen tienen mucho de personalistas. Lo malo es que cuando llevan cien a\u00f1os sigan si\u00e9ndolo y me parece que alg\u00fan ejemplo tenemos cercano, un saludo cordial<\/p>\n<p>P.- \u00bfme puede explicar porque upyd se abstuvo en el parlamento vasco en el apoyo a patxi l\u00f3pez, el primer lehendakari no nacionalista? a estas alturas no lo entiendo, va en contra totalmente de su discurso.<\/p>\n<p>R.- UPyD vot\u00f3 a favor de Patxi L\u00f3pez. Vea el discurso interesante de nuestro diputado all\u00ed en la p\u00e1gina web de UPyD. Un saludo cordial,<\/p>\n<p>P.- Buenos d\u00edas Francisco, \u00bfpor qu\u00e9 los eurodiputados tienen tantos ingresos, los funcionarios de la eurocamara tantos privilegios y una nube de adjuntos, becarios o como los llamen se forran en Bruselas? \u00bfcuando tendremos la impresion de que los politicos quieren lo mejor para los ciudadanos, en vez de una buena posici\u00f3n para ellos y sus allegados? Gracias.<\/p>\n<p>R.- sobre esto se hace un poco de demagogia, a m\u00ed me parece que para despilfarro lo que ocurre en nuestras Comunidades aut\u00f3nomas y en muchos ayuntamientos donde se han multiplicado los altos cargos, las empresas p\u00fablicas, los asesores y dem\u00e1s. Le puedo asegurar que, desde mi posici\u00f3n profesional,yo no estoy en la pol\u00edtica por ganar dinero y lo mismo ocurre con mis compa\u00f1eros quienes todos tienen su vida m\u00e1s que resuelta. Un saludo cordial,<\/p>\n<p>P.- \u00bfEstar\u00eda a favor de la entrada de Turqu\u00eda en la UE? Gracias.<\/p>\n<p>R.- estamos a favor de que contin\u00faen las negociaciones UE-Gobierno turco. Pero ahora surgen dificultades, y no solo desde Europa, sino desde la propia poblaci\u00f3n turca y sus fuerzas pol\u00edticas donde no hay consenso en torno a la entrada de Turqu\u00eda en Europa. Un saludo cordial,<\/p>\n<p>P.- \u00bfPara cuando 1 voto de un manchego y de 1 vasco valdr\u00e1 lo mismo? No se si esto tiene algo que ver con las elecciones europeas pero me preocupa que pase algo parecido a lo que pas\u00f3 con las \u00faltimas elecciones generales en las que partidos como IU, UPYD obtuvieron bastantes votos y tienen mucha menor representacion que el PNV por ejemplo. Da la sensacion que si votas a UPYD en Castilla La Mancha tu voto va a saco roto.<\/p>\n<p>R.- estamos defendiendo en el Congreso de los diputados la reforma de la ley electoral y el Consejo de Estado nos ha dado la raz\u00f3n en un Dictamen emitido hace un mes y pico. Se trata de un objetivo prioritario de UPyD. Esperamos apoyo ciudadano en este empe\u00f1o para que no lleguemos a la pr\u00f3xima cita electoral con la misma ley. Un saludo cordial<\/p>\n<p>P.- Buenos d\u00edas, en las \u00faltimas generales vot\u00e9 a esta formaci\u00f3n, pero como cr\u00edtica positiva, a veces tengo la impresi\u00f3n de que es la depositaria del desencanto con los dem\u00e1s partidos, m\u00e1s que ilusionar por s\u00ed misma. Por ejemplo, en la pregunta 5 parece defender la pol\u00edtica de subvenciones agrarias. Sin embargo, en la 7 menciona el comercio justo, cuando precisamente uno de los principales obst\u00e1culos para el desarrollo es la incapacidad del productor de paises pobres, para competir con sus hom\u00f3logos europeos o norteamericanos subvencionados. \u00bfNo est\u00e1n dando respuestas &#8220;pol\u00edticas&#8221;, a cada uno lo que quiere o\u00edr?<\/p>\n<p>R.- espero que no sea as\u00ed, porque hay que atender las razones de unos y de otros, nosotros no estamos a favor de la pol\u00edtica de subvenciones cuando esta lleva a un proteccionismo generalizado pero nos preocupa mucho la situaci\u00f3n del campo tanto en lo que se refiere a la pol\u00edtica agr\u00edcola como a la ganadera y a la forestal. Es muy importante que el campo no se vacie porque eso conduce a desequilibrios sociales muy peligrosos pero es m\u00e1s: hay que defender nuestros productos de calidad. Tiene usted el ejemplo de la leche \u00bfc\u00f3mo es posible que se est\u00e9 importando leche de pa\u00edses del este cuando en muchas partes de Espa\u00f1a se produce una leche de excelente calidad? Estamos ante un problema con muchas aristas, para el que no valen esl\u00f3ganes f\u00e1ciles porque son muchos los intereses implicados, entre ellos los humanos y los medioambientales que son los que m\u00e1s me preocupan. Un saludo cordial<\/p>\n<p>P.- Buenos d\u00edas Sr. Sosa, soy canario, en la \u00faltimas elecciones generales vot\u00e9 a UPyD, pero mi voto &#8220;no fu\u00e9 \u00fatil&#8221; los votos de mi isla no sirvieron para que saliera ning\u00fan diputado de UPyD, en las elecciones europeas \u00bffunciona igual?, es decir, mi voto no va al n\u00ba1 de la lista nacional, sino que se utiliza para elegir un representante en mi regi\u00f3n. Muchas gracias y suerte.<\/p>\n<p>R.- esto no ocurre en las elecciones europeas donde no se pierde ni un solo voto. Todos los votos valen igual porque todos se incorporan a un saco com\u00fan. Si su voto es a UPyD se juntar\u00e1 con los votos a UPyD de Soria, de Lugo o de C\u00f3rdoba. DE todas maneras no quiero que piense que su voto fuue in\u00fatil porque gracias a \u00e9l el Congreso de los Diputados est\u00e1 pensando una reforma electoral que solucione esa injusticia. Un saludo cordial<\/p>\n<p>P.- Claro, al final no se abstuvieron con Patxi L\u00f3pez porque decepcionaron a much\u00edsimos con su abstenci\u00f3n en la votaci\u00f3n de Arantxa Quiroga y decidieron cambiar su voto. \u00bfPor qu\u00e9 no le dieron el voto positivo a esta mujer en la primera votaci\u00f3n de la historia en la que la presidenta de la c\u00e1mara vasca iba a ser una no nacionalista? Por favor, expl\u00edquemelo.Gracias.<\/p>\n<p>R.- hubo una actitud de absoluto desprecio por parte de PP y PSOE hacia el representante de UPyD, es decir, hacia m\u00e1s de veinte mil votantes. Eso no son modales en el escenario pol\u00edtico. Un saludo muy cordial,<\/p>\n<p>P.- \u00bfCree usted que desde los medios se fomenta el bipartidismo al no permitir entrar en debates como los de TVE al resto de fuerzas pol\u00edticas? (A partir de \u00e9stas elecciones cuenten con 1 voto m\u00e1s por mi parte) Cesar Fernandez (Avila).<\/p>\n<p>R.- as\u00ed es, el bipartidismo est\u00e1 envenenando el sistema drmocr\u00e1tico espa\u00f1ol. Le agradezco que nos ayude a combatirlo. un saludo muy cordial<\/p>\n<p>P.- Buenos d\u00edas Don Francisco. escuche hace unos dias a la lider de su partido decir que estaba en contra de la nueva ley del aborto que queria implantar el gobierno socialista. mi pregunta es: \u00bf modificarian la ley actual?(el tercer supuesto es un coladero). Y en ese caso, \u00bfcomo la plantearian?, \u00bfdespenalizarian el aborto?.<\/p>\n<p>R.- Rosa D\u00edez ha explicado que a su juicio el proyecto de ley es una aut\u00e9ntica chapuza que no garantiza ni los derechos de las mujeres ni del personal sanitario. Por otro lado, sostiene que una reforma de esta naturaleza exige un consenso claro entre las fuerzas pol\u00edticas especialmente cuando el partido del Gobierno no lo llevaba en su programa electoral. Un saludo cordial<\/p>\n<p>P.- Se\u00f1or Sosa, el mensaje que UPyD lanza a todos los espa\u00f1oles referente a la unidad Espa\u00f1a \u00bfNo podr\u00eda ser mal entendido por algunas personas de extrema derecha y piensen que UPyD es su partido? \u00bfCree que ello podr\u00eda ser un peligro para UPyD? \u00bfQu\u00e9 le dir\u00eda a esas personas?<\/p>\n<p>R.- no lo creo porque nosotros -y yo muy especialmente- estamos haciendo mucho hincapi\u00e9 en lo que consideramos nuestro modelo de Estado que excluye volver a f\u00f3rmulas pasadas. Un saludo cordial<\/p>\n<p>P.- \u00bfPara cu\u00e1ndo un debate SERIO sobre el modelo de Estado: monarqu\u00eda vs rep\u00fablica?<\/p>\n<p>R.- con una democracia tan enferma como la espa\u00f1ola no creemos que el debate de la M-R sea el m\u00e1s urgente. Un saludo cordial<\/p>\n<p>P.- \u00bfSe puede hacer algo desde Europa para que nuestros hijos, residiendo en comunidades biling\u00fces, estudien en castellano? La clase media estamos asfixiados pagando colegios privados para huir de la educaci\u00f3n en valenciano. Otra opci\u00f3n ser\u00eda el cheque escolar \u00bfque le parece?<\/p>\n<p>R.- lo que est\u00e9 en mi mano lo har\u00e9 y con entusiasmo. Un saludo cordial,<\/p>\n","protected":false},"excerpt":{"rendered":"<p>A diez d\u00edas de la cita para elegir a los eurodiputados espa\u00f1oles, el cabeza de lista de UPyD (Uni\u00f3n, Progreso y Democracia) charla con los lectores de elmundo.es sobre los puntos de su programa. Francisco Sosa Wagner expone sus razones para ser votado el pr\u00f3ximo 7 de junio.<br \/>\n\u00danase al grupo de los encuentros<br \/>\nde elmundo.es en Facebook<\/p>\n","protected":false},"author":1,"featured_media":0,"comment_status":"open","ping_status":"open","sticky":false,"template":"","format":"standard","meta":{"footnotes":""},"categories":[],"tags":[],"class_list":["post-3998","post","type-post","status-publish","format-standard","hentry"],"_links":{"self":[{"href":"https:\/\/intervius.com\/index.html\/wp-json\/wp\/v2\/posts\/3998","targetHints":{"allow":["GET"]}}],"collection":[{"href":"https:\/\/intervius.com\/index.html\/wp-json\/wp\/v2\/posts"}],"about":[{"href":"https:\/\/intervius.com\/index.html\/wp-json\/wp\/v2\/types\/post"}],"author":[{"embeddable":true,"href":"https:\/\/intervius.com\/index.html\/wp-json\/wp\/v2\/users\/1"}],"replies":[{"embeddable":true,"href":"https:\/\/intervius.com\/index.html\/wp-json\/wp\/v2\/comments?post=3998"}],"version-history":[{"count":0,"href":"https:\/\/intervius.com\/index.html\/wp-json\/wp\/v2\/posts\/3998\/revisions"}],"wp:attachment":[{"href":"https:\/\/intervius.com\/index.html\/wp-json\/wp\/v2\/media?parent=3998"}],"wp:term":[{"taxonomy":"category","embeddable":true,"href":"https:\/\/intervius.com\/index.html\/wp-json\/wp\/v2\/categories?post=3998"},{"taxonomy":"post_tag","embeddable":true,"href":"https:\/\/intervius.com\/index.html\/wp-json\/wp\/v2\/tags?post=3998"}],"curies":[{"name":"wp","href":"https:\/\/api.w.org\/{rel}","templated":true}]}}