{"id":3988,"date":"2009-06-02T00:00:00","date_gmt":"2006-11-06T00:00:00","guid":{"rendered":"https:\/\/intervius.com\/index.html\/?p=3988"},"modified":"2006-11-06T00:00:00","modified_gmt":"2006-11-06T00:00:00","slug":"Ramon_Tremosa3988","status":"publish","type":"post","link":"https:\/\/intervius.com\/index.html\/Ramon_Tremosa3988\/","title":{"rendered":"Ramon Tremosa"},"content":{"rendered":"<p>Pregunta.- Areny de Noguera es un pueblo estupendo, que ha mejorado mucho en los \u00faltimos a\u00f1os, me encanta ir por all\u00ed. Pero lo ha logrado gracias a ayudas de la comunidad de Arag\u00f3n. Cree que la Generalitat o la Uni\u00f3n Europea pueden invertir m\u00e1s dinero en la mejora de pueblos igual de bonitos?<\/p>\n<p>Respuesta.- Areny es mi pueblo y recomiendo una visita este verano patra admirar su belleza hist\u00f3rica y paisaj\u00edstica. Europa parece haber agotado sus fondo de cohesi\u00f3n, pero el futuro vendr\u00e1 de la mano de m\u00e1s mercados \u00fanicos europeos: sabremos pescar mejor en lugar de seguir esperando que nos den peces.<\/p>\n<p>P.- \u00bfCu\u00e1les son los puntos esenciales en los que se centra su programa electoral?<\/p>\n<p>R.- M\u00e1s mercados \u00fanicos europeos: en servicios postales, en trenes, en agua y energ\u00eda, en educaci\u00f3n superior, en sanidad&#8230; Hay que echar m\u00e1s carb\u00f3n a la locomotora de la unidad econ\u00f3mica europea. Cuando la locomotora econ\u00f3mica tire con fuerza los vagones de la Europa social, pol\u00edtica y de los pueblos arrancar\u00e1n.<\/p>\n<p>P.- \u00bfNo le parece de pueblo reivindicar indentidades locales en un mundo cada vez m\u00e1s global?<\/p>\n<p>R.- Europa se construye desde la defensa de los intereses locales. Las identidades, grandes o peque\u00f1as, merecen el mismo respeto y es una riqueza que debemos proteger. Que nadie tema por el espa\u00f1ol, que ya va solo por el mundo. Son el catal\u00e1n, el vasco y el gallego los que necesitan protecci\u00f3n.<\/p>\n<p>P.- \u00bfQu\u00e9 ha hecho CiU en Europa en los \u00faltimos a\u00f1os?<\/p>\n<p>R.- Desde hace 20 a\u00f1os nuestros diputado est\u00e1n inscritos en el grupo liberal dem\u00f3crata del Parlamento Europeo, que hoy consta de 100 diputados. Es el tercer grupo de la c\u00e1mara y decanta la mayor\u00eda de las votaciones seg\u00fan los pactos con el Grupo Popular y el Grupo Socialista. El grupo liberaldem\u00f3crata ha hecho \u00e9nfasis siempre en los derechos civiles y en el liberalismo econ\u00f3mico como fuente de crecimiento. Dinamarca y Finlandia hoy tienen gobiernos liberales de izquierdas&#8230; como CiU, vaya.<\/p>\n<p>P.- \u00bfCree que necesita mejorar en la manera de comunicarse con la gente? Algunos le acusaron de ser un poco soso en los mitines. \u00bfO lo importante es el fondo?<\/p>\n<p>R.- En los \u00faltimos 15 a\u00f1os he dado clases en la Universidad. Mi tono es acad\u00e9mico y pedag\u00f3gico y eso no pod\u00eda cambiarse de la noche a la ma\u00f1ana. Pero bueno, me parece haber ido mejorando en los m\u00edtines e incorporando m\u00e1s elementos de discurso pol\u00edtico, sin renunciar a explicar las bondades de la Europa unida. Por cierto, pol\u00edtica es b\u00e1sicamente pedagog\u00eda.<\/p>\n<p>P.- Para cu\u00e1ndo el regreso de CiU a la generalitat? aix\u00f3 \u00e9s un caos!!!<\/p>\n<p>R.- Aix\u00f3 ara no toca&#8230; Pero tambi\u00e9n es verdad que toda elecci\u00f3n tiene un componente de primarias de la siguiente elecci\u00f3n. Si por ejemplo el PSC vuelve a ganar claramente en Catalunya, como hace cinco a\u00f1os, el presidente Montilla dir\u00e1 que los catalanes aprueban su magn\u00edfica gesti\u00f3n y su liderazgo creciente. Las interpretaciones se hacen a gusto en funci\u00f3n de los resultados obtenidos y de las expectativas que se ten\u00edan.<\/p>\n<p>P.- Apoya usted las olimpiadas de Madrid? Yo, como espa\u00f1ol, me averg\u00fcenzo de que nuestro pa\u00eds siga entrando en la carrera por negocios puramente especuladores<\/p>\n<p>R.- Uno Juegos Ol\u00edmpicos son una gran fuente de crecimiento econ\u00f3mico. Si Madrid es elegida hay que apoyarla, porque eso ir\u00e1 en beneficio de todos. Otra cosa es que los JJ.OO. en Madrid conviertan a la ciudad en el centro \u00fanico de todo en Espa\u00f1a: finalmente Espa\u00f1a capital Par\u00eds. PSOE y PP han culminado el viejo sue\u00f1o de Franco, centro \u00fanico de todo, y mientras Madrid crece las dos Castillas se mueren.<\/p>\n<p>P.- No habla uisted mucho de ecolog\u00eda. Por ah\u00ed Romeva le gana eh? Eso s\u00ed, cuente con mi voto<\/p>\n<p>R.- No, no, al contrario. Yo vengo de Mollerussa y he hecho unos cuantos m\u00edtines ah\u00ed. Hemos criticado el fundamentalismo ecologista de ICV. El medio ambiente es gestionable en toda Europa, menos en Catalunya. No podemos convertirno en la reserva india de Europa. En los Monegros conviven el regad\u00edo con las aves, como en toda Europa. \u00bfPor qu\u00e9 se tiene que frenar el desarrollo del canal Segarra-Garrigues?<\/p>\n<p>P.- Catalunya necesita tener el control de sus infraestrcuturas, empezando por El prat. Podr\u00e1n conseguirlo alg\u00fan d\u00b4\u00f1ia, aunque sea por la v\u00eda europea?<\/p>\n<p>R.- La soluci\u00f3n pasa por el Congreso de los Diputados. Europa es modelo de buenas pr\u00e1cticas, cuando en todos los pa\u00edses avanzados, menos Espa\u00f1a, los aeropuertos son gestionados desde el propio territorio, con independencia de gesti\u00f3n. S\u00f3lo en Espa\u00f1a pervive el \u00faltimo modelo sovi\u00e9tico de gesti\u00f3n aeroportuaria gracias a los pactos PP-PSOE. Situvi\u00e9ramos el modelo alem\u00e1n de aeropuertos, hoy desde M\u00e1laga, Valencia, Mallorca, Tenerife y Bilbao habr\u00eda vuelos directos a los Estados Unidos. Ahora todos tienen que pasar por la T-4 de Barajas.<\/p>\n<p>P.- Com \u00e9s que \u00e9s vost\u00e9 a EL MUNDO???? Todo por el voto, mare meva<\/p>\n<p>R.- He ido a todos los sitios que me han invitado. Es m\u00e1s, tengo aqu\u00ed m\u00e1s potenciales votantes que ganar que no en un chat en el Avui, donde he escrito felizmente durante cinco a\u00f1os, y donde los lectores me conocen m\u00e1s. Si aspiramos a ganar las elecciones en Catalunya esto pasa por captar votos de PP y PSOE aburrido por las batallas est\u00e9riles que protagonizan en sus campa\u00f1as.<\/p>\n<p>P.- En una entrevista dijo usted que PSOE y Pp mantienen la pol\u00edtica ling\u00fc\u00edstica de Franco. \u00bfY multar a simples tenderos por no rotualr en catal\u00e1n qu\u00e9 es?<\/p>\n<p>R.- Esta frase es incompleta. Dije que que, internacionalmente, PP y PSOE siguen coincidiendo a\u00fan en vetar cualquier otra lengua que no sea la castellana. Si hay una Ley que establece sanciones por no rotular en catal\u00e1n, como sucede en Madrid,, por ejemplo, con el castellano, esa Ley hay que cumplirla mientras no se cambie.<\/p>\n<p>P.- vebnga, aproveche para decir lindeces al PSOE. primero les echan a ustedes de la generalitat pactando con Dios y su madre y ahora hacen un pacto para largar al nacionalismo de Euskadi. \u00bfQueda alguna sorpresa m\u00e1s? \u00bfSe puede ser m\u00e1s hip\u00f3crita?<\/p>\n<p>R.- Los que venimos escribiendo desde hace a\u00f1os que PP y PSOE comparten el modelo de Estado centralista, en esencia, no nos hemos sorprendido del pacto en Euskadi. Hoy en d\u00eda en todos los parlamentos opriman las l\u00f3gicas territoriales por encima de las antiguas diferencias ideol\u00f3gicas. En Euskadi lo acabamos de ver.<\/p>\n<p>P.- CiU me parec\u00eda un partido razonable, hasta ahora. \u00bfNo cree usted que se han radicalizado? Eso les har\u00e1 perder la buena prensa que ten\u00edan en Espa\u00f1a con Pujol<\/p>\n<p>R.- CiU siempre ha defendido una reducci\u00f3n sustancial del d\u00e9ficit fiscal catal\u00e1n y el traspaso de los aeropuertos, puertos y trenes a la Generalitat. Me siento acompa\u00f1ado por todas las sensibilidades de CiU en ese sentido, por encima de las barreras que algunos han pretendido elevar entre las mismas.<\/p>\n<p>P.- Con su frase kenneydiana del otro d\u00eda creo que ilustr\u00f3 uno de los problemas de loos candidatos. Reducen todo a pol\u00edtica local (Catalunya, espa\u00f1a, etc&#8230;) cuando se trata de elecciones europeas. ustedes tambi\u00e9n tienen culpa de que la gente no entienda nada de lo que se juegan el domingo<\/p>\n<p>R.- Le aconsejo que siga la campa\u00f1a en Dinamarca: se habla de pescadores, ganaderos y dise\u00f1adores de muebles de alto valor a\u00f1adido. Como pueden aprovechar mejor los beneficios de la integraci\u00f3n europea y c\u00f3mo pueden defenderse mejor de directivas hostiles comunitarias. Europa se construye desde la defensa de los intereses locales. Yo he pasado por el Parlamento Europeo y esos son los debates que interesan a la gente. Desde CiU aspiramos a ser tan eficientes en el Parlamento Europeo defendiendo intereses locales catalanes, y de los otros partidos de la coalici\u00f3n, como lo son los daneses con su pa\u00eds.<\/p>\n<p>P.- No cree que 23 lenguas oficiales son suficientes para que la UE funcione? La lucha por la oficialidad del catal\u00e1n o el euskera, bajo mi punto de vista, no tiene mucho sentido<\/p>\n<p>R.- Europa tiene el imperativo moral de reconocer todas las lenguas por igual, tengan o no tengan Estado. El coste ling\u00fc\u00edstico de la UE son 2 euros por ciudadano y a\u00f1o. La mayor\u00eda de los europeos est\u00e1n de acuerdo en defender esta riqueza ling\u00fc\u00edstica europea. Si el catal\u00e1n hoy no es oficial en Europa es porque el PSOE y el PP se niegan a ello. Hay que recordar que Franco prohibi\u00f3 la lengua catalana y gan\u00f3 la guerra con ayuda del r\u00e9gimen nazi. No me resigno a que esto siga siendo as\u00ed, in secula seculorum.<\/p>\n<p>P.- Bona tarda. Quines sensacions t\u00e9 despr\u00e9s de donar el salt a la pol\u00edtica. Lhe vist algunes vegades inc\u00f2mode fent els discursos. ja li ha agafat &#8220;el truco&#8221;?<\/p>\n<p>R.- (Buenas tardes. Qu\u00e9 sensaciones tiene despu\u00e9s de dar el salto a la pol\u00edtica. Le he visto inc\u00f3modo haciendo discursos. Ya le ha cogido el truco?) Intuyo que la pol\u00edtica puede llegar a pasionarme tanto como la docencia. En todo caso, estoy aplicando un m\u00e9todo estrictamente cient\u00edfico: prueba y error, y con pr\u00e1ctica vas ganando soltura y confianza en los m\u00edtines y en los debates.<\/p>\n<p>P.- Esta pregunta se la hago a todos los candidatos. \u00bfPor qu\u00e9 cree que hay una alta absntecni\u00f3n en todas las eelcciones de la UE?<\/p>\n<p>R.- Los estados m\u00e1s centralistas no quieren m\u00e1s Europa. A Correos no le interesa un mercado \u00fanico europeo de servicios postales, porque amenaza su monopolio ineficiente y caro para los catalanes. A Renfe no le interesa un mercado \u00fanico ferroviario europeo, porque comportar\u00eda la liberalizaci\u00f3n del tr\u00e1fico y acabar con el ancho ib\u00e9rico del s. XIX. Para los catalanes m\u00e1s Europa quiere decir menos Espa\u00f1a centralista, menos monopolios madrile\u00f1os ineficientes, m\u00e1s oportunidades de crecimiento econ\u00f3mico y m\u00e1s libertad.<\/p>\n<p>P.- Ha hablado con ignasi Guardans? \u00c9l llevaba mucho tiempo en el puesto y supongo que habr\u00e1n intercambiado algo de informaci\u00f3n, o no&#8230; porque con lo mal que sali\u00f3<\/p>\n<p>R.- Guardans me ha facilitado muchos libros y materiales europeos que le agradezco mucho. \u00c9l ha sido siempre un gran profesional y le deseo la mejor suerte en su nuevo cargo, del cual espero que el cine en lengua catalana pueda recordar su paso con orgullo.<\/p>\n<p>P.- Lamentablemente el se\u00f1or Vidal-Quadras ha demostrado mayor experiencia y conocimientos en Europa que muchos de loos candidatos. No les preocupa que un radical as\u00ed logre m\u00e1s apoyos que ustedes?<\/p>\n<p>R.- Aspiramos a superar al PP en Catalunya claramente, a diferencia de 2004, donde quedamos terceros. Entiendo que el Pp no merece premio por su campa\u00f1a, tambi\u00e9n agresiva y a la contra de la campa\u00f1a del PSOE. En los debates a dos que he visto ha habido mucha bronca y pocas propuestas, mucha Espa\u00f1a y poca Europa. Si CiU no hace un gran resultado electoral PP y PSOE seguir\u00e1n con este tipo de campa\u00f1as en el futuro.<\/p>\n","protected":false},"excerpt":{"rendered":"<p>A cinco d\u00edas de la cita para elegir a los eurodiputados espa\u00f1oles, el cabeza de lista de Coalici\u00f3n Europea (candidatura formada por siete partidos nacionalistas, entre los que se incluyen CiU y el PNV) charla con los lectores de elmundo.es sobre los puntos de su programa. Ramon Tremosa expone sus razones para ser votado el pr\u00f3ximo 7 de junio.<br \/>\n\u00danase al grupo de los encuentros<br \/>\nde elmundo.es en Facebook<\/p>\n","protected":false},"author":1,"featured_media":0,"comment_status":"open","ping_status":"open","sticky":false,"template":"","format":"standard","meta":{"footnotes":""},"categories":[],"tags":[],"class_list":["post-3988","post","type-post","status-publish","format-standard","hentry"],"_links":{"self":[{"href":"https:\/\/intervius.com\/index.html\/wp-json\/wp\/v2\/posts\/3988","targetHints":{"allow":["GET"]}}],"collection":[{"href":"https:\/\/intervius.com\/index.html\/wp-json\/wp\/v2\/posts"}],"about":[{"href":"https:\/\/intervius.com\/index.html\/wp-json\/wp\/v2\/types\/post"}],"author":[{"embeddable":true,"href":"https:\/\/intervius.com\/index.html\/wp-json\/wp\/v2\/users\/1"}],"replies":[{"embeddable":true,"href":"https:\/\/intervius.com\/index.html\/wp-json\/wp\/v2\/comments?post=3988"}],"version-history":[{"count":0,"href":"https:\/\/intervius.com\/index.html\/wp-json\/wp\/v2\/posts\/3988\/revisions"}],"wp:attachment":[{"href":"https:\/\/intervius.com\/index.html\/wp-json\/wp\/v2\/media?parent=3988"}],"wp:term":[{"taxonomy":"category","embeddable":true,"href":"https:\/\/intervius.com\/index.html\/wp-json\/wp\/v2\/categories?post=3988"},{"taxonomy":"post_tag","embeddable":true,"href":"https:\/\/intervius.com\/index.html\/wp-json\/wp\/v2\/tags?post=3988"}],"curies":[{"name":"wp","href":"https:\/\/api.w.org\/{rel}","templated":true}]}}