{"id":3915,"date":"2009-09-10T00:00:00","date_gmt":"2006-11-06T00:00:00","guid":{"rendered":"https:\/\/intervius.com\/index.html\/?p=3915"},"modified":"2006-11-06T00:00:00","modified_gmt":"2006-11-06T00:00:00","slug":"Neill_Blomkamp3915","status":"publish","type":"post","link":"https:\/\/intervius.com\/index.html\/Neill_Blomkamp3915\/","title":{"rendered":"Neill Blomkamp"},"content":{"rendered":"<p>Pregunta.- Enhorabuena por el filme, todav\u00eda no la he visto pero si he visto los trailers y le\u00eddo sobre el. Mi pregunta es \u00bfes la pel\u00edcula una f\u00e1bula sobre la intolerancia, sobre la imposibilidad de la especie humana? o \u00bfpuro escapismo al mejor estilo de evasi\u00f3n Hollywoodense?. Gracias por la respuesta.<\/p>\n<p>Respuesta.- La pel\u00edcula es una met\u00e1fora del racismo y la xenofobia. Trata la idea de la globalizaci\u00f3n y el choque y la colisi\u00f3n de distintas razas. Pero lo que he intentado hacer es lograr un equilibrio entre el entretenimiento y todos mis aspectos favoritos de la ciencia ficci\u00f3n: armas, naves espaciales, explosiones&#8230; con un comentario social muy serie. T\u00fa tendr\u00e1s que decidir como espectador si he logrado ese equilibrio.<\/p>\n<p>P.- \u00bfSu pel\u00edcula favorita de Peter Jackson? Yo me quedo con Braindead<\/p>\n<p>R.- Buena pregunta. Nadie me ha preguntado eso antes. Creo que El retorno del rey ser\u00eda mi favorita, seguida por La comunidad del anillo. La trilog\u00eda de El se\u00f1or de los anillos me ha impactado mucho. En muy pocos casos hemos visto un director que ha creado un mundo entero, tan rico, un mundo nuevo con tanta profundidad. Pero tambi\u00e9n disfruto mucho con sus primeras pel\u00edculas como Braindead, pero El se\u00f1or de los anillos es excepcional.<\/p>\n<p>P.- Un director de apenas 30 a\u00f1os, que obtiene un \u00e9xito de cr\u00edtica y p\u00fablico enorme con una pel\u00edcula de ciencia ficci\u00f3n y que adem\u00e1s es guionista y proviene del campo de los efectos visuales, \u00bfEs el nuevo James Cameron?<\/p>\n<p>R.- Es divertido lo que dices. Cumplo 30 el jueves que viene. James Cameron es el director que m\u00e1s me ha influido. Espero que haya una m\u00ednima esperanza de que pueda ser el nuevo James Cameron, pero creo que tengo muy pocas posibilidades. Alliens es mi pel\u00edcula favorita.<\/p>\n<p>P.- \u00bfCree en la vida extraterrestre? Si alg\u00fan d\u00eda nos visitan, \u00bfser\u00e1 parecido a lo que veremos en District 9?<\/p>\n<p>R.- S\u00ed, creo. La respuesta es un poco complicada. Los aliens de District 9 son presentados de una forma muy realista en la pel\u00edcula, pero no se ajustan para nada a mi visi\u00f3n de los aliens. Creo que hay vida por todo el universo en todos los planetas, igual que en el planeta Tierra. Creo que una vez que esa vida llega a ser una civilizaci\u00f3n, se destruye, se aniquilan entre ellos, lo que es posible que ocurra tambi\u00e9n en la Tierra. Si esa civilizaci\u00f3n lograse escapar de esa destrucci\u00f3n creo que llegar\u00edan a convertirse en seres cibern\u00e9ticos.<\/p>\n<p>P.- Neill, \u00bfLa versi\u00f3n que veremos en los cines es la suya, es la de los productores o una mixta? \u00bfHabr\u00e1 un montaje del director?<\/p>\n<p>R.- (Risas) La pel\u00edcula que est\u00e1 en los cines ahora mismo es mi visi\u00f3n, se ajusta a lo que yo ten\u00eda en mente cuando surgi\u00f3 la idea hace dos a\u00f1os. Si la pel\u00edcula respondiese a la visi\u00f3n de los productores responder\u00eda a la visi\u00f3n de Peter Jackson, el \u00fanico productor. Pero desde el principio Peter dijo que lo que quer\u00eda hacer era proteger mi visi\u00f3n de la pelicula, que hiciese lo que quisiera hacer. No habr\u00e1 un montaje del director porque la pel\u00edcula es la que yo quer\u00eda.<\/p>\n<p>P.- Buenas!!! Alg\u00fan dia me gustaria trabajar en la industria del cine, quiz\u00e1s de directora, de guionista o incluso de c\u00e1mara. Como usted es director le preguntar\u00e9 sobre ese campo: \u00bfPor qu\u00e9 es usted director? \u00bfQu\u00e9 es lo mejor? \u00bfY lo peor? Muchas gracias. S\u00f3lo me queda preguntarle lo mismo a un guionista y a un c\u00e1mara y ya me decidir\u00e9. LoL<\/p>\n<p>R.- Es mi primer largometraje, pero completar un proyecto a esta escala es muy gratificante. Es incre\u00edblemente dif\u00edcil de hacer, pero la gratificaci\u00f3n es \u00fanica. Personalmente, para m\u00ed el poder plasmar en una pel\u00edcula una idea que naci\u00f3 en mi mente y poder darle vida como yo he imaginado es la forma de expresi\u00f3n m\u00e1s incre\u00edble que hay, el no va m\u00e1s. La peor parte para m\u00ed es el rodaje, tenemos el proceso de escritura, el proceso de dise\u00f1o, el proceso de preparaci\u00f3n, rodaje, edici\u00f3n, efectos especiales, dise\u00f1o de sonido y m\u00fasica, digitalizar los colores. Lo peor es el rodaje, para m\u00ed con diferencia. Odio trabajar con actores y siempre tienes que luchar con horarios, tiempos, est\u00e1s cediendo en el rodaje en esa lucha.<\/p>\n<p>P.- \u00bfPor qu\u00e9 los actores son todos desconocidos? \u00bfPara ahorrar presupuesto para los efectos especiales o para dar mayor realismo a la pel\u00edcula?<\/p>\n<p>R.- La raz\u00f3n es para que la pel\u00edcula sea lo m\u00e1s realista posible. Quer\u00eda que el p\u00fablico sintiera que todo era real. Un actor famoso puede romper esa ilusi\u00f3n. El actor principal era amigo m\u00edo del instituto, tiene much\u00edsimo talento. Es posible que ahora se haga mucho m\u00e1s conocido, por su m\u00e9rito.<\/p>\n<p>P.- \u00a1Hola! He le\u00eddo por ah\u00ed que su pel\u00edcula podr\u00eda convertirse en un cl\u00e1sico de la ciencia ficci\u00f3n, pese a su corto recorrido comercial; considerando que los \u00faltimos cl\u00e1sicos sean quiz\u00e1 Alien (1979) y Blade Runner (1982), \u00bfsignifica eso para usted que la ciencia ficci\u00f3n pura y dura ya no es lo que era? Gracias, y enhorabuena por su \u00e9xito. nitinho (A Coru\u00f1a)<\/p>\n<p>R.- Creo que Alliens es del 86 y Matrix es del 99, considero que las dos son cl\u00e1sicos. Pero s\u00ed creo que la d\u00e9cada de los 70 y 80 tiene el mayor n\u00famero de cl\u00e1sicos. No s\u00e9 porqu\u00e9 ha menguado esa trayectoria, tal vez por el aumento de los gr\u00e1ficos generados por ordenador y que la idea del espect\u00e1culo tiene que tener m\u00e1s peso que las ideas. Respecto a que District 9 sea un cl\u00e1sico, creo que es un poco dif\u00edcil de creer, espero que sea cierto.<\/p>\n<p>P.- \u00bfPor qu\u00e9 Sud\u00e1frica? \u00bfPor ser el eje de la pel\u00edcula comparable al apartheid de Sud\u00e1frica? \u00bfNo lo considera pol\u00e9mico o que pueda revolver heridas del pasado?<\/p>\n<p>R.- Se puede pensar que la pel\u00edcula dar\u00e1 controversia, pero los temas no son solo de Sudafrica, aunque es verdad que transcurre all\u00ed y trata del apartheid. Trata de ideas universales. Toma lugar en Sud\u00e1frica porque ese fue el gen\u00e9sis, hacer una pel\u00edcula de ciencia ficci\u00f3n en Sud\u00e1frica. Para m\u00ed no hubo duda, quer\u00eda ver ciencia ficci\u00f3n en la ciudad en la que yo me hab\u00eda criado.<\/p>\n<p>P.- Hola Neill, antes que nada felicitarte por tu nuevo trabajo. Me gustar\u00eda preguntarte por el proyecto de &#8220;Halo&#8221;, si hay alguna posibilidad de retomarlo despu\u00e9s de que fuera cancelado por Peter Jackson. Creo que tu talento y visi\u00f3n aportan una perspectiva renovadora muy necesaria para el g\u00e9nero de la ciencia ficci\u00f3n. Gracias y un saludo<\/p>\n<p>R.- No quiero hacer Halo. Trabaj\u00e9 cinco meses en esa pel\u00edcula y los estudios crearon una situaci\u00f3n que provoc\u00f3 que todo se fuese al pique, por motivos pol\u00edticos fuera de control de Peter y m\u00ed. A \u00e9l le entristeci\u00f3 tanto como a m\u00ed. Me encanta el mundo creativo de Halo y me encantar\u00eda trabajar en ese universo, pero no me interesa retomar Halo despu\u00e9s de ver c\u00f3mo se comportaron los estudios. District 9 me ha ense\u00f1ado a conf\u00edar en mis propios conceptos y quiero hacer mis historias, contar lo que yo quiera contar.<\/p>\n<p>P.- Hola Neill, \u00bfte gustar\u00eda trabajar con tu compatriota sudafricana Charlize Theron?<\/p>\n<p>R.- S\u00ed, claro. Nunca lo hab\u00eda pensado, pero creo que tiene mucho talento. S\u00ed, me gustar\u00eda.<\/p>\n<p>P.- Hola Neill, usted integra los efectos especiales dentro de sus historias pero sin buscar espectacularidad, sino realismo. \u00bfQu\u00e9 nota le pone al equipo de posproducci\u00f3n de D-9, entre los que se encuentra alg\u00fan espa\u00f1ol? Un saludo.<\/p>\n<p>R.- Les dar\u00eda un Cuatro empresas distintas trabajaron los efectos especiales, tres en Canad\u00e1 y una en Nueva Zelanda. Creo que todos los que trabajaron en la pel\u00edcula tienen un talento extraordinario. Todos estaban implicados en la pel\u00edcula, lo que es lo m\u00e1s importante, eso se nota en el resultado final y hace que el trabajo sea mejor.<\/p>\n<p>P.- Estimado Neill, a qu\u00e9 te hubieras dedicado si no hubieras conseguido triunfar en el mundo del cine?. Un saludo, Arturo.<\/p>\n<p>R.- He querido trabajar en cine desde los 10 a\u00f1os as\u00ed que es dif\u00edcil imaginar otra carrera para m\u00ed, pero las dos cosas que siempre me han llamado la atenci\u00f3n son alistarme en el ej\u00e9rcito o ser reportero de guerra. Creo que probar\u00eda a alistarme en el ej\u00e9rcito y seguramente luego lo dejar\u00eda&#8230;<\/p>\n<p>P.- Casi todos los d\u00edas veo en Twitter que &#8220;District 9&#8221; aparece en los Trending Topics y he le\u00eddo algunos comentarios de que es muy buena. \u00bfCrees que este tipo de cosas favorecen la difusi\u00f3n de la pel\u00edcula?<\/p>\n<p>R.- S\u00ed, creo que totalmente. Las redes sociales, las p\u00e1ginas web, cada vez tendr\u00e1n m\u00e1s y m\u00e1s importantes, hasta llegar a ser lo m\u00e1s importante. Los seres humanos pueden comunicarse con millones de seres humanos en un instante. Llegar\u00e1 un momento en el que lo que la gente piense y diga tendr\u00e1 m\u00e1s importancia que cualquier campa\u00f1a publicitaria. Esto har\u00e1 que s\u00f3lo el trabajo realmente bueno sea el que llegue.<\/p>\n<p>P.- Es tu primera pel\u00edcula como director y ha sido todo un \u00e9xito en taquilla, como te sientes, que va ha ser lo pr\u00f3ximo?. V\u00edctor<\/p>\n<p>R.- Todav\u00eda falta mucho, no quiero desvelarlo todo, pero puedo decir que voy a ponerme de lleno en este nuevo proyecto en un par de semanas. Es tambi\u00e9n ciencia ficci\u00f3n, pero muy diferente a District 9.<\/p>\n<p>P.- Felicidades Neill. Ver\u00e9 su pel\u00edcula pero su idea ya me parece brillante y sobre todo humana. \u00bfCree usted que los aliens reflejados en su pel\u00edcula alg\u00fan d\u00eda llegar\u00e1n a entender el mensaje que usted transmite en ella y que compartimos la inmensa mayor\u00eda de los humanos? \u00bfCree usted que existir es cuesti\u00f3n de resistir? En cualquier caso gracias por su existencia. Sergio<\/p>\n<p>R.- T\u00edo, est\u00e1s loco&#8230; (risas)<\/p>\n<p>P.- Porque tendr\u00edamos que ir a ver Distric 9? Nos la recomiendas? Gracias V\u00edctor.<\/p>\n<p>R.- Depende de las pelis que te interesen, pero si te gustan las pel\u00edculas de g\u00e9nero y de ciencia ficci\u00f3n, te la recomiendo absolutamente. La raz\u00f3n por la que la he hecho es porque quer\u00eda hacer una pel\u00edcula de ciencia ficci\u00f3n inusual, poco com\u00fan. Es una pel\u00edcula, creo, extra\u00f1a, \u00fanica y muy interesante.<\/p>\n","protected":false},"excerpt":{"rendered":"<p>Peter Jackson, director y productor de la trilog\u00eda El se\u00f1or de los anillos, confi\u00f3 en su talento para dirigir District 9. Neill Blomkamp ha conseguido el n\u00famero uno en la taquilla de EEUU con m\u00e1s de 93 millones de d\u00f3lares acumulados hasta el momento. La pel\u00edcula llega el 11 de septiembre a los cines de toda Espa\u00f1a.<br \/>\n\u00danase al grupo de los encuentros<br \/>\nde elmundo.es en Facebook<\/p>\n","protected":false},"author":1,"featured_media":0,"comment_status":"open","ping_status":"open","sticky":false,"template":"","format":"standard","meta":{"footnotes":""},"categories":[],"tags":[],"class_list":["post-3915","post","type-post","status-publish","format-standard","hentry"],"_links":{"self":[{"href":"https:\/\/intervius.com\/index.html\/wp-json\/wp\/v2\/posts\/3915","targetHints":{"allow":["GET"]}}],"collection":[{"href":"https:\/\/intervius.com\/index.html\/wp-json\/wp\/v2\/posts"}],"about":[{"href":"https:\/\/intervius.com\/index.html\/wp-json\/wp\/v2\/types\/post"}],"author":[{"embeddable":true,"href":"https:\/\/intervius.com\/index.html\/wp-json\/wp\/v2\/users\/1"}],"replies":[{"embeddable":true,"href":"https:\/\/intervius.com\/index.html\/wp-json\/wp\/v2\/comments?post=3915"}],"version-history":[{"count":0,"href":"https:\/\/intervius.com\/index.html\/wp-json\/wp\/v2\/posts\/3915\/revisions"}],"wp:attachment":[{"href":"https:\/\/intervius.com\/index.html\/wp-json\/wp\/v2\/media?parent=3915"}],"wp:term":[{"taxonomy":"category","embeddable":true,"href":"https:\/\/intervius.com\/index.html\/wp-json\/wp\/v2\/categories?post=3915"},{"taxonomy":"post_tag","embeddable":true,"href":"https:\/\/intervius.com\/index.html\/wp-json\/wp\/v2\/tags?post=3915"}],"curies":[{"name":"wp","href":"https:\/\/api.w.org\/{rel}","templated":true}]}}