{"id":3911,"date":"2009-09-11T00:00:00","date_gmt":"2006-11-06T00:00:00","guid":{"rendered":"https:\/\/intervius.com\/index.html\/?p=3911"},"modified":"2006-11-06T00:00:00","modified_gmt":"2006-11-06T00:00:00","slug":"Alive3911","status":"publish","type":"post","link":"https:\/\/intervius.com\/index.html\/Alive3911\/","title":{"rendered":"Alive"},"content":{"rendered":"<p>Pregunta.- Hola! \u00bfC\u00f3mo llev\u00e1is lo de tener vuestra propia discogr\u00e1fica? \u00bfEs cierto que las grandes discogr\u00e1ficas vetan en las emisoras de radio las canciones que no son suyas? \u00bfOs sent\u00eds discriminados? En mi opini\u00f3n merecer\u00edais codearos con los grandes! Un beso<\/p>\n<p>Respuesta.- Hola! Tener nuestro sello discogr\u00e1fico creemos que ha sido un gran acierto. Es verdad que tiene mucho trabajo, pero tiene sus partes positivas. Desconocemos que las grandes discogr\u00e1ficas veten canciones que no son suyas, pero es un mundo muy exclusivo y cuesta meterse (poco a poco lo vamos consiguiendo). Muchas gracias por el apoyo! BEsos<\/p>\n<p>P.- Para Marta: \u00bfQu\u00e9 m\u00fasica te gusta? \u00bfOs ha influido alg\u00fan grupo en concreto?. Vuestro v\u00eddeo me parece ochentero y no lo veo acorde con la canci\u00f3n. \u00bfEs que teneis a\u00f1oranza de los 80? \u00bfPor qu\u00e9 reivindicar los 80 en el siglo XXI?. Para Diego: La verdad que no me gusta cuando sales en el v\u00eddeo de &#8220;Quien me iba&#8230;.&#8221; as\u00ed parado como un pasmarote con gorra cuando Marta canta, \u00bfExactamente que significa esa pose?.<\/p>\n<p>R.- Marta: me gusta mucho St Etienne, Kylie,&#8230; y grupos que me hayan influido muchos, pero cada uno en su justa medida. Tambi\u00e9n me gusta Fangoria, los primeros Astrud&#8230; Sobre los 80&#8230; para nada reivindicamos los 80, vivimos en la actualidad, y el video nos encanta, aunque asumimos que nunca gustar\u00e1 por igual a todos, qu\u00e9 se le va a hacer&#8230; Diego: igual que comenta Marta, no pretendemos gustar a todo el mundo. Simplemente es el papel que suelo jugar y en el que me siento m\u00e1s c\u00f3modo&#8230; a parte de eso: \u00bfte gusta nuestra m\u00fasica? Gracias!<\/p>\n<p>P.- Muy buenas, Marta y Diego! Conoc\u00ed vuestra m\u00fasica cuando os present\u00e1steis a la preselecci\u00f3n para Eurovisi\u00f3n hace un par de a\u00f1os. \u00bfLo volver\u00edais a intentar? Conozco a unos cuantos a los que nos har\u00eda ilusi\u00f3n!<\/p>\n<p>R.- Aunque ahora mismo no lo pensamos para este o el siguiente a\u00f1o, siempre hemos hablado entre nosotros componer la canci\u00f3n perfecta para Eurovisi\u00f3n&#8230; as\u00ed que qui\u00e9n sabe. No estar\u00eda mal!<\/p>\n<p>P.- \u00bfQUI\u00c9N OS IBA A DECIR QUE OS OCURRIR\u00cdA ESTO A VOSOTROS? Mister Louis<\/p>\n<p>R.- Hola Mister Louis! Es verdad&#8230; a veces perdemos un poco la referencia de lo que cuesta llegar. Y f\u00edjate, ahora en ElMundo, haciendo videoclips preciosos, y sesiones con los mejores fot\u00f3grafos&#8230; qui\u00e9n nos lo iba a decir. Eso s\u00ed, todo est\u00e1 por empezar&#8230;. Besos!<\/p>\n<p>P.- Adem\u00e1s de interpretes sois autores de vuestros temas, en que os inspirais??? en vuestras experenicas? entoces tener cuidado con las &#8220;amistades peligrosas&#8221;!!!!!!<\/p>\n<p>R.- Pues nos inspiramos en muchas cosas: desde situaciones cotidianas nuestras (cenas con amistades peligrosas), hasta conversaciones que escuchamos, o frases de libros que leemos&#8230; Algunas canciones son totalmente personales, y otras algo cinematogr\u00e1ficas. Las nuevas que estamos componiendo esperamos que sean a\u00fan mejores. Besos!<\/p>\n<p>P.- \u00bfC\u00f3mo puedo participar en el concurso de remezclas? Me interesa.<\/p>\n<p>R.- S\u00ed, todav\u00eda est\u00e1s a tiempo de remezclar el nuevo single &#8220;Acelerada&#8221;. Tanto en nuestra web www.alive.com.es, como en www.facebook.com\/alivepop o www.myspace.com\/alivepop tienes los enlaces para descargarte las pistas. An\u00edmate porque nos encanta que nos remezclen!<\/p>\n<p>P.- Y digo yo&#8230; \u00bfcu\u00e1les son vuestros discos del a\u00f1o? Besos y mil sue\u00f1os compartidos. Aviador DeLuxe ;))<\/p>\n<p>R.- Buena pregunta! Este a\u00f1o hay una explosi\u00f3n electropop que nos encanta como Little Boots, etc Pero Lady Gaga nos ha marcado, estamos muy a favor de su figura. Hac\u00eda tiempo que no llegaba un personaje tan fuerte a la cultura pop. M\u00e1s que discos lo que nos est\u00e1n gustando son muchos temas como el de Sally Shapiro, o el de Dragonette con Solveig,&#8230; que son canciones perfectas! Y ahora mucho pop escandinavo (queda bien decirlo siempre) Besos Aviador<\/p>\n<p>P.- \u00bfCon quien os gustar\u00eda compartir escenario?<\/p>\n<p>R.- Hay muchos grupos que nos gustan y que nos encantar\u00eda de alguna forma compartir escenario con ellos, y no todos son de nuestro estilo. Marta: a m\u00ed me gustar\u00eda con Kylie y con Brandon de The Killers. Otro grupo que ser\u00eda fant\u00e1stico ser\u00eda Bodies Without Organs. Podr\u00eda ser un festival muy divertido! Diego: para no llevarme la contraria con Pet Shop Boys, y con alg\u00fan grupo que ya es imposible porque o se han separado o est\u00e1n a punto de hacerlo.<\/p>\n<p>P.- Y despues de Acelerada&#8230; \u00bfqu\u00e9 candidatas hay para el siguiente single? No es hora de sacar a pasear a Lolita??. Kisses de el peque\u00f1o alive (es que ha aprendido a escribir muy rapido).<\/p>\n<p>R.- Pues ahora mismo estamos acabando de cerrar todo lo que tiene que ver con Acelerada, as\u00ed que no nos hemos puesto a discutir entre nosotros. Marta: yo lo tengo muy claro. Diego: yo no tanto. Alguna sorpresa habr\u00e1, pero es posible que Lolita no sea&#8230; (o s\u00ed?). No nos gusta anticipar nada y que todo sea sorpresa. Besos peque\u00f1o alive<\/p>\n<p>P.- Vuestro nuevo disco que incluye canciones ya editadas o publicadas por internet anteriormente, \u00bfpodr\u00eda considerarse un primer grandes \u00e9xitos? \u00bfCu\u00e1nto tiempo hab\u00e9is pasado componiendo las canciones que incluye? \u00bfC\u00f3mo os repart\u00eds la composici\u00f3n de canciones? Gracias<\/p>\n<p>R.- Tienes raz\u00f3n que en este disco se encuentra alguna canci\u00f3n que se hab\u00eda podido encontrar antes. Quiz\u00e1s es una recopilaci\u00f3n del trabajo que hemos hecho con Juan Sueiro, el productor. Quitando eso, pr\u00e1cticamente 8 o 9 temas son nuevos o cambiados. Estos 8 o 9 temas los hicimos en pr\u00e1cticamente 3 meses, porque cada tema que compon\u00edamos nos gustaba m\u00e1s que el anterior. Tenemos bastantes canciones que aunque nos gustan mucho se tuvieron que quedar fuera. Las composiciones suelen ser m\u00e1s o menos al 50%. Primero Diego suele programar algunas bases, o melod\u00edas, y despu\u00e9s las letras y resto de canciones las terminamos conjuntamente. Gracias!<\/p>\n<p>P.- Y esta noche en la sala Garibaldi \u00bfqu\u00e9 sorpresas nos esperan?. Marta, \u00bfcamale\u00f3nica? Diego \u00bfhar\u00e1s alg\u00fan coro?. Estoy inquieta.<\/p>\n<p>R.- \u00bfVendr\u00e1s al concierto? Ser\u00eda una pena desvelar las sorpresas antes de vernos. Desde luego que alguna hay, siempre lo intentamos. Y sobre todo estamos intentando ampliar cada vez m\u00e1s la puesta en escena. Esta noche lo ver\u00e1s&#8230; Besos!<\/p>\n<p>P.- Teniendo en cuenta lo mucho que cuid\u00e1is la imagen, y los espectaculares v\u00eddeo-clips que hab\u00e9is rodado hasta el momento, \u00bfhab\u00e9is pensado en publicar vuestros v\u00eddeos en alguna edici\u00f3n o recopilaci\u00f3n futura? Suerte con el concierto de Madrid.<\/p>\n<p>R.- Pues&#8230; justamente esta semana empezamos a hablar de esa posibilidad. No hay nada cerrado, pero s\u00ed que nos apetece hacer algo diferente. Nos encantar\u00eda incluir videos, remezclas, e incluso alguna canci\u00f3n de las que llamamos cara B nueva. Tiempo al tiempo. Ahora estamos pensando en este y en el siguiente single, y luego nos pondremos a darle vueltas. Gracias!<\/p>\n<p>P.- Hola Alive, este pa\u00eds nos televisa cada d\u00eda el \u00e9xito f\u00e1cil, el estar ah\u00ed sin ser nada, las emociones precocinadas a la carta y en directo, &#8230; \u00bfc\u00f3mo se lleva trabajar por un proyecto real, propio como Lol, \u00e1ng y apr?, \u00bfcomo se lleva el esfuerzo sin prime-time inmediato?, \u00bfcomo se lleva querer estar ah\u00ed s\u00f3lo por lo que uno hace?&#8230; \u00bfalgo falla?<\/p>\n<p>R.- Esta pregunta necesitar\u00eda por lo menos una tarde tomando un caf\u00e9 para contestarla! S\u00ed, estamos de acuerdo con lo que comentas. Es muy duro y las cosas nunca salen como quieres, pero cuando consigues que con un disco y una discogr\u00e1fica tuya colarte en alg\u00fan espacio se saborea el resto. Por otra parte la libertad que tenemos en todo lo que hacemos es m\u00e1xima, as\u00ed que tambi\u00e9n tiene su recompensa. Desde luego que algo falla cuando la industria musical y televisiva no hace nada nuevo en muchos a\u00f1os. Como dice nuestra canci\u00f3n: no hay que ser cobarde y lanzarse, es nuestro mejor consejo.<\/p>\n<p>P.- \u00a1\u00a1Hola chicos!! Me encanta vuestro nuevo disco y lo mucho que cuid\u00e1is vuestros v\u00eddeos y a vuestros fans. \u00bfPens\u00e1is meter en pr\u00f3ximos discos colaboraciones con otros artistas? Besos y nos vemos en el concierto de Madrid. Camilo.<\/p>\n<p>R.- Gracias Camilo. Intentamos cuidar todo al m\u00e1ximo, as\u00ed que se agradece cuando alguien lo aprecia! Colaboraciones&#8230; lo hemos pensado alguna vez, y no nos desagrada la idea. A d\u00eda de hoy no tenemos nada en firme. Cuando hay que elegir colaboraciones no nos ponemos de acuerdo. Tendr\u00eda que ser algo coherente con lo que hemos hecho hasta ahora&#8230; o algo totalmente sorprendente. Eso s\u00ed: se admiten todo tipo de sugerencias! Besos<\/p>\n<p>P.- \u00bf a qu\u00e9 pel\u00edcula os gustar\u00eda haberle puesto banda sonora ?<\/p>\n<p>R.- Alguna vez hemos pensado que ser\u00eda bonito hacer una banda sonora, un musical (cl\u00e1sico), etc con nuestras canciones. Pensamos que son temas que se pueden ajustar a cualquier estilo. Eso s\u00ed, no tenemos ahora en mente una pel\u00edcula a la que nos habr\u00eda gustado ponerle banda sonora. Cualquiera que nos haya emocionado ser\u00eda candidata. Por ahora nos ponemos muy contentos con poner banda sonora a la vida de los dem\u00e1s, es muy gratificante.<\/p>\n<p>P.- Vuestra m\u00fasica va dirigida hacia un p\u00fablico muy concreto. Os hab\u00e9is planteado hacer otro tipo de m\u00fasica que pueda llegar a otro tipo de gente y tener as\u00ed m\u00e1s adeptos?<\/p>\n<p>R.- En esto no podemos estar m\u00e1s en desacuerdo, lo sentimos. Nuestra m\u00fasica es pop, hay melod\u00edas, bases de baile o arreglos diferentes,&#8230; nos escucha gente muy heterog\u00e9nea y de todas las edades. No nos planteamos hacer otro tipo de m\u00fasica, no sabr\u00edamos. Esta es la m\u00fasica que nos gusta y sabemos hacer. Lo contrario ser\u00eda ir en contra de nuestros principios.<\/p>\n<p>P.- Hola. \u00bfA qu\u00e9 os dedic\u00e1is adem\u00e1s de a la m\u00fasica? \u00bfQu\u00e9 hab\u00e9is hecho hasta ahora en vuestras vidas?<\/p>\n<p>R.- Como dice la letra de &#8220;Acelerada&#8221; nos dedicamos a la vida contemplativa. Hasta ahora hemos intentado hacer con nuestra vida lo m\u00e1ximo para aprovechar el tiempo y disfrutarlo siempre, y sobre todo de no arrepentirnos de no haberlo intentado.<\/p>\n<p>P.- \u00bfPor qu\u00e9 se llama as\u00ed el disco?<\/p>\n<p>R.- Buena pregunta. Para ser sinceros no era nuestra primera opci\u00f3n (ni la segunda). Pens\u00e1bamos ponerle un t\u00edtulo m\u00e1s corto, pero cuando le dimos vueltas a un comentario de Juan Sueiro, el productor, sobre el t\u00edtulo vimos que era perfecto: el disco es variado, es ir\u00f3nico y dulce a la vez, y sobre todo nos hemos dado cuenta de que cada d\u00eda seguimos aprendiendo sobre hacer m\u00fasica. Tambi\u00e9n es verdad que llama la atenci\u00f3n, no lo vamos a negar.<\/p>\n<p>P.- Para cuando una visita a Sevilla?? y de paso os marc\u00e1is un dueto en vivo con mis amigos de Electronikboy como este pasado domingo en Barcelona. Felicidades!!<\/p>\n<p>R.- Nos encantar\u00eda ir a Sevilla! De hecho hace un tiempo se cancel\u00f3 a \u00faltima hora un proyecto para ir. Pero iremos, seguro. Marta: s\u00ed, este fin de semana pasado fue incre\u00edble compartir escenario con Electronikboy. Algo muy especial para m\u00ed.<\/p>\n<p>P.- Hola chicos, explicadnos que v\u00e9is en comun entre Existe un Lugar y Lolita, Angel y Aprendiz y en qu\u00e9 se basa la evoluci\u00f3n \u00bfque parte se debe a Juan Sueiro y qu\u00e9 parte a vosotros mismos?. En el pr\u00f3ximo quiero ver a JavierGarcia porfavooor. Besos, Kimi.<\/p>\n<p>R.- Buena pregunta. En com\u00fan vemos mucho: creemos que ha habido una evoluci\u00f3n (como t\u00fa dices) pero no un cambio. Hemos crecido en las composiciones, en la voz, en las letras&#8230; Con Juan Sueiro el proceso ha sido completamente diferente, hemos partido de cero, mientras que en Existe Un Lugar ten\u00edamos una serie de canciones terminadas. Habr\u00e1 colaboraciones con JavierGarc\u00eda, seguro, es nuestro Gaud\u00ed personal de la m\u00fasica.<\/p>\n","protected":false},"excerpt":{"rendered":"<p>Pregunta.- Hola! \u00bfC\u00f3mo llev\u00e1is lo de tener vuestra propia discogr\u00e1fica? \u00bfEs cierto que las grandes discogr\u00e1ficas vetan en las emisoras de radio las canciones que no son suyas? \u00bfOs sent\u00eds discriminados? En mi opini\u00f3n merecer\u00edais<span class=\"theme-excerpt-more\"> [&#8230;] <a href=\"https:\/\/intervius.com\/index.html\/Alive3911\/\" title=\"Alive\">Read More<\/a><\/span><\/p>\n","protected":false},"author":1,"featured_media":0,"comment_status":"open","ping_status":"open","sticky":false,"template":"","format":"standard","meta":{"footnotes":""},"categories":[],"tags":[],"class_list":["post-3911","post","type-post","status-publish","format-standard","hentry"],"_links":{"self":[{"href":"https:\/\/intervius.com\/index.html\/wp-json\/wp\/v2\/posts\/3911","targetHints":{"allow":["GET"]}}],"collection":[{"href":"https:\/\/intervius.com\/index.html\/wp-json\/wp\/v2\/posts"}],"about":[{"href":"https:\/\/intervius.com\/index.html\/wp-json\/wp\/v2\/types\/post"}],"author":[{"embeddable":true,"href":"https:\/\/intervius.com\/index.html\/wp-json\/wp\/v2\/users\/1"}],"replies":[{"embeddable":true,"href":"https:\/\/intervius.com\/index.html\/wp-json\/wp\/v2\/comments?post=3911"}],"version-history":[{"count":0,"href":"https:\/\/intervius.com\/index.html\/wp-json\/wp\/v2\/posts\/3911\/revisions"}],"wp:attachment":[{"href":"https:\/\/intervius.com\/index.html\/wp-json\/wp\/v2\/media?parent=3911"}],"wp:term":[{"taxonomy":"category","embeddable":true,"href":"https:\/\/intervius.com\/index.html\/wp-json\/wp\/v2\/categories?post=3911"},{"taxonomy":"post_tag","embeddable":true,"href":"https:\/\/intervius.com\/index.html\/wp-json\/wp\/v2\/tags?post=3911"}],"curies":[{"name":"wp","href":"https:\/\/api.w.org\/{rel}","templated":true}]}}