{"id":3905,"date":"2009-09-16T00:00:00","date_gmt":"2006-11-06T00:00:00","guid":{"rendered":"https:\/\/intervius.com\/index.html\/?p=3905"},"modified":"2006-11-06T00:00:00","modified_gmt":"2006-11-06T00:00:00","slug":"Tarsilo_Piles3905","status":"publish","type":"post","link":"https:\/\/intervius.com\/index.html\/Tarsilo_Piles3905\/","title":{"rendered":"T\u00e1rsilo Piles"},"content":{"rendered":"<p>Pregunta.- \u00bfPor qu\u00e9 no contest\u00f3 con concreci\u00f3n a las pregunta de Eduardo Escart\u00edn en la Junta? 1.-Sabe en qu\u00e9 consiste el proyecto de Savia Nueva? 2.-Piensan aplicarlo? 3.- Si la respuesta a la segunda pregunta es no. Diganos que inconveniente de tipo jur\u00eddico o econ\u00f3mico ver\u00eda al proyecyo?<\/p>\n<p>Respuesta.- S\u00ed que conozco el proyecto de Savia Nueva. En este momento, la Ley de Sociedades regula c\u00f3mo se funciona en la asamblea de una sociedad y yo no puedo cambiar esa ley. Se vota por la participaci\u00f3n.<\/p>\n<p>P.- Buenos d\u00edas Se\u00f1or Piles. Le pido una respuesta sincera. Tras la ayuda de Bancaja y Generalitat para dar viabilidad y paz social al club, \u00bfc\u00f3mo valora que otros clubes deportivos, como Levante o Valencia Basket, no obtengan las mismas facilidades para forjar sus futuros Muachas gracias.<\/p>\n<p>R.- Como aficionado al deporte, me interesa que todo el deporte de la Comunidad Valenciana est\u00e9 al m\u00e1ximo nivel, pero es cierto que lo que se le ha dado al Valencia por la Generalitat es un aval y Bancaja un pr\u00e9stamo, que antes del vencimiento tendremos cancelado.<\/p>\n<p>P.- Buenos d\u00edas T\u00e1rsilo, \u00bfcree que Dalport acabar\u00e1 sali\u00e9ndose con la suya e impugnar la Junta?<\/p>\n<p>R.- En un estado de derecho, cualquier ciudadano puede poner contenciosos e impugnar lo que crea oportuno. No tengi ninguna duda de que no se va a salir con la suya y conseguir el control del club.<\/p>\n<p>P.- NO cree que lo m\u00e1s honesto hubiera sido dejar el consejo de administraci\u00f3n para presidir la Fundaci\u00f3n de manera independiente?No se puede estar en misa y repicando!!!<\/p>\n<p>R.- No, cualquier miembro del patronato tiene opci\u00f3n de presidir el consejo de administraci\u00f3n. El patronato me eligi\u00f3 a m\u00ed como presidente de la Fundaci\u00f3n y se puede perfectamente gestionar esta presidencia y ser miembro del consejo sin que interfiera una cosa con la otra.<\/p>\n<p>P.- por qu\u00e9 p\u00fablicamente no se atreven a decir que van a democratizar el valencia de una vez, tal y como le pidieron en la Junta varios accionistas? Se atreve a hacerlo ahora\u00bf<\/p>\n<p>R.- Reiterativamente estoy diciendo que la intervenci\u00f3n de la Fundaci\u00f3n en esta operaci\u00f3n tiene como m\u00e1ximo objetivo democratizar al m\u00e1ximo el Valencia CF. Como compromiso personal m\u00edo, garantizo a todos aquellos valencianistas que quieran comprar acciones en un futuro que van a poder comprarlas, principalmente a los peque\u00f1os accionistas. Nunca hemos dicho que al peque\u00f1o accionista no le vender\u00edamos acciones, las que quiera.<\/p>\n<p>P.- \u00bf Cuales son los objetivos de la Fundaci\u00f3n Valencia CF?<\/p>\n<p>R.- Est\u00e1 regulada por los estatutos de la propia Fundaci\u00f3n. Se ocupa de cualquier tipo de actividad social dentro y fuera del Valencia CF. Principalmente est\u00e1 centrada en estos momentos en el f\u00fatbol base, los campus, programas con inmigrantes, de donaci\u00f3n de sangre, etc. Pero no tiene incompatibilidad para ser tenedora del paquete accionarial mayoritario del Valencia CF.<\/p>\n<p>P.- \u00bfPara cuando un modelo s\u00f3lido para el Valencia, un modelo donde se cuide la cantera y se dejen de gastar miles de millones en jugadores que no lo valen? Un modelo como el Ajax es lo que nos gustar\u00eda ver. Gracias y un saludo.<\/p>\n<p>R.- Lamento contestarle que una cosa es el deseo personal y otra la estructura org\u00e1nica del club. La responsabilidad de la cantera y los fichajes no es una gesti\u00f3n directa m\u00eda. El Valencia ya est\u00e1 apostando por la gente joven y prueba de ello es el dinero que este a\u00f1o se ha gastado y recogido en fichajes. Se ha ingresado 15 millones por un jugador y se han gastado ocho en cinco jugadores.<\/p>\n<p>P.- Tiene miedo a que Dalport logre de verdad que el Banco de Espa\u00f1a audite a la Fundaci\u00f3n?<\/p>\n<p>R.- En absoluto. Para m\u00ed si la auditara mejor. M\u00e1s tranquilidad. La propia Fundaci\u00f3n acord\u00f3 en su propia asamblea hacer una auditor\u00eda. Lo que me gusta es la transparencia.<\/p>\n<p>P.- Se\u00f1or Piles, \u00bfSi este consejo no es capaz de enderezar la econom\u00eda del club, qu\u00e9 va a hacer la Fundaci\u00f3n como m\u00e1ximo accionista? Har\u00e1 la vista gorda o lo relevar\u00eda?<\/p>\n<p>R.- El Consejo est\u00e1 haciendo un esfuerzo y una gran labor en reequilibrar la econom\u00eda del club, pero todos sabemos que el Valencia tiene un endeudamiento de tal envergadura que no se pretender\u00e1 que se consiga en dos o tres a\u00f1os. Es un proyecto a medio-largo plazo. Se est\u00e1n tomando medidas econ\u00f3micas como paso prioritario para equilibrar la partida de ingresos y gastos cuanto antes. Mientras sea m\u00e1ximo accionista, la Fundaci\u00f3n tiene un derecho de vigilancia y tomar\u00eda las medidas necesarias para que el club se enderezara.<\/p>\n<p>P.- no soy soy socio ni accionista cuantas acciones puedo comprar si acudo a la fundacion<\/p>\n<p>R.- Cuando salga a la venta la primera fase, puede comprar desde 50.00 euros hasta un mill\u00f3n de euros. Cuando tengamos la autorizaci\u00f3n de la Comisi\u00f3n Nacional del Mercado de Valores, a partir de una acci\u00f3n, las que quiera hasta un mill\u00f3n de euros, que es el l\u00edmite.<\/p>\n<p>P.- \u00bfNo le parece un esc\u00e1ndalo que la Generalitat avale a una empresa privada como el Valencia CF, que no se ha caracterizado en los \u00faltimos a\u00f1os por su fiabilidad econ\u00f3mica ni su gesti\u00f3n, mientras miles de ciudadanos van cada d\u00eda a Bancaja a pedir cr\u00e9ditos para comer o dormir bajo techo y les cierran la puerta en la cara?<\/p>\n<p>R.- Cada uno desde su punto de vista puede tener una opini\u00f3n leg\u00edtima de esta decisi\u00f3n de la Generalitat, pero en este caso, el Valencia CF es m\u00e1s que una empresa privada por su repercusi\u00f3n social y por lo que representa dentro de la Comunidad Valenciana y la marca que exporta al exterior, que es mucho m\u00e1s que una simple entidad deportiva. Por tanto, considero l\u00f3gico que en un momento de dificultad econ\u00f3mica haya prestado la Generalita este aval. Repito, es simplemente un aval, no un pr\u00e9stamo. Para una empresa privada m\u00eda no me lo dar\u00edan.<\/p>\n<p>P.- \u00bfQu\u00e9 le parece la gesti\u00f3n de la \u00faltima d\u00e9cada del Valencia CF SAD? Se ganaron t\u00edtulos, pero tambi\u00e9n es verdad el club se infect\u00f3 de unos mandatarios que no hicieron mucho bien&#8230;<\/p>\n<p>R.- La parte deportiva de la \u00faltima d\u00e9cada ha sido muy positiva. La parte de gesti\u00f3n de los \u00faltimos 5 o 6 a\u00f1os muy negativa. Es evidente.<\/p>\n<p>P.- El presidente de la asociaci\u00f3n del peque\u00f1o accinionista del Valencia, Vicente Vall\u00e9s, advirti\u00f3 en la junta del lunes la posible irregularidad de que una Fundaci\u00f3n pueda ser a la vez el m\u00e1ximo accinosta de una Sociedad An\u00f3nima Deportiva. \u00bfPuede aclarar este punto? \u00bfHan estudiado bien este punto los servicios jur\u00eddicios del Valencia?<\/p>\n<p>R.- No hay absolutamente ninguna irregularidad y adem\u00e1s no hay dudas de que la Fundaci\u00f3n puede ser tenedora del paquete accionarial que tiene en este momento.<\/p>\n<p>P.- qu\u00e9 cree usted que pretende dalport, si de verdad no tienen el dinero que dicen?<\/p>\n<p>R.- No lo s\u00e9, pero creo que hacerle bien al Valencia no es precisamente lo que buscan.<\/p>\n<p>P.- No ser\u00eda m\u00e1s l\u00f3gico vender a Villa o a Silva antes de endeudarse a costa de todos los valencianos?<\/p>\n<p>R.- El Valencia CF es el tercer club de Espa\u00f1a y tenemos la obligaci\u00f3n de equilibrar los resultados deportivos con los econ\u00f3micos. Si se venden todas las figuras del club para amortizar deuda, corremos el riesgo de tener complicaciones en mantenernos en la Primera Divisi\u00f3n, lo que supondr\u00eda un grave perjuicio para el Valencia CF.<\/p>\n<p>P.- \u00bfpodr\u00eda decirme cu\u00e1nto tiempo cree usted que ha de pasar para que el Valencia reflote econ\u00f3micamente y no vivamos con el fantasma de la suspensi\u00f3n de pagos? Gracias.<\/p>\n<p>R.- No le puedo dar una fecha exacta, porque todos sabemos la situaci\u00f3n econ\u00f3mica del pa\u00eds, pero creo que a partir de inaugurar el estadio nuevo, donde se prev\u00e9 que los ingresos sean bastante superiores, se podr\u00eda conseguir una estabilidad econ\u00f3mica en el club.<\/p>\n<p>P.- \u00bfTienen previsto qu\u00e9 har\u00e1n si no pueden devolver en los plazos acordados el dinero del cr\u00e9dito de Bancaja? Es una posibilidad y a algunos valencianistas nos preocupa que todo esto de la ampliaci\u00f3n no sirva para nada o que, en el mejor de los casos, la generalitat tape el agujero con dinero de todos los valencianos, se l\u00ede una gorda y la pol\u00edtica acabe dirigiendo la entidad. Soluciones, por favor&#8230;<\/p>\n<p>R.- Tenemos cinco a\u00f1os para devolver el 50% del pr\u00e9stamo y tenemos previsto sacar a la venta acciones y tenemos una gran demanda de acciones. Este dinero de la venta de acciones va directo a amortizar cr\u00e9dito concedido para la ampliaci\u00f3n de capital. Por lo tanto, si al final la Fundaci\u00f3n se queda en unos porcentajes entre el 30% y el 40% de lo suscrito (unos 35 millones aproximadamente) tenemos 5 a\u00f1os para devolver 12,5 millones y en el sexto a\u00f1o otros 12,5 millones. Hay tiempo suficiente para hacer la operaci\u00f3n. No corre ning\u00fan riesgo el club con esta ampliaci\u00f3n de capital.<\/p>\n<p>P.- como van acontrolar que un grupo de 40 personas puedan comprar un millon de euros en acciones y luego juntarse y tener el control del club<\/p>\n<p>R.- Primero. Ahora s\u00f3lo salen a la venta acciones por valor de 22 millones. Segundo. El patronato acord\u00f3 que las peticiones de mill\u00f3n de euros ser\u00e1n estudiadas con detalle, porque la Fundaci\u00f3n puede tomar la decisi\u00f3n de no vender a unos se\u00f1ores y s\u00ed a otros.<\/p>\n<p>P.- el se\u00f1or Dalport ha manifestado abiertamente que viene aqu\u00ed a ganar dinero. qu\u00e9 piensa usted de eso?<\/p>\n<p>R.- Que no tengo ninguna duda. Es lo \u00fanico que le interesaba, pero no lo va a conseguir con el Valencia.<\/p>\n<p>P.- Que la fundaci\u00f3n tenga un gran porcentaje de acciones est\u00e1 bien&#8230;pero \u00bfqui\u00e9n eligir\u00e1 los patronos de a la fundaci\u00f3n??? y sobre todo el presidente lo debemos elegir los accionistas de a pie no la fundaci\u00f3n ya que de lo contrario no pintaremos nada&#8230;..esta de acuerdo?<\/p>\n<p>R.- La elecci\u00f3n de los patronos est\u00e1 regulada en los estatutos de la Fundaci\u00f3n, as\u00ed como la elecci\u00f3n del presidente.<\/p>\n<p>P.- Cu\u00e1ndo se va a terminar el Nuevo Estadio? Gracias<\/p>\n<p>R.- Trataremos de que sea lo antes posible. Estamos, debido a la situaci\u00f3n financiera del club, buscando instrumentos para poder financiar las obras. Deseamos que sea cuanto antes.<\/p>\n<p>P.- Van a volver a vender a CUATRO las acciones de la Sociedad y as\u00ed que vuelva a pasar lo que ha llevado a la ruina al Club, como ya se ha demostrado con Paco Roig primero, con Juan Soler despues y con Soriano y Dalport ? Porque parece ser que el Sr. Piles no estaba lejos cuando ocurrieron estas acumulaciones personales de poder indicadas.<\/p>\n<p>R.- Yo nunca he tenido nada que ver en las operaciones que menciona. Pero, tenga la absoluta tranquilidad de que la Fundaci\u00f3n va a intentar diversificar al m\u00e1ximo el n\u00famero de accionistas del club, y es objetivo prioritario de la Fundaci\u00f3n que as\u00ed sea, por ello ha intervenido en la operaci\u00f3n de la ampliaci\u00f3n de capital.<\/p>\n<p>P.- Doy por hecho que si Llorente ha puesto en pr\u00e1ctica recortes en los desplazamientos, ustedes, los consejeros, se pagr\u00e1n de su bolsilllo cada desplazamiento con el equipo, \u00bfno?<\/p>\n<p>R.- Personalmente, siempre que he ido, ahora y antes, me he pagado el viaje. Me resulta extra\u00f1a la pregunta.<\/p>\n<p>P.- Si Bancaja y por ende, la Generalitat, no hubieran salido al auxilio del Valencia para cubrir la ampliaci\u00f3n, \u00bfhabr\u00eda presentado el club concurso de acreedores?<\/p>\n<p>R.- Seguro, no ten\u00eda otra salida. De ah\u00ed el agradecimiento p\u00fablico y reiterativo a Bancaja y la Generalitat.<\/p>\n<p>P.- Si en vez de Inversiones Dalport se llamara Inversiones Juan Villalonga, le habr\u00edan facilitado la entrada al Valencia?<\/p>\n<p>R.- A nadie se le ha negado la entrada al Valencia en esta \u00e9poca nuestra. Si recuerda, con respecto a la ampliaci\u00f3n de capital, el consejo del Valencia, cumpliendo la legalidad, acord\u00f3 en primera ronda dar derecho preferente a los accionistas, por lo tanto Dalporty cualquier accionista del club han tenido la opci\u00f3n de mantener su porcentaje en la sociedad. Quien no lo ha suscrito es porque no ha querido.<\/p>\n<p>P.- \u00bfsabe Vd que los estatutos originales de la fundacion perseguian lo mismo que savia nueva? \u00bfde verdad desconoce Vd que en cuba no hay democracia? \u00bfo es que es Vd castrista? \u00bfcual es su grado de amistad con el Sr Olivas? \u00bfcree vd que el Sr. Camps y la Sra. Barber\u00e1 est\u00e1n de acuerdo con que sea Vd. presidente de la fundacion? \u00bfcuando va a dimitir VD.?<\/p>\n<p>R.- Desconozco la respuesta a la primera pregunta. Respecto a la democracia en Cuba, s\u00e9 perfectamente que no la hay. Mi relaci\u00f3n con el se\u00f1or Olivas es meramente profesional, al haber coincidido ocho a\u00f1os en el Ayuntamiento de Valencia. No s\u00e9 si el se\u00f1or Camps y la se\u00f1ora Barber\u00e1 est\u00e1n de acuerdo con que presida la Fundaci\u00f3n. Dimitir\u00e9 cuando quiera el patronato, as\u00ed de f\u00e1cil.<\/p>\n<p>P.- \u00bfC\u00f3mo piensa pagar la Fundaci\u00f3n las acciones que se reserve? \u00bfDe d\u00f3nde van a sacar esos 12,5 millones de los que habla? \u00bfVan a salir de los presupuestos del Valencia CF?<\/p>\n<p>R.- No es intenci\u00f3n que salgan de los presupuestos del Valencia. Estamos trabajando ya en la adquisici\u00f3n de fondos a trav\u00e9s de patronos y de empresas que por la Ley de Mecenazgo se pueden beneficiar de aportar fondos a la Fundaci\u00f3n.<\/p>\n<p>P.- le gustar\u00eda ser alg\u00fan d\u00eda presidente del valencia?<\/p>\n<p>R.- El Valencia est\u00e1 muy bien representado en este monmento por Manuel Llorente, que ha demostrado su capacidad para gestionar el club en momentos dif\u00edciles.<\/p>\n<p>P.- Le pido sinceridad. \u00bfCree que es posible plasmar la idea de Savia Nueva para que, a medio plazo, cada accionista tenga un voto?<\/p>\n<p>R.- Ya hemos respondido ampliamente en este asunto.<\/p>\n<p>P.- \u00bfqu\u00e9 le ha parecido el papel de los medios de comunicaci\u00f3n en todo este culebr\u00f3n?<\/p>\n<p>R.- Mayoritariamente, me ha parecido muy positivo, porque despu\u00e9s de la tibieza de los primeros d\u00edas han sido decisivos n descubrir a la sociedad qu\u00e9 es Dalport.<\/p>\n<p>P.- Primero fue la incompetencia de Soler, luego la iluminaci\u00f3n y la cabezoner\u00eda de Soriano y m\u00e1s tarde la cara dura y la burla del se\u00f1or Dalport, el tal bravo. Entre todos han dejado al Valencia al borde de la desaparici\u00f3n, porque la ruina es un hecho. Conv\u00e9nzame de que la era Llorente, con el gobierno valenciano y Bancaja como mandamases en la sombra, y la Fundaci\u00f3n que usted preside asumiendo cr\u00e9ditos de 70 millones, son el mejor futuro para el Valencia y, desde luego, una opci\u00f3n m\u00e1s apropiada que las tres que le he nombrado. Gracies y Amunt Valencia.<\/p>\n<p>R.- El pasado lo conoce, y del futuro le digo que el se\u00f1or Llorente ya gestion\u00f3 el Valencia CF en \u00e9poca dif\u00edcil econ\u00f3micamente, con unos resultados extraordinarios econ\u00f3micos y deportivos. Quiero puntualizar que la Generalitat y Bancaja est\u00e1n ayudando much\u00edsimo al Valencia CF, pero en ning\u00fan momento est\u00e1n interfiriendo en ninguna decisi\u00f3n de gesti\u00f3n deportiva o econ\u00f3mica.<\/p>\n<p>P.- \u00bfQu\u00e9 hace un pol\u00edtico como usted en una fundaci\u00f3n deportiva como \u00e9sta? Peligro&#8230;<\/p>\n<p>R.- Soy ex pol\u00edtico. A muchos pol\u00edticos tambi\u00e9n les gusta mucho el deporte y especialmente el f\u00fatbol, y \u00e9sta es mi raz\u00f3n de estar en la Fundaci\u00f3n.<\/p>\n<p>P.- Buenos d\u00edas se\u00f1or Piles, cree usted de veras que con la formula adoptada de que la Fundaci\u00f3n Valencia CF tenga poder para decidir en la gesti\u00f3n de la sociedad, se acabaran los despilfarros financieros, los vaivenes en el equipo directivo, la imagen de rid\u00edculo continuo y la verg\u00fcenza que nos ha tocado sufrir a los valencianistas en los \u00faltimos a\u00f1os? Es decir, la Fundaci\u00f3n asegura una gesti\u00f3n profesional y seria? Amunt Val\u00e8ncia. Alberto Cantero.<\/p>\n<p>R.- Todos estamos de acuerdo en que la gesti\u00f3n y el ambiente creado en torno al Valencia CF en los \u00faltimos a\u00f1os no ha sido el deseado, pero yo le pido confianza en este nuevo equipo directivo, que desde la experiencia de algunos junto al rigor y el apoyo de la afici\u00f3n, vamos a conseguir estabilizar al Valencia CF para muchos, muchos a\u00f1os.<\/p>\n<p>P.- Soy abonado del Valencia, vivo en Mallorca y me gustaria saber como se orquestara el procedimiento para poder adquirir acciones aquellosa aficionados que no pudimos acudir a la ampliacion por no ser accionistas. Gracias<\/p>\n<p>R.- No hay fecha todav\u00eda. Estamos a la espera de que el protectorado de la Conselleria de Hacienda nos autorice la venta. En ese momento se publicitar\u00e1. P\u00f3ngase en contacto con la Fundaci\u00f3n y le facilitaremos que pueda adquirir las acciones que desee.<\/p>\n<p>P.- \u00bfQu\u00e9 hace un hombre de Soler en el Valencia? \u00bfNo le da verg\u00fcenza?<\/p>\n<p>R.- Yo no soy hombre de nadie. Soy T\u00e1rsilo Piles G\u00fcaita, y desde luego, al servicio del Valencia CF.<\/p>\n<p>P.- Vale ya ha respondido ampliamente a la pregunta de Savia Nueva, pero conteste con s\u00ed o no si ser\u00e1 posible. Si no le importa, claro.<\/p>\n<p>R.- Ya le he dicho que la Ley de Sociedades impide lo que usted o ustedes me quieren hacer decir.<\/p>\n","protected":false},"excerpt":{"rendered":"<p>Tras concluir la ampliaci\u00f3n de capital, la Fundaci\u00f3n Valencia CF, que preside T\u00e1rsilo Piles, se ha convertido en la m\u00e1xima accionista del club. Su objetivo ahora es repartir la venta de participaciones para democratizar la entidad.<br \/>\n\u00danase al grupo de los encuentros<br \/>\nde elmundo.es en Facebook<\/p>\n","protected":false},"author":1,"featured_media":0,"comment_status":"open","ping_status":"open","sticky":false,"template":"","format":"standard","meta":{"footnotes":""},"categories":[],"tags":[],"class_list":["post-3905","post","type-post","status-publish","format-standard","hentry"],"_links":{"self":[{"href":"https:\/\/intervius.com\/index.html\/wp-json\/wp\/v2\/posts\/3905","targetHints":{"allow":["GET"]}}],"collection":[{"href":"https:\/\/intervius.com\/index.html\/wp-json\/wp\/v2\/posts"}],"about":[{"href":"https:\/\/intervius.com\/index.html\/wp-json\/wp\/v2\/types\/post"}],"author":[{"embeddable":true,"href":"https:\/\/intervius.com\/index.html\/wp-json\/wp\/v2\/users\/1"}],"replies":[{"embeddable":true,"href":"https:\/\/intervius.com\/index.html\/wp-json\/wp\/v2\/comments?post=3905"}],"version-history":[{"count":0,"href":"https:\/\/intervius.com\/index.html\/wp-json\/wp\/v2\/posts\/3905\/revisions"}],"wp:attachment":[{"href":"https:\/\/intervius.com\/index.html\/wp-json\/wp\/v2\/media?parent=3905"}],"wp:term":[{"taxonomy":"category","embeddable":true,"href":"https:\/\/intervius.com\/index.html\/wp-json\/wp\/v2\/categories?post=3905"},{"taxonomy":"post_tag","embeddable":true,"href":"https:\/\/intervius.com\/index.html\/wp-json\/wp\/v2\/tags?post=3905"}],"curies":[{"name":"wp","href":"https:\/\/api.w.org\/{rel}","templated":true}]}}